{"id":10737,"date":"2018-12-21T09:00:12","date_gmt":"2018-12-21T08:00:12","guid":{"rendered":"https:\/\/www.aramon.com\/blog\/?p=10737"},"modified":"2018-12-21T09:00:12","modified_gmt":"2018-12-21T08:00:12","slug":"como-cargar-el-maletero","status":"publish","type":"post","link":"https:\/\/www.aramon.com\/blog\/como-cargar-el-maletero\/","title":{"rendered":"C\u00f3mo cargar el maletero y no morir en el intento"},"content":{"rendered":"<h1 class=\"subtitle\" style=\"text-align: justify;\"><img loading=\"lazy\" decoding=\"async\" class=\"size-full wp-image-10738\" src=\"https:\/\/www.aramon.com\/blog\/wp-content\/uploads\/2018\/12\/Principal.png\" alt=\"\" width=\"1168\" height=\"518\" \/>Cargar el maletero es fundamental para ganar en espacio y seguridad. Sigue estos consejos Goodyear\u2026 \u00a1y no desesperes!<\/h1>\n<div class=\"content\">\n<div id=\"description\">\n<p style=\"text-align: justify;\">Hay un momento clave que marca el pistoletazo de salida en cualquier escapada o viaje y que no siempre es sin\u00f3nimo de felicidad:\u00a0<b>cargar el maletero<\/b>.<\/p>\n<p style=\"text-align: justify;\">Por mucho que hayas avisado a la familia de que lleven s\u00f3lo lo imprescindible huyendo de \u201cpor si acasos\u201d y de que hay\u00e1is planificado cada d\u00eda de las vacaciones para saber si tocar\u00e1 nieve, playa o\u00a0ruta de senderismo\u00a0lo de guardar el equipaje y conseguir arrancar puede ser un aut\u00e9ntico suplicio.\u00a0<b>Cargar el maletero es fundamental para ganar en espacio y seguridad<\/b>. Adem\u00e1s, puede influir en que el consumo sea menor. Desde Goodyear te ofrecemos unos consejos \u00fatiles para aprovechar al m\u00e1ximo tu maletero sin acabar desesperado.<\/p>\n<h2 style=\"text-align: justify;\"><b>C\u00f3mo hacer las maletas<\/b><\/h2>\n<p style=\"text-align: justify;\">El paso\u00a0imprescindible antes de irse de vacaciones y cargar el maletero, especialmente si\u00a0<b>viajas en familia y con ni\u00f1os peque\u00f1os<\/b>\u00a0es hacer las maletas para saber\u00a0<b>qu\u00e9 llevar en un viaje<\/b>. Imprescindible: consultar la previsi\u00f3n del tiempo, saber qu\u00e9 tipo de actividades tenemos previstas, optar por b\u00e1sicos e indispensables y huir de los \u201cpor si acaso\u201d. Hacer una lista con la ropa y calzado de cada miembro de la familia es muy \u00fatil. As\u00ed como colocar todo lo que tenemos previsto llevar sobre una cama o sof\u00e1 para visualizar el conjunto. Si despu\u00e9s sobra sitio en la maleta \u00a1no metas nada m\u00e1s! Piensa que a la vuelta puedes necesitar espacio para alg\u00fan regalo o <em>souvenir<\/em>.<\/p>\n<p style=\"text-align: justify;\"><img loading=\"lazy\" decoding=\"async\" class=\"aligncenter size-full wp-image-10740\" src=\"https:\/\/www.aramon.com\/blog\/wp-content\/uploads\/2018\/12\/Cargar-el-maletero.png\" alt=\"\" width=\"981\" height=\"382\" \/><\/p>\n<h2 style=\"text-align: justify;\"><b>Consejos para cargar el maletero<\/b><\/h2>\n<h3 style=\"text-align: justify;\"><b>Vaciar el maletero<\/b><\/h3>\n<p style=\"text-align: justify;\">Parece una cuesti\u00f3n obvia pero no siempre se hace.\u00a0<b>El maletero<\/b>\u00a0funciona a veces como el trastero del coche y a \u00e9l van a parar objetos variados que pueden permanecer all\u00ed durante semanas, meses y hasta a\u00f1os. Por eso, si vas a emprender una ruta, aprovecha para vaciarlo y contar con todo su espacio para colocar el equipaje. Revisa, adem\u00e1s, la rueda de repuesto, los tri\u00e1ngulos de se\u00f1alizaci\u00f3n y el chaleco reflectante. Especialmente si los has usado recientemente.<\/p>\n<h3 style=\"text-align: justify;\"><b>Ordenar equipaje de mayor a menor<\/b><\/h3>\n<p style=\"text-align: justify;\">Es una premisa b\u00e1sica para empezar a cargar el maletero. Los objetos m\u00e1s grandes deben ir en el fondo, especialmente si se trata de maletas r\u00edgidas. Procura ir haciendo una superficie plana a modo de suelo doble y equilibrar pesos. Si un lado va m\u00e1s cargado que otro puede\u00a0<b>afectar a la estabilidad\u00a0<\/b>del veh\u00edculo. En una segunda capa coloca los objetos m\u00e1s ligeros, como mochilas o bolsas de la playa. En la parte superior los m\u00e1s fr\u00e1giles,\u00a0<b>como comida<\/b>\u00a0\u00a0o la c\u00e1mara de fotos. Es aconsejable no cargar el maletero hasta los topes. En caso de que queden muchos espacios libres, se debe sujetar la carga con redes o cintas. Adem\u00e1s, si llevamos alg\u00fan objeto cortante, como botellas de cristal, se recomienda\u00a0<b>taparlos con una manta o toalla<\/b>\u00a0para evitar que estallen o produzcan cortes en caso de accidente.<\/p>\n<h3 style=\"text-align: justify;\"><b>No llevar cosas sueltas en la bandeja del maletero<\/b><\/h3>\n<p style=\"text-align: justify;\">Sabemos que es un lugar \u201ccomod\u00edn\u201d al que suelen ir a parar aquellas cosas que podemos llegar a necesitar en un viaje -como comida y bebida, juguetes, tablets, mochilas e, incluso, maletas peque\u00f1as-. Sin embargo, no es aconsejable llevar objetos sueltos en \u00e9l. En\u00a0<b>caso de colisi\u00f3n, multiplican su masa hasta 50 veces <\/b>y\u00a0se convierten en un peligro real para los ocupantes del coche. Lo mismo ocurre con otras zonas interiores del veh\u00edculo, como los asientos traseros o el suelo. Evitar colocar en ellos bolsas, neveras, paraguas\u2026, porque son un riesgo en caso de accidente.<\/p>\n<h3 style=\"text-align: justify;\"><b>Cofres o ba\u00fales para el techo<\/b><\/h3>\n<p style=\"text-align: justify;\">Es una opci\u00f3n para disponer de un espacio extra a mayores del maletero. M\u00e1s seguro que colocar las maletas directamente sobre la baca o barras del techo. Llevar este sobrepeso\u00a0<b>afecta a la estabilidad\u00a0<\/b>del veh\u00edculo, por lo que hay permanecer atentos en caso de adelantamiento. Algunos se pueden colocar en la parte trasera del turismo.<\/p>\n<h3 style=\"text-align: justify;\"><b>Si viajas con mascotas<\/b><\/h3>\n<p style=\"text-align: justify;\">Viajar con mascotas tambi\u00e9n requiere de una serie de requisitos para hacerlo de forma segura. En el caso de animales peque\u00f1os el\u00a0<b>transport\u00edn\u00a0<\/b>es el sistema m\u00e1s recomendable. Eso s\u00ed, debe ir colocado en el suelo entre los asientos de delante y de atr\u00e1s o sobre el asiento trasero con los sistemas de sujeci\u00f3n espec\u00edficos. En el caso\u00a0<b>de animales<\/b>\u00a0m\u00e1s grandes, como perros, puedes usar esos mismos anclajes con un arn\u00e9s. Otra opci\u00f3n es u<b>na jaula en el maletero o colocar una rejilla divisoria\u00a0<\/b>separando la cabina del coche de la maleta. En estos casos hay que quitar la bandeja. Si el animal viaja totalmente encerrado puede ahogarse por falta de aire o por altas temperaturas.<\/p>\n<h3 style=\"text-align: justify;\"><b>C\u00f3mo llevar la bicicleta<\/b><\/h3>\n<p style=\"text-align: justify;\">Si para ti los fines de semana y\/o las vacaciones\u00a0dejan de serlo sin tu bicicleta, debes seguir unos consejos para evitar sanciones y transportarla de forma segura. El maletero es la primera opci\u00f3n para llevar la bicicleta. Si cuentas con uno de gran capacidad y\/o una bicicleta plegable cabr\u00e1 sin problemas. Si necesitas inclinar los asientos, recuerda sujetarlos con cinchas para ganar en seguridad.<\/p>\n<p style=\"text-align: justify;\">La opci\u00f3n B es\u00a0<b>recurrir a un portabicicletas<\/b>\u00a0en el techo, en el port\u00f3n trasero o a\u00f1adido con una bola de enganche. Elige el que mejor se adapta a tus necesidades dependiendo del tipo de veh\u00edculo y bicicleta. Eso s\u00ed, la carga\u00a0<b>no puede sobrepasar nunca la anchura\u00a0<\/b>total del turismo ni tapar la matr\u00edcula y los pilotos. En caso de que esto ocurra hay que recurrir a pilotos y matr\u00edcula auxiliares y una placa V20. Por \u00faltimo, un carrito es otra opci\u00f3n para transportar tu bicicleta con garant\u00edas.<\/p>\n<p style=\"text-align: justify;\"><img loading=\"lazy\" decoding=\"async\" class=\"aligncenter size-full wp-image-10739\" src=\"https:\/\/www.aramon.com\/blog\/wp-content\/uploads\/2018\/12\/Cargar-el-maletero-para-ir-a-la-nieve.png\" alt=\"\" width=\"979\" height=\"383\" \/><\/p>\n<h3 style=\"text-align: justify;\"><b>C\u00f3mo cargar maletero para ir a la nieve<\/b><\/h3>\n<p style=\"text-align: justify;\">Botas, traje, esqu\u00eds, tabla <em>snowboard<\/em>\u2026 Preparar la maleta para un fin de semana en la nieve debe seguir las\u00a0<b>reglas b\u00e1sicas de cualquier equipaje para viajar<\/b>: eliminar por si acasos, aprovecha el espacio y ll\u00e9vate las ganas de divertirte. Pero, \u00bfc\u00f3mo cargar el maletero? Al igual que el resto de la carga, es importante ser consciente de que el peso mal distribuido y fijado es un peligro para la estabilidad del veh\u00edculo y para la seguridad de sus ocupantes. Un par de esqu\u00eds de cinco kilos mal colocados en el interior del coche pasan a pesar 150 kilos en un choque a 50 km\/h. Seg\u00fan un\u00a0<b>estudio de RACE<\/b>,\u00a0en un choque a 50 km\/h, la aceleraci\u00f3n terrestre incide hasta 24 veces m\u00e1s sobre pasajeros y objetos sueltos.<\/p>\n<p style=\"text-align: justify;\">\u00bfQu\u00e9\u00a0se recomienda?\u00a0<b>Asegurar siempre la carga y elegir d\u00f3nde llevamos objetos pesados como trineos o esqu\u00eds<\/b>. Existen diferentes modelos de bacas cerradas o portaesqu\u00eds, con elementos de sujeci\u00f3n adecuados, para viajar a la nieve con todo nuestro material asegurado.<\/p>\n<p style=\"text-align: justify;\">Si las dimensiones y condiciones de tu coche permiten viajar c\u00f3modamente con los esqu\u00eds dentro, recuerda los\u00a0<b>consejos b\u00e1sicos para esquiar:<\/b>\u00a0es fundamental distribuir uniformemente la carga y con el centro de gravedad lo m\u00e1s bajo posible.\u00a0Se colocan los objetos de mayor peso directamente sobre la plataforma del interior del veh\u00edculo, entre los dos ejes. Se asegura as\u00ed que la energ\u00eda cin\u00e9tica no te sobresalte durante una frenada. Para fijar tablas y trineos puedes usar cintas tensoras en el coche. Ten en cuenta que los objetos que superen los 25 kg de peso no se deben colocar detr\u00e1s de las personas.<\/p>\n<p style=\"text-align: justify;\"><b>\u00bfMulta por llevar esqu\u00eds?\u00a0<\/b>No es habitual que si eliges llevar los esqu\u00eds en el techo, estos sobresalgan de la anchura o longitud del coche. En caso de que lo hagan y no lo se\u00f1alices, como con cualquier otra carga, la multa es de 80 euros. El Reglamento de Circulaci\u00f3n indica que las sanciones ascienden a<b>\u00a0200 euros cuando la carga puede caerse,<\/b>\u00a0desplazarse de manera peligrosa, comprometer la estabilidad del veh\u00edculo o cuando no se disponga de los accesorios que garanticen la adecuada protecci\u00f3n y acondicionamiento de dicha carga. Si has decidido\u00a0llevar los esqu\u00eds en el maletero de un veh\u00edculo autorizado para transportar simult\u00e1neamente personas y carga, te podr\u00e1n sancionar con una multa de\u00a0<b>80 euros en caso de que molesten a los pasajeros<\/b>.<\/p>\n<h2 style=\"text-align: justify;\"><b>Otras medidas de seguridad a tener en cuenta al cargar el maletero<\/b><\/h2>\n<p style=\"text-align: justify;\">Abrochar los cinturones traseros -aunque no viaje nadie en ellos- aumenta la seguridad. En caso de colisi\u00f3n, hacen de barrera impidiendo que el equipaje se desplace hasta la parte delantera. Adem\u00e1s, antes de emprender un viaje siempre hay que revisar la\u00a0<b>presi\u00f3n de los neum\u00e1ticos<\/b>\u00a0y su estado.<\/p>\n<p style=\"text-align: justify;\">Tanto si\u00a0ya tienes destino para\u00a0Navidades\u00a0como si has optado por improvisar<b>,\u00a0<\/b>haz las maletas, carga bien el maletero, pon\u00a0buena m\u00fasica\u00a0y <strong>descubre nuevos destinos de la mano de Goodyear<\/strong>.<\/p>\n<\/div>\n<\/div>\n","protected":false},"excerpt":{"rendered":"<p>Cargar el maletero es fundamental para ganar en espacio y seguridad. Sigue estos consejos Goodyear\u2026 \u00a1y no desesperes! Hay un<\/p>\n","protected":false},"author":1,"featured_media":10738,"comment_status":"open","ping_status":"open","sticky":false,"template":"","format":"standard","meta":{"_acf_changed":false,"footnotes":""},"categories":[1],"tags":[],"acf":[],"yoast_head":"<!-- This site is optimized with the Yoast SEO plugin v22.5 - https:\/\/yoast.com\/wordpress\/plugins\/seo\/ -->\n<title>C\u00f3mo cargar el maletero y no morir en el intento - Blog Oficial del Grupo ARAM\u00d3N<\/title>\n<meta name=\"description\" content=\"Gu\u00eda con sugerencias para preparar y cargar el maletero adecuadamente a la hora de hacer un viaje largo. Incluye advertencias pr\u00e1cticas.\" \/>\n<meta name=\"robots\" content=\"index, follow, max-snippet:-1, max-image-preview:large, max-video-preview:-1\" \/>\n<link rel=\"canonical\" href=\"https:\/\/www.aramon.com\/blog\/como-cargar-el-maletero\/\" \/>\n<meta property=\"og:locale\" content=\"es_ES\" \/>\n<meta property=\"og:type\" content=\"article\" \/>\n<meta property=\"og:title\" content=\"C\u00f3mo cargar el maletero y no morir en el intento - Blog Oficial del Grupo ARAM\u00d3N\" \/>\n<meta property=\"og:description\" content=\"Gu\u00eda con sugerencias para preparar y cargar el maletero adecuadamente a la hora de hacer un viaje largo. Incluye advertencias pr\u00e1cticas.\" \/>\n<meta property=\"og:url\" content=\"https:\/\/www.aramon.com\/blog\/como-cargar-el-maletero\/\" \/>\n<meta property=\"og:site_name\" content=\"Blog Oficial del Grupo ARAM\u00d3N\" \/>\n<meta property=\"article:published_time\" content=\"2018-12-21T08:00:12+00:00\" \/>\n<meta name=\"author\" content=\"hiberus\" \/>\n<meta name=\"twitter:card\" content=\"summary_large_image\" \/>\n<meta name=\"twitter:label1\" content=\"Escrito por\" \/>\n\t<meta name=\"twitter:data1\" content=\"hiberus\" \/>\n\t<meta name=\"twitter:label2\" content=\"Tiempo de lectura\" \/>\n\t<meta name=\"twitter:data2\" content=\"8 minutos\" \/>\n<script type=\"application\/ld+json\" class=\"yoast-schema-graph\">{\"@context\":\"https:\/\/schema.org\",\"@graph\":[{\"@type\":\"WebPage\",\"@id\":\"https:\/\/www.aramon.com\/blog\/como-cargar-el-maletero\/\",\"url\":\"https:\/\/www.aramon.com\/blog\/como-cargar-el-maletero\/\",\"name\":\"C\u00f3mo cargar el maletero y no morir en el intento - Blog Oficial del Grupo ARAM\u00d3N\",\"isPartOf\":{\"@id\":\"https:\/\/www.aramon.com\/blog\/#website\"},\"primaryImageOfPage\":{\"@id\":\"https:\/\/www.aramon.com\/blog\/como-cargar-el-maletero\/#primaryimage\"},\"image\":{\"@id\":\"https:\/\/www.aramon.com\/blog\/como-cargar-el-maletero\/#primaryimage\"},\"thumbnailUrl\":\"\",\"datePublished\":\"2018-12-21T08:00:12+00:00\",\"dateModified\":\"2018-12-21T08:00:12+00:00\",\"author\":{\"@id\":\"https:\/\/www.aramon.com\/blog\/#\/schema\/person\/5f0166989266e21538ac837b0564ab22\"},\"description\":\"Gu\u00eda con sugerencias para preparar y cargar el maletero adecuadamente a la hora de hacer un viaje largo. Incluye advertencias pr\u00e1cticas.\",\"inLanguage\":\"es\",\"potentialAction\":[{\"@type\":\"ReadAction\",\"target\":[\"https:\/\/www.aramon.com\/blog\/como-cargar-el-maletero\/\"]}]},{\"@type\":\"ImageObject\",\"inLanguage\":\"es\",\"@id\":\"https:\/\/www.aramon.com\/blog\/como-cargar-el-maletero\/#primaryimage\",\"url\":\"\",\"contentUrl\":\"\"},{\"@type\":\"WebSite\",\"@id\":\"https:\/\/www.aramon.com\/blog\/#website\",\"url\":\"https:\/\/www.aramon.com\/blog\/\",\"name\":\"Blog Oficial del Grupo ARAM\u00d3N\",\"description\":\"Blog Oficial del Grupo Aram\u00f3n sobre estaciones de esqu\u00ed, monta\u00f1ismo, deportes de aventura y m\u00e1s en Arag\u00f3n.\",\"potentialAction\":[{\"@type\":\"SearchAction\",\"target\":{\"@type\":\"EntryPoint\",\"urlTemplate\":\"https:\/\/www.aramon.com\/blog\/?s={search_term_string}\"},\"query-input\":\"required name=search_term_string\"}],\"inLanguage\":\"es\"},{\"@type\":\"Person\",\"@id\":\"https:\/\/www.aramon.com\/blog\/#\/schema\/person\/5f0166989266e21538ac837b0564ab22\",\"name\":\"hiberus\",\"image\":{\"@type\":\"ImageObject\",\"inLanguage\":\"es\",\"@id\":\"https:\/\/www.aramon.com\/blog\/#\/schema\/person\/image\/\",\"url\":\"https:\/\/secure.gravatar.com\/avatar\/c2378a105fe40fef44ebc5efdc109102?s=96&d=mm&r=g\",\"contentUrl\":\"https:\/\/secure.gravatar.com\/avatar\/c2378a105fe40fef44ebc5efdc109102?s=96&d=mm&r=g\",\"caption\":\"hiberus\"},\"sameAs\":[\"https:\/\/www.aramon.com\/blog\"],\"url\":\"https:\/\/www.aramon.com\/blog\/author\/hiberus\/\"}]}<\/script>\n<!-- \/ Yoast SEO plugin. -->","yoast_head_json":{"title":"C\u00f3mo cargar el maletero y no morir en el intento - Blog Oficial del Grupo ARAM\u00d3N","description":"Gu\u00eda con sugerencias para preparar y cargar el maletero adecuadamente a la hora de hacer un viaje largo. Incluye advertencias pr\u00e1cticas.","robots":{"index":"index","follow":"follow","max-snippet":"max-snippet:-1","max-image-preview":"max-image-preview:large","max-video-preview":"max-video-preview:-1"},"canonical":"https:\/\/www.aramon.com\/blog\/como-cargar-el-maletero\/","og_locale":"es_ES","og_type":"article","og_title":"C\u00f3mo cargar el maletero y no morir en el intento - Blog Oficial del Grupo ARAM\u00d3N","og_description":"Gu\u00eda con sugerencias para preparar y cargar el maletero adecuadamente a la hora de hacer un viaje largo. Incluye advertencias pr\u00e1cticas.","og_url":"https:\/\/www.aramon.com\/blog\/como-cargar-el-maletero\/","og_site_name":"Blog Oficial del Grupo ARAM\u00d3N","article_published_time":"2018-12-21T08:00:12+00:00","author":"hiberus","twitter_card":"summary_large_image","twitter_misc":{"Escrito por":"hiberus","Tiempo de lectura":"8 minutos"},"schema":{"@context":"https:\/\/schema.org","@graph":[{"@type":"WebPage","@id":"https:\/\/www.aramon.com\/blog\/como-cargar-el-maletero\/","url":"https:\/\/www.aramon.com\/blog\/como-cargar-el-maletero\/","name":"C\u00f3mo cargar el maletero y no morir en el intento - Blog Oficial del Grupo ARAM\u00d3N","isPartOf":{"@id":"https:\/\/www.aramon.com\/blog\/#website"},"primaryImageOfPage":{"@id":"https:\/\/www.aramon.com\/blog\/como-cargar-el-maletero\/#primaryimage"},"image":{"@id":"https:\/\/www.aramon.com\/blog\/como-cargar-el-maletero\/#primaryimage"},"thumbnailUrl":"","datePublished":"2018-12-21T08:00:12+00:00","dateModified":"2018-12-21T08:00:12+00:00","author":{"@id":"https:\/\/www.aramon.com\/blog\/#\/schema\/person\/5f0166989266e21538ac837b0564ab22"},"description":"Gu\u00eda con sugerencias para preparar y cargar el maletero adecuadamente a la hora de hacer un viaje largo. Incluye advertencias pr\u00e1cticas.","inLanguage":"es","potentialAction":[{"@type":"ReadAction","target":["https:\/\/www.aramon.com\/blog\/como-cargar-el-maletero\/"]}]},{"@type":"ImageObject","inLanguage":"es","@id":"https:\/\/www.aramon.com\/blog\/como-cargar-el-maletero\/#primaryimage","url":"","contentUrl":""},{"@type":"WebSite","@id":"https:\/\/www.aramon.com\/blog\/#website","url":"https:\/\/www.aramon.com\/blog\/","name":"Blog Oficial del Grupo ARAM\u00d3N","description":"Blog Oficial del Grupo Aram\u00f3n sobre estaciones de esqu\u00ed, monta\u00f1ismo, deportes de aventura y m\u00e1s en Arag\u00f3n.","potentialAction":[{"@type":"SearchAction","target":{"@type":"EntryPoint","urlTemplate":"https:\/\/www.aramon.com\/blog\/?s={search_term_string}"},"query-input":"required name=search_term_string"}],"inLanguage":"es"},{"@type":"Person","@id":"https:\/\/www.aramon.com\/blog\/#\/schema\/person\/5f0166989266e21538ac837b0564ab22","name":"hiberus","image":{"@type":"ImageObject","inLanguage":"es","@id":"https:\/\/www.aramon.com\/blog\/#\/schema\/person\/image\/","url":"https:\/\/secure.gravatar.com\/avatar\/c2378a105fe40fef44ebc5efdc109102?s=96&d=mm&r=g","contentUrl":"https:\/\/secure.gravatar.com\/avatar\/c2378a105fe40fef44ebc5efdc109102?s=96&d=mm&r=g","caption":"hiberus"},"sameAs":["https:\/\/www.aramon.com\/blog"],"url":"https:\/\/www.aramon.com\/blog\/author\/hiberus\/"}]}},"_links":{"self":[{"href":"https:\/\/www.aramon.com\/blog\/wp-json\/wp\/v2\/posts\/10737"}],"collection":[{"href":"https:\/\/www.aramon.com\/blog\/wp-json\/wp\/v2\/posts"}],"about":[{"href":"https:\/\/www.aramon.com\/blog\/wp-json\/wp\/v2\/types\/post"}],"author":[{"embeddable":true,"href":"https:\/\/www.aramon.com\/blog\/wp-json\/wp\/v2\/users\/1"}],"replies":[{"embeddable":true,"href":"https:\/\/www.aramon.com\/blog\/wp-json\/wp\/v2\/comments?post=10737"}],"version-history":[{"count":0,"href":"https:\/\/www.aramon.com\/blog\/wp-json\/wp\/v2\/posts\/10737\/revisions"}],"wp:featuredmedia":[{"embeddable":true,"href":"https:\/\/www.aramon.com\/blog\/wp-json\/"}],"wp:attachment":[{"href":"https:\/\/www.aramon.com\/blog\/wp-json\/wp\/v2\/media?parent=10737"}],"wp:term":[{"taxonomy":"category","embeddable":true,"href":"https:\/\/www.aramon.com\/blog\/wp-json\/wp\/v2\/categories?post=10737"},{"taxonomy":"post_tag","embeddable":true,"href":"https:\/\/www.aramon.com\/blog\/wp-json\/wp\/v2\/tags?post=10737"}],"curies":[{"name":"wp","href":"https:\/\/api.w.org\/{rel}","templated":true}]}}