{"id":11074,"date":"2019-01-31T11:24:47","date_gmt":"2019-01-31T10:24:47","guid":{"rendered":"https:\/\/www.aramon.com\/blog\/?p=11074"},"modified":"2019-01-31T11:24:47","modified_gmt":"2019-01-31T10:24:47","slug":"condiciones-espectaculares-febrero","status":"publish","type":"post","link":"https:\/\/www.aramon.com\/blog\/condiciones-espectaculares-febrero\/","title":{"rendered":"Las nevadas dejan unas condiciones espectaculares para empezar el mes de febrero"},"content":{"rendered":"<h1 style=\"text-align: justify;\"><img loading=\"lazy\" decoding=\"async\" class=\"aligncenter size-full wp-image-11076\" src=\"https:\/\/www.aramon.com\/blog\/wp-content\/uploads\/2019\/01\/WhatsApp-Image-2019-01-30-at-14.45.34.jpeg\" alt=\"\" width=\"1600\" height=\"1064\" \/><\/h1>\n<p style=\"text-align: justify;\">Ha ca\u00eddo\u00a0<strong>m\u00e1s de un metro y medio de nieve fresca en las estaciones de Aram\u00f3n<\/strong> proporcionando una gran calidad en las instalaciones para la pr\u00e1ctica del esqu\u00ed en el mes de febrero<\/p>\n<p style=\"text-align: justify;\"><strong>Formigal-Panticosa crecer\u00e1 hasta los 111 kil\u00f3metros<\/strong> y <strong>Cerler se situar\u00e1 en los 56<\/strong>.<\/p>\n<p style=\"text-align: justify;\"><strong>Javalambre y Valdelinares<\/strong> siguen ofreciendo el <strong>100% de apertura<\/strong> en los centros deportivos.<\/p>\n<p style=\"text-align: justify;\">Las precipitaciones, aunque con menos intensidad, continuar\u00e1n a lo largo del fin de semana garantizando que los esquiadores puedan <strong>disfrutar de nieve-polvo.<\/strong><\/p>\n<p style=\"text-align: justify;\"><strong>Cerler propone la actividad Skyline, para ver el atardecer desde el mirador Rinc\u00f3n del Cielo, este s\u00e1bado 2 de febrero<\/strong><\/p>\n<p style=\"text-align: justify;\">Las l\u00edneas de los valles de las monta\u00f1as de Aram\u00f3n se han difuminado, ya que <strong>la nieve fresca ha redondeado todas las superficies<\/strong>, dejando un paisaje acogedor y mullido para este mes de febrero. Con <strong>m\u00e1s de un metro y medio de espesores, las estaciones van creciendo en kil\u00f3metros<\/strong>. Las previsiones meteorol\u00f3gicas anuncian m\u00e1s nieve para todo el fin de semana. Esta nieve garantiza unas condiciones de ensue\u00f1o que permitir\u00e1n deslizarse sobre la nieve reci\u00e9n ca\u00edda y disfrutar de la calidad nieve-polvo.<\/p>\n<h2 style=\"text-align: justify;\"><strong>D\u00edas como estos hacen que sea posible disfrutar de los \u2018pow day\u2019<\/strong>, con su nieve fresca y gozar con los esqu\u00eds por las superficies de los centros deportivos<\/h2>\n<p style=\"text-align: justify;\"><img loading=\"lazy\" decoding=\"async\" class=\"aligncenter size-full wp-image-11081\" src=\"https:\/\/www.aramon.com\/blog\/wp-content\/uploads\/2019\/01\/01collado30_01_19.jpg\" alt=\"\" width=\"3190\" height=\"2131\" \/><\/p>\n<h2 style=\"text-align: justify;\">Formigal-Panticosa<\/h2>\n<p style=\"text-align: justify;\">El fin de semana se prev\u00e9 abrir <strong>111 kil\u00f3metros esquiables en Formigal-Panticosa<\/strong>, destacando como zonas de <strong>nueva apertura Sabocos en el sector de Panticosa y la pista de Descenso<\/strong> as\u00ed como otros recorridos para expertos en Formigal. Con <strong>espesores entre los 65 y los 130 cent\u00edmetros<\/strong>, los esquiadores dispondr\u00e1n de <strong>100 pistas en todo el dominio<\/strong> de la estaci\u00f3n para evadirse mientras conectan con la naturaleza y la monta\u00f1a.<\/p>\n<h2 style=\"text-align: justify;\">Cerler<\/h2>\n<p style=\"text-align: justify;\">Se ampl\u00eda\u00a0la oferta para llegar a m\u00e1s 60 kil\u00f3metros, con <strong>62\u00a0kil\u00f3metros repartidos en 55 pistas<\/strong> en las que los <strong>espesores <\/strong>oscilan<strong> entre los 60 y los 120 cent\u00edmetros<\/strong>. La propuesta para el fin de semana es una actividad exclusiva que tendr\u00e1 lugar el s\u00e1bado 2 de febrero. <strong>Se subir\u00e1 hasta 2300 metros de altitud<\/strong> para contemplar la <strong>puesta de sol desde el mirador de Rinc\u00f3n del Cielo<\/strong>. Los asistentes se dejar\u00e1n cautivar por el imponente paisaje alpino te\u00f1ido de la luz crepuscular mientras <strong>brindan por la vida con una copa de champ\u00e1n Mumm,<\/strong> a continuaci\u00f3n, se descender\u00e1\u00a0bajo la luz de la luna y los frontales completando el desnivel total de la estaci\u00f3n.\u00a0La velada concluir\u00e1\u00a0bailando al ritmo de los DJs residentes en el apr\u00e8s-ski Rem\u00e1scaro.<\/p>\n<h2 style=\"text-align: justify;\">Javalambre-Valdelinares<\/h2>\n<p style=\"text-align: justify;\">En Teruel, <strong>las estaciones de Javalambre y Valdelinares<\/strong>, presentan para el fin de semana una escapada al Polo Norte. Las nevadas han dejado e<strong>spesores entre 30 y 70 cent\u00edmetros y todo el paisaje cubierto de nieve<\/strong>. Los paisajes de la estaci\u00f3n se han transformado en entornos de ensue\u00f1o que evocan a los alrededores de la casa de Pap\u00e1 Noel.<\/p>\n<h2><strong>ARAM\u00d3N FORMIGAL-PANTICOSA<\/strong><\/h2>\n<p>34 remontes<br \/>\n100 pistas<br \/>\n110 kil\u00f3metros<br \/>\nEspesores entre los 65 y 130 cent\u00edmetros de nieve dura<\/p>\n<h2 style=\"text-align: justify;\"><strong>ARAM\u00d3N CERLER<\/strong><\/h2>\n<p style=\"text-align: justify;\">18 remontes<\/p>\n<p style=\"text-align: justify;\">55 pistas<\/p>\n<p style=\"text-align: justify;\">62 kil\u00f3metros<\/p>\n<p style=\"text-align: justify;\">Espesores entre los 60 y 120 cent\u00edmetros de nieve polvo-dura<\/p>\n<h2 style=\"text-align: justify;\"><\/h2>\n<h2 style=\"text-align: justify;\"><strong>ARAM\u00d3N JAVALAMBRE<\/strong><\/h2>\n<p style=\"text-align: justify;\">8 remontes<\/p>\n<p style=\"text-align: justify;\">15 pistas<\/p>\n<p style=\"text-align: justify;\">14,1 kil\u00f3metros<\/p>\n<p style=\"text-align: justify;\">Espesores entre los 30 y 70 cent\u00edmetros de nieve polvo-dura<\/p>\n<h2 style=\"text-align: justify;\"><strong>ARAM\u00d3N VALDELINARES<\/strong><\/h2>\n<p style=\"text-align: justify;\">10 remontes<\/p>\n<p style=\"text-align: justify;\">14 pistas<\/p>\n<p style=\"text-align: justify;\">17,4 kil\u00f3metros<\/p>\n<p style=\"text-align: justify;\">Espesores entre los 40 y 70 cent\u00edmetros de nieve polvo-dura<\/p>\n","protected":false},"excerpt":{"rendered":"<p>Ha ca\u00eddo\u00a0m\u00e1s de un metro y medio de nieve fresca en las estaciones de Aram\u00f3n proporcionando una gran calidad en<\/p>\n","protected":false},"author":1,"featured_media":11076,"comment_status":"open","ping_status":"open","sticky":false,"template":"","format":"standard","meta":{"_acf_changed":false,"footnotes":""},"categories":[304,1,303,349,307,308],"tags":[25,27,32,38],"acf":[],"yoast_head":"<!-- This site is optimized with the Yoast SEO plugin v22.5 - https:\/\/yoast.com\/wordpress\/plugins\/seo\/ -->\n<title>Las nevadas dejan unas condiciones espectaculares para empezar el mes de febrero - Blog Oficial del Grupo ARAM\u00d3N<\/title>\n<meta name=\"description\" content=\"Las nevadas de estos \u00faltimos d\u00edas dejan mucha nieve para un febrero espectacular. Crecen en kil\u00f3metros esquiables todas las estaciones del Grupo Aram\u00f3n.\" \/>\n<meta name=\"robots\" content=\"index, follow, max-snippet:-1, max-image-preview:large, max-video-preview:-1\" \/>\n<link rel=\"canonical\" href=\"https:\/\/www.aramon.com\/blog\/condiciones-espectaculares-febrero\/\" \/>\n<meta property=\"og:locale\" content=\"es_ES\" \/>\n<meta property=\"og:type\" content=\"article\" \/>\n<meta property=\"og:title\" content=\"Las nevadas dejan unas condiciones espectaculares para empezar el mes de febrero - Blog Oficial del Grupo ARAM\u00d3N\" \/>\n<meta property=\"og:description\" content=\"Las nevadas de estos \u00faltimos d\u00edas dejan mucha nieve para un febrero espectacular. Crecen en kil\u00f3metros esquiables todas las estaciones del Grupo Aram\u00f3n.\" \/>\n<meta property=\"og:url\" content=\"https:\/\/www.aramon.com\/blog\/condiciones-espectaculares-febrero\/\" \/>\n<meta property=\"og:site_name\" content=\"Blog Oficial del Grupo ARAM\u00d3N\" \/>\n<meta property=\"article:published_time\" content=\"2019-01-31T10:24:47+00:00\" \/>\n<meta name=\"author\" content=\"hiberus\" \/>\n<meta name=\"twitter:card\" content=\"summary_large_image\" \/>\n<meta name=\"twitter:label1\" content=\"Escrito por\" \/>\n\t<meta name=\"twitter:data1\" content=\"hiberus\" \/>\n\t<meta name=\"twitter:label2\" content=\"Tiempo de lectura\" \/>\n\t<meta name=\"twitter:data2\" content=\"3 minutos\" \/>\n<script type=\"application\/ld+json\" class=\"yoast-schema-graph\">{\"@context\":\"https:\/\/schema.org\",\"@graph\":[{\"@type\":\"WebPage\",\"@id\":\"https:\/\/www.aramon.com\/blog\/condiciones-espectaculares-febrero\/\",\"url\":\"https:\/\/www.aramon.com\/blog\/condiciones-espectaculares-febrero\/\",\"name\":\"Las nevadas dejan unas condiciones espectaculares para empezar el mes de febrero - Blog Oficial del Grupo ARAM\u00d3N\",\"isPartOf\":{\"@id\":\"https:\/\/www.aramon.com\/blog\/#website\"},\"primaryImageOfPage\":{\"@id\":\"https:\/\/www.aramon.com\/blog\/condiciones-espectaculares-febrero\/#primaryimage\"},\"image\":{\"@id\":\"https:\/\/www.aramon.com\/blog\/condiciones-espectaculares-febrero\/#primaryimage\"},\"thumbnailUrl\":\"\",\"datePublished\":\"2019-01-31T10:24:47+00:00\",\"dateModified\":\"2019-01-31T10:24:47+00:00\",\"author\":{\"@id\":\"https:\/\/www.aramon.com\/blog\/#\/schema\/person\/5f0166989266e21538ac837b0564ab22\"},\"description\":\"Las nevadas de estos \u00faltimos d\u00edas dejan mucha nieve para un febrero espectacular. Crecen en kil\u00f3metros esquiables todas las estaciones del Grupo Aram\u00f3n.\",\"inLanguage\":\"es\",\"potentialAction\":[{\"@type\":\"ReadAction\",\"target\":[\"https:\/\/www.aramon.com\/blog\/condiciones-espectaculares-febrero\/\"]}]},{\"@type\":\"ImageObject\",\"inLanguage\":\"es\",\"@id\":\"https:\/\/www.aramon.com\/blog\/condiciones-espectaculares-febrero\/#primaryimage\",\"url\":\"\",\"contentUrl\":\"\"},{\"@type\":\"WebSite\",\"@id\":\"https:\/\/www.aramon.com\/blog\/#website\",\"url\":\"https:\/\/www.aramon.com\/blog\/\",\"name\":\"Blog Oficial del Grupo ARAM\u00d3N\",\"description\":\"Blog Oficial del Grupo Aram\u00f3n sobre estaciones de esqu\u00ed, monta\u00f1ismo, deportes de aventura y m\u00e1s en Arag\u00f3n.\",\"potentialAction\":[{\"@type\":\"SearchAction\",\"target\":{\"@type\":\"EntryPoint\",\"urlTemplate\":\"https:\/\/www.aramon.com\/blog\/?s={search_term_string}\"},\"query-input\":\"required name=search_term_string\"}],\"inLanguage\":\"es\"},{\"@type\":\"Person\",\"@id\":\"https:\/\/www.aramon.com\/blog\/#\/schema\/person\/5f0166989266e21538ac837b0564ab22\",\"name\":\"hiberus\",\"image\":{\"@type\":\"ImageObject\",\"inLanguage\":\"es\",\"@id\":\"https:\/\/www.aramon.com\/blog\/#\/schema\/person\/image\/\",\"url\":\"https:\/\/secure.gravatar.com\/avatar\/c2378a105fe40fef44ebc5efdc109102?s=96&d=mm&r=g\",\"contentUrl\":\"https:\/\/secure.gravatar.com\/avatar\/c2378a105fe40fef44ebc5efdc109102?s=96&d=mm&r=g\",\"caption\":\"hiberus\"},\"sameAs\":[\"https:\/\/www.aramon.com\/blog\"],\"url\":\"https:\/\/www.aramon.com\/blog\/author\/hiberus\/\"}]}<\/script>\n<!-- \/ Yoast SEO plugin. -->","yoast_head_json":{"title":"Las nevadas dejan unas condiciones espectaculares para empezar el mes de febrero - Blog Oficial del Grupo ARAM\u00d3N","description":"Las nevadas de estos \u00faltimos d\u00edas dejan mucha nieve para un febrero espectacular. Crecen en kil\u00f3metros esquiables todas las estaciones del Grupo Aram\u00f3n.","robots":{"index":"index","follow":"follow","max-snippet":"max-snippet:-1","max-image-preview":"max-image-preview:large","max-video-preview":"max-video-preview:-1"},"canonical":"https:\/\/www.aramon.com\/blog\/condiciones-espectaculares-febrero\/","og_locale":"es_ES","og_type":"article","og_title":"Las nevadas dejan unas condiciones espectaculares para empezar el mes de febrero - Blog Oficial del Grupo ARAM\u00d3N","og_description":"Las nevadas de estos \u00faltimos d\u00edas dejan mucha nieve para un febrero espectacular. Crecen en kil\u00f3metros esquiables todas las estaciones del Grupo Aram\u00f3n.","og_url":"https:\/\/www.aramon.com\/blog\/condiciones-espectaculares-febrero\/","og_site_name":"Blog Oficial del Grupo ARAM\u00d3N","article_published_time":"2019-01-31T10:24:47+00:00","author":"hiberus","twitter_card":"summary_large_image","twitter_misc":{"Escrito por":"hiberus","Tiempo de lectura":"3 minutos"},"schema":{"@context":"https:\/\/schema.org","@graph":[{"@type":"WebPage","@id":"https:\/\/www.aramon.com\/blog\/condiciones-espectaculares-febrero\/","url":"https:\/\/www.aramon.com\/blog\/condiciones-espectaculares-febrero\/","name":"Las nevadas dejan unas condiciones espectaculares para empezar el mes de febrero - Blog Oficial del Grupo ARAM\u00d3N","isPartOf":{"@id":"https:\/\/www.aramon.com\/blog\/#website"},"primaryImageOfPage":{"@id":"https:\/\/www.aramon.com\/blog\/condiciones-espectaculares-febrero\/#primaryimage"},"image":{"@id":"https:\/\/www.aramon.com\/blog\/condiciones-espectaculares-febrero\/#primaryimage"},"thumbnailUrl":"","datePublished":"2019-01-31T10:24:47+00:00","dateModified":"2019-01-31T10:24:47+00:00","author":{"@id":"https:\/\/www.aramon.com\/blog\/#\/schema\/person\/5f0166989266e21538ac837b0564ab22"},"description":"Las nevadas de estos \u00faltimos d\u00edas dejan mucha nieve para un febrero espectacular. Crecen en kil\u00f3metros esquiables todas las estaciones del Grupo Aram\u00f3n.","inLanguage":"es","potentialAction":[{"@type":"ReadAction","target":["https:\/\/www.aramon.com\/blog\/condiciones-espectaculares-febrero\/"]}]},{"@type":"ImageObject","inLanguage":"es","@id":"https:\/\/www.aramon.com\/blog\/condiciones-espectaculares-febrero\/#primaryimage","url":"","contentUrl":""},{"@type":"WebSite","@id":"https:\/\/www.aramon.com\/blog\/#website","url":"https:\/\/www.aramon.com\/blog\/","name":"Blog Oficial del Grupo ARAM\u00d3N","description":"Blog Oficial del Grupo Aram\u00f3n sobre estaciones de esqu\u00ed, monta\u00f1ismo, deportes de aventura y m\u00e1s en Arag\u00f3n.","potentialAction":[{"@type":"SearchAction","target":{"@type":"EntryPoint","urlTemplate":"https:\/\/www.aramon.com\/blog\/?s={search_term_string}"},"query-input":"required name=search_term_string"}],"inLanguage":"es"},{"@type":"Person","@id":"https:\/\/www.aramon.com\/blog\/#\/schema\/person\/5f0166989266e21538ac837b0564ab22","name":"hiberus","image":{"@type":"ImageObject","inLanguage":"es","@id":"https:\/\/www.aramon.com\/blog\/#\/schema\/person\/image\/","url":"https:\/\/secure.gravatar.com\/avatar\/c2378a105fe40fef44ebc5efdc109102?s=96&d=mm&r=g","contentUrl":"https:\/\/secure.gravatar.com\/avatar\/c2378a105fe40fef44ebc5efdc109102?s=96&d=mm&r=g","caption":"hiberus"},"sameAs":["https:\/\/www.aramon.com\/blog"],"url":"https:\/\/www.aramon.com\/blog\/author\/hiberus\/"}]}},"_links":{"self":[{"href":"https:\/\/www.aramon.com\/blog\/wp-json\/wp\/v2\/posts\/11074"}],"collection":[{"href":"https:\/\/www.aramon.com\/blog\/wp-json\/wp\/v2\/posts"}],"about":[{"href":"https:\/\/www.aramon.com\/blog\/wp-json\/wp\/v2\/types\/post"}],"author":[{"embeddable":true,"href":"https:\/\/www.aramon.com\/blog\/wp-json\/wp\/v2\/users\/1"}],"replies":[{"embeddable":true,"href":"https:\/\/www.aramon.com\/blog\/wp-json\/wp\/v2\/comments?post=11074"}],"version-history":[{"count":0,"href":"https:\/\/www.aramon.com\/blog\/wp-json\/wp\/v2\/posts\/11074\/revisions"}],"wp:featuredmedia":[{"embeddable":true,"href":"https:\/\/www.aramon.com\/blog\/wp-json\/"}],"wp:attachment":[{"href":"https:\/\/www.aramon.com\/blog\/wp-json\/wp\/v2\/media?parent=11074"}],"wp:term":[{"taxonomy":"category","embeddable":true,"href":"https:\/\/www.aramon.com\/blog\/wp-json\/wp\/v2\/categories?post=11074"},{"taxonomy":"post_tag","embeddable":true,"href":"https:\/\/www.aramon.com\/blog\/wp-json\/wp\/v2\/tags?post=11074"}],"curies":[{"name":"wp","href":"https:\/\/api.w.org\/{rel}","templated":true}]}}