{"id":16941,"date":"2022-12-15T10:24:43","date_gmt":"2022-12-15T10:24:43","guid":{"rendered":"https:\/\/www.aramon.com\/blog\/?p=16941"},"modified":"2022-12-18T11:51:52","modified_gmt":"2022-12-18T11:51:52","slug":"aramon-amplia-este-fin-de-semana-sus-kilometros-esquiables","status":"publish","type":"post","link":"https:\/\/www.aramon.com\/blog\/aramon-amplia-este-fin-de-semana-sus-kilometros-esquiables\/","title":{"rendered":"Aram\u00f3n amplia este fin de semana sus kil\u00f3metros esquiables"},"content":{"rendered":"\n<p>Con las \u00e1reas de Tres Hombres en Formigal y Gallinero, en Cerler, los esquiadores disfrutar\u00e1n de m\u00e1s pistas y kil\u00f3metros.<\/p>\n\n\n\n<p><\/p>\n\n\n\n<h2 class=\"wp-block-heading\">PARTE DE NIEVE PARA EL FIN DE SEMANA 16 a 18 DE DICIEMBRE<\/h2>\n\n\n\n<p>Las estaciones de esqu\u00ed de Formigal \u2013 Panticosa y Cerler abrir\u00e1n sus puertas el fin de semana con m\u00e1s kil\u00f3metros y sectores esquiables.<\/p>\n\n\n\n<p>En Formigal, se pone en marcha el \u00e1rea de Tres Hombres, con pr\u00e1cticamente todos sus remontes abiertos que se suman a los que ya estaban en marcha en Izas, Anayet y Portalet. As\u00ed, la estaci\u00f3n contin\u00faa ampliando kil\u00f3metros esquiables hasta los 55, con 20 remontes y 43 pistas abiertas.<\/p>\n\n\n\n<p>Por su parte, la estaci\u00f3n de Cerler abrir\u00e1 el fin de semana con 26 kil\u00f3metros esquiables y 21 pistas abiertas. En esta previsi\u00f3n, destacamos la puesta en marcha del telesilla Gallinero, en la cota m\u00e1s alta de la estaci\u00f3n y un mayor desnivel en sus pistas.<\/p>\n\n\n\n<p>El Grupo Aram\u00f3n continua trabajando para abrir el sector de Panticosa y las estaciones de Javalambre y Valdelinares en cuanto las condiciones meteorol\u00f3gicas lo permitan.<\/p>\n\n\n\n<p><\/p>\n\n\n\n<h2 class=\"wp-block-heading\">AGENDA DE EVENTOS<\/h2>\n\n\n\n<p>El <strong>test de material de esqu\u00ed m\u00e1s grande de Espa\u00f1a se celebrar\u00e1 entre los d\u00edas 17 y 18 de diciembre<\/strong>. Este es un evento en el que los esquiadores tendr\u00e1n la oportunidad de probar de forma gratuita la \u00faltima tecnolog\u00eda en esqu\u00eds.<\/p>\n\n\n\n<p>Esta \u201cferia\u201d de pruebas gratuitas de material duro reunir\u00e1 a m\u00e1s de 40 marcas en la zona de Anayet en la estaci\u00f3n de esqu\u00ed de Formigal. Tablas de snowboard, esqu\u00eds y fijaciones son protagonistas en este tipo de pruebas, aunque las marcas presentar\u00e1n m\u00e1s novedades en equipamiento de esqu\u00ed para esta temporada.<\/p>\n\n\n\n<p>Adem\u00e1s, con las pruebas de material, las marcas entregar\u00e1n un cup\u00f3n para un gran sorteo de material que se realizar\u00e1 el domingo, 18 de diciembre a las 14:40h.<\/p>\n\n\n\n<p><\/p>\n\n\n\n<h2 class=\"wp-block-heading\">EL APR\u00c8S SKI DE MARCHICA INICIA UNA TEMPORADA DE GRANDES NOMBRES<\/h2>\n\n\n\n<p>La cabina de Marchica, el <em>apr\u00e8s ski<\/em> mejor valorado por los esquiadores, da paso a los grandes nombres del clubbing y la m\u00fasica de baile e <a href=\"https:\/\/www.formigal-panticosa.com\/marchica\/contenidos\/detalleEvento?idContenido=11723\">inicia una temporada intensa con Hektor Mass.<\/a><\/p>\n\n\n\n<p>El productor y dj internacional actuar\u00e1 en Formigal el s\u00e1bado, 17 de diciembre en un evento con entrada libre a esquiadores. El joven artista inici\u00f3 su carrera en el a\u00f1o 2013 y ha actuado en escenarios internacionales como XS Las Vegas, Zouk Las Vegas, Sutton Sao Paulo, Teatro Kapital de Madrid o la m\u00edtica Amnesia de Ibiza.<\/p>\n","protected":false},"excerpt":{"rendered":"<p>Las estaciones de Aram\u00f3n, Formigal y Cerler, abren las \u00e1reas de Tres Hombres y Gallinero.<\/p>\n","protected":false},"author":2,"featured_media":16943,"comment_status":"closed","ping_status":"closed","sticky":false,"template":"","format":"standard","meta":{"_acf_changed":false,"footnotes":""},"categories":[302,304,305,306,1,303,307,308],"tags":[25,26,30],"acf":[],"yoast_head":"<!-- This site is optimized with the Yoast SEO plugin v22.5 - https:\/\/yoast.com\/wordpress\/plugins\/seo\/ -->\n<title>Aram\u00f3n amplia este fin de semana sus kil\u00f3metros esquiables - Blog Oficial del Grupo ARAM\u00d3N<\/title>\n<meta name=\"description\" content=\"Las estaciones de esqu\u00ed de Aram\u00f3n, Formigal y Cerler, abren m\u00e1s remontes en el mes de diciembre.\" \/>\n<meta name=\"robots\" content=\"index, follow, max-snippet:-1, max-image-preview:large, max-video-preview:-1\" \/>\n<link rel=\"canonical\" href=\"https:\/\/www.aramon.com\/blog\/aramon-amplia-este-fin-de-semana-sus-kilometros-esquiables\/\" \/>\n<meta property=\"og:locale\" content=\"es_ES\" \/>\n<meta property=\"og:type\" content=\"article\" \/>\n<meta property=\"og:title\" content=\"Aram\u00f3n amplia este fin de semana sus kil\u00f3metros esquiables - Blog Oficial del Grupo ARAM\u00d3N\" \/>\n<meta property=\"og:description\" content=\"Las estaciones de esqu\u00ed de Aram\u00f3n, Formigal y Cerler, abren m\u00e1s remontes en el mes de diciembre.\" \/>\n<meta property=\"og:url\" content=\"https:\/\/www.aramon.com\/blog\/aramon-amplia-este-fin-de-semana-sus-kilometros-esquiables\/\" \/>\n<meta property=\"og:site_name\" content=\"Blog Oficial del Grupo ARAM\u00d3N\" \/>\n<meta property=\"article:published_time\" content=\"2022-12-15T10:24:43+00:00\" \/>\n<meta property=\"article:modified_time\" content=\"2022-12-18T11:51:52+00:00\" \/>\n<meta property=\"og:image\" content=\"https:\/\/www.aramon.com\/blog\/wp-content\/uploads\/2022\/12\/WhatsApp-Image-2022-12-15-at-11.21.05.jpeg\" \/>\n\t<meta property=\"og:image:width\" content=\"2048\" \/>\n\t<meta property=\"og:image:height\" content=\"1368\" \/>\n\t<meta property=\"og:image:type\" content=\"image\/jpeg\" \/>\n<meta name=\"author\" content=\"aramon\" \/>\n<meta name=\"twitter:card\" content=\"summary_large_image\" \/>\n<meta name=\"twitter:label1\" content=\"Escrito por\" \/>\n\t<meta name=\"twitter:data1\" content=\"aramon\" \/>\n\t<meta name=\"twitter:label2\" content=\"Tiempo de lectura\" \/>\n\t<meta name=\"twitter:data2\" content=\"2 minutos\" \/>\n<script type=\"application\/ld+json\" class=\"yoast-schema-graph\">{\"@context\":\"https:\/\/schema.org\",\"@graph\":[{\"@type\":\"WebPage\",\"@id\":\"https:\/\/www.aramon.com\/blog\/aramon-amplia-este-fin-de-semana-sus-kilometros-esquiables\/\",\"url\":\"https:\/\/www.aramon.com\/blog\/aramon-amplia-este-fin-de-semana-sus-kilometros-esquiables\/\",\"name\":\"Aram\u00f3n amplia este fin de semana sus kil\u00f3metros esquiables - Blog Oficial del Grupo ARAM\u00d3N\",\"isPartOf\":{\"@id\":\"https:\/\/www.aramon.com\/blog\/#website\"},\"primaryImageOfPage\":{\"@id\":\"https:\/\/www.aramon.com\/blog\/aramon-amplia-este-fin-de-semana-sus-kilometros-esquiables\/#primaryimage\"},\"image\":{\"@id\":\"https:\/\/www.aramon.com\/blog\/aramon-amplia-este-fin-de-semana-sus-kilometros-esquiables\/#primaryimage\"},\"thumbnailUrl\":\"https:\/\/www.aramon.com\/blog\/wp-content\/uploads\/2022\/12\/WhatsApp-Image-2022-12-15-at-11.21.05.jpeg\",\"datePublished\":\"2022-12-15T10:24:43+00:00\",\"dateModified\":\"2022-12-18T11:51:52+00:00\",\"author\":{\"@id\":\"https:\/\/www.aramon.com\/blog\/#\/schema\/person\/9429ffb451d657ab98f0ca1b364eeef3\"},\"description\":\"Las estaciones de esqu\u00ed de Aram\u00f3n, Formigal y Cerler, abren m\u00e1s remontes en el mes de diciembre.\",\"inLanguage\":\"es\",\"potentialAction\":[{\"@type\":\"ReadAction\",\"target\":[\"https:\/\/www.aramon.com\/blog\/aramon-amplia-este-fin-de-semana-sus-kilometros-esquiables\/\"]}]},{\"@type\":\"ImageObject\",\"inLanguage\":\"es\",\"@id\":\"https:\/\/www.aramon.com\/blog\/aramon-amplia-este-fin-de-semana-sus-kilometros-esquiables\/#primaryimage\",\"url\":\"https:\/\/www.aramon.com\/blog\/wp-content\/uploads\/2022\/12\/WhatsApp-Image-2022-12-15-at-11.21.05.jpeg\",\"contentUrl\":\"https:\/\/www.aramon.com\/blog\/wp-content\/uploads\/2022\/12\/WhatsApp-Image-2022-12-15-at-11.21.05.jpeg\",\"width\":2048,\"height\":1368},{\"@type\":\"WebSite\",\"@id\":\"https:\/\/www.aramon.com\/blog\/#website\",\"url\":\"https:\/\/www.aramon.com\/blog\/\",\"name\":\"Blog Oficial del Grupo ARAM\u00d3N\",\"description\":\"Blog Oficial del Grupo Aram\u00f3n sobre estaciones de esqu\u00ed, monta\u00f1ismo, deportes de aventura y m\u00e1s en Arag\u00f3n.\",\"potentialAction\":[{\"@type\":\"SearchAction\",\"target\":{\"@type\":\"EntryPoint\",\"urlTemplate\":\"https:\/\/www.aramon.com\/blog\/?s={search_term_string}\"},\"query-input\":\"required name=search_term_string\"}],\"inLanguage\":\"es\"},{\"@type\":\"Person\",\"@id\":\"https:\/\/www.aramon.com\/blog\/#\/schema\/person\/9429ffb451d657ab98f0ca1b364eeef3\",\"name\":\"aramon\",\"image\":{\"@type\":\"ImageObject\",\"inLanguage\":\"es\",\"@id\":\"https:\/\/www.aramon.com\/blog\/#\/schema\/person\/image\/\",\"url\":\"https:\/\/secure.gravatar.com\/avatar\/d5fd0ede392e1af0e414b87f7568b4d5?s=96&d=mm&r=g\",\"contentUrl\":\"https:\/\/secure.gravatar.com\/avatar\/d5fd0ede392e1af0e414b87f7568b4d5?s=96&d=mm&r=g\",\"caption\":\"aramon\"},\"url\":\"https:\/\/www.aramon.com\/blog\/author\/aramon\/\"}]}<\/script>\n<!-- \/ Yoast SEO plugin. -->","yoast_head_json":{"title":"Aram\u00f3n amplia este fin de semana sus kil\u00f3metros esquiables - Blog Oficial del Grupo ARAM\u00d3N","description":"Las estaciones de esqu\u00ed de Aram\u00f3n, Formigal y Cerler, abren m\u00e1s remontes en el mes de diciembre.","robots":{"index":"index","follow":"follow","max-snippet":"max-snippet:-1","max-image-preview":"max-image-preview:large","max-video-preview":"max-video-preview:-1"},"canonical":"https:\/\/www.aramon.com\/blog\/aramon-amplia-este-fin-de-semana-sus-kilometros-esquiables\/","og_locale":"es_ES","og_type":"article","og_title":"Aram\u00f3n amplia este fin de semana sus kil\u00f3metros esquiables - Blog Oficial del Grupo ARAM\u00d3N","og_description":"Las estaciones de esqu\u00ed de Aram\u00f3n, Formigal y Cerler, abren m\u00e1s remontes en el mes de diciembre.","og_url":"https:\/\/www.aramon.com\/blog\/aramon-amplia-este-fin-de-semana-sus-kilometros-esquiables\/","og_site_name":"Blog Oficial del Grupo ARAM\u00d3N","article_published_time":"2022-12-15T10:24:43+00:00","article_modified_time":"2022-12-18T11:51:52+00:00","og_image":[{"width":2048,"height":1368,"url":"https:\/\/www.aramon.com\/blog\/wp-content\/uploads\/2022\/12\/WhatsApp-Image-2022-12-15-at-11.21.05.jpeg","type":"image\/jpeg"}],"author":"aramon","twitter_card":"summary_large_image","twitter_misc":{"Escrito por":"aramon","Tiempo de lectura":"2 minutos"},"schema":{"@context":"https:\/\/schema.org","@graph":[{"@type":"WebPage","@id":"https:\/\/www.aramon.com\/blog\/aramon-amplia-este-fin-de-semana-sus-kilometros-esquiables\/","url":"https:\/\/www.aramon.com\/blog\/aramon-amplia-este-fin-de-semana-sus-kilometros-esquiables\/","name":"Aram\u00f3n amplia este fin de semana sus kil\u00f3metros esquiables - Blog Oficial del Grupo ARAM\u00d3N","isPartOf":{"@id":"https:\/\/www.aramon.com\/blog\/#website"},"primaryImageOfPage":{"@id":"https:\/\/www.aramon.com\/blog\/aramon-amplia-este-fin-de-semana-sus-kilometros-esquiables\/#primaryimage"},"image":{"@id":"https:\/\/www.aramon.com\/blog\/aramon-amplia-este-fin-de-semana-sus-kilometros-esquiables\/#primaryimage"},"thumbnailUrl":"https:\/\/www.aramon.com\/blog\/wp-content\/uploads\/2022\/12\/WhatsApp-Image-2022-12-15-at-11.21.05.jpeg","datePublished":"2022-12-15T10:24:43+00:00","dateModified":"2022-12-18T11:51:52+00:00","author":{"@id":"https:\/\/www.aramon.com\/blog\/#\/schema\/person\/9429ffb451d657ab98f0ca1b364eeef3"},"description":"Las estaciones de esqu\u00ed de Aram\u00f3n, Formigal y Cerler, abren m\u00e1s remontes en el mes de diciembre.","inLanguage":"es","potentialAction":[{"@type":"ReadAction","target":["https:\/\/www.aramon.com\/blog\/aramon-amplia-este-fin-de-semana-sus-kilometros-esquiables\/"]}]},{"@type":"ImageObject","inLanguage":"es","@id":"https:\/\/www.aramon.com\/blog\/aramon-amplia-este-fin-de-semana-sus-kilometros-esquiables\/#primaryimage","url":"https:\/\/www.aramon.com\/blog\/wp-content\/uploads\/2022\/12\/WhatsApp-Image-2022-12-15-at-11.21.05.jpeg","contentUrl":"https:\/\/www.aramon.com\/blog\/wp-content\/uploads\/2022\/12\/WhatsApp-Image-2022-12-15-at-11.21.05.jpeg","width":2048,"height":1368},{"@type":"WebSite","@id":"https:\/\/www.aramon.com\/blog\/#website","url":"https:\/\/www.aramon.com\/blog\/","name":"Blog Oficial del Grupo ARAM\u00d3N","description":"Blog Oficial del Grupo Aram\u00f3n sobre estaciones de esqu\u00ed, monta\u00f1ismo, deportes de aventura y m\u00e1s en Arag\u00f3n.","potentialAction":[{"@type":"SearchAction","target":{"@type":"EntryPoint","urlTemplate":"https:\/\/www.aramon.com\/blog\/?s={search_term_string}"},"query-input":"required name=search_term_string"}],"inLanguage":"es"},{"@type":"Person","@id":"https:\/\/www.aramon.com\/blog\/#\/schema\/person\/9429ffb451d657ab98f0ca1b364eeef3","name":"aramon","image":{"@type":"ImageObject","inLanguage":"es","@id":"https:\/\/www.aramon.com\/blog\/#\/schema\/person\/image\/","url":"https:\/\/secure.gravatar.com\/avatar\/d5fd0ede392e1af0e414b87f7568b4d5?s=96&d=mm&r=g","contentUrl":"https:\/\/secure.gravatar.com\/avatar\/d5fd0ede392e1af0e414b87f7568b4d5?s=96&d=mm&r=g","caption":"aramon"},"url":"https:\/\/www.aramon.com\/blog\/author\/aramon\/"}]}},"_links":{"self":[{"href":"https:\/\/www.aramon.com\/blog\/wp-json\/wp\/v2\/posts\/16941"}],"collection":[{"href":"https:\/\/www.aramon.com\/blog\/wp-json\/wp\/v2\/posts"}],"about":[{"href":"https:\/\/www.aramon.com\/blog\/wp-json\/wp\/v2\/types\/post"}],"author":[{"embeddable":true,"href":"https:\/\/www.aramon.com\/blog\/wp-json\/wp\/v2\/users\/2"}],"replies":[{"embeddable":true,"href":"https:\/\/www.aramon.com\/blog\/wp-json\/wp\/v2\/comments?post=16941"}],"version-history":[{"count":5,"href":"https:\/\/www.aramon.com\/blog\/wp-json\/wp\/v2\/posts\/16941\/revisions"}],"predecessor-version":[{"id":16949,"href":"https:\/\/www.aramon.com\/blog\/wp-json\/wp\/v2\/posts\/16941\/revisions\/16949"}],"wp:featuredmedia":[{"embeddable":true,"href":"https:\/\/www.aramon.com\/blog\/wp-json\/wp\/v2\/media\/16943"}],"wp:attachment":[{"href":"https:\/\/www.aramon.com\/blog\/wp-json\/wp\/v2\/media?parent=16941"}],"wp:term":[{"taxonomy":"category","embeddable":true,"href":"https:\/\/www.aramon.com\/blog\/wp-json\/wp\/v2\/categories?post=16941"},{"taxonomy":"post_tag","embeddable":true,"href":"https:\/\/www.aramon.com\/blog\/wp-json\/wp\/v2\/tags?post=16941"}],"curies":[{"name":"wp","href":"https:\/\/api.w.org\/{rel}","templated":true}]}}