{"id":16973,"date":"2022-12-17T11:05:22","date_gmt":"2022-12-17T11:05:22","guid":{"rendered":"https:\/\/www.aramon.com\/blog\/?p=16973"},"modified":"2023-01-04T16:16:03","modified_gmt":"2023-01-04T16:16:03","slug":"navidad-y-esqui-aramon","status":"publish","type":"post","link":"https:\/\/www.aramon.com\/blog\/navidad-y-esqui-aramon\/","title":{"rendered":"\u00bfQuieres celebrar la Navidad por todo lo alto? Ven a las estaciones de Aram\u00f3n"},"content":{"rendered":"\n<p>Las celebraciones navide\u00f1as est\u00e1n cargadas de encuentros y emociones. Si las rodeamos de un paisaje blanco de monta\u00f1a, tus d\u00edas festivos ser\u00e1n de postal.<\/p>\n\n\n\n<p>Las estaciones de esqu\u00ed de Aram\u00f3n sabemos mucho de esto y por eso, cada Navidad acercamos la celebraci\u00f3n a nuestros esquiadores, pensando sobre todo en la ilusi\u00f3n de los m\u00e1s peque\u00f1os.<\/p>\n\n\n\n<h1 class=\"wp-block-heading\"><strong>Noche de Reyes<\/strong><\/h1>\n\n\n\n<p>El <strong>d\u00eda 5 de enero<\/strong> vuelve la ilusi\u00f3n con el esperado viaje de los Reyes Magos por todo el mundo. Como les gusta la nieve, har\u00e1n parada para disfrutar del esqu\u00ed en Cerler y en Formigal antes de iniciar su recorrido por los hogares de todos los pa\u00edses. <\/p>\n\n\n\n<ul><li>En CERLER, el d\u00eda 5, los encontrar\u00e1s esquiando por Cota 2000, Robell\u00f3ns o Colladeta Burger. Cuando los veas, aseg\u00farate de que han recibido tu carta. En torno a las 12h. recibir\u00e1n a los m\u00e1s peque\u00f1os en el Jard\u00edn de \u00a0Nieve de Ampriu, ser\u00e1 un buen momento para conocer a SSMM y dejarles alg\u00fan recado de \u00faltima hora.<\/li><li>En FORMIGAL- PANTICOSA tambi\u00e9n est\u00e1 previsto que los Reyes Magos puedan pasar unas horas esquiando, desde el Igl\u00fa de Izas, donde llegar\u00edan algo despu\u00e9s de las 11 h hasta la zona de Anayet donde, despu\u00e9s de saludar a todos los esquiadores en torno a las 12 h, visitar\u00e1n a los peque\u00f1os del Jard\u00edn de Nieve. Despu\u00e9s se desplazaran hasta la zona de Panticosa y llegar\u00e1n a Petrosos en torno a las 13:40 donde visitar\u00e1n a los ni\u00f1os del Jard\u00edn de Nieve. <\/li><\/ul>\n\n\n\n<p>Por la tarde, est\u00e1 previsto que los Reyes Magos hagan una parada en su recorrido para repartir regalos en la zona de Sextas a partir de las 18:30 h. Tambi\u00e9n en Panticosa repartir\u00e1n Sus Majestades Los Reyes Magos los regalos tra\u00eddos de Oriente. <\/p>\n\n\n\n<p><\/p>\n\n\n\n<h1 class=\"wp-block-heading\"><strong>Navidad<\/strong><\/h1>\n\n\n\n<p>El d\u00eda 24 de diciembre, Pap\u00e1 Noel y sus elfos recorrer\u00e1n nuestras pistas recogiendo los mensajes de todos los ni\u00f1os y ni\u00f1as esquiadores. No solo podr\u00e1n fotografiarse con este ilustre personaje sino que tambi\u00e9n podr\u00e1n entregar directamente sus cartas y deseos de \u00faltima hora.<\/p>\n\n\n\n<div class=\"wp-block-group\"><div class=\"wp-block-group__inner-container is-layout-flow wp-block-group-is-layout-flow\">\n<ul><li>En<strong> CERLER, Pap\u00e1 Noel iniciar\u00e1 su recorrido en Cerler<\/strong> <strong>1500 a las 10.30 h. <\/strong>y recorrer\u00e1 Cota 2000 \u2013 Collado de Sarrau (donde el coraz\u00f3n #cerlerenamora) &#8211; Colladeta y finalizar\u00e1 su recorrido en el Jard\u00edn de Nieve de Ampriu.<\/li><li><strong>Pap\u00e1 Noel llegar\u00e1 al sector Anayet de FORMIGAL a las 12 horas.<\/strong> Aqu\u00ed saludar\u00e1 a los m\u00e1s peque\u00f1os del Jard\u00edn de Nieve y le ayudaremos a coger fuerzas para la noche con un chocolate caliente a que est\u00e1is todos invitados. Desde ah\u00ed recorrer\u00e1 toda la estaci\u00f3n de Formigal con sus elfos.<\/li><\/ul>\n<\/div><\/div>\n\n\n\n<p>El d\u00eda de Navidad es perfecto para subir a pistas antes de la tradicional comida familiar.<strong> Os recordamos que el d\u00eda 25 de diciembre, las estaciones de Cerler y Formigal-Panticosa est\u00e1n abiertas hasta las 14 horas.<\/strong><\/p>\n\n\n\n<h1 class=\"wp-block-heading\"><strong>Fin de A\u00f1o<\/strong><\/h1>\n\n\n\n<p>En Aram\u00f3n queremos despedir el a\u00f1o como merece y prepararnos para dar la bienvenida al 2023 con gran ilusi\u00f3n por lo que est\u00e1 por venir. Por eso, nos sumamos a la celebraci\u00f3n de los puntos de la Tierra donde llega antes el nuevo a\u00f1o. El evento Uvas del Mundo dar\u00e1 las Campanadas a lo largo del d\u00eda, si est\u00e1s esquiando en Cerler o en Formigal-Panticosa, no te lo puedes perder.<\/p>\n\n\n\n<ul><li><strong>En CERLER, el recorrido de las campanadas ser\u00e1 el siguiente<\/strong>:<ul><li>A las 12.00 celebramos el a\u00f1o nuevo de Nueva Zelanda en la Terraza Ampriu<\/li><li>A las 13.00 celebramos el a\u00f1o nuevo de Kamchatka (Rusia) en Colladeta Burger<\/li><li>A las 14.00 Celebramos el a\u00f1o nuevo de S\u00eddney (Australia) en la terraza de Cota 2000<\/li><li>A las 17.30 Celebramos el a\u00f1o nuevo de Myanmar&nbsp;en Rem\u00e1scaroApr\u00e8s-Ski.<\/li><\/ul><\/li><\/ul>\n\n\n\n<p>Como ves, puedes vivir una celebraci\u00f3n durante todo el d\u00eda o sumarte en el punto de la estaci\u00f3n que m\u00e1s te guste. Est\u00e9s donde est\u00e9s, le proporcionaremos el kit de Campanadas.<\/p>\n\n\n\n<ul><li><strong>En FORMIGAL, las primeras Campanadas se dan en Izas y, si quieres seguir todas las celebraciones, este es el programa:<\/strong><ul><li>A las 12.00, Campanadas en la Terraza Boutique Sarrios by Veuve Clicquot con Lacasitos para los m\u00e1s peque\u00f1os<\/li><li>A las 16.00, las campanadas sonar\u00e1n en Marchica<\/li><li>A las 18.30, cuando ya se hace de noche, podr\u00e1s disfrutar del espect\u00e1culo de la bajada de antorchas, ya tradicional en nuestra estaci\u00f3n.<\/li><li>A las 19.00 despediremos el a\u00f1o con fuegos artificiales.<\/li><li>A las 21:00, nuestro espacio M the Club ha organizado una cena de Nochevieja muy especial. <\/li><li>Despu\u00e9s de las Campanadas, a partir de las 00.30 horas, se prepara una gran fiesta en M Big Room.<\/li><\/ul><\/li><\/ul>\n\n\n\n<p><\/p>\n\n\n\n<p><\/p>\n\n\n\n<h1 class=\"wp-block-heading\"><strong>Experiencias y <em>apr\u00e8s ski<\/em><\/strong><\/h1>\n\n\n\n<p>Las experiencias que se viven en nuestras pistas pueden ser un gran regalo de Navidad.<strong> En Cerler, la actividad ABRIR HUELLA es \u00fanica y podr\u00e1s disfrutar de ella el mi\u00e9rcoles 28 de diciembre o el s\u00e1bado, 31 de diciembre<\/strong>. Con Abrir Huella podr\u00e1s acceder a la estaci\u00f3n antes del horario de apertura y realizar unas primeras bajadas con las pistas reci\u00e9n pisadas y despu\u00e9s, te ofreceremos un buen desayuno para que puedas seguir esquiando. <a href=\"https:\/\/www.cerler.com\/abrir-huella.html?_ga=2.150041456.791031257.1671609245-1659819838.1662969349\" target=\"_blank\" rel=\"noreferrer noopener\">Reserva tu plaza en este enlace<\/a>.<\/p>\n\n\n\n<p>El apr\u00e8s ski es una se\u00f1a de identidad de Aram\u00f3n con nuestros espacios Rem\u00e1scaro y Marchica. <\/p>\n\n\n\n<p>En Cerler, todos los d\u00edas celebraremos el final de la jornada de esqu\u00ed en Rem\u00e1scaro con invitados especiales desde el d\u00eda 30 de diciembre y con el siguiente calendario:<\/p>\n\n\n\n<ul><li>Viernes 30-dic G\u00d6LY<\/li><li>S\u00e1bado 31-dic Dj residente (hasta las 20,00h)<\/li><li>Mi\u00e9rcoles 04-ene MARIO BENI<\/li><li>Viernes 06-ene Fiesta Bajada de Antorchas<\/li><li>S\u00e1bado 07-ene DIEGO AGUAS<\/li><\/ul>\n\n\n\n<p>El s\u00e1bado 7 de enero, en Formigal- Panticosa tenemos doble sesi\u00f3n de baile. En Marchica, despu\u00e9s de la jornada de esqu\u00ed, el dj y productor Robert Morr nos acercar\u00e1 la mejor electr\u00f3nica. Y a partir de las 22 h el dj Iv\u00e1n Ortiz estar\u00e1 en M Big Room con sus sesiones de reggaet\u00f3n muy bailables.<\/p>\n\n\n\n<p><\/p>\n","protected":false},"excerpt":{"rendered":"<p>Tu Navidad puede ser de postal y llena de actividad en nuestras pistas de esqu\u00ed. <\/p>\n","protected":false},"author":2,"featured_media":16986,"comment_status":"closed","ping_status":"closed","sticky":false,"template":"","format":"standard","meta":{"_acf_changed":false,"footnotes":""},"categories":[302,304,305,306,1,303,307,308],"tags":[25,26,30,131,33],"acf":[],"yoast_head":"<!-- This site is optimized with the Yoast SEO plugin v22.5 - https:\/\/yoast.com\/wordpress\/plugins\/seo\/ -->\n<title>\u00bfQuieres celebrar la Navidad por todo lo alto? Ven a las estaciones de Aram\u00f3n - Blog Oficial del Grupo ARAM\u00d3N<\/title>\n<meta name=\"description\" content=\"En las estaciones de esqu\u00ed de Aram\u00f3n celebramos la Navidad y el A\u00f1o Nuevo por todo lo alto. Descubre nuestra programaci\u00f3n para estas fiestas.\" \/>\n<meta name=\"robots\" content=\"index, follow, max-snippet:-1, max-image-preview:large, max-video-preview:-1\" \/>\n<link rel=\"canonical\" href=\"https:\/\/www.aramon.com\/blog\/navidad-y-esqui-aramon\/\" \/>\n<meta property=\"og:locale\" content=\"es_ES\" \/>\n<meta property=\"og:type\" content=\"article\" \/>\n<meta property=\"og:title\" content=\"\u00bfQuieres celebrar la Navidad por todo lo alto? Ven a las estaciones de Aram\u00f3n - Blog Oficial del Grupo ARAM\u00d3N\" \/>\n<meta property=\"og:description\" content=\"En las estaciones de esqu\u00ed de Aram\u00f3n celebramos la Navidad y el A\u00f1o Nuevo por todo lo alto. Descubre nuestra programaci\u00f3n para estas fiestas.\" \/>\n<meta property=\"og:url\" content=\"https:\/\/www.aramon.com\/blog\/navidad-y-esqui-aramon\/\" \/>\n<meta property=\"og:site_name\" content=\"Blog Oficial del Grupo ARAM\u00d3N\" \/>\n<meta property=\"article:published_time\" content=\"2022-12-17T11:05:22+00:00\" \/>\n<meta property=\"article:modified_time\" content=\"2023-01-04T16:16:03+00:00\" \/>\n<meta property=\"og:image\" content=\"https:\/\/www.aramon.com\/blog\/wp-content\/uploads\/2022\/12\/DSC0968-scaled.jpg\" \/>\n\t<meta property=\"og:image:width\" content=\"2560\" \/>\n\t<meta property=\"og:image:height\" content=\"1534\" \/>\n\t<meta property=\"og:image:type\" content=\"image\/jpeg\" \/>\n<meta name=\"author\" content=\"aramon\" \/>\n<meta name=\"twitter:card\" content=\"summary_large_image\" \/>\n<meta name=\"twitter:label1\" content=\"Escrito por\" \/>\n\t<meta name=\"twitter:data1\" content=\"aramon\" \/>\n\t<meta name=\"twitter:label2\" content=\"Tiempo de lectura\" \/>\n\t<meta name=\"twitter:data2\" content=\"5 minutos\" \/>\n<script type=\"application\/ld+json\" class=\"yoast-schema-graph\">{\"@context\":\"https:\/\/schema.org\",\"@graph\":[{\"@type\":\"WebPage\",\"@id\":\"https:\/\/www.aramon.com\/blog\/navidad-y-esqui-aramon\/\",\"url\":\"https:\/\/www.aramon.com\/blog\/navidad-y-esqui-aramon\/\",\"name\":\"\u00bfQuieres celebrar la Navidad por todo lo alto? Ven a las estaciones de Aram\u00f3n - Blog Oficial del Grupo ARAM\u00d3N\",\"isPartOf\":{\"@id\":\"https:\/\/www.aramon.com\/blog\/#website\"},\"primaryImageOfPage\":{\"@id\":\"https:\/\/www.aramon.com\/blog\/navidad-y-esqui-aramon\/#primaryimage\"},\"image\":{\"@id\":\"https:\/\/www.aramon.com\/blog\/navidad-y-esqui-aramon\/#primaryimage\"},\"thumbnailUrl\":\"https:\/\/www.aramon.com\/blog\/wp-content\/uploads\/2022\/12\/DSC0968-scaled.jpg\",\"datePublished\":\"2022-12-17T11:05:22+00:00\",\"dateModified\":\"2023-01-04T16:16:03+00:00\",\"author\":{\"@id\":\"https:\/\/www.aramon.com\/blog\/#\/schema\/person\/9429ffb451d657ab98f0ca1b364eeef3\"},\"description\":\"En las estaciones de esqu\u00ed de Aram\u00f3n celebramos la Navidad y el A\u00f1o Nuevo por todo lo alto. Descubre nuestra programaci\u00f3n para estas fiestas.\",\"inLanguage\":\"es\",\"potentialAction\":[{\"@type\":\"ReadAction\",\"target\":[\"https:\/\/www.aramon.com\/blog\/navidad-y-esqui-aramon\/\"]}]},{\"@type\":\"ImageObject\",\"inLanguage\":\"es\",\"@id\":\"https:\/\/www.aramon.com\/blog\/navidad-y-esqui-aramon\/#primaryimage\",\"url\":\"https:\/\/www.aramon.com\/blog\/wp-content\/uploads\/2022\/12\/DSC0968-scaled.jpg\",\"contentUrl\":\"https:\/\/www.aramon.com\/blog\/wp-content\/uploads\/2022\/12\/DSC0968-scaled.jpg\",\"width\":2560,\"height\":1534,\"caption\":\"navidad en aramon\"},{\"@type\":\"WebSite\",\"@id\":\"https:\/\/www.aramon.com\/blog\/#website\",\"url\":\"https:\/\/www.aramon.com\/blog\/\",\"name\":\"Blog Oficial del Grupo ARAM\u00d3N\",\"description\":\"Blog Oficial del Grupo Aram\u00f3n sobre estaciones de esqu\u00ed, monta\u00f1ismo, deportes de aventura y m\u00e1s en Arag\u00f3n.\",\"potentialAction\":[{\"@type\":\"SearchAction\",\"target\":{\"@type\":\"EntryPoint\",\"urlTemplate\":\"https:\/\/www.aramon.com\/blog\/?s={search_term_string}\"},\"query-input\":\"required name=search_term_string\"}],\"inLanguage\":\"es\"},{\"@type\":\"Person\",\"@id\":\"https:\/\/www.aramon.com\/blog\/#\/schema\/person\/9429ffb451d657ab98f0ca1b364eeef3\",\"name\":\"aramon\",\"image\":{\"@type\":\"ImageObject\",\"inLanguage\":\"es\",\"@id\":\"https:\/\/www.aramon.com\/blog\/#\/schema\/person\/image\/\",\"url\":\"https:\/\/secure.gravatar.com\/avatar\/d5fd0ede392e1af0e414b87f7568b4d5?s=96&d=mm&r=g\",\"contentUrl\":\"https:\/\/secure.gravatar.com\/avatar\/d5fd0ede392e1af0e414b87f7568b4d5?s=96&d=mm&r=g\",\"caption\":\"aramon\"},\"url\":\"https:\/\/www.aramon.com\/blog\/author\/aramon\/\"}]}<\/script>\n<!-- \/ Yoast SEO plugin. -->","yoast_head_json":{"title":"\u00bfQuieres celebrar la Navidad por todo lo alto? Ven a las estaciones de Aram\u00f3n - Blog Oficial del Grupo ARAM\u00d3N","description":"En las estaciones de esqu\u00ed de Aram\u00f3n celebramos la Navidad y el A\u00f1o Nuevo por todo lo alto. Descubre nuestra programaci\u00f3n para estas fiestas.","robots":{"index":"index","follow":"follow","max-snippet":"max-snippet:-1","max-image-preview":"max-image-preview:large","max-video-preview":"max-video-preview:-1"},"canonical":"https:\/\/www.aramon.com\/blog\/navidad-y-esqui-aramon\/","og_locale":"es_ES","og_type":"article","og_title":"\u00bfQuieres celebrar la Navidad por todo lo alto? Ven a las estaciones de Aram\u00f3n - Blog Oficial del Grupo ARAM\u00d3N","og_description":"En las estaciones de esqu\u00ed de Aram\u00f3n celebramos la Navidad y el A\u00f1o Nuevo por todo lo alto. Descubre nuestra programaci\u00f3n para estas fiestas.","og_url":"https:\/\/www.aramon.com\/blog\/navidad-y-esqui-aramon\/","og_site_name":"Blog Oficial del Grupo ARAM\u00d3N","article_published_time":"2022-12-17T11:05:22+00:00","article_modified_time":"2023-01-04T16:16:03+00:00","og_image":[{"width":2560,"height":1534,"url":"https:\/\/www.aramon.com\/blog\/wp-content\/uploads\/2022\/12\/DSC0968-scaled.jpg","type":"image\/jpeg"}],"author":"aramon","twitter_card":"summary_large_image","twitter_misc":{"Escrito por":"aramon","Tiempo de lectura":"5 minutos"},"schema":{"@context":"https:\/\/schema.org","@graph":[{"@type":"WebPage","@id":"https:\/\/www.aramon.com\/blog\/navidad-y-esqui-aramon\/","url":"https:\/\/www.aramon.com\/blog\/navidad-y-esqui-aramon\/","name":"\u00bfQuieres celebrar la Navidad por todo lo alto? Ven a las estaciones de Aram\u00f3n - Blog Oficial del Grupo ARAM\u00d3N","isPartOf":{"@id":"https:\/\/www.aramon.com\/blog\/#website"},"primaryImageOfPage":{"@id":"https:\/\/www.aramon.com\/blog\/navidad-y-esqui-aramon\/#primaryimage"},"image":{"@id":"https:\/\/www.aramon.com\/blog\/navidad-y-esqui-aramon\/#primaryimage"},"thumbnailUrl":"https:\/\/www.aramon.com\/blog\/wp-content\/uploads\/2022\/12\/DSC0968-scaled.jpg","datePublished":"2022-12-17T11:05:22+00:00","dateModified":"2023-01-04T16:16:03+00:00","author":{"@id":"https:\/\/www.aramon.com\/blog\/#\/schema\/person\/9429ffb451d657ab98f0ca1b364eeef3"},"description":"En las estaciones de esqu\u00ed de Aram\u00f3n celebramos la Navidad y el A\u00f1o Nuevo por todo lo alto. Descubre nuestra programaci\u00f3n para estas fiestas.","inLanguage":"es","potentialAction":[{"@type":"ReadAction","target":["https:\/\/www.aramon.com\/blog\/navidad-y-esqui-aramon\/"]}]},{"@type":"ImageObject","inLanguage":"es","@id":"https:\/\/www.aramon.com\/blog\/navidad-y-esqui-aramon\/#primaryimage","url":"https:\/\/www.aramon.com\/blog\/wp-content\/uploads\/2022\/12\/DSC0968-scaled.jpg","contentUrl":"https:\/\/www.aramon.com\/blog\/wp-content\/uploads\/2022\/12\/DSC0968-scaled.jpg","width":2560,"height":1534,"caption":"navidad en aramon"},{"@type":"WebSite","@id":"https:\/\/www.aramon.com\/blog\/#website","url":"https:\/\/www.aramon.com\/blog\/","name":"Blog Oficial del Grupo ARAM\u00d3N","description":"Blog Oficial del Grupo Aram\u00f3n sobre estaciones de esqu\u00ed, monta\u00f1ismo, deportes de aventura y m\u00e1s en Arag\u00f3n.","potentialAction":[{"@type":"SearchAction","target":{"@type":"EntryPoint","urlTemplate":"https:\/\/www.aramon.com\/blog\/?s={search_term_string}"},"query-input":"required name=search_term_string"}],"inLanguage":"es"},{"@type":"Person","@id":"https:\/\/www.aramon.com\/blog\/#\/schema\/person\/9429ffb451d657ab98f0ca1b364eeef3","name":"aramon","image":{"@type":"ImageObject","inLanguage":"es","@id":"https:\/\/www.aramon.com\/blog\/#\/schema\/person\/image\/","url":"https:\/\/secure.gravatar.com\/avatar\/d5fd0ede392e1af0e414b87f7568b4d5?s=96&d=mm&r=g","contentUrl":"https:\/\/secure.gravatar.com\/avatar\/d5fd0ede392e1af0e414b87f7568b4d5?s=96&d=mm&r=g","caption":"aramon"},"url":"https:\/\/www.aramon.com\/blog\/author\/aramon\/"}]}},"_links":{"self":[{"href":"https:\/\/www.aramon.com\/blog\/wp-json\/wp\/v2\/posts\/16973"}],"collection":[{"href":"https:\/\/www.aramon.com\/blog\/wp-json\/wp\/v2\/posts"}],"about":[{"href":"https:\/\/www.aramon.com\/blog\/wp-json\/wp\/v2\/types\/post"}],"author":[{"embeddable":true,"href":"https:\/\/www.aramon.com\/blog\/wp-json\/wp\/v2\/users\/2"}],"replies":[{"embeddable":true,"href":"https:\/\/www.aramon.com\/blog\/wp-json\/wp\/v2\/comments?post=16973"}],"version-history":[{"count":22,"href":"https:\/\/www.aramon.com\/blog\/wp-json\/wp\/v2\/posts\/16973\/revisions"}],"predecessor-version":[{"id":17094,"href":"https:\/\/www.aramon.com\/blog\/wp-json\/wp\/v2\/posts\/16973\/revisions\/17094"}],"wp:featuredmedia":[{"embeddable":true,"href":"https:\/\/www.aramon.com\/blog\/wp-json\/wp\/v2\/media\/16986"}],"wp:attachment":[{"href":"https:\/\/www.aramon.com\/blog\/wp-json\/wp\/v2\/media?parent=16973"}],"wp:term":[{"taxonomy":"category","embeddable":true,"href":"https:\/\/www.aramon.com\/blog\/wp-json\/wp\/v2\/categories?post=16973"},{"taxonomy":"post_tag","embeddable":true,"href":"https:\/\/www.aramon.com\/blog\/wp-json\/wp\/v2\/tags?post=16973"}],"curies":[{"name":"wp","href":"https:\/\/api.w.org\/{rel}","templated":true}]}}