{"id":17383,"date":"2023-03-01T12:32:32","date_gmt":"2023-03-01T12:32:32","guid":{"rendered":"https:\/\/www.aramon.com\/blog\/?p=17383"},"modified":"2023-03-02T08:04:39","modified_gmt":"2023-03-02T08:04:39","slug":"copa-de-espana-movistar-y-fin-de-semana","status":"publish","type":"post","link":"https:\/\/www.aramon.com\/blog\/copa-de-espana-movistar-y-fin-de-semana\/","title":{"rendered":"La nieve, de calidad polvo, y el sol recibir\u00e1n a los esquiadores el pr\u00f3ximo fin de semana en las estaciones de Aram\u00f3n"},"content":{"rendered":"\n<p>La estaci\u00f3n Aram\u00f3n Formigal-Panticosa acoger\u00e1 los d\u00edas 4 y 5 de marzo la primera fase de la Copa Espa\u00f1a Movistar, el circuito de base del Snowboardcross (SBX) y Skicross (SX) que celebra su sexta edici\u00f3n con las pruebas de snowboardcross  el s\u00e1bado, y el skicross, el domingo.<\/p>\n\n\n\n<p>Este evento deportivo, organizado por la propia estaci\u00f3n de Formigal-Panticosa del Grupo Aram\u00f3n, la Federaci\u00f3n Aragonesa de Deportes de Invierno (FADI) y la RFEDI, con la colaboraci\u00f3n del Club de Esqu\u00ed Formigal, est\u00e1 abierto a clubes de toda la pen\u00ednsula con deportistas de diferentes categor\u00edas, desde los m\u00e1s j\u00f3venes U11 hasta los U21. El trazado en Formigal est\u00e1 previsto en la zona de Cantal, en el \u00e1rea de Formigal, nueva ubicaci\u00f3n del circuito respecto a a\u00f1os anteriores, en la que la estaci\u00f3n ha podido dise\u00f1ar un circuito m\u00e1s completo y t\u00e9cnico.<\/p>\n\n\n\n<p>El Trofeo Pitarroy, un cl\u00e1sico en la agenda de eventos deportivos de Cerler, se celebrar\u00e1 el 4 de marzo. Con j\u00f3venes corredores de clubes de todo el pa\u00eds, esta es la prueba reina del calendario benjam\u00edn y alev\u00edn de esqu\u00ed alpino. Organizado por el Club Cerler Aneto, el trofeo se celebrar\u00e1 en la exigente pista Codornices de Ampriu que albergar\u00e1 dos slaloms gigantes en las categor\u00edas U10 y U12. &nbsp;<\/p>\n\n\n\n<p>Tambi\u00e9n el s\u00e1bado, 4 de marzo, se celebra la tercera edici\u00f3n del Formigal Freeride Open. La prueba, organizada por el Formigal Esqu\u00ed Club, reunir\u00e1 en la zona de Tres Hombres a <em>riders <\/em>mayores de 16 a\u00f1os en las modalidades de esqu\u00ed y de snowboard.<\/p>\n\n\n\n<p>Y para los aficionados al esqu\u00ed que quieran medir su nivel, la pista Central de la estaci\u00f3n de Valdelinares volver\u00e1 a ser escenario el pr\u00f3ximo 5 de marzo del Trofeo Social de crono Slalom Gigante. La prueba constar\u00e1 de una manga y durante toda la ma\u00f1ana los participantes, grandes y peque\u00f1os, tendr\u00e1n la oportunidad de demostrar sus habilidades sobre los esqu\u00eds.<\/p>\n\n\n\n<p>Estas pruebas se celebrar\u00e1n bajo unas condiciones inmejorables, con calidad de nieve polvo y polvo dura en las estaciones del Grupo Aram\u00f3n, espesores que pueden superar los dos metros y 230 kil\u00f3metros esquiables. Est\u00e1 previsto que las temperaturas sean m\u00e1s altas que estos d\u00edas y lucir\u00e1 el solo todo el fin de semana. <strong><\/strong><\/p>\n\n\n\n<h2 class=\"wp-block-heading\"><strong>M\u00fasica y <em>apr\u00e8s-ski<\/em> con<\/strong><strong> artistas internacionales en las estaciones de Aram\u00f3n<\/strong><\/h2>\n\n\n\n<p>El Valdelinares Winter Session by Milar protagoniza el <em>apr\u00e8s-ski<\/em> de las estaciones de Aram\u00f3n este fin de semana. A 2.000 metros de altitud, en un escenario de monta\u00f1a espectacular, los djs JPCandela, DGrace, Kristine Love y Fercho Energy ser\u00e1n los encargados de mover al p\u00fablico a partir de las 15 h. La entrada ser\u00e1 libre hasta completar el aforo.<\/p>\n\n\n\n<p>Un fin de semana m\u00e1s, Marchica y Rem\u00e1scaro celebrar\u00e1 su <em>apr\u00e8s-ski<\/em>. El d\u00eda 4 de marzo con Ballesteros y Carlos Jean, respectivamente. Ballesteros es un dj y productor madrile\u00f1o que ha sido reconocido como mejor dj urbano y que ha explorado con las bases del denbow para hacer bailar al p\u00fablico en todas sus sesiones. Carlos Jean es un gran colaborador del Grupo Aram\u00f3n y uno de los dj\u2019s y productores m\u00e1s reconocidos en Espa\u00f1a.<\/p>\n\n\n\n<p>En el inicio del fin de semana, el viernes, Marchica contar\u00e1 con dj Barce en su escenario y el domingo, para cerrar el puente, Rem\u00e1scaro recibir\u00e1 al dj G\u00f6ly.<\/p>\n\n\n\n<p>En Formigal-Panticosa, la Terraza Boutique Sarrios by Veuve Clicquot, en Formigal, contar\u00e1 con el dj Saldivar en una sesi\u00f3n de los \u201cAperitivos Veuve Clicquot\u201d.<\/p>\n\n\n\n<figure class=\"wp-block-image size-large\"><img loading=\"lazy\" decoding=\"async\" width=\"768\" height=\"1024\" src=\"https:\/\/www.aramon.com\/blog\/wp-content\/uploads\/2023\/03\/Javalambre-1-de-marzo-768x1024.jpg\" alt=\"\" class=\"wp-image-17385\" srcset=\"https:\/\/www.aramon.com\/blog\/wp-content\/uploads\/2023\/03\/Javalambre-1-de-marzo-768x1024.jpg 768w, https:\/\/www.aramon.com\/blog\/wp-content\/uploads\/2023\/03\/Javalambre-1-de-marzo-225x300.jpg 225w, https:\/\/www.aramon.com\/blog\/wp-content\/uploads\/2023\/03\/Javalambre-1-de-marzo-1152x1536.jpg 1152w, https:\/\/www.aramon.com\/blog\/wp-content\/uploads\/2023\/03\/Javalambre-1-de-marzo-1536x2048.jpg 1536w, https:\/\/www.aramon.com\/blog\/wp-content\/uploads\/2023\/03\/Javalambre-1-de-marzo-scaled.jpg 1920w\" sizes=\"(max-width: 768px) 100vw, 768px\" \/><\/figure>\n","protected":false},"excerpt":{"rendered":"<p>Las pruebas de la Copa de Espa\u00f1a Movistar de sbx\/sx y el Trofeo Pitarroy centran el foco deportivo <\/p>\n","protected":false},"author":2,"featured_media":17384,"comment_status":"closed","ping_status":"closed","sticky":false,"template":"","format":"standard","meta":{"_acf_changed":false,"footnotes":""},"categories":[302,304,305,306,1,303,307,308],"tags":[],"acf":[],"yoast_head":"<!-- This site is optimized with the Yoast SEO plugin v22.5 - https:\/\/yoast.com\/wordpress\/plugins\/seo\/ -->\n<title>La nieve, de calidad polvo, y el sol recibir\u00e1n a los esquiadores el pr\u00f3ximo fin de semana en las estaciones de Aram\u00f3n - Blog Oficial del Grupo ARAM\u00d3N<\/title>\n<meta name=\"description\" content=\"Las estaciones del Grupo Aram\u00f3n acogen pruebas deportivas como la Copa Espa\u00f1a Movistar SBX\/SX o el Trofeo Pitarroy el fin de semana.\" \/>\n<meta name=\"robots\" content=\"index, follow, max-snippet:-1, max-image-preview:large, max-video-preview:-1\" \/>\n<link rel=\"canonical\" href=\"https:\/\/www.aramon.com\/blog\/copa-de-espana-movistar-y-fin-de-semana\/\" \/>\n<meta property=\"og:locale\" content=\"es_ES\" \/>\n<meta property=\"og:type\" content=\"article\" \/>\n<meta property=\"og:title\" content=\"La nieve, de calidad polvo, y el sol recibir\u00e1n a los esquiadores el pr\u00f3ximo fin de semana en las estaciones de Aram\u00f3n - Blog Oficial del Grupo ARAM\u00d3N\" \/>\n<meta property=\"og:description\" content=\"Las estaciones del Grupo Aram\u00f3n acogen pruebas deportivas como la Copa Espa\u00f1a Movistar SBX\/SX o el Trofeo Pitarroy el fin de semana.\" \/>\n<meta property=\"og:url\" content=\"https:\/\/www.aramon.com\/blog\/copa-de-espana-movistar-y-fin-de-semana\/\" \/>\n<meta property=\"og:site_name\" content=\"Blog Oficial del Grupo ARAM\u00d3N\" \/>\n<meta property=\"article:published_time\" content=\"2023-03-01T12:32:32+00:00\" \/>\n<meta property=\"article:modified_time\" content=\"2023-03-02T08:04:39+00:00\" \/>\n<meta property=\"og:image\" content=\"https:\/\/www.aramon.com\/blog\/wp-content\/uploads\/2023\/03\/Cerler-1-de-marzo-2-scaled.jpg\" \/>\n\t<meta property=\"og:image:width\" content=\"2560\" \/>\n\t<meta property=\"og:image:height\" content=\"1707\" \/>\n\t<meta property=\"og:image:type\" content=\"image\/jpeg\" \/>\n<meta name=\"author\" content=\"aramon\" \/>\n<meta name=\"twitter:card\" content=\"summary_large_image\" \/>\n<meta name=\"twitter:label1\" content=\"Escrito por\" \/>\n\t<meta name=\"twitter:data1\" content=\"aramon\" \/>\n\t<meta name=\"twitter:label2\" content=\"Tiempo de lectura\" \/>\n\t<meta name=\"twitter:data2\" content=\"3 minutos\" \/>\n<script type=\"application\/ld+json\" class=\"yoast-schema-graph\">{\"@context\":\"https:\/\/schema.org\",\"@graph\":[{\"@type\":\"WebPage\",\"@id\":\"https:\/\/www.aramon.com\/blog\/copa-de-espana-movistar-y-fin-de-semana\/\",\"url\":\"https:\/\/www.aramon.com\/blog\/copa-de-espana-movistar-y-fin-de-semana\/\",\"name\":\"La nieve, de calidad polvo, y el sol recibir\u00e1n a los esquiadores el pr\u00f3ximo fin de semana en las estaciones de Aram\u00f3n - Blog Oficial del Grupo ARAM\u00d3N\",\"isPartOf\":{\"@id\":\"https:\/\/www.aramon.com\/blog\/#website\"},\"primaryImageOfPage\":{\"@id\":\"https:\/\/www.aramon.com\/blog\/copa-de-espana-movistar-y-fin-de-semana\/#primaryimage\"},\"image\":{\"@id\":\"https:\/\/www.aramon.com\/blog\/copa-de-espana-movistar-y-fin-de-semana\/#primaryimage\"},\"thumbnailUrl\":\"https:\/\/www.aramon.com\/blog\/wp-content\/uploads\/2023\/03\/Cerler-1-de-marzo-2-scaled.jpg\",\"datePublished\":\"2023-03-01T12:32:32+00:00\",\"dateModified\":\"2023-03-02T08:04:39+00:00\",\"author\":{\"@id\":\"https:\/\/www.aramon.com\/blog\/#\/schema\/person\/9429ffb451d657ab98f0ca1b364eeef3\"},\"description\":\"Las estaciones del Grupo Aram\u00f3n acogen pruebas deportivas como la Copa Espa\u00f1a Movistar SBX\/SX o el Trofeo Pitarroy el fin de semana.\",\"inLanguage\":\"es\",\"potentialAction\":[{\"@type\":\"ReadAction\",\"target\":[\"https:\/\/www.aramon.com\/blog\/copa-de-espana-movistar-y-fin-de-semana\/\"]}]},{\"@type\":\"ImageObject\",\"inLanguage\":\"es\",\"@id\":\"https:\/\/www.aramon.com\/blog\/copa-de-espana-movistar-y-fin-de-semana\/#primaryimage\",\"url\":\"https:\/\/www.aramon.com\/blog\/wp-content\/uploads\/2023\/03\/Cerler-1-de-marzo-2-scaled.jpg\",\"contentUrl\":\"https:\/\/www.aramon.com\/blog\/wp-content\/uploads\/2023\/03\/Cerler-1-de-marzo-2-scaled.jpg\",\"width\":2560,\"height\":1707,\"caption\":\"Aram\u00f3n Cerler\"},{\"@type\":\"WebSite\",\"@id\":\"https:\/\/www.aramon.com\/blog\/#website\",\"url\":\"https:\/\/www.aramon.com\/blog\/\",\"name\":\"Blog Oficial del Grupo ARAM\u00d3N\",\"description\":\"Blog Oficial del Grupo Aram\u00f3n sobre estaciones de esqu\u00ed, monta\u00f1ismo, deportes de aventura y m\u00e1s en Arag\u00f3n.\",\"potentialAction\":[{\"@type\":\"SearchAction\",\"target\":{\"@type\":\"EntryPoint\",\"urlTemplate\":\"https:\/\/www.aramon.com\/blog\/?s={search_term_string}\"},\"query-input\":\"required name=search_term_string\"}],\"inLanguage\":\"es\"},{\"@type\":\"Person\",\"@id\":\"https:\/\/www.aramon.com\/blog\/#\/schema\/person\/9429ffb451d657ab98f0ca1b364eeef3\",\"name\":\"aramon\",\"image\":{\"@type\":\"ImageObject\",\"inLanguage\":\"es\",\"@id\":\"https:\/\/www.aramon.com\/blog\/#\/schema\/person\/image\/\",\"url\":\"https:\/\/secure.gravatar.com\/avatar\/d5fd0ede392e1af0e414b87f7568b4d5?s=96&d=mm&r=g\",\"contentUrl\":\"https:\/\/secure.gravatar.com\/avatar\/d5fd0ede392e1af0e414b87f7568b4d5?s=96&d=mm&r=g\",\"caption\":\"aramon\"},\"url\":\"https:\/\/www.aramon.com\/blog\/author\/aramon\/\"}]}<\/script>\n<!-- \/ Yoast SEO plugin. -->","yoast_head_json":{"title":"La nieve, de calidad polvo, y el sol recibir\u00e1n a los esquiadores el pr\u00f3ximo fin de semana en las estaciones de Aram\u00f3n - Blog Oficial del Grupo ARAM\u00d3N","description":"Las estaciones del Grupo Aram\u00f3n acogen pruebas deportivas como la Copa Espa\u00f1a Movistar SBX\/SX o el Trofeo Pitarroy el fin de semana.","robots":{"index":"index","follow":"follow","max-snippet":"max-snippet:-1","max-image-preview":"max-image-preview:large","max-video-preview":"max-video-preview:-1"},"canonical":"https:\/\/www.aramon.com\/blog\/copa-de-espana-movistar-y-fin-de-semana\/","og_locale":"es_ES","og_type":"article","og_title":"La nieve, de calidad polvo, y el sol recibir\u00e1n a los esquiadores el pr\u00f3ximo fin de semana en las estaciones de Aram\u00f3n - Blog Oficial del Grupo ARAM\u00d3N","og_description":"Las estaciones del Grupo Aram\u00f3n acogen pruebas deportivas como la Copa Espa\u00f1a Movistar SBX\/SX o el Trofeo Pitarroy el fin de semana.","og_url":"https:\/\/www.aramon.com\/blog\/copa-de-espana-movistar-y-fin-de-semana\/","og_site_name":"Blog Oficial del Grupo ARAM\u00d3N","article_published_time":"2023-03-01T12:32:32+00:00","article_modified_time":"2023-03-02T08:04:39+00:00","og_image":[{"width":2560,"height":1707,"url":"https:\/\/www.aramon.com\/blog\/wp-content\/uploads\/2023\/03\/Cerler-1-de-marzo-2-scaled.jpg","type":"image\/jpeg"}],"author":"aramon","twitter_card":"summary_large_image","twitter_misc":{"Escrito por":"aramon","Tiempo de lectura":"3 minutos"},"schema":{"@context":"https:\/\/schema.org","@graph":[{"@type":"WebPage","@id":"https:\/\/www.aramon.com\/blog\/copa-de-espana-movistar-y-fin-de-semana\/","url":"https:\/\/www.aramon.com\/blog\/copa-de-espana-movistar-y-fin-de-semana\/","name":"La nieve, de calidad polvo, y el sol recibir\u00e1n a los esquiadores el pr\u00f3ximo fin de semana en las estaciones de Aram\u00f3n - Blog Oficial del Grupo ARAM\u00d3N","isPartOf":{"@id":"https:\/\/www.aramon.com\/blog\/#website"},"primaryImageOfPage":{"@id":"https:\/\/www.aramon.com\/blog\/copa-de-espana-movistar-y-fin-de-semana\/#primaryimage"},"image":{"@id":"https:\/\/www.aramon.com\/blog\/copa-de-espana-movistar-y-fin-de-semana\/#primaryimage"},"thumbnailUrl":"https:\/\/www.aramon.com\/blog\/wp-content\/uploads\/2023\/03\/Cerler-1-de-marzo-2-scaled.jpg","datePublished":"2023-03-01T12:32:32+00:00","dateModified":"2023-03-02T08:04:39+00:00","author":{"@id":"https:\/\/www.aramon.com\/blog\/#\/schema\/person\/9429ffb451d657ab98f0ca1b364eeef3"},"description":"Las estaciones del Grupo Aram\u00f3n acogen pruebas deportivas como la Copa Espa\u00f1a Movistar SBX\/SX o el Trofeo Pitarroy el fin de semana.","inLanguage":"es","potentialAction":[{"@type":"ReadAction","target":["https:\/\/www.aramon.com\/blog\/copa-de-espana-movistar-y-fin-de-semana\/"]}]},{"@type":"ImageObject","inLanguage":"es","@id":"https:\/\/www.aramon.com\/blog\/copa-de-espana-movistar-y-fin-de-semana\/#primaryimage","url":"https:\/\/www.aramon.com\/blog\/wp-content\/uploads\/2023\/03\/Cerler-1-de-marzo-2-scaled.jpg","contentUrl":"https:\/\/www.aramon.com\/blog\/wp-content\/uploads\/2023\/03\/Cerler-1-de-marzo-2-scaled.jpg","width":2560,"height":1707,"caption":"Aram\u00f3n Cerler"},{"@type":"WebSite","@id":"https:\/\/www.aramon.com\/blog\/#website","url":"https:\/\/www.aramon.com\/blog\/","name":"Blog Oficial del Grupo ARAM\u00d3N","description":"Blog Oficial del Grupo Aram\u00f3n sobre estaciones de esqu\u00ed, monta\u00f1ismo, deportes de aventura y m\u00e1s en Arag\u00f3n.","potentialAction":[{"@type":"SearchAction","target":{"@type":"EntryPoint","urlTemplate":"https:\/\/www.aramon.com\/blog\/?s={search_term_string}"},"query-input":"required name=search_term_string"}],"inLanguage":"es"},{"@type":"Person","@id":"https:\/\/www.aramon.com\/blog\/#\/schema\/person\/9429ffb451d657ab98f0ca1b364eeef3","name":"aramon","image":{"@type":"ImageObject","inLanguage":"es","@id":"https:\/\/www.aramon.com\/blog\/#\/schema\/person\/image\/","url":"https:\/\/secure.gravatar.com\/avatar\/d5fd0ede392e1af0e414b87f7568b4d5?s=96&d=mm&r=g","contentUrl":"https:\/\/secure.gravatar.com\/avatar\/d5fd0ede392e1af0e414b87f7568b4d5?s=96&d=mm&r=g","caption":"aramon"},"url":"https:\/\/www.aramon.com\/blog\/author\/aramon\/"}]}},"_links":{"self":[{"href":"https:\/\/www.aramon.com\/blog\/wp-json\/wp\/v2\/posts\/17383"}],"collection":[{"href":"https:\/\/www.aramon.com\/blog\/wp-json\/wp\/v2\/posts"}],"about":[{"href":"https:\/\/www.aramon.com\/blog\/wp-json\/wp\/v2\/types\/post"}],"author":[{"embeddable":true,"href":"https:\/\/www.aramon.com\/blog\/wp-json\/wp\/v2\/users\/2"}],"replies":[{"embeddable":true,"href":"https:\/\/www.aramon.com\/blog\/wp-json\/wp\/v2\/comments?post=17383"}],"version-history":[{"count":5,"href":"https:\/\/www.aramon.com\/blog\/wp-json\/wp\/v2\/posts\/17383\/revisions"}],"predecessor-version":[{"id":17392,"href":"https:\/\/www.aramon.com\/blog\/wp-json\/wp\/v2\/posts\/17383\/revisions\/17392"}],"wp:featuredmedia":[{"embeddable":true,"href":"https:\/\/www.aramon.com\/blog\/wp-json\/wp\/v2\/media\/17384"}],"wp:attachment":[{"href":"https:\/\/www.aramon.com\/blog\/wp-json\/wp\/v2\/media?parent=17383"}],"wp:term":[{"taxonomy":"category","embeddable":true,"href":"https:\/\/www.aramon.com\/blog\/wp-json\/wp\/v2\/categories?post=17383"},{"taxonomy":"post_tag","embeddable":true,"href":"https:\/\/www.aramon.com\/blog\/wp-json\/wp\/v2\/tags?post=17383"}],"curies":[{"name":"wp","href":"https:\/\/api.w.org\/{rel}","templated":true}]}}