{"id":17412,"date":"2023-03-08T13:39:45","date_gmt":"2023-03-08T13:39:45","guid":{"rendered":"https:\/\/www.aramon.com\/blog\/?p=17412"},"modified":"2023-03-09T07:27:33","modified_gmt":"2023-03-09T07:27:33","slug":"fin-de-semana-marzo-2023","status":"publish","type":"post","link":"https:\/\/www.aramon.com\/blog\/fin-de-semana-marzo-2023\/","title":{"rendered":"El fin de semana recibir\u00e1 a los esquiadores con m\u00e1s de 220 kil\u00f3metros en las estaciones del Grupo Aram\u00f3n"},"content":{"rendered":"\n<p>El \u00faltimo tercio de la temporada se presenta con un dominio esquiables de 220 kil\u00f3metros y un programa de actividades y experiencias para todos los p\u00fablicos.<\/p>\n\n\n\n<p>Este fin de semana, se centra en los esquiadores y snowboarders que, sin ser profesionales, quieren vivir diferentes experiencias, como la competici\u00f3n.<\/p>\n\n\n\n<p>El s\u00e1bado 11 de marzo, la estaci\u00f3n Aram\u00f3n Cerler celebrar\u00e1 el Banked Slalom, la prueba reina del snowboard para la que se ha preparado un circuito peraltado en el sector Ampri\u00fa. Todos los participantes dispondr\u00e1n de dos mangas para conseguir el mejor tiempo. La prueba est\u00e1 abierta a deportistas a partir de los 6 a\u00f1os.<\/p>\n\n\n\n<p>Valdelinares celebra su bajada de antorchas tambi\u00e9n el s\u00e1bado. Este es un momento \u00fanico a lo largo de la temporada y en el que puede participar toda aquella persona que tenga un nivel medio de esqu\u00ed. A las 18:30 horas los participantes subir\u00e1n con el telesilla Valdelinares y el descenso se realizar\u00e1 por la pista Bambol\u00eda.<\/p>\n\n\n\n<p>El domingo se celebrar\u00e1 en Formigal-Panticosa la Dual Open, una carrera amateur y muy original; en la zona del Terrainpark tendr\u00e1 lugar este <em>slope style<\/em> donde se juzgar\u00e1n por separado el <em>jibbing<\/em> y los saltos puesto que la mitad de la pareja competir\u00e1 en una modalidad y la otra mitad en la otra, intercambi\u00e1ndose en la siguiente ronda.<\/p>\n\n\n\n<p>Para los m\u00e1s peque\u00f1os, tambi\u00e9n hay competiciones; el Snowy trineos de Javalambre nos propone una jornada de juegos, carreras de trineos, regalos y muchas sorpresas junto a la Pandilla Snowy.<\/p>\n\n\n\n<p><strong>M\u00fasica y <em>apr\u00e8s-ski <\/em>en las estaciones de Aram\u00f3n<\/strong><\/p>\n\n\n\n<p>El fin de semana comienza en Aram\u00f3n con los dj\u00b4s Irieix y Gilca en Rem\u00e1scaro y en Marchica, respectivamente. El s\u00e1bado, el d\u00eda del <em>apr\u00e8s-ski<\/em> con may\u00fasculas, actuar\u00e1 en Rem\u00e1scaro Jos\u00e9 de Mara y Marchica contar\u00e1 con Mike Williams.<\/p>\n\n\n\n<p>El dj y productor neerland\u00e9s comenz\u00f3 con la m\u00fasica a los cuatro a\u00f1os y desde entonces ha ido conquistando el mundo con sus incre\u00edbles \u00e9xitos. El dj David Penn protagonizar\u00e1 los \u2018aperitivos Clicquot\u2019 el s\u00e1bado a partir de las 12:00 horas en la Terraza Boutique Sarrios by Veuve Clicquot.<\/p>\n","protected":false},"excerpt":{"rendered":"<p>Los esquiadores no profesionales ser\u00e1n protagonistas de las competiciones este fin de semana. <\/p>\n","protected":false},"author":2,"featured_media":17413,"comment_status":"closed","ping_status":"closed","sticky":false,"template":"","format":"standard","meta":{"_acf_changed":false,"footnotes":""},"categories":[302,304,305,306,1,303,307,308],"tags":[],"acf":[],"yoast_head":"<!-- This site is optimized with the Yoast SEO plugin v22.5 - https:\/\/yoast.com\/wordpress\/plugins\/seo\/ -->\n<title>El fin de semana recibir\u00e1 a los esquiadores con m\u00e1s de 220 kil\u00f3metros en las estaciones del Grupo Aram\u00f3n - Blog Oficial del Grupo ARAM\u00d3N<\/title>\n<meta name=\"description\" content=\"El fin de semana de esqu\u00ed en las estaciones de Aram\u00f3n permite disfrutar de carreras, actividades y apr\u00e8s-ski.\" \/>\n<meta name=\"robots\" content=\"index, follow, max-snippet:-1, max-image-preview:large, max-video-preview:-1\" \/>\n<link rel=\"canonical\" href=\"https:\/\/www.aramon.com\/blog\/fin-de-semana-marzo-2023\/\" \/>\n<meta property=\"og:locale\" content=\"es_ES\" \/>\n<meta property=\"og:type\" content=\"article\" \/>\n<meta property=\"og:title\" content=\"El fin de semana recibir\u00e1 a los esquiadores con m\u00e1s de 220 kil\u00f3metros en las estaciones del Grupo Aram\u00f3n - Blog Oficial del Grupo ARAM\u00d3N\" \/>\n<meta property=\"og:description\" content=\"El fin de semana de esqu\u00ed en las estaciones de Aram\u00f3n permite disfrutar de carreras, actividades y apr\u00e8s-ski.\" \/>\n<meta property=\"og:url\" content=\"https:\/\/www.aramon.com\/blog\/fin-de-semana-marzo-2023\/\" \/>\n<meta property=\"og:site_name\" content=\"Blog Oficial del Grupo ARAM\u00d3N\" \/>\n<meta property=\"article:published_time\" content=\"2023-03-08T13:39:45+00:00\" \/>\n<meta property=\"article:modified_time\" content=\"2023-03-09T07:27:33+00:00\" \/>\n<meta property=\"og:image\" content=\"https:\/\/www.aramon.com\/blog\/wp-content\/uploads\/2023\/03\/Aramon-Cerler-8-marzo-scaled.jpg\" \/>\n\t<meta property=\"og:image:width\" content=\"2560\" \/>\n\t<meta property=\"og:image:height\" content=\"1707\" \/>\n\t<meta property=\"og:image:type\" content=\"image\/jpeg\" \/>\n<meta name=\"author\" content=\"aramon\" \/>\n<meta name=\"twitter:card\" content=\"summary_large_image\" \/>\n<meta name=\"twitter:label1\" content=\"Escrito por\" \/>\n\t<meta name=\"twitter:data1\" content=\"aramon\" \/>\n\t<meta name=\"twitter:label2\" content=\"Tiempo de lectura\" \/>\n\t<meta name=\"twitter:data2\" content=\"2 minutos\" \/>\n<script type=\"application\/ld+json\" class=\"yoast-schema-graph\">{\"@context\":\"https:\/\/schema.org\",\"@graph\":[{\"@type\":\"WebPage\",\"@id\":\"https:\/\/www.aramon.com\/blog\/fin-de-semana-marzo-2023\/\",\"url\":\"https:\/\/www.aramon.com\/blog\/fin-de-semana-marzo-2023\/\",\"name\":\"El fin de semana recibir\u00e1 a los esquiadores con m\u00e1s de 220 kil\u00f3metros en las estaciones del Grupo Aram\u00f3n - Blog Oficial del Grupo ARAM\u00d3N\",\"isPartOf\":{\"@id\":\"https:\/\/www.aramon.com\/blog\/#website\"},\"primaryImageOfPage\":{\"@id\":\"https:\/\/www.aramon.com\/blog\/fin-de-semana-marzo-2023\/#primaryimage\"},\"image\":{\"@id\":\"https:\/\/www.aramon.com\/blog\/fin-de-semana-marzo-2023\/#primaryimage\"},\"thumbnailUrl\":\"https:\/\/www.aramon.com\/blog\/wp-content\/uploads\/2023\/03\/Aramon-Cerler-8-marzo-scaled.jpg\",\"datePublished\":\"2023-03-08T13:39:45+00:00\",\"dateModified\":\"2023-03-09T07:27:33+00:00\",\"author\":{\"@id\":\"https:\/\/www.aramon.com\/blog\/#\/schema\/person\/9429ffb451d657ab98f0ca1b364eeef3\"},\"description\":\"El fin de semana de esqu\u00ed en las estaciones de Aram\u00f3n permite disfrutar de carreras, actividades y apr\u00e8s-ski.\",\"inLanguage\":\"es\",\"potentialAction\":[{\"@type\":\"ReadAction\",\"target\":[\"https:\/\/www.aramon.com\/blog\/fin-de-semana-marzo-2023\/\"]}]},{\"@type\":\"ImageObject\",\"inLanguage\":\"es\",\"@id\":\"https:\/\/www.aramon.com\/blog\/fin-de-semana-marzo-2023\/#primaryimage\",\"url\":\"https:\/\/www.aramon.com\/blog\/wp-content\/uploads\/2023\/03\/Aramon-Cerler-8-marzo-scaled.jpg\",\"contentUrl\":\"https:\/\/www.aramon.com\/blog\/wp-content\/uploads\/2023\/03\/Aramon-Cerler-8-marzo-scaled.jpg\",\"width\":2560,\"height\":1707,\"caption\":\"Aramon cerler 8 marzo\"},{\"@type\":\"WebSite\",\"@id\":\"https:\/\/www.aramon.com\/blog\/#website\",\"url\":\"https:\/\/www.aramon.com\/blog\/\",\"name\":\"Blog Oficial del Grupo ARAM\u00d3N\",\"description\":\"Blog Oficial del Grupo Aram\u00f3n sobre estaciones de esqu\u00ed, monta\u00f1ismo, deportes de aventura y m\u00e1s en Arag\u00f3n.\",\"potentialAction\":[{\"@type\":\"SearchAction\",\"target\":{\"@type\":\"EntryPoint\",\"urlTemplate\":\"https:\/\/www.aramon.com\/blog\/?s={search_term_string}\"},\"query-input\":\"required name=search_term_string\"}],\"inLanguage\":\"es\"},{\"@type\":\"Person\",\"@id\":\"https:\/\/www.aramon.com\/blog\/#\/schema\/person\/9429ffb451d657ab98f0ca1b364eeef3\",\"name\":\"aramon\",\"image\":{\"@type\":\"ImageObject\",\"inLanguage\":\"es\",\"@id\":\"https:\/\/www.aramon.com\/blog\/#\/schema\/person\/image\/\",\"url\":\"https:\/\/secure.gravatar.com\/avatar\/d5fd0ede392e1af0e414b87f7568b4d5?s=96&d=mm&r=g\",\"contentUrl\":\"https:\/\/secure.gravatar.com\/avatar\/d5fd0ede392e1af0e414b87f7568b4d5?s=96&d=mm&r=g\",\"caption\":\"aramon\"},\"url\":\"https:\/\/www.aramon.com\/blog\/author\/aramon\/\"}]}<\/script>\n<!-- \/ Yoast SEO plugin. -->","yoast_head_json":{"title":"El fin de semana recibir\u00e1 a los esquiadores con m\u00e1s de 220 kil\u00f3metros en las estaciones del Grupo Aram\u00f3n - Blog Oficial del Grupo ARAM\u00d3N","description":"El fin de semana de esqu\u00ed en las estaciones de Aram\u00f3n permite disfrutar de carreras, actividades y apr\u00e8s-ski.","robots":{"index":"index","follow":"follow","max-snippet":"max-snippet:-1","max-image-preview":"max-image-preview:large","max-video-preview":"max-video-preview:-1"},"canonical":"https:\/\/www.aramon.com\/blog\/fin-de-semana-marzo-2023\/","og_locale":"es_ES","og_type":"article","og_title":"El fin de semana recibir\u00e1 a los esquiadores con m\u00e1s de 220 kil\u00f3metros en las estaciones del Grupo Aram\u00f3n - Blog Oficial del Grupo ARAM\u00d3N","og_description":"El fin de semana de esqu\u00ed en las estaciones de Aram\u00f3n permite disfrutar de carreras, actividades y apr\u00e8s-ski.","og_url":"https:\/\/www.aramon.com\/blog\/fin-de-semana-marzo-2023\/","og_site_name":"Blog Oficial del Grupo ARAM\u00d3N","article_published_time":"2023-03-08T13:39:45+00:00","article_modified_time":"2023-03-09T07:27:33+00:00","og_image":[{"width":2560,"height":1707,"url":"https:\/\/www.aramon.com\/blog\/wp-content\/uploads\/2023\/03\/Aramon-Cerler-8-marzo-scaled.jpg","type":"image\/jpeg"}],"author":"aramon","twitter_card":"summary_large_image","twitter_misc":{"Escrito por":"aramon","Tiempo de lectura":"2 minutos"},"schema":{"@context":"https:\/\/schema.org","@graph":[{"@type":"WebPage","@id":"https:\/\/www.aramon.com\/blog\/fin-de-semana-marzo-2023\/","url":"https:\/\/www.aramon.com\/blog\/fin-de-semana-marzo-2023\/","name":"El fin de semana recibir\u00e1 a los esquiadores con m\u00e1s de 220 kil\u00f3metros en las estaciones del Grupo Aram\u00f3n - Blog Oficial del Grupo ARAM\u00d3N","isPartOf":{"@id":"https:\/\/www.aramon.com\/blog\/#website"},"primaryImageOfPage":{"@id":"https:\/\/www.aramon.com\/blog\/fin-de-semana-marzo-2023\/#primaryimage"},"image":{"@id":"https:\/\/www.aramon.com\/blog\/fin-de-semana-marzo-2023\/#primaryimage"},"thumbnailUrl":"https:\/\/www.aramon.com\/blog\/wp-content\/uploads\/2023\/03\/Aramon-Cerler-8-marzo-scaled.jpg","datePublished":"2023-03-08T13:39:45+00:00","dateModified":"2023-03-09T07:27:33+00:00","author":{"@id":"https:\/\/www.aramon.com\/blog\/#\/schema\/person\/9429ffb451d657ab98f0ca1b364eeef3"},"description":"El fin de semana de esqu\u00ed en las estaciones de Aram\u00f3n permite disfrutar de carreras, actividades y apr\u00e8s-ski.","inLanguage":"es","potentialAction":[{"@type":"ReadAction","target":["https:\/\/www.aramon.com\/blog\/fin-de-semana-marzo-2023\/"]}]},{"@type":"ImageObject","inLanguage":"es","@id":"https:\/\/www.aramon.com\/blog\/fin-de-semana-marzo-2023\/#primaryimage","url":"https:\/\/www.aramon.com\/blog\/wp-content\/uploads\/2023\/03\/Aramon-Cerler-8-marzo-scaled.jpg","contentUrl":"https:\/\/www.aramon.com\/blog\/wp-content\/uploads\/2023\/03\/Aramon-Cerler-8-marzo-scaled.jpg","width":2560,"height":1707,"caption":"Aramon cerler 8 marzo"},{"@type":"WebSite","@id":"https:\/\/www.aramon.com\/blog\/#website","url":"https:\/\/www.aramon.com\/blog\/","name":"Blog Oficial del Grupo ARAM\u00d3N","description":"Blog Oficial del Grupo Aram\u00f3n sobre estaciones de esqu\u00ed, monta\u00f1ismo, deportes de aventura y m\u00e1s en Arag\u00f3n.","potentialAction":[{"@type":"SearchAction","target":{"@type":"EntryPoint","urlTemplate":"https:\/\/www.aramon.com\/blog\/?s={search_term_string}"},"query-input":"required name=search_term_string"}],"inLanguage":"es"},{"@type":"Person","@id":"https:\/\/www.aramon.com\/blog\/#\/schema\/person\/9429ffb451d657ab98f0ca1b364eeef3","name":"aramon","image":{"@type":"ImageObject","inLanguage":"es","@id":"https:\/\/www.aramon.com\/blog\/#\/schema\/person\/image\/","url":"https:\/\/secure.gravatar.com\/avatar\/d5fd0ede392e1af0e414b87f7568b4d5?s=96&d=mm&r=g","contentUrl":"https:\/\/secure.gravatar.com\/avatar\/d5fd0ede392e1af0e414b87f7568b4d5?s=96&d=mm&r=g","caption":"aramon"},"url":"https:\/\/www.aramon.com\/blog\/author\/aramon\/"}]}},"_links":{"self":[{"href":"https:\/\/www.aramon.com\/blog\/wp-json\/wp\/v2\/posts\/17412"}],"collection":[{"href":"https:\/\/www.aramon.com\/blog\/wp-json\/wp\/v2\/posts"}],"about":[{"href":"https:\/\/www.aramon.com\/blog\/wp-json\/wp\/v2\/types\/post"}],"author":[{"embeddable":true,"href":"https:\/\/www.aramon.com\/blog\/wp-json\/wp\/v2\/users\/2"}],"replies":[{"embeddable":true,"href":"https:\/\/www.aramon.com\/blog\/wp-json\/wp\/v2\/comments?post=17412"}],"version-history":[{"count":2,"href":"https:\/\/www.aramon.com\/blog\/wp-json\/wp\/v2\/posts\/17412\/revisions"}],"predecessor-version":[{"id":17415,"href":"https:\/\/www.aramon.com\/blog\/wp-json\/wp\/v2\/posts\/17412\/revisions\/17415"}],"wp:featuredmedia":[{"embeddable":true,"href":"https:\/\/www.aramon.com\/blog\/wp-json\/wp\/v2\/media\/17413"}],"wp:attachment":[{"href":"https:\/\/www.aramon.com\/blog\/wp-json\/wp\/v2\/media?parent=17412"}],"wp:term":[{"taxonomy":"category","embeddable":true,"href":"https:\/\/www.aramon.com\/blog\/wp-json\/wp\/v2\/categories?post=17412"},{"taxonomy":"post_tag","embeddable":true,"href":"https:\/\/www.aramon.com\/blog\/wp-json\/wp\/v2\/tags?post=17412"}],"curies":[{"name":"wp","href":"https:\/\/api.w.org\/{rel}","templated":true}]}}