{"id":17428,"date":"2023-03-06T09:02:00","date_gmt":"2023-03-06T09:02:00","guid":{"rendered":"https:\/\/www.aramon.com\/blog\/?p=17428"},"modified":"2023-03-15T09:32:40","modified_gmt":"2023-03-15T09:32:40","slug":"proteccion-solar-2023","status":"publish","type":"post","link":"https:\/\/www.aramon.com\/blog\/proteccion-solar-2023\/","title":{"rendered":"Piel protegida, sobre todo en la nieve"},"content":{"rendered":"\n<p><\/p>\n\n\n\n<p>Cuando se habla de protecci\u00f3n en la nieve, acuden a nuestro pensamiento elementos como el casco, las gafas o la ropa de abrigo para no pasar fr\u00edo, pero muchas veces se tiende a obviar que una de las m\u00e1s importantes es la del sol. Est\u00e1 demostrado que <strong>el 80% de la radiaci\u00f3n solar la recibimos durante todo el a\u00f1o no solo en verano<\/strong>, y la zona m\u00e1s expuesta es la del rostro.<\/p>\n\n\n\n<p>Durante las actividades al aire libre (paseos incluidos) y especialmente en los deportes de alta monta\u00f1a, como son el esqu\u00ed o el snow, hemos de tener en cuenta que nos encontramos a mayor altura y, por lo tanto, m\u00e1s cerca del sol, lo que provoca que la atm\u00f3sfera absorba menos rayos UV, lo que se produce en un mayor riesgo. De hecho, <strong>cada 300 metros de altura se dice que el riesgo de quemaduras se incrementa en un 4 o 5%.<\/strong><\/p>\n\n\n\n<p>Adem\u00e1s, la superficie blanca que nos rodea act\u00faa como un espejo y estimula una mayor radiaci\u00f3n solar y un riesgo superior de quemaduras, por lo tanto, estamos m\u00e1s expuestos, incluso los d\u00edas nublados. Por lo tanto, es primordial tomar las mismas medidas que en verano y usar un <strong>protector solar de \u00edndice alto, haciendo especial hincapi\u00e9 en mejillas, nariz y labios,<\/strong> ya que son las zonas que quedan expuestas a la radiaci\u00f3n solar (porque los ojos ya est\u00e1n protegidos con unas gafas adecuadas).<\/p>\n\n\n\n<p>Los expertos recomiendan aplicarlo media hora antes de salir a las pistas para que los filtros qu\u00edmicos de las f\u00f3rmulas act\u00faen. Despu\u00e9s es imprescindible reaplicarlo, porque las bajas temperaturas pueden enga\u00f1ar a los sentidos, pero no eximen de esta norma universal: <strong>volver a utilizar el producto cada dos horas, sobre todo en las horas centrales del d\u00eda que es cuando la incidencia del sol es m\u00e1s directa.<\/strong> \u00bfEl truco? Llevar en el bolsillo f\u00f3rmulas de tama\u00f1o reducido con el fin de tenerlas siempre a mano. Adem\u00e1s, los dermat\u00f3logos insisten en la importancia de hidratar la piel despu\u00e9s de la jornada de esqu\u00ed, ya que las bajas temperaturas, el aire y el viento habitual en las zonas de monta\u00f1a provocan que el cutis est\u00e9 m\u00e1s seco y deshidratado.<\/p>\n\n\n\n<h3 class=\"wp-block-heading\">Estos son algunos de los protectores solares que ser\u00e1n tu gran aliado en la nieve.<\/h3>\n\n\n\n<h4 class=\"wp-block-heading\"><strong>Protectores antiedad<\/strong><\/h4>\n\n\n\n<p>Si la crema solar<strong> mantiene alejados los efectos del sol sobre el envejecimiento en la piel<\/strong>, adem\u00e1s de proteger, mucho mejor. Por eso, siempre se recomienda un <strong>factor de protecci\u00f3n 50<\/strong>. Aqu\u00ed van algunos que utilizan nuestros esquiadores: el Fotoprotector Antiedad Hidratante SPF50 de Farma Dorsch tambi\u00e9n la hidrata con activos naturales que aportan elasticidad. Es mate, fluido y contiene ingredientes antiedad como la vitamina E y mantiene una acci\u00f3n calmante con camomila y bisabolol; Melascreen UV SPF 50+ de Ducray cuida de las radiaciones mientras protege del fotoenvejecimiento y aten\u00faa las manchas oscuras gracias a su composici\u00f3n con antioxidantes m\u00e1s potentes que la vitamina E y uno, de absorci\u00f3n instant\u00e1nea y oil-fre que nos proponen desde Skin Clinic\u00a0<strong>SYL 100 Sun Lux SPF 50 <\/strong>\u00a0ofrece una cobertura m\u00e1xima, es resistente al agua, no deja un acabado blanco ni sensaci\u00f3n grasa.<\/p>\n\n\n\n<h4 class=\"wp-block-heading\"><strong>Los m\u00e1s resistentes<\/strong><\/h4>\n\n\n\n<p>El fotoprotector ISDIN Compi SPF 50+ protege la piel del rostro y de los labios y est\u00e1 especialmente recomendado para la pr\u00e1ctica de deporte al aire libre. Piz Buin Mountain Crema solar + Stick Labial est\u00e1 formulado para resistir en las condiciones de gran altitud. Lleva filtros solares UVA\/UVB de avanzada tecnolog\u00eda y la antioxidante Edelweiss que ayuda a proteger la piel del sol y de los da\u00f1os a largo plazo. Resistente al agua y a la transpiraci\u00f3n. Transparent Stick 360 de Heliocare, espec\u00edfico para la pr\u00e1ctica de deportes, asegura protecci\u00f3n contra una gama amplia de rayos solares, no solo contra los rayos UVA, sino tambi\u00e9n contra los UVB y la luz infrarroja. Su peque\u00f1o tama\u00f1o permite llevarlo en cualquier bolsillo para reaplicar cuando sea necesario.<\/p>\n\n\n\n<h4 class=\"wp-block-heading\"><strong>Protecci\u00f3n para ni\u00f1os<\/strong><\/h4>\n\n\n\n<p>Especialmente indicada para los ni\u00f1os, la <strong>crema solar Anthelios Pocket Ni\u00f1os SPF50+<\/strong> de La Roche Posay se aplica con facilidad y protege contra los rayos UVB y UVA. Gracias a su complejo hidratante combinado con ingredientes protectores y con Agua termal de Av\u00e8ne, la emulsi\u00f3n Hydrance UV-L ligera hidrata la piel y la protege al mismo tiempo contra los rayos UV y los radicales libres.<\/p>\n\n\n\n<p><\/p>\n\n\n\n<p><\/p>\n","protected":false},"excerpt":{"rendered":"<p>Durante todo el invierno pero especialmente en los d\u00edas de nieve soleados como los de final de temporada, recuerda proteger tu piel <\/p>\n","protected":false},"author":2,"featured_media":17429,"comment_status":"closed","ping_status":"closed","sticky":false,"template":"","format":"standard","meta":{"_acf_changed":false,"footnotes":""},"categories":[302,304,305,306,1,303,307,308],"tags":[],"acf":[],"yoast_head":"<!-- This site is optimized with the Yoast SEO plugin v22.5 - https:\/\/yoast.com\/wordpress\/plugins\/seo\/ -->\n<title>Piel protegida, sobre todo en la nieve - Blog Oficial del Grupo ARAM\u00d3N<\/title>\n<meta name=\"description\" content=\"Uno de los complementos imprescindibles para los esquiadores es la protecci\u00f3n solar. En el Grupo Aram\u00f3n sabemos que en invierno, el sol tiene sus efectos.\" \/>\n<meta name=\"robots\" content=\"index, follow, max-snippet:-1, max-image-preview:large, max-video-preview:-1\" \/>\n<link rel=\"canonical\" href=\"https:\/\/www.aramon.com\/blog\/proteccion-solar-2023\/\" \/>\n<meta property=\"og:locale\" content=\"es_ES\" \/>\n<meta property=\"og:type\" content=\"article\" \/>\n<meta property=\"og:title\" content=\"Piel protegida, sobre todo en la nieve - Blog Oficial del Grupo ARAM\u00d3N\" \/>\n<meta property=\"og:description\" content=\"Uno de los complementos imprescindibles para los esquiadores es la protecci\u00f3n solar. En el Grupo Aram\u00f3n sabemos que en invierno, el sol tiene sus efectos.\" \/>\n<meta property=\"og:url\" content=\"https:\/\/www.aramon.com\/blog\/proteccion-solar-2023\/\" \/>\n<meta property=\"og:site_name\" content=\"Blog Oficial del Grupo ARAM\u00d3N\" \/>\n<meta property=\"article:published_time\" content=\"2023-03-06T09:02:00+00:00\" \/>\n<meta property=\"article:modified_time\" content=\"2023-03-15T09:32:40+00:00\" \/>\n<meta property=\"og:image\" content=\"https:\/\/www.aramon.com\/blog\/wp-content\/uploads\/2023\/03\/02022023-_DSC0106-scaled.jpg\" \/>\n\t<meta property=\"og:image:width\" content=\"2560\" \/>\n\t<meta property=\"og:image:height\" content=\"1710\" \/>\n\t<meta property=\"og:image:type\" content=\"image\/jpeg\" \/>\n<meta name=\"author\" content=\"aramon\" \/>\n<meta name=\"twitter:card\" content=\"summary_large_image\" \/>\n<meta name=\"twitter:label1\" content=\"Escrito por\" \/>\n\t<meta name=\"twitter:data1\" content=\"aramon\" \/>\n\t<meta name=\"twitter:label2\" content=\"Tiempo de lectura\" \/>\n\t<meta name=\"twitter:data2\" content=\"4 minutos\" \/>\n<script type=\"application\/ld+json\" class=\"yoast-schema-graph\">{\"@context\":\"https:\/\/schema.org\",\"@graph\":[{\"@type\":\"WebPage\",\"@id\":\"https:\/\/www.aramon.com\/blog\/proteccion-solar-2023\/\",\"url\":\"https:\/\/www.aramon.com\/blog\/proteccion-solar-2023\/\",\"name\":\"Piel protegida, sobre todo en la nieve - Blog Oficial del Grupo ARAM\u00d3N\",\"isPartOf\":{\"@id\":\"https:\/\/www.aramon.com\/blog\/#website\"},\"primaryImageOfPage\":{\"@id\":\"https:\/\/www.aramon.com\/blog\/proteccion-solar-2023\/#primaryimage\"},\"image\":{\"@id\":\"https:\/\/www.aramon.com\/blog\/proteccion-solar-2023\/#primaryimage\"},\"thumbnailUrl\":\"https:\/\/www.aramon.com\/blog\/wp-content\/uploads\/2023\/03\/02022023-_DSC0106-scaled.jpg\",\"datePublished\":\"2023-03-06T09:02:00+00:00\",\"dateModified\":\"2023-03-15T09:32:40+00:00\",\"author\":{\"@id\":\"https:\/\/www.aramon.com\/blog\/#\/schema\/person\/9429ffb451d657ab98f0ca1b364eeef3\"},\"description\":\"Uno de los complementos imprescindibles para los esquiadores es la protecci\u00f3n solar. En el Grupo Aram\u00f3n sabemos que en invierno, el sol tiene sus efectos.\",\"inLanguage\":\"es\",\"potentialAction\":[{\"@type\":\"ReadAction\",\"target\":[\"https:\/\/www.aramon.com\/blog\/proteccion-solar-2023\/\"]}]},{\"@type\":\"ImageObject\",\"inLanguage\":\"es\",\"@id\":\"https:\/\/www.aramon.com\/blog\/proteccion-solar-2023\/#primaryimage\",\"url\":\"https:\/\/www.aramon.com\/blog\/wp-content\/uploads\/2023\/03\/02022023-_DSC0106-scaled.jpg\",\"contentUrl\":\"https:\/\/www.aramon.com\/blog\/wp-content\/uploads\/2023\/03\/02022023-_DSC0106-scaled.jpg\",\"width\":2560,\"height\":1710,\"caption\":\"proteccion sol\"},{\"@type\":\"WebSite\",\"@id\":\"https:\/\/www.aramon.com\/blog\/#website\",\"url\":\"https:\/\/www.aramon.com\/blog\/\",\"name\":\"Blog Oficial del Grupo ARAM\u00d3N\",\"description\":\"Blog Oficial del Grupo Aram\u00f3n sobre estaciones de esqu\u00ed, monta\u00f1ismo, deportes de aventura y m\u00e1s en Arag\u00f3n.\",\"potentialAction\":[{\"@type\":\"SearchAction\",\"target\":{\"@type\":\"EntryPoint\",\"urlTemplate\":\"https:\/\/www.aramon.com\/blog\/?s={search_term_string}\"},\"query-input\":\"required name=search_term_string\"}],\"inLanguage\":\"es\"},{\"@type\":\"Person\",\"@id\":\"https:\/\/www.aramon.com\/blog\/#\/schema\/person\/9429ffb451d657ab98f0ca1b364eeef3\",\"name\":\"aramon\",\"image\":{\"@type\":\"ImageObject\",\"inLanguage\":\"es\",\"@id\":\"https:\/\/www.aramon.com\/blog\/#\/schema\/person\/image\/\",\"url\":\"https:\/\/secure.gravatar.com\/avatar\/d5fd0ede392e1af0e414b87f7568b4d5?s=96&d=mm&r=g\",\"contentUrl\":\"https:\/\/secure.gravatar.com\/avatar\/d5fd0ede392e1af0e414b87f7568b4d5?s=96&d=mm&r=g\",\"caption\":\"aramon\"},\"url\":\"https:\/\/www.aramon.com\/blog\/author\/aramon\/\"}]}<\/script>\n<!-- \/ Yoast SEO plugin. -->","yoast_head_json":{"title":"Piel protegida, sobre todo en la nieve - Blog Oficial del Grupo ARAM\u00d3N","description":"Uno de los complementos imprescindibles para los esquiadores es la protecci\u00f3n solar. En el Grupo Aram\u00f3n sabemos que en invierno, el sol tiene sus efectos.","robots":{"index":"index","follow":"follow","max-snippet":"max-snippet:-1","max-image-preview":"max-image-preview:large","max-video-preview":"max-video-preview:-1"},"canonical":"https:\/\/www.aramon.com\/blog\/proteccion-solar-2023\/","og_locale":"es_ES","og_type":"article","og_title":"Piel protegida, sobre todo en la nieve - Blog Oficial del Grupo ARAM\u00d3N","og_description":"Uno de los complementos imprescindibles para los esquiadores es la protecci\u00f3n solar. En el Grupo Aram\u00f3n sabemos que en invierno, el sol tiene sus efectos.","og_url":"https:\/\/www.aramon.com\/blog\/proteccion-solar-2023\/","og_site_name":"Blog Oficial del Grupo ARAM\u00d3N","article_published_time":"2023-03-06T09:02:00+00:00","article_modified_time":"2023-03-15T09:32:40+00:00","og_image":[{"width":2560,"height":1710,"url":"https:\/\/www.aramon.com\/blog\/wp-content\/uploads\/2023\/03\/02022023-_DSC0106-scaled.jpg","type":"image\/jpeg"}],"author":"aramon","twitter_card":"summary_large_image","twitter_misc":{"Escrito por":"aramon","Tiempo de lectura":"4 minutos"},"schema":{"@context":"https:\/\/schema.org","@graph":[{"@type":"WebPage","@id":"https:\/\/www.aramon.com\/blog\/proteccion-solar-2023\/","url":"https:\/\/www.aramon.com\/blog\/proteccion-solar-2023\/","name":"Piel protegida, sobre todo en la nieve - Blog Oficial del Grupo ARAM\u00d3N","isPartOf":{"@id":"https:\/\/www.aramon.com\/blog\/#website"},"primaryImageOfPage":{"@id":"https:\/\/www.aramon.com\/blog\/proteccion-solar-2023\/#primaryimage"},"image":{"@id":"https:\/\/www.aramon.com\/blog\/proteccion-solar-2023\/#primaryimage"},"thumbnailUrl":"https:\/\/www.aramon.com\/blog\/wp-content\/uploads\/2023\/03\/02022023-_DSC0106-scaled.jpg","datePublished":"2023-03-06T09:02:00+00:00","dateModified":"2023-03-15T09:32:40+00:00","author":{"@id":"https:\/\/www.aramon.com\/blog\/#\/schema\/person\/9429ffb451d657ab98f0ca1b364eeef3"},"description":"Uno de los complementos imprescindibles para los esquiadores es la protecci\u00f3n solar. En el Grupo Aram\u00f3n sabemos que en invierno, el sol tiene sus efectos.","inLanguage":"es","potentialAction":[{"@type":"ReadAction","target":["https:\/\/www.aramon.com\/blog\/proteccion-solar-2023\/"]}]},{"@type":"ImageObject","inLanguage":"es","@id":"https:\/\/www.aramon.com\/blog\/proteccion-solar-2023\/#primaryimage","url":"https:\/\/www.aramon.com\/blog\/wp-content\/uploads\/2023\/03\/02022023-_DSC0106-scaled.jpg","contentUrl":"https:\/\/www.aramon.com\/blog\/wp-content\/uploads\/2023\/03\/02022023-_DSC0106-scaled.jpg","width":2560,"height":1710,"caption":"proteccion sol"},{"@type":"WebSite","@id":"https:\/\/www.aramon.com\/blog\/#website","url":"https:\/\/www.aramon.com\/blog\/","name":"Blog Oficial del Grupo ARAM\u00d3N","description":"Blog Oficial del Grupo Aram\u00f3n sobre estaciones de esqu\u00ed, monta\u00f1ismo, deportes de aventura y m\u00e1s en Arag\u00f3n.","potentialAction":[{"@type":"SearchAction","target":{"@type":"EntryPoint","urlTemplate":"https:\/\/www.aramon.com\/blog\/?s={search_term_string}"},"query-input":"required name=search_term_string"}],"inLanguage":"es"},{"@type":"Person","@id":"https:\/\/www.aramon.com\/blog\/#\/schema\/person\/9429ffb451d657ab98f0ca1b364eeef3","name":"aramon","image":{"@type":"ImageObject","inLanguage":"es","@id":"https:\/\/www.aramon.com\/blog\/#\/schema\/person\/image\/","url":"https:\/\/secure.gravatar.com\/avatar\/d5fd0ede392e1af0e414b87f7568b4d5?s=96&d=mm&r=g","contentUrl":"https:\/\/secure.gravatar.com\/avatar\/d5fd0ede392e1af0e414b87f7568b4d5?s=96&d=mm&r=g","caption":"aramon"},"url":"https:\/\/www.aramon.com\/blog\/author\/aramon\/"}]}},"_links":{"self":[{"href":"https:\/\/www.aramon.com\/blog\/wp-json\/wp\/v2\/posts\/17428"}],"collection":[{"href":"https:\/\/www.aramon.com\/blog\/wp-json\/wp\/v2\/posts"}],"about":[{"href":"https:\/\/www.aramon.com\/blog\/wp-json\/wp\/v2\/types\/post"}],"author":[{"embeddable":true,"href":"https:\/\/www.aramon.com\/blog\/wp-json\/wp\/v2\/users\/2"}],"replies":[{"embeddable":true,"href":"https:\/\/www.aramon.com\/blog\/wp-json\/wp\/v2\/comments?post=17428"}],"version-history":[{"count":1,"href":"https:\/\/www.aramon.com\/blog\/wp-json\/wp\/v2\/posts\/17428\/revisions"}],"predecessor-version":[{"id":17430,"href":"https:\/\/www.aramon.com\/blog\/wp-json\/wp\/v2\/posts\/17428\/revisions\/17430"}],"wp:featuredmedia":[{"embeddable":true,"href":"https:\/\/www.aramon.com\/blog\/wp-json\/wp\/v2\/media\/17429"}],"wp:attachment":[{"href":"https:\/\/www.aramon.com\/blog\/wp-json\/wp\/v2\/media?parent=17428"}],"wp:term":[{"taxonomy":"category","embeddable":true,"href":"https:\/\/www.aramon.com\/blog\/wp-json\/wp\/v2\/categories?post=17428"},{"taxonomy":"post_tag","embeddable":true,"href":"https:\/\/www.aramon.com\/blog\/wp-json\/wp\/v2\/tags?post=17428"}],"curies":[{"name":"wp","href":"https:\/\/api.w.org\/{rel}","templated":true}]}}