{"id":17431,"date":"2023-03-15T14:27:07","date_gmt":"2023-03-15T14:27:07","guid":{"rendered":"https:\/\/www.aramon.com\/blog\/?p=17431"},"modified":"2023-03-15T14:31:30","modified_gmt":"2023-03-15T14:31:30","slug":"nervo-en-marchica","status":"publish","type":"post","link":"https:\/\/www.aramon.com\/blog\/nervo-en-marchica\/","title":{"rendered":"Nervo, protagonistas del apr\u00e8s-ski el fin de semana"},"content":{"rendered":"\n<p>Las estaciones del Grupo Aram\u00f3n viven las \u00faltimas semanas de la temporada con una agenda en la que podemos disfrutar de eventos deportivos y un <em>apr\u00e9s-ski<\/em> de altura.<\/p>\n\n\n\n<p>En <a href=\"https:\/\/www.cerler.com\/\" target=\"_blank\" rel=\"noreferrer noopener\">Cerler,<\/a> este fin de semana se celebran dos eventos en los que podemos ver a las promesas del esqu\u00ed y el snowboard, la<strong> KDD Pollinas Tribu y el Trofeo Mamut<\/strong>. La KDD es ya la VII edici\u00f3n del mejor evento de snowboard femenino y est\u00e1 abierta a <em>riders<\/em> de todas las edades en el que a los participantes, les esperan una <em>expression session<\/em> en el Terrain Park, ruladas conjuntas por la estaci\u00f3n, apr\u00e8s-ski, y muchas sonrisas.<\/p>\n\n\n\n<p>El <strong>Trofeo Mamut<\/strong>, organizado por el M\u00edtico Club y Aram\u00f3n Cerler, es una carrera para los m\u00e1s peque\u00f1os en la que compiten en un formato <em>combi race<\/em> el s\u00e1bado y en un circuito slalom gigante el domingo, en ambos casos en las categor\u00edas U4, U6 y U8 y en la pista Cogulla.<\/p>\n\n\n\n<p>El apr\u00e8s-ski de Marchica tendr\u00e1 el s\u00e1bado 18 de marzo como protagonistas a <a href=\"https:\/\/www.formigal-panticosa.com\/marchica\/contenidos\/detalleEvento?idContenido=11775\" target=\"_blank\" rel=\"noreferrer noopener\">Nervo<\/a>, dos hermanas australianas ganadoras de un Grammy que llevan m\u00e1s de diez a\u00f1os recorriendo las mejores cabinas y colaborando con artistas como Kylie Minogue, Ke$ha, Steve Aoki o Miley Cyrus. El viernes, como \u201ctelonera\u201d<a href=\"https:\/\/www.formigal-panticosa.com\/marchica\/contenidos\/detalleEvento?idContenido=11756\" target=\"_blank\" rel=\"noreferrer noopener\"> Ley DJ<\/a> nos acercar\u00e1 los temas que triunfan en todas las pistas de baile.<\/p>\n\n\n\n<p><strong>Rem\u00e1scaro, en Cerler,<\/strong> tambi\u00e9n vivir\u00e1 un fin de semana cargado de m\u00fasica con dos sesiones de dj invitados: Pinchejo, el viernes, y Blondex, el s\u00e1bado.<\/p>\n\n\n\n<h3 class=\"wp-block-heading\"><\/h3>\n\n\n\n<figure class=\"wp-block-image size-large\"><img loading=\"lazy\" decoding=\"async\" width=\"1024\" height=\"684\" src=\"https:\/\/www.aramon.com\/blog\/wp-content\/uploads\/2023\/03\/12032023-_DSC6899-2-1024x684.jpg\" alt=\"formigal marzo 2023\" class=\"wp-image-17432\" srcset=\"https:\/\/www.aramon.com\/blog\/wp-content\/uploads\/2023\/03\/12032023-_DSC6899-2-1024x684.jpg 1024w, https:\/\/www.aramon.com\/blog\/wp-content\/uploads\/2023\/03\/12032023-_DSC6899-2-300x200.jpg 300w, https:\/\/www.aramon.com\/blog\/wp-content\/uploads\/2023\/03\/12032023-_DSC6899-2-768x513.jpg 768w, https:\/\/www.aramon.com\/blog\/wp-content\/uploads\/2023\/03\/12032023-_DSC6899-2-1536x1026.jpg 1536w, https:\/\/www.aramon.com\/blog\/wp-content\/uploads\/2023\/03\/12032023-_DSC6899-2-2048x1368.jpg 2048w\" sizes=\"(max-width: 1024px) 100vw, 1024px\" \/><\/figure>\n","protected":false},"excerpt":{"rendered":"<p>Y antes del apr\u00e8s-ski, buen tiempo y nieve dura-primavera<\/p>\n","protected":false},"author":2,"featured_media":17433,"comment_status":"closed","ping_status":"closed","sticky":false,"template":"","format":"standard","meta":{"_acf_changed":false,"footnotes":""},"categories":[302,304,305,306,1,303,307,308],"tags":[],"acf":[],"yoast_head":"<!-- This site is optimized with the Yoast SEO plugin v22.5 - https:\/\/yoast.com\/wordpress\/plugins\/seo\/ -->\n<title>Nervo, protagonistas del apr\u00e8s-ski el fin de semana - Blog Oficial del Grupo ARAM\u00d3N<\/title>\n<meta name=\"description\" content=\"El apr\u00e8s-ski de Marchica cuenta con figuras internacionales en su cabina como las dj\u00b4s australianas, Nervo.\" \/>\n<meta name=\"robots\" content=\"index, follow, max-snippet:-1, max-image-preview:large, max-video-preview:-1\" \/>\n<link rel=\"canonical\" href=\"https:\/\/www.aramon.com\/blog\/nervo-en-marchica\/\" \/>\n<meta property=\"og:locale\" content=\"es_ES\" \/>\n<meta property=\"og:type\" content=\"article\" \/>\n<meta property=\"og:title\" content=\"Nervo, protagonistas del apr\u00e8s-ski el fin de semana - Blog Oficial del Grupo ARAM\u00d3N\" \/>\n<meta property=\"og:description\" content=\"El apr\u00e8s-ski de Marchica cuenta con figuras internacionales en su cabina como las dj\u00b4s australianas, Nervo.\" \/>\n<meta property=\"og:url\" content=\"https:\/\/www.aramon.com\/blog\/nervo-en-marchica\/\" \/>\n<meta property=\"og:site_name\" content=\"Blog Oficial del Grupo ARAM\u00d3N\" \/>\n<meta property=\"article:published_time\" content=\"2023-03-15T14:27:07+00:00\" \/>\n<meta property=\"article:modified_time\" content=\"2023-03-15T14:31:30+00:00\" \/>\n<meta property=\"og:image\" content=\"https:\/\/www.aramon.com\/blog\/wp-content\/uploads\/2023\/03\/Photo-Credit-Chloe-Paul_NERVOIMG_6537-2-scaled.jpg\" \/>\n\t<meta property=\"og:image:width\" content=\"2560\" \/>\n\t<meta property=\"og:image:height\" content=\"1707\" \/>\n\t<meta property=\"og:image:type\" content=\"image\/jpeg\" \/>\n<meta name=\"author\" content=\"aramon\" \/>\n<meta name=\"twitter:card\" content=\"summary_large_image\" \/>\n<meta name=\"twitter:label1\" content=\"Escrito por\" \/>\n\t<meta name=\"twitter:data1\" content=\"aramon\" \/>\n\t<meta name=\"twitter:label2\" content=\"Tiempo de lectura\" \/>\n\t<meta name=\"twitter:data2\" content=\"2 minutos\" \/>\n<script type=\"application\/ld+json\" class=\"yoast-schema-graph\">{\"@context\":\"https:\/\/schema.org\",\"@graph\":[{\"@type\":\"WebPage\",\"@id\":\"https:\/\/www.aramon.com\/blog\/nervo-en-marchica\/\",\"url\":\"https:\/\/www.aramon.com\/blog\/nervo-en-marchica\/\",\"name\":\"Nervo, protagonistas del apr\u00e8s-ski el fin de semana - Blog Oficial del Grupo ARAM\u00d3N\",\"isPartOf\":{\"@id\":\"https:\/\/www.aramon.com\/blog\/#website\"},\"primaryImageOfPage\":{\"@id\":\"https:\/\/www.aramon.com\/blog\/nervo-en-marchica\/#primaryimage\"},\"image\":{\"@id\":\"https:\/\/www.aramon.com\/blog\/nervo-en-marchica\/#primaryimage\"},\"thumbnailUrl\":\"https:\/\/www.aramon.com\/blog\/wp-content\/uploads\/2023\/03\/Photo-Credit-Chloe-Paul_NERVOIMG_6537-2-scaled.jpg\",\"datePublished\":\"2023-03-15T14:27:07+00:00\",\"dateModified\":\"2023-03-15T14:31:30+00:00\",\"author\":{\"@id\":\"https:\/\/www.aramon.com\/blog\/#\/schema\/person\/9429ffb451d657ab98f0ca1b364eeef3\"},\"description\":\"El apr\u00e8s-ski de Marchica cuenta con figuras internacionales en su cabina como las dj\u00b4s australianas, Nervo.\",\"inLanguage\":\"es\",\"potentialAction\":[{\"@type\":\"ReadAction\",\"target\":[\"https:\/\/www.aramon.com\/blog\/nervo-en-marchica\/\"]}]},{\"@type\":\"ImageObject\",\"inLanguage\":\"es\",\"@id\":\"https:\/\/www.aramon.com\/blog\/nervo-en-marchica\/#primaryimage\",\"url\":\"https:\/\/www.aramon.com\/blog\/wp-content\/uploads\/2023\/03\/Photo-Credit-Chloe-Paul_NERVOIMG_6537-2-scaled.jpg\",\"contentUrl\":\"https:\/\/www.aramon.com\/blog\/wp-content\/uploads\/2023\/03\/Photo-Credit-Chloe-Paul_NERVOIMG_6537-2-scaled.jpg\",\"width\":2560,\"height\":1707},{\"@type\":\"WebSite\",\"@id\":\"https:\/\/www.aramon.com\/blog\/#website\",\"url\":\"https:\/\/www.aramon.com\/blog\/\",\"name\":\"Blog Oficial del Grupo ARAM\u00d3N\",\"description\":\"Blog Oficial del Grupo Aram\u00f3n sobre estaciones de esqu\u00ed, monta\u00f1ismo, deportes de aventura y m\u00e1s en Arag\u00f3n.\",\"potentialAction\":[{\"@type\":\"SearchAction\",\"target\":{\"@type\":\"EntryPoint\",\"urlTemplate\":\"https:\/\/www.aramon.com\/blog\/?s={search_term_string}\"},\"query-input\":\"required name=search_term_string\"}],\"inLanguage\":\"es\"},{\"@type\":\"Person\",\"@id\":\"https:\/\/www.aramon.com\/blog\/#\/schema\/person\/9429ffb451d657ab98f0ca1b364eeef3\",\"name\":\"aramon\",\"image\":{\"@type\":\"ImageObject\",\"inLanguage\":\"es\",\"@id\":\"https:\/\/www.aramon.com\/blog\/#\/schema\/person\/image\/\",\"url\":\"https:\/\/secure.gravatar.com\/avatar\/d5fd0ede392e1af0e414b87f7568b4d5?s=96&d=mm&r=g\",\"contentUrl\":\"https:\/\/secure.gravatar.com\/avatar\/d5fd0ede392e1af0e414b87f7568b4d5?s=96&d=mm&r=g\",\"caption\":\"aramon\"},\"url\":\"https:\/\/www.aramon.com\/blog\/author\/aramon\/\"}]}<\/script>\n<!-- \/ Yoast SEO plugin. -->","yoast_head_json":{"title":"Nervo, protagonistas del apr\u00e8s-ski el fin de semana - Blog Oficial del Grupo ARAM\u00d3N","description":"El apr\u00e8s-ski de Marchica cuenta con figuras internacionales en su cabina como las dj\u00b4s australianas, Nervo.","robots":{"index":"index","follow":"follow","max-snippet":"max-snippet:-1","max-image-preview":"max-image-preview:large","max-video-preview":"max-video-preview:-1"},"canonical":"https:\/\/www.aramon.com\/blog\/nervo-en-marchica\/","og_locale":"es_ES","og_type":"article","og_title":"Nervo, protagonistas del apr\u00e8s-ski el fin de semana - Blog Oficial del Grupo ARAM\u00d3N","og_description":"El apr\u00e8s-ski de Marchica cuenta con figuras internacionales en su cabina como las dj\u00b4s australianas, Nervo.","og_url":"https:\/\/www.aramon.com\/blog\/nervo-en-marchica\/","og_site_name":"Blog Oficial del Grupo ARAM\u00d3N","article_published_time":"2023-03-15T14:27:07+00:00","article_modified_time":"2023-03-15T14:31:30+00:00","og_image":[{"width":2560,"height":1707,"url":"https:\/\/www.aramon.com\/blog\/wp-content\/uploads\/2023\/03\/Photo-Credit-Chloe-Paul_NERVOIMG_6537-2-scaled.jpg","type":"image\/jpeg"}],"author":"aramon","twitter_card":"summary_large_image","twitter_misc":{"Escrito por":"aramon","Tiempo de lectura":"2 minutos"},"schema":{"@context":"https:\/\/schema.org","@graph":[{"@type":"WebPage","@id":"https:\/\/www.aramon.com\/blog\/nervo-en-marchica\/","url":"https:\/\/www.aramon.com\/blog\/nervo-en-marchica\/","name":"Nervo, protagonistas del apr\u00e8s-ski el fin de semana - Blog Oficial del Grupo ARAM\u00d3N","isPartOf":{"@id":"https:\/\/www.aramon.com\/blog\/#website"},"primaryImageOfPage":{"@id":"https:\/\/www.aramon.com\/blog\/nervo-en-marchica\/#primaryimage"},"image":{"@id":"https:\/\/www.aramon.com\/blog\/nervo-en-marchica\/#primaryimage"},"thumbnailUrl":"https:\/\/www.aramon.com\/blog\/wp-content\/uploads\/2023\/03\/Photo-Credit-Chloe-Paul_NERVOIMG_6537-2-scaled.jpg","datePublished":"2023-03-15T14:27:07+00:00","dateModified":"2023-03-15T14:31:30+00:00","author":{"@id":"https:\/\/www.aramon.com\/blog\/#\/schema\/person\/9429ffb451d657ab98f0ca1b364eeef3"},"description":"El apr\u00e8s-ski de Marchica cuenta con figuras internacionales en su cabina como las dj\u00b4s australianas, Nervo.","inLanguage":"es","potentialAction":[{"@type":"ReadAction","target":["https:\/\/www.aramon.com\/blog\/nervo-en-marchica\/"]}]},{"@type":"ImageObject","inLanguage":"es","@id":"https:\/\/www.aramon.com\/blog\/nervo-en-marchica\/#primaryimage","url":"https:\/\/www.aramon.com\/blog\/wp-content\/uploads\/2023\/03\/Photo-Credit-Chloe-Paul_NERVOIMG_6537-2-scaled.jpg","contentUrl":"https:\/\/www.aramon.com\/blog\/wp-content\/uploads\/2023\/03\/Photo-Credit-Chloe-Paul_NERVOIMG_6537-2-scaled.jpg","width":2560,"height":1707},{"@type":"WebSite","@id":"https:\/\/www.aramon.com\/blog\/#website","url":"https:\/\/www.aramon.com\/blog\/","name":"Blog Oficial del Grupo ARAM\u00d3N","description":"Blog Oficial del Grupo Aram\u00f3n sobre estaciones de esqu\u00ed, monta\u00f1ismo, deportes de aventura y m\u00e1s en Arag\u00f3n.","potentialAction":[{"@type":"SearchAction","target":{"@type":"EntryPoint","urlTemplate":"https:\/\/www.aramon.com\/blog\/?s={search_term_string}"},"query-input":"required name=search_term_string"}],"inLanguage":"es"},{"@type":"Person","@id":"https:\/\/www.aramon.com\/blog\/#\/schema\/person\/9429ffb451d657ab98f0ca1b364eeef3","name":"aramon","image":{"@type":"ImageObject","inLanguage":"es","@id":"https:\/\/www.aramon.com\/blog\/#\/schema\/person\/image\/","url":"https:\/\/secure.gravatar.com\/avatar\/d5fd0ede392e1af0e414b87f7568b4d5?s=96&d=mm&r=g","contentUrl":"https:\/\/secure.gravatar.com\/avatar\/d5fd0ede392e1af0e414b87f7568b4d5?s=96&d=mm&r=g","caption":"aramon"},"url":"https:\/\/www.aramon.com\/blog\/author\/aramon\/"}]}},"_links":{"self":[{"href":"https:\/\/www.aramon.com\/blog\/wp-json\/wp\/v2\/posts\/17431"}],"collection":[{"href":"https:\/\/www.aramon.com\/blog\/wp-json\/wp\/v2\/posts"}],"about":[{"href":"https:\/\/www.aramon.com\/blog\/wp-json\/wp\/v2\/types\/post"}],"author":[{"embeddable":true,"href":"https:\/\/www.aramon.com\/blog\/wp-json\/wp\/v2\/users\/2"}],"replies":[{"embeddable":true,"href":"https:\/\/www.aramon.com\/blog\/wp-json\/wp\/v2\/comments?post=17431"}],"version-history":[{"count":2,"href":"https:\/\/www.aramon.com\/blog\/wp-json\/wp\/v2\/posts\/17431\/revisions"}],"predecessor-version":[{"id":17435,"href":"https:\/\/www.aramon.com\/blog\/wp-json\/wp\/v2\/posts\/17431\/revisions\/17435"}],"wp:featuredmedia":[{"embeddable":true,"href":"https:\/\/www.aramon.com\/blog\/wp-json\/wp\/v2\/media\/17433"}],"wp:attachment":[{"href":"https:\/\/www.aramon.com\/blog\/wp-json\/wp\/v2\/media?parent=17431"}],"wp:term":[{"taxonomy":"category","embeddable":true,"href":"https:\/\/www.aramon.com\/blog\/wp-json\/wp\/v2\/categories?post=17431"},{"taxonomy":"post_tag","embeddable":true,"href":"https:\/\/www.aramon.com\/blog\/wp-json\/wp\/v2\/tags?post=17431"}],"curies":[{"name":"wp","href":"https:\/\/api.w.org\/{rel}","templated":true}]}}