{"id":17544,"date":"2023-04-10T06:35:46","date_gmt":"2023-04-10T06:35:46","guid":{"rendered":"https:\/\/www.aramon.com\/blog\/?p=17544"},"modified":"2023-04-11T12:25:51","modified_gmt":"2023-04-11T12:25:51","slug":"fin-temporada-esqui-22-23","status":"publish","type":"post","link":"https:\/\/www.aramon.com\/blog\/fin-temporada-esqui-22-23\/","title":{"rendered":"Una temporada de esqu\u00ed termina con \u00a1m\u00e1s de 1 mill\u00f3n de gracias!"},"content":{"rendered":"\n<p>Cada temporada de esqu\u00ed es un reto que las estaciones del Grupo Aram\u00f3n asumimos con toda la ilusi\u00f3n. Queremos llevar la diversi\u00f3n al nivel experto y, vistas las cifras de esquiadores de este a\u00f1o, podemos pensar que nuestras propuestas de deporte, experiencias y m\u00fasica gustan mucho a nuestros esquiadores.<\/p>\n\n\n\n<p>Esta temporada hemos recibido a 1.100.000 visitantes. Es solo un dato, pero importante, nos consolida como uno de los destinos de invierno favoritos en Espa\u00f1a y eso, teniendo en cuenta que hemos vivido una temporada at\u00edpica.<\/p>\n\n\n\n<p>Abrimos las puertas de Formigal-Panticosa el d\u00eda 3 de diciembre y el 6, las de Cerler, uno de los momentos m\u00e1s deseados por los esquiadores. En Navidad las condiciones no fueron favorables pero trabajamos la nieve de manera intensa para seguir en marcha y as\u00ed fue, seguimos. A partir del d\u00eda 8 de enero las nevadas y las bajas temperaturas aportaron una calidad de nieve excepcional casi en la totalidad del dominio esquiable de las estaciones. Estas condiciones se mantuvieron hasta mitad del mes de marzo y la afluencia de esquiadores fue excepcional, especialmente los fines de semana del mes de febrero.<\/p>\n\n\n\n<p>Las estaciones de Javalambre y Valdelinares tardaron algo m\u00e1s en abrir sus puertas por una ausencia significativa de precipitaciones. Sin embargo, en cuanto se dieron las condiciones, se inniv\u00f3 el cien por cien del dominio de las dos estaciones con un resultado hist\u00f3rico en cuanto a la afluencia de esquiadores, especialmente en febrero.<\/p>\n\n\n\n<p>Cada temporada es diferente y nuestro equipo se adapta gracias a una gran capacidad t\u00e9cnica y constancia.<\/p>\n\n\n\n<h3 class=\"wp-block-heading\"><strong>Experiencias en pistas y en la App<\/strong><\/h3>\n\n\n\n<p>La app del Grupo Aram\u00f3n se ha posicionado como uno de los principales canales para la recarga del forfait. De todas las recargas digitales que han hecho los clientes, el 47% se han hecho a trav\u00e9s de la plataforma. Esta herramienta, que facilita a los esquiadores numerosos datos de su experiencia, es la tercera app de deportes m\u00e1s descargada en Espa\u00f1a.<\/p>\n\n\n\n<p>A lo largo de la temporada de esqu\u00ed, se han abierto m\u00e1s de 720.000 sesiones de la app en los diferentes d\u00edas de esqu\u00ed. Adem\u00e1s, los datos que aporta esta herramienta indican que sus usuarios han recorrido en torno a medio mill\u00f3n de kil\u00f3metros en las estaciones del Grupo y que sus pistas favoritas son Anayet en Formigal-Panticosa; Basib\u00e9 en Cerler; Amanaderos en Javalambre y Bambolia en Valdelinares. Estas son las pistas favoritas de cada una de las estaciones del Grupo Aram\u00f3n para los usuarios de la app del Club Aram\u00f3n, una gran herramienta con la que la mayor parte de nuestros clientes hace un seguimiento de sus d\u00edas de esqu\u00ed.<\/p>\n\n\n\n<p>En este enlace encontrar\u00e1s <a href=\"https:\/\/www.aramon.com\/blog\/app-aramon-estadisticas\/\" target=\"_blank\" rel=\"noreferrer noopener\">m\u00e1s informaci\u00f3n sobre la app Club Aram\u00f3n.<\/a><\/p>\n\n\n\n<figure class=\"wp-block-video\"><video controls src=\"https:\/\/www.aramon.com\/blog\/wp-content\/uploads\/2023\/04\/Horizontal-Empleados_Grupo-Aramon.mov\"><\/video><figcaption>El equipo de Aram\u00f3n os da las gracias por una gran temporada<\/figcaption><\/figure>\n","protected":false},"excerpt":{"rendered":"<p>El n\u00famero de esquiadores en la temporada 22-23 roza los 1,1 millones en las estaciones del Grupo Aram\u00f3n.<\/p>\n","protected":false},"author":2,"featured_media":17545,"comment_status":"closed","ping_status":"closed","sticky":false,"template":"","format":"standard","meta":{"_acf_changed":false,"footnotes":""},"categories":[302,304,305,306,1,303,307,308],"tags":[],"acf":[],"yoast_head":"<!-- This site is optimized with the Yoast SEO plugin v22.5 - https:\/\/yoast.com\/wordpress\/plugins\/seo\/ -->\n<title>Una temporada de esqu\u00ed termina con \u00a1m\u00e1s de 1 mill\u00f3n de gracias! - Blog Oficial del Grupo ARAM\u00d3N<\/title>\n<meta name=\"description\" content=\"Las estaciones de esqu\u00ed del Grupo Aram\u00f3n finalizan la temporada 22-23 con un balance positivo en n\u00famero de esquiadores y experiencias.\" \/>\n<meta name=\"robots\" content=\"index, follow, max-snippet:-1, max-image-preview:large, max-video-preview:-1\" \/>\n<link rel=\"canonical\" href=\"https:\/\/www.aramon.com\/blog\/fin-temporada-esqui-22-23\/\" \/>\n<meta property=\"og:locale\" content=\"es_ES\" \/>\n<meta property=\"og:type\" content=\"article\" \/>\n<meta property=\"og:title\" content=\"Una temporada de esqu\u00ed termina con \u00a1m\u00e1s de 1 mill\u00f3n de gracias! - Blog Oficial del Grupo ARAM\u00d3N\" \/>\n<meta property=\"og:description\" content=\"Las estaciones de esqu\u00ed del Grupo Aram\u00f3n finalizan la temporada 22-23 con un balance positivo en n\u00famero de esquiadores y experiencias.\" \/>\n<meta property=\"og:url\" content=\"https:\/\/www.aramon.com\/blog\/fin-temporada-esqui-22-23\/\" \/>\n<meta property=\"og:site_name\" content=\"Blog Oficial del Grupo ARAM\u00d3N\" \/>\n<meta property=\"article:published_time\" content=\"2023-04-10T06:35:46+00:00\" \/>\n<meta property=\"article:modified_time\" content=\"2023-04-11T12:25:51+00:00\" \/>\n<meta property=\"og:image\" content=\"https:\/\/www.aramon.com\/blog\/wp-content\/uploads\/2023\/04\/Aramon-Formigal-Panticosa-temporada-22-23-2-scaled.jpg\" \/>\n\t<meta property=\"og:image:width\" content=\"2560\" \/>\n\t<meta property=\"og:image:height\" content=\"1710\" \/>\n\t<meta property=\"og:image:type\" content=\"image\/jpeg\" \/>\n<meta name=\"author\" content=\"aramon\" \/>\n<meta name=\"twitter:card\" content=\"summary_large_image\" \/>\n<meta name=\"twitter:label1\" content=\"Escrito por\" \/>\n\t<meta name=\"twitter:data1\" content=\"aramon\" \/>\n\t<meta name=\"twitter:label2\" content=\"Tiempo de lectura\" \/>\n\t<meta name=\"twitter:data2\" content=\"3 minutos\" \/>\n<script type=\"application\/ld+json\" class=\"yoast-schema-graph\">{\"@context\":\"https:\/\/schema.org\",\"@graph\":[{\"@type\":\"WebPage\",\"@id\":\"https:\/\/www.aramon.com\/blog\/fin-temporada-esqui-22-23\/\",\"url\":\"https:\/\/www.aramon.com\/blog\/fin-temporada-esqui-22-23\/\",\"name\":\"Una temporada de esqu\u00ed termina con \u00a1m\u00e1s de 1 mill\u00f3n de gracias! - Blog Oficial del Grupo ARAM\u00d3N\",\"isPartOf\":{\"@id\":\"https:\/\/www.aramon.com\/blog\/#website\"},\"primaryImageOfPage\":{\"@id\":\"https:\/\/www.aramon.com\/blog\/fin-temporada-esqui-22-23\/#primaryimage\"},\"image\":{\"@id\":\"https:\/\/www.aramon.com\/blog\/fin-temporada-esqui-22-23\/#primaryimage\"},\"thumbnailUrl\":\"https:\/\/www.aramon.com\/blog\/wp-content\/uploads\/2023\/04\/Aramon-Formigal-Panticosa-temporada-22-23-2-scaled.jpg\",\"datePublished\":\"2023-04-10T06:35:46+00:00\",\"dateModified\":\"2023-04-11T12:25:51+00:00\",\"author\":{\"@id\":\"https:\/\/www.aramon.com\/blog\/#\/schema\/person\/9429ffb451d657ab98f0ca1b364eeef3\"},\"description\":\"Las estaciones de esqu\u00ed del Grupo Aram\u00f3n finalizan la temporada 22-23 con un balance positivo en n\u00famero de esquiadores y experiencias.\",\"inLanguage\":\"es\",\"potentialAction\":[{\"@type\":\"ReadAction\",\"target\":[\"https:\/\/www.aramon.com\/blog\/fin-temporada-esqui-22-23\/\"]}]},{\"@type\":\"ImageObject\",\"inLanguage\":\"es\",\"@id\":\"https:\/\/www.aramon.com\/blog\/fin-temporada-esqui-22-23\/#primaryimage\",\"url\":\"https:\/\/www.aramon.com\/blog\/wp-content\/uploads\/2023\/04\/Aramon-Formigal-Panticosa-temporada-22-23-2-scaled.jpg\",\"contentUrl\":\"https:\/\/www.aramon.com\/blog\/wp-content\/uploads\/2023\/04\/Aramon-Formigal-Panticosa-temporada-22-23-2-scaled.jpg\",\"width\":2560,\"height\":1710,\"caption\":\"fin de temporada grupo aram\u00f3n\"},{\"@type\":\"WebSite\",\"@id\":\"https:\/\/www.aramon.com\/blog\/#website\",\"url\":\"https:\/\/www.aramon.com\/blog\/\",\"name\":\"Blog Oficial del Grupo ARAM\u00d3N\",\"description\":\"Blog Oficial del Grupo Aram\u00f3n sobre estaciones de esqu\u00ed, monta\u00f1ismo, deportes de aventura y m\u00e1s en Arag\u00f3n.\",\"potentialAction\":[{\"@type\":\"SearchAction\",\"target\":{\"@type\":\"EntryPoint\",\"urlTemplate\":\"https:\/\/www.aramon.com\/blog\/?s={search_term_string}\"},\"query-input\":\"required name=search_term_string\"}],\"inLanguage\":\"es\"},{\"@type\":\"Person\",\"@id\":\"https:\/\/www.aramon.com\/blog\/#\/schema\/person\/9429ffb451d657ab98f0ca1b364eeef3\",\"name\":\"aramon\",\"image\":{\"@type\":\"ImageObject\",\"inLanguage\":\"es\",\"@id\":\"https:\/\/www.aramon.com\/blog\/#\/schema\/person\/image\/\",\"url\":\"https:\/\/secure.gravatar.com\/avatar\/d5fd0ede392e1af0e414b87f7568b4d5?s=96&d=mm&r=g\",\"contentUrl\":\"https:\/\/secure.gravatar.com\/avatar\/d5fd0ede392e1af0e414b87f7568b4d5?s=96&d=mm&r=g\",\"caption\":\"aramon\"},\"url\":\"https:\/\/www.aramon.com\/blog\/author\/aramon\/\"}]}<\/script>\n<!-- \/ Yoast SEO plugin. -->","yoast_head_json":{"title":"Una temporada de esqu\u00ed termina con \u00a1m\u00e1s de 1 mill\u00f3n de gracias! - Blog Oficial del Grupo ARAM\u00d3N","description":"Las estaciones de esqu\u00ed del Grupo Aram\u00f3n finalizan la temporada 22-23 con un balance positivo en n\u00famero de esquiadores y experiencias.","robots":{"index":"index","follow":"follow","max-snippet":"max-snippet:-1","max-image-preview":"max-image-preview:large","max-video-preview":"max-video-preview:-1"},"canonical":"https:\/\/www.aramon.com\/blog\/fin-temporada-esqui-22-23\/","og_locale":"es_ES","og_type":"article","og_title":"Una temporada de esqu\u00ed termina con \u00a1m\u00e1s de 1 mill\u00f3n de gracias! - Blog Oficial del Grupo ARAM\u00d3N","og_description":"Las estaciones de esqu\u00ed del Grupo Aram\u00f3n finalizan la temporada 22-23 con un balance positivo en n\u00famero de esquiadores y experiencias.","og_url":"https:\/\/www.aramon.com\/blog\/fin-temporada-esqui-22-23\/","og_site_name":"Blog Oficial del Grupo ARAM\u00d3N","article_published_time":"2023-04-10T06:35:46+00:00","article_modified_time":"2023-04-11T12:25:51+00:00","og_image":[{"width":2560,"height":1710,"url":"https:\/\/www.aramon.com\/blog\/wp-content\/uploads\/2023\/04\/Aramon-Formigal-Panticosa-temporada-22-23-2-scaled.jpg","type":"image\/jpeg"}],"author":"aramon","twitter_card":"summary_large_image","twitter_misc":{"Escrito por":"aramon","Tiempo de lectura":"3 minutos"},"schema":{"@context":"https:\/\/schema.org","@graph":[{"@type":"WebPage","@id":"https:\/\/www.aramon.com\/blog\/fin-temporada-esqui-22-23\/","url":"https:\/\/www.aramon.com\/blog\/fin-temporada-esqui-22-23\/","name":"Una temporada de esqu\u00ed termina con \u00a1m\u00e1s de 1 mill\u00f3n de gracias! - Blog Oficial del Grupo ARAM\u00d3N","isPartOf":{"@id":"https:\/\/www.aramon.com\/blog\/#website"},"primaryImageOfPage":{"@id":"https:\/\/www.aramon.com\/blog\/fin-temporada-esqui-22-23\/#primaryimage"},"image":{"@id":"https:\/\/www.aramon.com\/blog\/fin-temporada-esqui-22-23\/#primaryimage"},"thumbnailUrl":"https:\/\/www.aramon.com\/blog\/wp-content\/uploads\/2023\/04\/Aramon-Formigal-Panticosa-temporada-22-23-2-scaled.jpg","datePublished":"2023-04-10T06:35:46+00:00","dateModified":"2023-04-11T12:25:51+00:00","author":{"@id":"https:\/\/www.aramon.com\/blog\/#\/schema\/person\/9429ffb451d657ab98f0ca1b364eeef3"},"description":"Las estaciones de esqu\u00ed del Grupo Aram\u00f3n finalizan la temporada 22-23 con un balance positivo en n\u00famero de esquiadores y experiencias.","inLanguage":"es","potentialAction":[{"@type":"ReadAction","target":["https:\/\/www.aramon.com\/blog\/fin-temporada-esqui-22-23\/"]}]},{"@type":"ImageObject","inLanguage":"es","@id":"https:\/\/www.aramon.com\/blog\/fin-temporada-esqui-22-23\/#primaryimage","url":"https:\/\/www.aramon.com\/blog\/wp-content\/uploads\/2023\/04\/Aramon-Formigal-Panticosa-temporada-22-23-2-scaled.jpg","contentUrl":"https:\/\/www.aramon.com\/blog\/wp-content\/uploads\/2023\/04\/Aramon-Formigal-Panticosa-temporada-22-23-2-scaled.jpg","width":2560,"height":1710,"caption":"fin de temporada grupo aram\u00f3n"},{"@type":"WebSite","@id":"https:\/\/www.aramon.com\/blog\/#website","url":"https:\/\/www.aramon.com\/blog\/","name":"Blog Oficial del Grupo ARAM\u00d3N","description":"Blog Oficial del Grupo Aram\u00f3n sobre estaciones de esqu\u00ed, monta\u00f1ismo, deportes de aventura y m\u00e1s en Arag\u00f3n.","potentialAction":[{"@type":"SearchAction","target":{"@type":"EntryPoint","urlTemplate":"https:\/\/www.aramon.com\/blog\/?s={search_term_string}"},"query-input":"required name=search_term_string"}],"inLanguage":"es"},{"@type":"Person","@id":"https:\/\/www.aramon.com\/blog\/#\/schema\/person\/9429ffb451d657ab98f0ca1b364eeef3","name":"aramon","image":{"@type":"ImageObject","inLanguage":"es","@id":"https:\/\/www.aramon.com\/blog\/#\/schema\/person\/image\/","url":"https:\/\/secure.gravatar.com\/avatar\/d5fd0ede392e1af0e414b87f7568b4d5?s=96&d=mm&r=g","contentUrl":"https:\/\/secure.gravatar.com\/avatar\/d5fd0ede392e1af0e414b87f7568b4d5?s=96&d=mm&r=g","caption":"aramon"},"url":"https:\/\/www.aramon.com\/blog\/author\/aramon\/"}]}},"_links":{"self":[{"href":"https:\/\/www.aramon.com\/blog\/wp-json\/wp\/v2\/posts\/17544"}],"collection":[{"href":"https:\/\/www.aramon.com\/blog\/wp-json\/wp\/v2\/posts"}],"about":[{"href":"https:\/\/www.aramon.com\/blog\/wp-json\/wp\/v2\/types\/post"}],"author":[{"embeddable":true,"href":"https:\/\/www.aramon.com\/blog\/wp-json\/wp\/v2\/users\/2"}],"replies":[{"embeddable":true,"href":"https:\/\/www.aramon.com\/blog\/wp-json\/wp\/v2\/comments?post=17544"}],"version-history":[{"count":3,"href":"https:\/\/www.aramon.com\/blog\/wp-json\/wp\/v2\/posts\/17544\/revisions"}],"predecessor-version":[{"id":17557,"href":"https:\/\/www.aramon.com\/blog\/wp-json\/wp\/v2\/posts\/17544\/revisions\/17557"}],"wp:featuredmedia":[{"embeddable":true,"href":"https:\/\/www.aramon.com\/blog\/wp-json\/wp\/v2\/media\/17545"}],"wp:attachment":[{"href":"https:\/\/www.aramon.com\/blog\/wp-json\/wp\/v2\/media?parent=17544"}],"wp:term":[{"taxonomy":"category","embeddable":true,"href":"https:\/\/www.aramon.com\/blog\/wp-json\/wp\/v2\/categories?post=17544"},{"taxonomy":"post_tag","embeddable":true,"href":"https:\/\/www.aramon.com\/blog\/wp-json\/wp\/v2\/tags?post=17544"}],"curies":[{"name":"wp","href":"https:\/\/api.w.org\/{rel}","templated":true}]}}