{"id":17600,"date":"2023-06-06T09:07:30","date_gmt":"2023-06-06T09:07:30","guid":{"rendered":"https:\/\/www.aramon.com\/blog\/?p=17600"},"modified":"2023-06-07T08:25:06","modified_gmt":"2023-06-07T08:25:06","slug":"actividades-junio-aramon","status":"publish","type":"post","link":"https:\/\/www.aramon.com\/blog\/actividades-junio-aramon\/","title":{"rendered":"Junio, una puerta del verano en las monta\u00f1as de Arag\u00f3n"},"content":{"rendered":"\n<div class=\"wp-block-group\"><div class=\"wp-block-group__inner-container is-layout-flow wp-block-group-is-layout-flow\">\n<p><\/p>\n\n\n\n<h2 class=\"wp-block-heading\">Agenda de actividades mes de junio en las Monta\u00f1as de Arag\u00f3n<\/h2>\n\n\n\n<p><a><span class=\"has-inline-color has-black-color\"><strong>9, 10 y 11 de junio<\/strong>. X Feria de Brujas, Mitos y leyendas del Valle de Tema. Sallent de G\u00e1llego<\/span><\/a><\/p>\n\n\n\n<p>Con mercado de brujer\u00eda, actividades infantiles, talleres, charlas y conferencias.<\/p>\n\n\n\n<p><strong>10 de junio<\/strong>. Gran Marat\u00f3n monta\u00f1as de Benasque con tres distancias, 42,2K, 28K y 19k y recorrido por pistas y senderos de cinco valles.<\/p>\n\n\n\n<p><strong>10 de junio<\/strong>. Carrera por Monta\u00f1a Perimetral de Aram\u00f3n Javalambre \u2013 Comarca G\u00fadar Javalambre. Decimotercera edici\u00f3n de un evento con cuatro pruebas: Perimetr\u00f3n, Perimetral, MiniPerimetral y PeriSprint.<\/p>\n\n\n\n<p><strong>16, 17 y 18 de junio<\/strong>. <a href=\"https:\/\/www.motor-aventura.com\/\">Motor Aventura,<\/a> la \u00fanica feria Off Road en todas sus modalidades. En Mas\u00eda Peralada (Off road Center) <\/p>\n\n\n\n<p><strong>17 de junio<\/strong>. Prueba cicloturista Quebrantahuesos y Treparriscos.<\/p>\n\n\n\n<p>1<strong>7 y 18 de junio<\/strong>. Campeonato de Arag\u00f3n de Enduro \u2018Puro Pirineo Enduro Race\u2019. Castej\u00f3n de Sos.<\/p>\n\n\n\n<p>1<strong>9 de junio.<\/strong> V Manzanera Trail Run<\/p>\n\n\n\n<p><strong>23, 24, 25 y 26 de junio<\/strong>. X Torneo del Valle escondido. El club Basket Alta Ribagorza organiza este gran evento de baloncesto de base que atrae a clubs de toda la geograf\u00eda. Un momento para disfrutar de las j\u00f3venes promesas del Baloncesto<\/p>\n\n\n\n<p><strong>24 de junio<\/strong>. Talleres y salidas ornitol\u00f3gicas. Excursi\u00f3n aves alpinas y grandes rapaces. Con salida desde el \u00e1rea Portalet. De 10.30 a 14.00 horas. Con inscripci\u00f3n previa en <a href=\"http:\/\/www.valledetena.com\">www.valledetena.com<\/a><\/p>\n\n\n\n<p><strong>29 de junio<\/strong>. Apertura de Mar Jur\u00e1sico, una nueva experiencia inmersiva en Din\u00f3polis.<\/p>\n\n\n\n<p><strong>30 de junio<\/strong>. Fiestas patronales de Benasque en honor a San Marcial\u00a0 con los tradicionales\u2019 Ball dels omes\u2019 y \u2018Ball de les donnes\u2019.<\/p>\n<\/div><\/div>\n\n\n\n<p><\/p>\n","protected":false},"excerpt":{"rendered":"<p>Mientras esperamos los meses de vacaciones, las monta\u00f1as de Arag\u00f3n tienen muchas actividades que ofrecer. <\/p>\n","protected":false},"author":2,"featured_media":17601,"comment_status":"closed","ping_status":"closed","sticky":false,"template":"","format":"standard","meta":{"_acf_changed":false,"footnotes":""},"categories":[302,304,305,306,1,303,307,308],"tags":[],"acf":[],"yoast_head":"<!-- This site is optimized with the Yoast SEO plugin v22.5 - https:\/\/yoast.com\/wordpress\/plugins\/seo\/ -->\n<title>Junio, una puerta del verano en las monta\u00f1as de Arag\u00f3n - Blog Oficial del Grupo ARAM\u00d3N<\/title>\n<meta name=\"description\" content=\"Actividades del mes de junio en el entorno del valle de Tena, Benasque y Teruel. Aram\u00f3n, Monta\u00f1as de Arag\u00f3n.\" \/>\n<meta name=\"robots\" content=\"index, follow, max-snippet:-1, max-image-preview:large, max-video-preview:-1\" \/>\n<link rel=\"canonical\" href=\"https:\/\/www.aramon.com\/blog\/actividades-junio-aramon\/\" \/>\n<meta property=\"og:locale\" content=\"es_ES\" \/>\n<meta property=\"og:type\" content=\"article\" \/>\n<meta property=\"og:title\" content=\"Junio, una puerta del verano en las monta\u00f1as de Arag\u00f3n - Blog Oficial del Grupo ARAM\u00d3N\" \/>\n<meta property=\"og:description\" content=\"Actividades del mes de junio en el entorno del valle de Tena, Benasque y Teruel. Aram\u00f3n, Monta\u00f1as de Arag\u00f3n.\" \/>\n<meta property=\"og:url\" content=\"https:\/\/www.aramon.com\/blog\/actividades-junio-aramon\/\" \/>\n<meta property=\"og:site_name\" content=\"Blog Oficial del Grupo ARAM\u00d3N\" \/>\n<meta property=\"article:published_time\" content=\"2023-06-06T09:07:30+00:00\" \/>\n<meta property=\"article:modified_time\" content=\"2023-06-07T08:25:06+00:00\" \/>\n<meta property=\"og:image\" content=\"https:\/\/www.aramon.com\/blog\/wp-content\/uploads\/2023\/06\/DSCF5634-scaled.jpg\" \/>\n\t<meta property=\"og:image:width\" content=\"2560\" \/>\n\t<meta property=\"og:image:height\" content=\"1707\" \/>\n\t<meta property=\"og:image:type\" content=\"image\/jpeg\" \/>\n<meta name=\"author\" content=\"aramon\" \/>\n<meta name=\"twitter:card\" content=\"summary_large_image\" \/>\n<meta name=\"twitter:label1\" content=\"Escrito por\" \/>\n\t<meta name=\"twitter:data1\" content=\"aramon\" \/>\n\t<meta name=\"twitter:label2\" content=\"Tiempo de lectura\" \/>\n\t<meta name=\"twitter:data2\" content=\"2 minutos\" \/>\n<script type=\"application\/ld+json\" class=\"yoast-schema-graph\">{\"@context\":\"https:\/\/schema.org\",\"@graph\":[{\"@type\":\"WebPage\",\"@id\":\"https:\/\/www.aramon.com\/blog\/actividades-junio-aramon\/\",\"url\":\"https:\/\/www.aramon.com\/blog\/actividades-junio-aramon\/\",\"name\":\"Junio, una puerta del verano en las monta\u00f1as de Arag\u00f3n - Blog Oficial del Grupo ARAM\u00d3N\",\"isPartOf\":{\"@id\":\"https:\/\/www.aramon.com\/blog\/#website\"},\"primaryImageOfPage\":{\"@id\":\"https:\/\/www.aramon.com\/blog\/actividades-junio-aramon\/#primaryimage\"},\"image\":{\"@id\":\"https:\/\/www.aramon.com\/blog\/actividades-junio-aramon\/#primaryimage\"},\"thumbnailUrl\":\"https:\/\/www.aramon.com\/blog\/wp-content\/uploads\/2023\/06\/DSCF5634-scaled.jpg\",\"datePublished\":\"2023-06-06T09:07:30+00:00\",\"dateModified\":\"2023-06-07T08:25:06+00:00\",\"author\":{\"@id\":\"https:\/\/www.aramon.com\/blog\/#\/schema\/person\/9429ffb451d657ab98f0ca1b364eeef3\"},\"description\":\"Actividades del mes de junio en el entorno del valle de Tena, Benasque y Teruel. Aram\u00f3n, Monta\u00f1as de Arag\u00f3n.\",\"inLanguage\":\"es\",\"potentialAction\":[{\"@type\":\"ReadAction\",\"target\":[\"https:\/\/www.aramon.com\/blog\/actividades-junio-aramon\/\"]}]},{\"@type\":\"ImageObject\",\"inLanguage\":\"es\",\"@id\":\"https:\/\/www.aramon.com\/blog\/actividades-junio-aramon\/#primaryimage\",\"url\":\"https:\/\/www.aramon.com\/blog\/wp-content\/uploads\/2023\/06\/DSCF5634-scaled.jpg\",\"contentUrl\":\"https:\/\/www.aramon.com\/blog\/wp-content\/uploads\/2023\/06\/DSCF5634-scaled.jpg\",\"width\":2560,\"height\":1707,\"caption\":\"bici en las monta\u00f1as de arag\u00f3n\"},{\"@type\":\"WebSite\",\"@id\":\"https:\/\/www.aramon.com\/blog\/#website\",\"url\":\"https:\/\/www.aramon.com\/blog\/\",\"name\":\"Blog Oficial del Grupo ARAM\u00d3N\",\"description\":\"Blog Oficial del Grupo Aram\u00f3n sobre estaciones de esqu\u00ed, monta\u00f1ismo, deportes de aventura y m\u00e1s en Arag\u00f3n.\",\"potentialAction\":[{\"@type\":\"SearchAction\",\"target\":{\"@type\":\"EntryPoint\",\"urlTemplate\":\"https:\/\/www.aramon.com\/blog\/?s={search_term_string}\"},\"query-input\":\"required name=search_term_string\"}],\"inLanguage\":\"es\"},{\"@type\":\"Person\",\"@id\":\"https:\/\/www.aramon.com\/blog\/#\/schema\/person\/9429ffb451d657ab98f0ca1b364eeef3\",\"name\":\"aramon\",\"image\":{\"@type\":\"ImageObject\",\"inLanguage\":\"es\",\"@id\":\"https:\/\/www.aramon.com\/blog\/#\/schema\/person\/image\/\",\"url\":\"https:\/\/secure.gravatar.com\/avatar\/d5fd0ede392e1af0e414b87f7568b4d5?s=96&d=mm&r=g\",\"contentUrl\":\"https:\/\/secure.gravatar.com\/avatar\/d5fd0ede392e1af0e414b87f7568b4d5?s=96&d=mm&r=g\",\"caption\":\"aramon\"},\"url\":\"https:\/\/www.aramon.com\/blog\/author\/aramon\/\"}]}<\/script>\n<!-- \/ Yoast SEO plugin. -->","yoast_head_json":{"title":"Junio, una puerta del verano en las monta\u00f1as de Arag\u00f3n - Blog Oficial del Grupo ARAM\u00d3N","description":"Actividades del mes de junio en el entorno del valle de Tena, Benasque y Teruel. Aram\u00f3n, Monta\u00f1as de Arag\u00f3n.","robots":{"index":"index","follow":"follow","max-snippet":"max-snippet:-1","max-image-preview":"max-image-preview:large","max-video-preview":"max-video-preview:-1"},"canonical":"https:\/\/www.aramon.com\/blog\/actividades-junio-aramon\/","og_locale":"es_ES","og_type":"article","og_title":"Junio, una puerta del verano en las monta\u00f1as de Arag\u00f3n - Blog Oficial del Grupo ARAM\u00d3N","og_description":"Actividades del mes de junio en el entorno del valle de Tena, Benasque y Teruel. Aram\u00f3n, Monta\u00f1as de Arag\u00f3n.","og_url":"https:\/\/www.aramon.com\/blog\/actividades-junio-aramon\/","og_site_name":"Blog Oficial del Grupo ARAM\u00d3N","article_published_time":"2023-06-06T09:07:30+00:00","article_modified_time":"2023-06-07T08:25:06+00:00","og_image":[{"width":2560,"height":1707,"url":"https:\/\/www.aramon.com\/blog\/wp-content\/uploads\/2023\/06\/DSCF5634-scaled.jpg","type":"image\/jpeg"}],"author":"aramon","twitter_card":"summary_large_image","twitter_misc":{"Escrito por":"aramon","Tiempo de lectura":"2 minutos"},"schema":{"@context":"https:\/\/schema.org","@graph":[{"@type":"WebPage","@id":"https:\/\/www.aramon.com\/blog\/actividades-junio-aramon\/","url":"https:\/\/www.aramon.com\/blog\/actividades-junio-aramon\/","name":"Junio, una puerta del verano en las monta\u00f1as de Arag\u00f3n - Blog Oficial del Grupo ARAM\u00d3N","isPartOf":{"@id":"https:\/\/www.aramon.com\/blog\/#website"},"primaryImageOfPage":{"@id":"https:\/\/www.aramon.com\/blog\/actividades-junio-aramon\/#primaryimage"},"image":{"@id":"https:\/\/www.aramon.com\/blog\/actividades-junio-aramon\/#primaryimage"},"thumbnailUrl":"https:\/\/www.aramon.com\/blog\/wp-content\/uploads\/2023\/06\/DSCF5634-scaled.jpg","datePublished":"2023-06-06T09:07:30+00:00","dateModified":"2023-06-07T08:25:06+00:00","author":{"@id":"https:\/\/www.aramon.com\/blog\/#\/schema\/person\/9429ffb451d657ab98f0ca1b364eeef3"},"description":"Actividades del mes de junio en el entorno del valle de Tena, Benasque y Teruel. Aram\u00f3n, Monta\u00f1as de Arag\u00f3n.","inLanguage":"es","potentialAction":[{"@type":"ReadAction","target":["https:\/\/www.aramon.com\/blog\/actividades-junio-aramon\/"]}]},{"@type":"ImageObject","inLanguage":"es","@id":"https:\/\/www.aramon.com\/blog\/actividades-junio-aramon\/#primaryimage","url":"https:\/\/www.aramon.com\/blog\/wp-content\/uploads\/2023\/06\/DSCF5634-scaled.jpg","contentUrl":"https:\/\/www.aramon.com\/blog\/wp-content\/uploads\/2023\/06\/DSCF5634-scaled.jpg","width":2560,"height":1707,"caption":"bici en las monta\u00f1as de arag\u00f3n"},{"@type":"WebSite","@id":"https:\/\/www.aramon.com\/blog\/#website","url":"https:\/\/www.aramon.com\/blog\/","name":"Blog Oficial del Grupo ARAM\u00d3N","description":"Blog Oficial del Grupo Aram\u00f3n sobre estaciones de esqu\u00ed, monta\u00f1ismo, deportes de aventura y m\u00e1s en Arag\u00f3n.","potentialAction":[{"@type":"SearchAction","target":{"@type":"EntryPoint","urlTemplate":"https:\/\/www.aramon.com\/blog\/?s={search_term_string}"},"query-input":"required name=search_term_string"}],"inLanguage":"es"},{"@type":"Person","@id":"https:\/\/www.aramon.com\/blog\/#\/schema\/person\/9429ffb451d657ab98f0ca1b364eeef3","name":"aramon","image":{"@type":"ImageObject","inLanguage":"es","@id":"https:\/\/www.aramon.com\/blog\/#\/schema\/person\/image\/","url":"https:\/\/secure.gravatar.com\/avatar\/d5fd0ede392e1af0e414b87f7568b4d5?s=96&d=mm&r=g","contentUrl":"https:\/\/secure.gravatar.com\/avatar\/d5fd0ede392e1af0e414b87f7568b4d5?s=96&d=mm&r=g","caption":"aramon"},"url":"https:\/\/www.aramon.com\/blog\/author\/aramon\/"}]}},"_links":{"self":[{"href":"https:\/\/www.aramon.com\/blog\/wp-json\/wp\/v2\/posts\/17600"}],"collection":[{"href":"https:\/\/www.aramon.com\/blog\/wp-json\/wp\/v2\/posts"}],"about":[{"href":"https:\/\/www.aramon.com\/blog\/wp-json\/wp\/v2\/types\/post"}],"author":[{"embeddable":true,"href":"https:\/\/www.aramon.com\/blog\/wp-json\/wp\/v2\/users\/2"}],"replies":[{"embeddable":true,"href":"https:\/\/www.aramon.com\/blog\/wp-json\/wp\/v2\/comments?post=17600"}],"version-history":[{"count":2,"href":"https:\/\/www.aramon.com\/blog\/wp-json\/wp\/v2\/posts\/17600\/revisions"}],"predecessor-version":[{"id":17608,"href":"https:\/\/www.aramon.com\/blog\/wp-json\/wp\/v2\/posts\/17600\/revisions\/17608"}],"wp:featuredmedia":[{"embeddable":true,"href":"https:\/\/www.aramon.com\/blog\/wp-json\/wp\/v2\/media\/17601"}],"wp:attachment":[{"href":"https:\/\/www.aramon.com\/blog\/wp-json\/wp\/v2\/media?parent=17600"}],"wp:term":[{"taxonomy":"category","embeddable":true,"href":"https:\/\/www.aramon.com\/blog\/wp-json\/wp\/v2\/categories?post=17600"},{"taxonomy":"post_tag","embeddable":true,"href":"https:\/\/www.aramon.com\/blog\/wp-json\/wp\/v2\/tags?post=17600"}],"curies":[{"name":"wp","href":"https:\/\/api.w.org\/{rel}","templated":true}]}}