{"id":17635,"date":"2023-06-26T10:28:40","date_gmt":"2023-06-26T10:28:40","guid":{"rendered":"https:\/\/www.aramon.com\/blog\/?p=17635"},"modified":"2023-06-26T10:36:58","modified_gmt":"2023-06-26T10:36:58","slug":"agenda-julio-2023","status":"publish","type":"post","link":"https:\/\/www.aramon.com\/blog\/agenda-julio-2023\/","title":{"rendered":"Actividades en las monta\u00f1as de Arag\u00f3n. Julio 2023"},"content":{"rendered":"\n<p>Si hay algo que nos gusta del verano en las monta\u00f1as de Arag\u00f3n es la cantidad de actividades en las que podemos participar. En nuestro territorio se juntan el paisaje y el patrimonio, la gastronom\u00eda y el monta\u00f1ismo, la cultura y el deporte y miles de visitantes dispuestos a disfrutar del magn\u00edfico entorno.<\/p>\n\n\n\n<p>Con esta agenda queremos resaltar algunas de las actividades que se han programado en los valles de Benasque y de Tena y en la comarca de Gr\u00fadar-javalambre, en Teruel.<\/p>\n\n\n\n<p><\/p>\n\n\n\n<h2 class=\"wp-block-heading\">AGENDA JULIO 2023<\/h2>\n\n\n\n<p><strong>30 de julio y 1 y 2 de julio. Mercado Medieval de Panticosa<\/strong><\/p>\n\n\n\n<p>El pueblo de Panticosa regresa al medievo por unos d\u00edas con su Mercado Medieval, un evento en el que no faltar\u00e1 la artesan\u00eda, las exhibiciones de oficios tradicionales, el teatro o los pasacalles.<\/p>\n\n\n\n<p><strong>Del 6 al 18 de julio. Muestra de Cine Invisible de Benasque<\/strong><\/p>\n\n\n\n<p>El Palacio de los Condes de Ribagorza de Benasque acoger\u00e1 este festival que celebra este a\u00f1o su novena edici\u00f3n.<\/p>\n\n\n\n<p><strong>Del 7 al 29 de julio. Festival Internacional Pirineos Sur, auditorio natural de Lanuza.<\/strong><\/p>\n\n\n\n<p>El F<a href=\"https:\/\/pirineos-sur.es\/\" target=\"_blank\" rel=\"noreferrer noopener\">estival Internacional de las Culturas Pirineos Sur <\/a>celebra este a\u00f1o su edici\u00f3n n\u00famero treinta con un cartel que nos acerca a los referentes internacionales Rub\u00e9n Blades, Bomba Est\u00e9reo, Salif Keita o Kraftwerk, y a los tambi\u00e9n consagrados Rozal\u00e9n, Love of Lesbian o Chikos del Maiz.<\/p>\n\n\n\n<p><strong>Del 11 al 30 de julio. El Mundo en Sallent Festival.<\/strong><\/p>\n\n\n\n<p>Vuelve el mercado de artesan\u00eda y gastron\u00f3mico a Sallent de G\u00e1llego con una propuesta que nos invita a viajar alrededor del mundo a trav\u00e9s de los objetos m\u00e1s cuidados y los platos m\u00e1s deliciosos. Y como ya es tradicional, este festival nos permite disfrutar de las actuaciones de circo, teatro y m\u00fasica, cada d\u00eda.<\/p>\n\n\n\n<p><strong>Del 16 al 21 de julio. XI Festival Internacional de Panticosa \u201cTocando el cielo\u201d, en el Balneario de Panticosa.<\/strong><\/p>\n\n\n\n<p>Dedicada a las estrellas del mundo de la l\u00edrica, mujeres que han sido y son referentes, la edici\u00f3n de 2023 del festival contar\u00e1 con una jornada dedicada a Teresa Berganza, en el 90 aniversario de su nacimiento, as\u00ed como a Victoria de los \u00c1ngeles. A estos se sumar\u00e1n otros nombres como Elvira Hidalgo, Teresa Prieto o Laura Vega.<\/p>\n\n\n\n<p><strong>Del 20 al 23 de julio. Gran Trail Aneto Posets<\/strong><\/p>\n\n\n\n<p>Con diez a\u00f1os de vida esta gran prueba recorre algunos de los puntos m\u00e1s emblem\u00e1ticos del Pirineo con seis carreras diferentes para todo tipo de amantes de la monta\u00f1a. El <a href=\"https:\/\/trail-aneto.com\/\" target=\"_blank\" rel=\"noreferrer noopener\">Trail Aneto Posets <\/a> es un gran evento en el que \u00abtocar el cielo\u00bb.<\/p>\n\n\n\n<p><strong>20 de julio. XXIII Milla urbana de Sabi\u00f1\u00e1nigo<\/strong><\/p>\n\n\n\n<p>Esta carrera, organizada por el Ayuntamiento de Sabi\u00f1\u00e1nigo y los Grupos de Monta\u00f1a Sabi\u00f1\u00e1nigo, es ya un evento deportivo tradicional y forma parte del XVI Circuito de Carreras Populares Pirineos Alto G\u00e1llego. La prueba, que se celebrar\u00e1 a partir de las 19,45 horas del 20 de julio, tiene las inscripciones abiertas hasta media hora antes del inicio de la prueba para cada categor\u00eda.<\/p>\n\n\n\n<p><strong>22 de julio. Rubielos de Mora Trail Run<\/strong><\/p>\n\n\n\n<p>Una nueva prueba con dos modalidades, una larga de 20,9 kil\u00f3metros de recorrido con 1720 metros de desnivel, y una corta de 11,3 kil\u00f3metros y 894 metros de desnivel. Las inscripciones se cierran el pr\u00f3ximo 13 de julio a las 12 horas.<\/p>\n\n\n\n<p><strong>Del 27 de julio al 6 de agosto. BallArte Festival, en el valle de Benasque.<\/strong><\/p>\n\n\n\n<p>Este festival, cuyas actividades giran en torno a la m\u00fasica, se celebra con actividades, talleres y conciertos gratuitos con los que se pretende vivir una experiencia comunitaria en torno a la m\u00fasica.<\/p>\n\n\n\n<h2 class=\"wp-block-heading\">Y A LO LARGO DE TODO EL VERANO\u2026<\/h2>\n\n\n\n<p>El <strong>Grupo Aram\u00f3n<\/strong> pone en marcha su <a href=\"https:\/\/www.formigal-panticosa.com\/telecabina-formigal-panticosa-verano.html\" target=\"_blank\" rel=\"noreferrer noopener\">telecabina en Panticosa <\/a>y <a href=\"https:\/\/www.cerler.com\/telesilla-cerler-verano.html\" target=\"_blank\" rel=\"noreferrer noopener\">telesilla El Molino en Cerler<\/a>, los d\u00edas 1 y 8 de julio respectivamente, para acercarte a las monta\u00f1as m\u00e1s altas del Pirineo. Estos ascensos se pueden prolongar con las actividades Convi\u00e9rtete en Monta\u00f1ero y Peque\u00f1os Gigantes.<\/p>\n\n\n\n<p>La<strong> Comarca Alto G\u00e1llego<\/strong> ofrece diferentes visitas guiadas todos los d\u00edas de la semana. Adem\u00e1s de las iglesias del Serrablo, podr\u00e1s \u201cpasear entre quejigos\u201d o descubrir a las abejas, entre otras actividades. &nbsp;<\/p>\n","protected":false},"excerpt":{"rendered":"<p>El mes de julio llega a las Monta\u00f1as de Arag\u00f3n con un calendario lleno de actividades culturales y deportivas.<\/p>\n","protected":false},"author":2,"featured_media":17636,"comment_status":"closed","ping_status":"closed","sticky":false,"template":"","format":"standard","meta":{"_acf_changed":false,"footnotes":""},"categories":[302,304,305,306,1,303,307,308],"tags":[25,2541,2540,2539],"acf":[],"yoast_head":"<!-- This site is optimized with the Yoast SEO plugin v22.5 - https:\/\/yoast.com\/wordpress\/plugins\/seo\/ -->\n<title>Actividades en las monta\u00f1as de Arag\u00f3n. Julio 2023 - Blog Oficial del Grupo ARAM\u00d3N<\/title>\n<meta name=\"description\" content=\"El verano 2023 est\u00e1 lleno de actividades en los valles de Benasque y de Tena y en las comarcas de Teruel. Consulta la agenda.\" \/>\n<meta name=\"robots\" content=\"index, follow, max-snippet:-1, max-image-preview:large, max-video-preview:-1\" \/>\n<link rel=\"canonical\" href=\"https:\/\/www.aramon.com\/blog\/agenda-julio-2023\/\" \/>\n<meta property=\"og:locale\" content=\"es_ES\" \/>\n<meta property=\"og:type\" content=\"article\" \/>\n<meta property=\"og:title\" content=\"Actividades en las monta\u00f1as de Arag\u00f3n. Julio 2023 - Blog Oficial del Grupo ARAM\u00d3N\" \/>\n<meta property=\"og:description\" content=\"El verano 2023 est\u00e1 lleno de actividades en los valles de Benasque y de Tena y en las comarcas de Teruel. Consulta la agenda.\" \/>\n<meta property=\"og:url\" content=\"https:\/\/www.aramon.com\/blog\/agenda-julio-2023\/\" \/>\n<meta property=\"og:site_name\" content=\"Blog Oficial del Grupo ARAM\u00d3N\" \/>\n<meta property=\"article:published_time\" content=\"2023-06-26T10:28:40+00:00\" \/>\n<meta property=\"article:modified_time\" content=\"2023-06-26T10:36:58+00:00\" \/>\n<meta property=\"og:image\" content=\"https:\/\/www.aramon.com\/blog\/wp-content\/uploads\/2023\/06\/139_PIRINEOS_SUR_Franco_Battiato_FotoJavierBroto.jpg\" \/>\n\t<meta property=\"og:image:width\" content=\"2363\" \/>\n\t<meta property=\"og:image:height\" content=\"1575\" \/>\n\t<meta property=\"og:image:type\" content=\"image\/jpeg\" \/>\n<meta name=\"author\" content=\"aramon\" \/>\n<meta name=\"twitter:card\" content=\"summary_large_image\" \/>\n<meta name=\"twitter:label1\" content=\"Escrito por\" \/>\n\t<meta name=\"twitter:data1\" content=\"aramon\" \/>\n\t<meta name=\"twitter:label2\" content=\"Tiempo de lectura\" \/>\n\t<meta name=\"twitter:data2\" content=\"4 minutos\" \/>\n<script type=\"application\/ld+json\" class=\"yoast-schema-graph\">{\"@context\":\"https:\/\/schema.org\",\"@graph\":[{\"@type\":\"WebPage\",\"@id\":\"https:\/\/www.aramon.com\/blog\/agenda-julio-2023\/\",\"url\":\"https:\/\/www.aramon.com\/blog\/agenda-julio-2023\/\",\"name\":\"Actividades en las monta\u00f1as de Arag\u00f3n. Julio 2023 - Blog Oficial del Grupo ARAM\u00d3N\",\"isPartOf\":{\"@id\":\"https:\/\/www.aramon.com\/blog\/#website\"},\"primaryImageOfPage\":{\"@id\":\"https:\/\/www.aramon.com\/blog\/agenda-julio-2023\/#primaryimage\"},\"image\":{\"@id\":\"https:\/\/www.aramon.com\/blog\/agenda-julio-2023\/#primaryimage\"},\"thumbnailUrl\":\"https:\/\/www.aramon.com\/blog\/wp-content\/uploads\/2023\/06\/139_PIRINEOS_SUR_Franco_Battiato_FotoJavierBroto.jpg\",\"datePublished\":\"2023-06-26T10:28:40+00:00\",\"dateModified\":\"2023-06-26T10:36:58+00:00\",\"author\":{\"@id\":\"https:\/\/www.aramon.com\/blog\/#\/schema\/person\/9429ffb451d657ab98f0ca1b364eeef3\"},\"description\":\"El verano 2023 est\u00e1 lleno de actividades en los valles de Benasque y de Tena y en las comarcas de Teruel. Consulta la agenda.\",\"inLanguage\":\"es\",\"potentialAction\":[{\"@type\":\"ReadAction\",\"target\":[\"https:\/\/www.aramon.com\/blog\/agenda-julio-2023\/\"]}]},{\"@type\":\"ImageObject\",\"inLanguage\":\"es\",\"@id\":\"https:\/\/www.aramon.com\/blog\/agenda-julio-2023\/#primaryimage\",\"url\":\"https:\/\/www.aramon.com\/blog\/wp-content\/uploads\/2023\/06\/139_PIRINEOS_SUR_Franco_Battiato_FotoJavierBroto.jpg\",\"contentUrl\":\"https:\/\/www.aramon.com\/blog\/wp-content\/uploads\/2023\/06\/139_PIRINEOS_SUR_Franco_Battiato_FotoJavierBroto.jpg\",\"width\":2363,\"height\":1575,\"caption\":\"Festival Pirineos Sur\"},{\"@type\":\"WebSite\",\"@id\":\"https:\/\/www.aramon.com\/blog\/#website\",\"url\":\"https:\/\/www.aramon.com\/blog\/\",\"name\":\"Blog Oficial del Grupo ARAM\u00d3N\",\"description\":\"Blog Oficial del Grupo Aram\u00f3n sobre estaciones de esqu\u00ed, monta\u00f1ismo, deportes de aventura y m\u00e1s en Arag\u00f3n.\",\"potentialAction\":[{\"@type\":\"SearchAction\",\"target\":{\"@type\":\"EntryPoint\",\"urlTemplate\":\"https:\/\/www.aramon.com\/blog\/?s={search_term_string}\"},\"query-input\":\"required name=search_term_string\"}],\"inLanguage\":\"es\"},{\"@type\":\"Person\",\"@id\":\"https:\/\/www.aramon.com\/blog\/#\/schema\/person\/9429ffb451d657ab98f0ca1b364eeef3\",\"name\":\"aramon\",\"image\":{\"@type\":\"ImageObject\",\"inLanguage\":\"es\",\"@id\":\"https:\/\/www.aramon.com\/blog\/#\/schema\/person\/image\/\",\"url\":\"https:\/\/secure.gravatar.com\/avatar\/d5fd0ede392e1af0e414b87f7568b4d5?s=96&d=mm&r=g\",\"contentUrl\":\"https:\/\/secure.gravatar.com\/avatar\/d5fd0ede392e1af0e414b87f7568b4d5?s=96&d=mm&r=g\",\"caption\":\"aramon\"},\"url\":\"https:\/\/www.aramon.com\/blog\/author\/aramon\/\"}]}<\/script>\n<!-- \/ Yoast SEO plugin. -->","yoast_head_json":{"title":"Actividades en las monta\u00f1as de Arag\u00f3n. Julio 2023 - Blog Oficial del Grupo ARAM\u00d3N","description":"El verano 2023 est\u00e1 lleno de actividades en los valles de Benasque y de Tena y en las comarcas de Teruel. Consulta la agenda.","robots":{"index":"index","follow":"follow","max-snippet":"max-snippet:-1","max-image-preview":"max-image-preview:large","max-video-preview":"max-video-preview:-1"},"canonical":"https:\/\/www.aramon.com\/blog\/agenda-julio-2023\/","og_locale":"es_ES","og_type":"article","og_title":"Actividades en las monta\u00f1as de Arag\u00f3n. Julio 2023 - Blog Oficial del Grupo ARAM\u00d3N","og_description":"El verano 2023 est\u00e1 lleno de actividades en los valles de Benasque y de Tena y en las comarcas de Teruel. Consulta la agenda.","og_url":"https:\/\/www.aramon.com\/blog\/agenda-julio-2023\/","og_site_name":"Blog Oficial del Grupo ARAM\u00d3N","article_published_time":"2023-06-26T10:28:40+00:00","article_modified_time":"2023-06-26T10:36:58+00:00","og_image":[{"width":2363,"height":1575,"url":"https:\/\/www.aramon.com\/blog\/wp-content\/uploads\/2023\/06\/139_PIRINEOS_SUR_Franco_Battiato_FotoJavierBroto.jpg","type":"image\/jpeg"}],"author":"aramon","twitter_card":"summary_large_image","twitter_misc":{"Escrito por":"aramon","Tiempo de lectura":"4 minutos"},"schema":{"@context":"https:\/\/schema.org","@graph":[{"@type":"WebPage","@id":"https:\/\/www.aramon.com\/blog\/agenda-julio-2023\/","url":"https:\/\/www.aramon.com\/blog\/agenda-julio-2023\/","name":"Actividades en las monta\u00f1as de Arag\u00f3n. Julio 2023 - Blog Oficial del Grupo ARAM\u00d3N","isPartOf":{"@id":"https:\/\/www.aramon.com\/blog\/#website"},"primaryImageOfPage":{"@id":"https:\/\/www.aramon.com\/blog\/agenda-julio-2023\/#primaryimage"},"image":{"@id":"https:\/\/www.aramon.com\/blog\/agenda-julio-2023\/#primaryimage"},"thumbnailUrl":"https:\/\/www.aramon.com\/blog\/wp-content\/uploads\/2023\/06\/139_PIRINEOS_SUR_Franco_Battiato_FotoJavierBroto.jpg","datePublished":"2023-06-26T10:28:40+00:00","dateModified":"2023-06-26T10:36:58+00:00","author":{"@id":"https:\/\/www.aramon.com\/blog\/#\/schema\/person\/9429ffb451d657ab98f0ca1b364eeef3"},"description":"El verano 2023 est\u00e1 lleno de actividades en los valles de Benasque y de Tena y en las comarcas de Teruel. Consulta la agenda.","inLanguage":"es","potentialAction":[{"@type":"ReadAction","target":["https:\/\/www.aramon.com\/blog\/agenda-julio-2023\/"]}]},{"@type":"ImageObject","inLanguage":"es","@id":"https:\/\/www.aramon.com\/blog\/agenda-julio-2023\/#primaryimage","url":"https:\/\/www.aramon.com\/blog\/wp-content\/uploads\/2023\/06\/139_PIRINEOS_SUR_Franco_Battiato_FotoJavierBroto.jpg","contentUrl":"https:\/\/www.aramon.com\/blog\/wp-content\/uploads\/2023\/06\/139_PIRINEOS_SUR_Franco_Battiato_FotoJavierBroto.jpg","width":2363,"height":1575,"caption":"Festival Pirineos Sur"},{"@type":"WebSite","@id":"https:\/\/www.aramon.com\/blog\/#website","url":"https:\/\/www.aramon.com\/blog\/","name":"Blog Oficial del Grupo ARAM\u00d3N","description":"Blog Oficial del Grupo Aram\u00f3n sobre estaciones de esqu\u00ed, monta\u00f1ismo, deportes de aventura y m\u00e1s en Arag\u00f3n.","potentialAction":[{"@type":"SearchAction","target":{"@type":"EntryPoint","urlTemplate":"https:\/\/www.aramon.com\/blog\/?s={search_term_string}"},"query-input":"required name=search_term_string"}],"inLanguage":"es"},{"@type":"Person","@id":"https:\/\/www.aramon.com\/blog\/#\/schema\/person\/9429ffb451d657ab98f0ca1b364eeef3","name":"aramon","image":{"@type":"ImageObject","inLanguage":"es","@id":"https:\/\/www.aramon.com\/blog\/#\/schema\/person\/image\/","url":"https:\/\/secure.gravatar.com\/avatar\/d5fd0ede392e1af0e414b87f7568b4d5?s=96&d=mm&r=g","contentUrl":"https:\/\/secure.gravatar.com\/avatar\/d5fd0ede392e1af0e414b87f7568b4d5?s=96&d=mm&r=g","caption":"aramon"},"url":"https:\/\/www.aramon.com\/blog\/author\/aramon\/"}]}},"_links":{"self":[{"href":"https:\/\/www.aramon.com\/blog\/wp-json\/wp\/v2\/posts\/17635"}],"collection":[{"href":"https:\/\/www.aramon.com\/blog\/wp-json\/wp\/v2\/posts"}],"about":[{"href":"https:\/\/www.aramon.com\/blog\/wp-json\/wp\/v2\/types\/post"}],"author":[{"embeddable":true,"href":"https:\/\/www.aramon.com\/blog\/wp-json\/wp\/v2\/users\/2"}],"replies":[{"embeddable":true,"href":"https:\/\/www.aramon.com\/blog\/wp-json\/wp\/v2\/comments?post=17635"}],"version-history":[{"count":4,"href":"https:\/\/www.aramon.com\/blog\/wp-json\/wp\/v2\/posts\/17635\/revisions"}],"predecessor-version":[{"id":17852,"href":"https:\/\/www.aramon.com\/blog\/wp-json\/wp\/v2\/posts\/17635\/revisions\/17852"}],"wp:featuredmedia":[{"embeddable":true,"href":"https:\/\/www.aramon.com\/blog\/wp-json\/wp\/v2\/media\/17636"}],"wp:attachment":[{"href":"https:\/\/www.aramon.com\/blog\/wp-json\/wp\/v2\/media?parent=17635"}],"wp:term":[{"taxonomy":"category","embeddable":true,"href":"https:\/\/www.aramon.com\/blog\/wp-json\/wp\/v2\/categories?post=17635"},{"taxonomy":"post_tag","embeddable":true,"href":"https:\/\/www.aramon.com\/blog\/wp-json\/wp\/v2\/tags?post=17635"}],"curies":[{"name":"wp","href":"https:\/\/api.w.org\/{rel}","templated":true}]}}