{"id":17972,"date":"2023-08-14T10:17:46","date_gmt":"2023-08-14T10:17:46","guid":{"rendered":"https:\/\/www.aramon.com\/blog\/?p=17972"},"modified":"2023-08-21T06:57:13","modified_gmt":"2023-08-21T06:57:13","slug":"vacaciones-en-familia-en-gudar-y-javalambre","status":"publish","type":"post","link":"https:\/\/www.aramon.com\/blog\/vacaciones-en-familia-en-gudar-y-javalambre\/","title":{"rendered":"Vacaciones en familia en G\u00fadar y Javalambre"},"content":{"rendered":"\n<p>Llega el verano y con \u00e9l las ganas de disfrutar de las vacaciones en familia en G\u00fadar y Javalambre. Compartir tiempo juntos, compartir experiencias nuevas y disfrutar. La provincia de Teruel y las sierras de G\u00fadar y Javalambre ofrecen multitud de actividades con las que disfrutar de un entorno \u00fanico e inigualable.<\/p>\n\n\n\n<p><em><strong>Gal\u00e1ctica<\/strong><\/em><\/p>\n\n\n\n<p>El cielo de G\u00fadar \u2013 Javalambre est\u00e1 considerado como uno de los mejores cielos de Europa. Esta comarca turolense es Reserva y Destino Tur\u00edstico Starlight por la calidad de su cielo y su compromiso con los valores culturales, naturales, cient\u00edficos y paisaj\u00edsticos.<\/p>\n\n\n\n<p>Al caer la noche, su cielo, uno de los m\u00e1s oscuros del hemisferio norte, se ilumina con miles de estrellas de la V\u00eda L\u00e1ctica.<\/p>\n\n\n\n<p>Gal\u00e1ctica, Centro de Difusi\u00f3n y Pr\u00e1ctica de la Astronom\u00eda, est\u00e1 ubicado junto al Observatorio Astrof\u00edsico de Javalambre, en Arcos de las Salinas, es el primer parque que combina divulgaci\u00f3n sobre Astronom\u00eda y observaci\u00f3n del cielo nocturno para todos los p\u00fablicos. Una experiencia diferente en la que, adem\u00e1s de visitar un museo \u00fanico, tambi\u00e9n podr\u00e1s disfrutar de actividades de observaci\u00f3n con telescopios.<\/p>\n\n\n\n<p>\u00a1Una experiencia \u00fanica!<\/p>\n\n\n\n<p><em><strong>Recorre Teruel en Quad<\/strong><\/em><\/p>\n\n\n\n<p>En Teruel, puedes disfrutar de un entorno maravilloso de muchas formas, y entre otras, tambi\u00e9n puedes hacerlo conduciendo un Quad. Rutas guiadas por profesionales para que este verano tengas la oportunidad de ponerte al volante de uno de estos veh\u00edculos mientras recorres lugares \u00fanicos y contemplas las mejores vistas de la sierra de G\u00fadar.<\/p>\n\n\n\n<p>\u00a1S\u00fabete, arranca y suelta pura adrenalina!<\/p>\n\n\n\n<p><em><strong>Din\u00f3polis<\/strong><\/em><\/p>\n\n\n\n<p>Si existe un lugar en el que cabr\u00eda pensar en un concepto como Din\u00f3polis, \u00e9se es sin lugar a dudas la provincia de Teruel. Y es que, descubrimientos tan importantes como&nbsp;<em>Aragosaurus<\/em>, el primer dinosaurio espa\u00f1ol, encontrado en Galve o el extraordinario hallazgo en Riodeva de&nbsp;<em>Turiasaurus riodevensis<\/em>, el dinosaurio m\u00e1s grande de Europa y uno de los mayores del planeta han conseguido que la provincia de Teruel se haya ganado a pulso un lugar privilegiado en el mapa mundial de la Paleontolog\u00eda.<\/p>\n\n\n\n<p>Din\u00f3polis es un parque tem\u00e1tico que combina ciencia y diversi\u00f3n para que vivas de cerca el fascinante mundo de los dinosaurios. Un recorrido de 4.500 millones de a\u00f1os en el que escuchar\u00e1s los primeros latidos del coraz\u00f3n de la Tierra, descubrir\u00e1s c\u00f3mo surgi\u00f3 la vida y con ella las criaturas m\u00e1s extraordinarias que jam\u00e1s han existido, \u00a1los dinosaurios! Una etapa \u00fanica en la Historia de la Tierra que te atrapar\u00e1 por su belleza y misterio.<\/p>\n\n\n\n<p>Convi\u00e9rtete en un experto paleont\u00f3logo, pasea entre dinosaurios y siente la Historia de la Vida en Din\u00f3polis.<\/p>\n\n\n\n<p>Y si eres amante de la monta\u00f1a y est\u00e1s buscando una aventura m\u00e1s extrema, aqu\u00ed te dejamos dos propuestas:<\/p>\n\n\n\n<p><em><strong>E-bike<\/strong>: conoce la naturaleza sobre dos ruedas<\/em><\/p>\n\n\n\n<p>La pr\u00e1ctica de ciclismo en todas sus modalidades: <strong>carretera, gravel, mountain bike<\/strong>, etc., encuentra, en la provincia de Teruel, su espacio con buen asfalto, altitudes de m\u00e1s de 1.000 metros y miles de kil\u00f3metros de pistas forestales.&nbsp;<\/p>\n\n\n\n<p>Desde Viajea Aram\u00f3n, te damos la oportunidad de recorrer las sierras de Albarrac\u00edn, Maestrazgo, Gudar y Javalambre sobre una <a href=\"https:\/\/www.javalambre-valdelinares.com\/ciclismo-javalambre-valdelinares.html\">E-Bike<\/a>.<\/p>\n\n\n\n<p>Un E-Bike, es una bicicleta el\u00e9ctrica con asistencia al pedaleo. Este refuerzo lo podr\u00e1s usar solo en cuestas y desconectarlo en los dem\u00e1s recorridos.&nbsp;<\/p>\n\n\n\n<p>\u00a1Pedalea, recorre y contempla un entorno m\u00e1gico!<br><br>Disfruta de unas vacaciones en familia en G\u00fadar y<strong><a href=\"https:\/\/www.javalambre-valdelinares.com\/\" target=\"_blank\" rel=\"noreferrer noopener\"> Javalambre<\/a>.<\/strong> <\/p>\n","protected":false},"excerpt":{"rendered":"<p>Descubre unas vacaciones familiares inolvidables en G\u00fadar y Javalambre, las sierras que te sorprender\u00e1n con aventuras para todos.<\/p>\n","protected":false},"author":2,"featured_media":18164,"comment_status":"closed","ping_status":"closed","sticky":false,"template":"","format":"standard","meta":{"_acf_changed":false,"footnotes":""},"categories":[1,308],"tags":[],"acf":[],"yoast_head":"<!-- This site is optimized with the Yoast SEO plugin v22.5 - https:\/\/yoast.com\/wordpress\/plugins\/seo\/ -->\n<title>Vacaciones en familia en G\u00fadar y Javalambre - Blog Oficial del Grupo ARAM\u00d3N<\/title>\n<meta name=\"description\" content=\"Vacaciones en Familia en G\u00fadar y Javalambre. La provincia de Teruel y las sierras de G\u00fadar y Javalambre ofrecen multitud de actividades.\" \/>\n<meta name=\"robots\" content=\"index, follow, max-snippet:-1, max-image-preview:large, max-video-preview:-1\" \/>\n<link rel=\"canonical\" href=\"https:\/\/www.aramon.com\/blog\/vacaciones-en-familia-en-gudar-y-javalambre\/\" \/>\n<meta property=\"og:locale\" content=\"es_ES\" \/>\n<meta property=\"og:type\" content=\"article\" \/>\n<meta property=\"og:title\" content=\"Vacaciones en familia en G\u00fadar y Javalambre - Blog Oficial del Grupo ARAM\u00d3N\" \/>\n<meta property=\"og:description\" content=\"Vacaciones en Familia en G\u00fadar y Javalambre. La provincia de Teruel y las sierras de G\u00fadar y Javalambre ofrecen multitud de actividades.\" \/>\n<meta property=\"og:url\" content=\"https:\/\/www.aramon.com\/blog\/vacaciones-en-familia-en-gudar-y-javalambre\/\" \/>\n<meta property=\"og:site_name\" content=\"Blog Oficial del Grupo ARAM\u00d3N\" \/>\n<meta property=\"article:published_time\" content=\"2023-08-14T10:17:46+00:00\" \/>\n<meta property=\"article:modified_time\" content=\"2023-08-21T06:57:13+00:00\" \/>\n<meta property=\"og:image\" content=\"https:\/\/www.aramon.com\/blog\/wp-content\/uploads\/2023\/08\/WhatsApp-Image-2023-08-14-at-09.02.00.jpeg\" \/>\n\t<meta property=\"og:image:width\" content=\"1170\" \/>\n\t<meta property=\"og:image:height\" content=\"777\" \/>\n\t<meta property=\"og:image:type\" content=\"image\/jpeg\" \/>\n<meta name=\"author\" content=\"aramon\" \/>\n<meta name=\"twitter:card\" content=\"summary_large_image\" \/>\n<meta name=\"twitter:label1\" content=\"Escrito por\" \/>\n\t<meta name=\"twitter:data1\" content=\"aramon\" \/>\n\t<meta name=\"twitter:label2\" content=\"Tiempo de lectura\" \/>\n\t<meta name=\"twitter:data2\" content=\"3 minutos\" \/>\n<script type=\"application\/ld+json\" class=\"yoast-schema-graph\">{\"@context\":\"https:\/\/schema.org\",\"@graph\":[{\"@type\":\"WebPage\",\"@id\":\"https:\/\/www.aramon.com\/blog\/vacaciones-en-familia-en-gudar-y-javalambre\/\",\"url\":\"https:\/\/www.aramon.com\/blog\/vacaciones-en-familia-en-gudar-y-javalambre\/\",\"name\":\"Vacaciones en familia en G\u00fadar y Javalambre - Blog Oficial del Grupo ARAM\u00d3N\",\"isPartOf\":{\"@id\":\"https:\/\/www.aramon.com\/blog\/#website\"},\"primaryImageOfPage\":{\"@id\":\"https:\/\/www.aramon.com\/blog\/vacaciones-en-familia-en-gudar-y-javalambre\/#primaryimage\"},\"image\":{\"@id\":\"https:\/\/www.aramon.com\/blog\/vacaciones-en-familia-en-gudar-y-javalambre\/#primaryimage\"},\"thumbnailUrl\":\"https:\/\/www.aramon.com\/blog\/wp-content\/uploads\/2023\/08\/WhatsApp-Image-2023-08-14-at-09.02.00.jpeg\",\"datePublished\":\"2023-08-14T10:17:46+00:00\",\"dateModified\":\"2023-08-21T06:57:13+00:00\",\"author\":{\"@id\":\"https:\/\/www.aramon.com\/blog\/#\/schema\/person\/9429ffb451d657ab98f0ca1b364eeef3\"},\"description\":\"Vacaciones en Familia en G\u00fadar y Javalambre. La provincia de Teruel y las sierras de G\u00fadar y Javalambre ofrecen multitud de actividades.\",\"inLanguage\":\"es\",\"potentialAction\":[{\"@type\":\"ReadAction\",\"target\":[\"https:\/\/www.aramon.com\/blog\/vacaciones-en-familia-en-gudar-y-javalambre\/\"]}]},{\"@type\":\"ImageObject\",\"inLanguage\":\"es\",\"@id\":\"https:\/\/www.aramon.com\/blog\/vacaciones-en-familia-en-gudar-y-javalambre\/#primaryimage\",\"url\":\"https:\/\/www.aramon.com\/blog\/wp-content\/uploads\/2023\/08\/WhatsApp-Image-2023-08-14-at-09.02.00.jpeg\",\"contentUrl\":\"https:\/\/www.aramon.com\/blog\/wp-content\/uploads\/2023\/08\/WhatsApp-Image-2023-08-14-at-09.02.00.jpeg\",\"width\":1170,\"height\":777},{\"@type\":\"WebSite\",\"@id\":\"https:\/\/www.aramon.com\/blog\/#website\",\"url\":\"https:\/\/www.aramon.com\/blog\/\",\"name\":\"Blog Oficial del Grupo ARAM\u00d3N\",\"description\":\"Blog Oficial del Grupo Aram\u00f3n sobre estaciones de esqu\u00ed, monta\u00f1ismo, deportes de aventura y m\u00e1s en Arag\u00f3n.\",\"potentialAction\":[{\"@type\":\"SearchAction\",\"target\":{\"@type\":\"EntryPoint\",\"urlTemplate\":\"https:\/\/www.aramon.com\/blog\/?s={search_term_string}\"},\"query-input\":\"required name=search_term_string\"}],\"inLanguage\":\"es\"},{\"@type\":\"Person\",\"@id\":\"https:\/\/www.aramon.com\/blog\/#\/schema\/person\/9429ffb451d657ab98f0ca1b364eeef3\",\"name\":\"aramon\",\"image\":{\"@type\":\"ImageObject\",\"inLanguage\":\"es\",\"@id\":\"https:\/\/www.aramon.com\/blog\/#\/schema\/person\/image\/\",\"url\":\"https:\/\/secure.gravatar.com\/avatar\/d5fd0ede392e1af0e414b87f7568b4d5?s=96&d=mm&r=g\",\"contentUrl\":\"https:\/\/secure.gravatar.com\/avatar\/d5fd0ede392e1af0e414b87f7568b4d5?s=96&d=mm&r=g\",\"caption\":\"aramon\"},\"url\":\"https:\/\/www.aramon.com\/blog\/author\/aramon\/\"}]}<\/script>\n<!-- \/ Yoast SEO plugin. -->","yoast_head_json":{"title":"Vacaciones en familia en G\u00fadar y Javalambre - Blog Oficial del Grupo ARAM\u00d3N","description":"Vacaciones en Familia en G\u00fadar y Javalambre. La provincia de Teruel y las sierras de G\u00fadar y Javalambre ofrecen multitud de actividades.","robots":{"index":"index","follow":"follow","max-snippet":"max-snippet:-1","max-image-preview":"max-image-preview:large","max-video-preview":"max-video-preview:-1"},"canonical":"https:\/\/www.aramon.com\/blog\/vacaciones-en-familia-en-gudar-y-javalambre\/","og_locale":"es_ES","og_type":"article","og_title":"Vacaciones en familia en G\u00fadar y Javalambre - Blog Oficial del Grupo ARAM\u00d3N","og_description":"Vacaciones en Familia en G\u00fadar y Javalambre. La provincia de Teruel y las sierras de G\u00fadar y Javalambre ofrecen multitud de actividades.","og_url":"https:\/\/www.aramon.com\/blog\/vacaciones-en-familia-en-gudar-y-javalambre\/","og_site_name":"Blog Oficial del Grupo ARAM\u00d3N","article_published_time":"2023-08-14T10:17:46+00:00","article_modified_time":"2023-08-21T06:57:13+00:00","og_image":[{"width":1170,"height":777,"url":"https:\/\/www.aramon.com\/blog\/wp-content\/uploads\/2023\/08\/WhatsApp-Image-2023-08-14-at-09.02.00.jpeg","type":"image\/jpeg"}],"author":"aramon","twitter_card":"summary_large_image","twitter_misc":{"Escrito por":"aramon","Tiempo de lectura":"3 minutos"},"schema":{"@context":"https:\/\/schema.org","@graph":[{"@type":"WebPage","@id":"https:\/\/www.aramon.com\/blog\/vacaciones-en-familia-en-gudar-y-javalambre\/","url":"https:\/\/www.aramon.com\/blog\/vacaciones-en-familia-en-gudar-y-javalambre\/","name":"Vacaciones en familia en G\u00fadar y Javalambre - Blog Oficial del Grupo ARAM\u00d3N","isPartOf":{"@id":"https:\/\/www.aramon.com\/blog\/#website"},"primaryImageOfPage":{"@id":"https:\/\/www.aramon.com\/blog\/vacaciones-en-familia-en-gudar-y-javalambre\/#primaryimage"},"image":{"@id":"https:\/\/www.aramon.com\/blog\/vacaciones-en-familia-en-gudar-y-javalambre\/#primaryimage"},"thumbnailUrl":"https:\/\/www.aramon.com\/blog\/wp-content\/uploads\/2023\/08\/WhatsApp-Image-2023-08-14-at-09.02.00.jpeg","datePublished":"2023-08-14T10:17:46+00:00","dateModified":"2023-08-21T06:57:13+00:00","author":{"@id":"https:\/\/www.aramon.com\/blog\/#\/schema\/person\/9429ffb451d657ab98f0ca1b364eeef3"},"description":"Vacaciones en Familia en G\u00fadar y Javalambre. La provincia de Teruel y las sierras de G\u00fadar y Javalambre ofrecen multitud de actividades.","inLanguage":"es","potentialAction":[{"@type":"ReadAction","target":["https:\/\/www.aramon.com\/blog\/vacaciones-en-familia-en-gudar-y-javalambre\/"]}]},{"@type":"ImageObject","inLanguage":"es","@id":"https:\/\/www.aramon.com\/blog\/vacaciones-en-familia-en-gudar-y-javalambre\/#primaryimage","url":"https:\/\/www.aramon.com\/blog\/wp-content\/uploads\/2023\/08\/WhatsApp-Image-2023-08-14-at-09.02.00.jpeg","contentUrl":"https:\/\/www.aramon.com\/blog\/wp-content\/uploads\/2023\/08\/WhatsApp-Image-2023-08-14-at-09.02.00.jpeg","width":1170,"height":777},{"@type":"WebSite","@id":"https:\/\/www.aramon.com\/blog\/#website","url":"https:\/\/www.aramon.com\/blog\/","name":"Blog Oficial del Grupo ARAM\u00d3N","description":"Blog Oficial del Grupo Aram\u00f3n sobre estaciones de esqu\u00ed, monta\u00f1ismo, deportes de aventura y m\u00e1s en Arag\u00f3n.","potentialAction":[{"@type":"SearchAction","target":{"@type":"EntryPoint","urlTemplate":"https:\/\/www.aramon.com\/blog\/?s={search_term_string}"},"query-input":"required name=search_term_string"}],"inLanguage":"es"},{"@type":"Person","@id":"https:\/\/www.aramon.com\/blog\/#\/schema\/person\/9429ffb451d657ab98f0ca1b364eeef3","name":"aramon","image":{"@type":"ImageObject","inLanguage":"es","@id":"https:\/\/www.aramon.com\/blog\/#\/schema\/person\/image\/","url":"https:\/\/secure.gravatar.com\/avatar\/d5fd0ede392e1af0e414b87f7568b4d5?s=96&d=mm&r=g","contentUrl":"https:\/\/secure.gravatar.com\/avatar\/d5fd0ede392e1af0e414b87f7568b4d5?s=96&d=mm&r=g","caption":"aramon"},"url":"https:\/\/www.aramon.com\/blog\/author\/aramon\/"}]}},"_links":{"self":[{"href":"https:\/\/www.aramon.com\/blog\/wp-json\/wp\/v2\/posts\/17972"}],"collection":[{"href":"https:\/\/www.aramon.com\/blog\/wp-json\/wp\/v2\/posts"}],"about":[{"href":"https:\/\/www.aramon.com\/blog\/wp-json\/wp\/v2\/types\/post"}],"author":[{"embeddable":true,"href":"https:\/\/www.aramon.com\/blog\/wp-json\/wp\/v2\/users\/2"}],"replies":[{"embeddable":true,"href":"https:\/\/www.aramon.com\/blog\/wp-json\/wp\/v2\/comments?post=17972"}],"version-history":[{"count":10,"href":"https:\/\/www.aramon.com\/blog\/wp-json\/wp\/v2\/posts\/17972\/revisions"}],"predecessor-version":[{"id":18038,"href":"https:\/\/www.aramon.com\/blog\/wp-json\/wp\/v2\/posts\/17972\/revisions\/18038"}],"wp:featuredmedia":[{"embeddable":true,"href":"https:\/\/www.aramon.com\/blog\/wp-json\/wp\/v2\/media\/18164"}],"wp:attachment":[{"href":"https:\/\/www.aramon.com\/blog\/wp-json\/wp\/v2\/media?parent=17972"}],"wp:term":[{"taxonomy":"category","embeddable":true,"href":"https:\/\/www.aramon.com\/blog\/wp-json\/wp\/v2\/categories?post=17972"},{"taxonomy":"post_tag","embeddable":true,"href":"https:\/\/www.aramon.com\/blog\/wp-json\/wp\/v2\/tags?post=17972"}],"curies":[{"name":"wp","href":"https:\/\/api.w.org\/{rel}","templated":true}]}}