{"id":18151,"date":"2023-08-22T12:25:36","date_gmt":"2023-08-22T12:25:36","guid":{"rendered":"https:\/\/www.aramon.com\/blog\/?p=18151"},"modified":"2023-08-23T10:42:16","modified_gmt":"2023-08-23T10:42:16","slug":"ventajas-de-reservar-tus-vacaciones-de-invierno-ya","status":"publish","type":"post","link":"https:\/\/www.aramon.com\/blog\/ventajas-de-reservar-tus-vacaciones-de-invierno-ya\/","title":{"rendered":"\u00a1Ventajas de reservar tus vacaciones de invierno ya!"},"content":{"rendered":"\n<p><strong>Prep\u00e1rate para la temporada de esqu\u00ed con Viajes Aram\u00f3n: Ofertas exclusivas en forfait y alojamiento<\/strong>. Descrube las \u00a1Ventajas de reservar tus vacaciones de invierno ya!<\/p>\n\n\n\n<p>\u00bfSientes la emoci\u00f3n de la temporada de esqu\u00ed acerc\u00e1ndose? \u00bfAnhelas deslizarte por monta\u00f1as nevadas? En <strong><a href=\"https:\/\/www.aramon.com\/\" target=\"_blank\" rel=\"noreferrer noopener\">Aram\u00f3n<\/a><\/strong>, estamos aqu\u00ed para hacer tus <strong>sue\u00f1os <\/strong>una realidad. Te presentamos una oportunidad \u00fanica: \u00a1prep\u00e1rate para tu escapada a la nieve con nuestra agencia de<strong> viajes Aram\u00f3n<\/strong>!<\/p>\n\n\n\n<p><strong>Forfait y alojamiento, la combinaci\u00f3n perfecta<\/strong><br>Es el momento que estabas esperando. Ahora tienes la opci\u00f3n de adquirir tu forfait y alojamiento en un solo lugar, gracias a Viajes Aram\u00f3n. Nuestra <strong>amplia selecci\u00f3n de hoteles y apartamentos<\/strong> te permite elegir el alojamiento que mejor se adapte a tus necesidades y preferencias. <\/p>\n\n\n\n<p><strong>Anticipa tus reservas, disfruta de las ventajas<\/strong> <br>\u00bfEst\u00e1s pensando en las fechas de mayor demanda, como Navidad, Fin de A\u00f1o o Reyes? No esperes m\u00e1s. La <strong>anticipaci\u00f3n tiene recompensas<\/strong>. Al reservar con antelaci\u00f3n, accedes a <strong>ofertas y descuentos exclusivos<\/strong> que te permitir\u00e1n disfrutar al m\u00e1ximo de tus vacaciones en la nieve.<br><br><a href=\"https:\/\/www.aramon.com\/ventajas-viajes-aramon-esqui.html\" target=\"_blank\" rel=\"noreferrer noopener\"><strong>Ventajas de Viajes Aram\u00f3n <\/strong><\/a><br><strong>Ventajas que te hacen sonre\u00edr<\/strong><br>Como <strong>agencia oficial de Aram\u00f3n<\/strong>, te brindamos la mejor oferta y planes para explorar nuestras estaciones de esqu\u00ed. Aprovecha la principal ventaja de <strong>elegir entre los mejores hoteles al mejor precio<\/strong>. Planifica con anticipaci\u00f3n antes de que se agoten las opciones m\u00e1s buscadas. Adem\u00e1s de las<strong> ofertas exclusivas<\/strong>, disfrutar\u00e1s de comodidades como asesoramiento personalizado y un equipo de atenci\u00f3n al cliente dispuesto a ayudarte. <br><strong><br>Flexibilidad en diversi\u00f3n invernal<\/strong><br>Nosotros no somos capaces de soplar las nubes de tormenta ni de parar la ventisca, pero s\u00ed de garantizarte que esquiar\u00e1s cu\u00e1ndo a ti te guste el d\u00eda. Si en tus vacaciones sale una jornada desapacible o no quieres esquiar por otro motivo, te canjearemos tu forfait para que lo uses otro d\u00eda a lo largo de esta temporada o la que viene.\u00a0<br><br><strong>Entrega de forfaits gratis<\/strong><br>\u00a1Reserva antes de viernes (fines de semana) o domingos (entre semana) y Viajes Aram\u00f3n regala entrega gratis del forfait en tu hotel! Disfruta sin estr\u00e9s desde el inicio.<br><br><strong><a href=\"https:\/\/www.aramon.com\/ninos-gratis-aramon.html\">Ni\u00f1os gratis<\/a><\/strong><br>En Aram\u00f3n, los <strong>ni\u00f1os esqu\u00edan gratis<\/strong>. Al comprar dos forfaits adultos (4 d\u00edas de inicio lunes o martes y 5 d\u00edas de inicio lunes), el primer ni\u00f1o en categor\u00eda infantil es gratuito. El segundo ni\u00f1o y siguientes obtendr\u00e1n un precio especial. V\u00e1lido en los per\u00edodos: 27 noviembre-1 diciembre, 11-15 diciembre, 18-22 diciembre, 8-12 enero, 4-8 marzo y 18-22 marzo. \u00a1Prep\u00e1rate para aventuras en la nieve en familia con Aram\u00f3n! Descuentos sujetos a condiciones.<br><br><strong>Explora las ofertas especiales para fechas clave como Reyes Magos, Navidad, A\u00f1o Nuevo y m\u00e1s<\/strong>. <\/p>\n\n\n\n<figure class=\"wp-block-image size-large\"><a href=\"https:\/\/www.aramon.com\/ofertas-esqui-semana-navidad.html\" target=\"_blank\" rel=\"noopener\"><img loading=\"lazy\" decoding=\"async\" width=\"1024\" height=\"512\" src=\"https:\/\/www.aramon.com\/blog\/wp-content\/uploads\/2023\/08\/1-6-1024x512.png\" alt=\"\" class=\"wp-image-18232\" srcset=\"https:\/\/www.aramon.com\/blog\/wp-content\/uploads\/2023\/08\/1-6-1024x512.png 1024w, https:\/\/www.aramon.com\/blog\/wp-content\/uploads\/2023\/08\/1-6-300x150.png 300w, https:\/\/www.aramon.com\/blog\/wp-content\/uploads\/2023\/08\/1-6-768x384.png 768w, https:\/\/www.aramon.com\/blog\/wp-content\/uploads\/2023\/08\/1-6-1536x768.png 1536w, https:\/\/www.aramon.com\/blog\/wp-content\/uploads\/2023\/08\/1-6-2048x1024.png 2048w\" sizes=\"(max-width: 1024px) 100vw, 1024px\" \/><\/a><\/figure>\n\n\n\n<figure class=\"wp-block-image size-large\"><a href=\"https:\/\/www.aramon.com\/ofertas-esqui-constitucion\" target=\"_blank\" rel=\"noopener\"><img loading=\"lazy\" decoding=\"async\" width=\"1024\" height=\"512\" src=\"https:\/\/www.aramon.com\/blog\/wp-content\/uploads\/2023\/08\/2-3-1024x512.png\" alt=\"\" class=\"wp-image-18231\" srcset=\"https:\/\/www.aramon.com\/blog\/wp-content\/uploads\/2023\/08\/2-3-1024x512.png 1024w, https:\/\/www.aramon.com\/blog\/wp-content\/uploads\/2023\/08\/2-3-300x150.png 300w, https:\/\/www.aramon.com\/blog\/wp-content\/uploads\/2023\/08\/2-3-768x384.png 768w, https:\/\/www.aramon.com\/blog\/wp-content\/uploads\/2023\/08\/2-3-1536x768.png 1536w, https:\/\/www.aramon.com\/blog\/wp-content\/uploads\/2023\/08\/2-3-2048x1024.png 2048w\" sizes=\"(max-width: 1024px) 100vw, 1024px\" \/><\/a><\/figure>\n\n\n\n<figure class=\"wp-block-image size-large\"><a href=\"https:\/\/www.aramon.com\/ofertas-esqui-reyes-magos\" target=\"_blank\" rel=\"noopener\"><img loading=\"lazy\" decoding=\"async\" width=\"1024\" height=\"512\" src=\"https:\/\/www.aramon.com\/blog\/wp-content\/uploads\/2023\/08\/3-3-1024x512.png\" alt=\"\" class=\"wp-image-18233\" srcset=\"https:\/\/www.aramon.com\/blog\/wp-content\/uploads\/2023\/08\/3-3-1024x512.png 1024w, https:\/\/www.aramon.com\/blog\/wp-content\/uploads\/2023\/08\/3-3-300x150.png 300w, https:\/\/www.aramon.com\/blog\/wp-content\/uploads\/2023\/08\/3-3-768x384.png 768w, https:\/\/www.aramon.com\/blog\/wp-content\/uploads\/2023\/08\/3-3-1536x768.png 1536w, https:\/\/www.aramon.com\/blog\/wp-content\/uploads\/2023\/08\/3-3-2048x1024.png 2048w\" sizes=\"(max-width: 1024px) 100vw, 1024px\" \/><\/a><\/figure>\n\n\n\n<figure class=\"wp-block-image size-large\"><a href=\"https:\/\/www.aramon.com\/ofertas-esqui-fin-de-ano\" target=\"_blank\" rel=\"noopener\"><img loading=\"lazy\" decoding=\"async\" width=\"1024\" height=\"512\" src=\"https:\/\/www.aramon.com\/blog\/wp-content\/uploads\/2023\/08\/Summer-Travel-Tropical-Tour-Discount-Promotion-Blue-Banner-1024x512.png\" alt=\"\" class=\"wp-image-18238\" srcset=\"https:\/\/www.aramon.com\/blog\/wp-content\/uploads\/2023\/08\/Summer-Travel-Tropical-Tour-Discount-Promotion-Blue-Banner-1024x512.png 1024w, https:\/\/www.aramon.com\/blog\/wp-content\/uploads\/2023\/08\/Summer-Travel-Tropical-Tour-Discount-Promotion-Blue-Banner-300x150.png 300w, https:\/\/www.aramon.com\/blog\/wp-content\/uploads\/2023\/08\/Summer-Travel-Tropical-Tour-Discount-Promotion-Blue-Banner-768x384.png 768w, https:\/\/www.aramon.com\/blog\/wp-content\/uploads\/2023\/08\/Summer-Travel-Tropical-Tour-Discount-Promotion-Blue-Banner-1536x768.png 1536w, https:\/\/www.aramon.com\/blog\/wp-content\/uploads\/2023\/08\/Summer-Travel-Tropical-Tour-Discount-Promotion-Blue-Banner-2048x1024.png 2048w\" sizes=\"(max-width: 1024px) 100vw, 1024px\" \/><\/a><\/figure>\n\n\n\n<p>Prep\u00e1rate para una temporada invernal llena de emoci\u00f3n, nieve y aventuras en las monta\u00f1as con <strong><a href=\"https:\/\/www.aramon.com\/ofertas-esqui-aramon\" target=\"_blank\" rel=\"noreferrer noopener\">Viajes Aram\u00f3n<\/a><\/strong>. \u00a1Te esperamos en las pistas! \u00a1No dejes escapar las ventajas de reservar tus vacaciones de invierno ya!<\/p>\n","protected":false},"excerpt":{"rendered":"<p>En Viajes Aram\u00f3n, cuanto antes reserves tu paquete de forfait m\u00e1s alojamiento, m\u00e1s grande ser\u00e1 tu sonrisa al descubrir las ofertas exclusivas que tenemos preparadas. \u00a1Te contamos todas las ventajas!<\/p>\n","protected":false},"author":2,"featured_media":18154,"comment_status":"closed","ping_status":"closed","sticky":false,"template":"","format":"standard","meta":{"_acf_changed":false,"footnotes":""},"categories":[1],"tags":[],"acf":[],"yoast_head":"<!-- This site is optimized with the Yoast SEO plugin v22.5 - https:\/\/yoast.com\/wordpress\/plugins\/seo\/ -->\n<title>\u00a1Ventajas de reservar tus vacaciones de invierno ya! - Blog Oficial del Grupo ARAM\u00d3N<\/title>\n<meta name=\"description\" content=\"\u00a1Ventajas de reservar tus vacaciones de invierno ya! Ahora tienes la opci\u00f3n de adquirir tu forfait y alojamiento gracias a Viajes Aram\u00f3n.\" \/>\n<meta name=\"robots\" content=\"index, follow, max-snippet:-1, max-image-preview:large, max-video-preview:-1\" \/>\n<link rel=\"canonical\" href=\"https:\/\/www.aramon.com\/blog\/ventajas-de-reservar-tus-vacaciones-de-invierno-ya\/\" \/>\n<meta property=\"og:locale\" content=\"es_ES\" \/>\n<meta property=\"og:type\" content=\"article\" \/>\n<meta property=\"og:title\" content=\"\u00a1Ventajas de reservar tus vacaciones de invierno ya! - Blog Oficial del Grupo ARAM\u00d3N\" \/>\n<meta property=\"og:description\" content=\"\u00a1Ventajas de reservar tus vacaciones de invierno ya! Ahora tienes la opci\u00f3n de adquirir tu forfait y alojamiento gracias a Viajes Aram\u00f3n.\" \/>\n<meta property=\"og:url\" content=\"https:\/\/www.aramon.com\/blog\/ventajas-de-reservar-tus-vacaciones-de-invierno-ya\/\" \/>\n<meta property=\"og:site_name\" content=\"Blog Oficial del Grupo ARAM\u00d3N\" \/>\n<meta property=\"article:published_time\" content=\"2023-08-22T12:25:36+00:00\" \/>\n<meta property=\"article:modified_time\" content=\"2023-08-23T10:42:16+00:00\" \/>\n<meta property=\"og:image\" content=\"https:\/\/www.aramon.com\/blog\/wp-content\/uploads\/2023\/08\/01022023-_DSC9050-scaled.jpg\" \/>\n\t<meta property=\"og:image:width\" content=\"2560\" \/>\n\t<meta property=\"og:image:height\" content=\"1710\" \/>\n\t<meta property=\"og:image:type\" content=\"image\/jpeg\" \/>\n<meta name=\"author\" content=\"aramon\" \/>\n<meta name=\"twitter:card\" content=\"summary_large_image\" \/>\n<meta name=\"twitter:label1\" content=\"Escrito por\" \/>\n\t<meta name=\"twitter:data1\" content=\"aramon\" \/>\n\t<meta name=\"twitter:label2\" content=\"Tiempo de lectura\" \/>\n\t<meta name=\"twitter:data2\" content=\"3 minutos\" \/>\n<script type=\"application\/ld+json\" class=\"yoast-schema-graph\">{\"@context\":\"https:\/\/schema.org\",\"@graph\":[{\"@type\":\"WebPage\",\"@id\":\"https:\/\/www.aramon.com\/blog\/ventajas-de-reservar-tus-vacaciones-de-invierno-ya\/\",\"url\":\"https:\/\/www.aramon.com\/blog\/ventajas-de-reservar-tus-vacaciones-de-invierno-ya\/\",\"name\":\"\u00a1Ventajas de reservar tus vacaciones de invierno ya! - Blog Oficial del Grupo ARAM\u00d3N\",\"isPartOf\":{\"@id\":\"https:\/\/www.aramon.com\/blog\/#website\"},\"primaryImageOfPage\":{\"@id\":\"https:\/\/www.aramon.com\/blog\/ventajas-de-reservar-tus-vacaciones-de-invierno-ya\/#primaryimage\"},\"image\":{\"@id\":\"https:\/\/www.aramon.com\/blog\/ventajas-de-reservar-tus-vacaciones-de-invierno-ya\/#primaryimage\"},\"thumbnailUrl\":\"https:\/\/www.aramon.com\/blog\/wp-content\/uploads\/2023\/08\/01022023-_DSC9050-scaled.jpg\",\"datePublished\":\"2023-08-22T12:25:36+00:00\",\"dateModified\":\"2023-08-23T10:42:16+00:00\",\"author\":{\"@id\":\"https:\/\/www.aramon.com\/blog\/#\/schema\/person\/9429ffb451d657ab98f0ca1b364eeef3\"},\"description\":\"\u00a1Ventajas de reservar tus vacaciones de invierno ya! Ahora tienes la opci\u00f3n de adquirir tu forfait y alojamiento gracias a Viajes Aram\u00f3n.\",\"inLanguage\":\"es\",\"potentialAction\":[{\"@type\":\"ReadAction\",\"target\":[\"https:\/\/www.aramon.com\/blog\/ventajas-de-reservar-tus-vacaciones-de-invierno-ya\/\"]}]},{\"@type\":\"ImageObject\",\"inLanguage\":\"es\",\"@id\":\"https:\/\/www.aramon.com\/blog\/ventajas-de-reservar-tus-vacaciones-de-invierno-ya\/#primaryimage\",\"url\":\"https:\/\/www.aramon.com\/blog\/wp-content\/uploads\/2023\/08\/01022023-_DSC9050-scaled.jpg\",\"contentUrl\":\"https:\/\/www.aramon.com\/blog\/wp-content\/uploads\/2023\/08\/01022023-_DSC9050-scaled.jpg\",\"width\":2560,\"height\":1710},{\"@type\":\"WebSite\",\"@id\":\"https:\/\/www.aramon.com\/blog\/#website\",\"url\":\"https:\/\/www.aramon.com\/blog\/\",\"name\":\"Blog Oficial del Grupo ARAM\u00d3N\",\"description\":\"Blog Oficial del Grupo Aram\u00f3n sobre estaciones de esqu\u00ed, monta\u00f1ismo, deportes de aventura y m\u00e1s en Arag\u00f3n.\",\"potentialAction\":[{\"@type\":\"SearchAction\",\"target\":{\"@type\":\"EntryPoint\",\"urlTemplate\":\"https:\/\/www.aramon.com\/blog\/?s={search_term_string}\"},\"query-input\":\"required name=search_term_string\"}],\"inLanguage\":\"es\"},{\"@type\":\"Person\",\"@id\":\"https:\/\/www.aramon.com\/blog\/#\/schema\/person\/9429ffb451d657ab98f0ca1b364eeef3\",\"name\":\"aramon\",\"image\":{\"@type\":\"ImageObject\",\"inLanguage\":\"es\",\"@id\":\"https:\/\/www.aramon.com\/blog\/#\/schema\/person\/image\/\",\"url\":\"https:\/\/secure.gravatar.com\/avatar\/d5fd0ede392e1af0e414b87f7568b4d5?s=96&d=mm&r=g\",\"contentUrl\":\"https:\/\/secure.gravatar.com\/avatar\/d5fd0ede392e1af0e414b87f7568b4d5?s=96&d=mm&r=g\",\"caption\":\"aramon\"},\"url\":\"https:\/\/www.aramon.com\/blog\/author\/aramon\/\"}]}<\/script>\n<!-- \/ Yoast SEO plugin. -->","yoast_head_json":{"title":"\u00a1Ventajas de reservar tus vacaciones de invierno ya! - Blog Oficial del Grupo ARAM\u00d3N","description":"\u00a1Ventajas de reservar tus vacaciones de invierno ya! Ahora tienes la opci\u00f3n de adquirir tu forfait y alojamiento gracias a Viajes Aram\u00f3n.","robots":{"index":"index","follow":"follow","max-snippet":"max-snippet:-1","max-image-preview":"max-image-preview:large","max-video-preview":"max-video-preview:-1"},"canonical":"https:\/\/www.aramon.com\/blog\/ventajas-de-reservar-tus-vacaciones-de-invierno-ya\/","og_locale":"es_ES","og_type":"article","og_title":"\u00a1Ventajas de reservar tus vacaciones de invierno ya! - Blog Oficial del Grupo ARAM\u00d3N","og_description":"\u00a1Ventajas de reservar tus vacaciones de invierno ya! Ahora tienes la opci\u00f3n de adquirir tu forfait y alojamiento gracias a Viajes Aram\u00f3n.","og_url":"https:\/\/www.aramon.com\/blog\/ventajas-de-reservar-tus-vacaciones-de-invierno-ya\/","og_site_name":"Blog Oficial del Grupo ARAM\u00d3N","article_published_time":"2023-08-22T12:25:36+00:00","article_modified_time":"2023-08-23T10:42:16+00:00","og_image":[{"width":2560,"height":1710,"url":"https:\/\/www.aramon.com\/blog\/wp-content\/uploads\/2023\/08\/01022023-_DSC9050-scaled.jpg","type":"image\/jpeg"}],"author":"aramon","twitter_card":"summary_large_image","twitter_misc":{"Escrito por":"aramon","Tiempo de lectura":"3 minutos"},"schema":{"@context":"https:\/\/schema.org","@graph":[{"@type":"WebPage","@id":"https:\/\/www.aramon.com\/blog\/ventajas-de-reservar-tus-vacaciones-de-invierno-ya\/","url":"https:\/\/www.aramon.com\/blog\/ventajas-de-reservar-tus-vacaciones-de-invierno-ya\/","name":"\u00a1Ventajas de reservar tus vacaciones de invierno ya! - Blog Oficial del Grupo ARAM\u00d3N","isPartOf":{"@id":"https:\/\/www.aramon.com\/blog\/#website"},"primaryImageOfPage":{"@id":"https:\/\/www.aramon.com\/blog\/ventajas-de-reservar-tus-vacaciones-de-invierno-ya\/#primaryimage"},"image":{"@id":"https:\/\/www.aramon.com\/blog\/ventajas-de-reservar-tus-vacaciones-de-invierno-ya\/#primaryimage"},"thumbnailUrl":"https:\/\/www.aramon.com\/blog\/wp-content\/uploads\/2023\/08\/01022023-_DSC9050-scaled.jpg","datePublished":"2023-08-22T12:25:36+00:00","dateModified":"2023-08-23T10:42:16+00:00","author":{"@id":"https:\/\/www.aramon.com\/blog\/#\/schema\/person\/9429ffb451d657ab98f0ca1b364eeef3"},"description":"\u00a1Ventajas de reservar tus vacaciones de invierno ya! Ahora tienes la opci\u00f3n de adquirir tu forfait y alojamiento gracias a Viajes Aram\u00f3n.","inLanguage":"es","potentialAction":[{"@type":"ReadAction","target":["https:\/\/www.aramon.com\/blog\/ventajas-de-reservar-tus-vacaciones-de-invierno-ya\/"]}]},{"@type":"ImageObject","inLanguage":"es","@id":"https:\/\/www.aramon.com\/blog\/ventajas-de-reservar-tus-vacaciones-de-invierno-ya\/#primaryimage","url":"https:\/\/www.aramon.com\/blog\/wp-content\/uploads\/2023\/08\/01022023-_DSC9050-scaled.jpg","contentUrl":"https:\/\/www.aramon.com\/blog\/wp-content\/uploads\/2023\/08\/01022023-_DSC9050-scaled.jpg","width":2560,"height":1710},{"@type":"WebSite","@id":"https:\/\/www.aramon.com\/blog\/#website","url":"https:\/\/www.aramon.com\/blog\/","name":"Blog Oficial del Grupo ARAM\u00d3N","description":"Blog Oficial del Grupo Aram\u00f3n sobre estaciones de esqu\u00ed, monta\u00f1ismo, deportes de aventura y m\u00e1s en Arag\u00f3n.","potentialAction":[{"@type":"SearchAction","target":{"@type":"EntryPoint","urlTemplate":"https:\/\/www.aramon.com\/blog\/?s={search_term_string}"},"query-input":"required name=search_term_string"}],"inLanguage":"es"},{"@type":"Person","@id":"https:\/\/www.aramon.com\/blog\/#\/schema\/person\/9429ffb451d657ab98f0ca1b364eeef3","name":"aramon","image":{"@type":"ImageObject","inLanguage":"es","@id":"https:\/\/www.aramon.com\/blog\/#\/schema\/person\/image\/","url":"https:\/\/secure.gravatar.com\/avatar\/d5fd0ede392e1af0e414b87f7568b4d5?s=96&d=mm&r=g","contentUrl":"https:\/\/secure.gravatar.com\/avatar\/d5fd0ede392e1af0e414b87f7568b4d5?s=96&d=mm&r=g","caption":"aramon"},"url":"https:\/\/www.aramon.com\/blog\/author\/aramon\/"}]}},"_links":{"self":[{"href":"https:\/\/www.aramon.com\/blog\/wp-json\/wp\/v2\/posts\/18151"}],"collection":[{"href":"https:\/\/www.aramon.com\/blog\/wp-json\/wp\/v2\/posts"}],"about":[{"href":"https:\/\/www.aramon.com\/blog\/wp-json\/wp\/v2\/types\/post"}],"author":[{"embeddable":true,"href":"https:\/\/www.aramon.com\/blog\/wp-json\/wp\/v2\/users\/2"}],"replies":[{"embeddable":true,"href":"https:\/\/www.aramon.com\/blog\/wp-json\/wp\/v2\/comments?post=18151"}],"version-history":[{"count":39,"href":"https:\/\/www.aramon.com\/blog\/wp-json\/wp\/v2\/posts\/18151\/revisions"}],"predecessor-version":[{"id":18239,"href":"https:\/\/www.aramon.com\/blog\/wp-json\/wp\/v2\/posts\/18151\/revisions\/18239"}],"wp:featuredmedia":[{"embeddable":true,"href":"https:\/\/www.aramon.com\/blog\/wp-json\/wp\/v2\/media\/18154"}],"wp:attachment":[{"href":"https:\/\/www.aramon.com\/blog\/wp-json\/wp\/v2\/media?parent=18151"}],"wp:term":[{"taxonomy":"category","embeddable":true,"href":"https:\/\/www.aramon.com\/blog\/wp-json\/wp\/v2\/categories?post=18151"},{"taxonomy":"post_tag","embeddable":true,"href":"https:\/\/www.aramon.com\/blog\/wp-json\/wp\/v2\/tags?post=18151"}],"curies":[{"name":"wp","href":"https:\/\/api.w.org\/{rel}","templated":true}]}}