{"id":18358,"date":"2023-09-04T13:11:25","date_gmt":"2023-09-04T13:11:25","guid":{"rendered":"https:\/\/www.aramon.com\/blog\/?p=18358"},"modified":"2023-09-04T13:13:10","modified_gmt":"2023-09-04T13:13:10","slug":"agenda-septiembre-2023","status":"publish","type":"post","link":"https:\/\/www.aramon.com\/blog\/agenda-septiembre-2023\/","title":{"rendered":"Agenda septiembre 2023"},"content":{"rendered":"\n<p>El mes de septiembre se acerca y con \u00e9l llegan planes y eventos en tres destinos imprescindibles: <strong>el Valle de Tena, Benasque y la Comarca de G\u00fadar Javalambre<\/strong>. Desde competencias ciclistas hasta experiencias en la naturaleza, festivales literarios y fiestas locales, esta gu\u00eda te llevar\u00e1 a trav\u00e9s de las actividades que no querr\u00e1s perderte en <strong>septiembre de 2023<\/strong>. \u00a1Prep\u00e1rate para disfrutar de la belleza de la monta\u00f1a y la cultura local! Desc\u00fabrelo en la Agenda septiembre 2023. <\/p>\n\n\n\n<h2 class=\"wp-block-heading\">Valle de Tena: Agenda septiembre 2023<\/h2>\n\n\n\n<p><strong>La Vuelta a Espa\u00f1a en Formigal<\/strong>: <em>8 de septiembre<\/em><br>El 8 de septiembre, el Valle de Tena ser\u00e1 testigo de un evento \u00e9pico: la etapa reina de la 78\u00aa edici\u00f3n de La Vuelta a Espa\u00f1a partir\u00e1 de Formigal y culminar\u00e1 en el ic\u00f3nico Col du Tourmalet, famoso en el mundo del ciclismo por sus haza\u00f1as en el Tour de Francia. Los ciclistas enfrentar\u00e1n desaf\u00edos como el ascenso al Aubisque y el Soulor antes de conquistar este gigante pirenaico. Un evento que marcar\u00e1 la historia de la carrera. <br><strong>Bosque con Alma<\/strong>: <em>8 de septiembre <\/em><br>Sum\u00e9rgete en la magia del bosque con \u00abBosque con Alma\u00bb, una experiencia solo para adultos que te lleva a explorar tanto el bosque como tu interior. Historias milenarias se comparten en la intimidad de la noche, conduci\u00e9ndote a la esencia de la vida. No olvides inscribirte en la oficina de Turismo de Biescas. <br><strong><br>Taller Fotogr\u00e1fico de Aves<\/strong>: <em>9 de septiembre<\/em><br>Si eres un amante de la fotograf\u00eda y la naturaleza, no te pierdas el taller fotogr\u00e1fico de aves en Santa Elena-Barranco de Lasieso el 9 de septiembre, de 10:30 a 14:00h. Una oportunidad para capturar la belleza alada de la regi\u00f3n. <br><br><strong>XL Concurso-Exposici\u00f3n de Ganado \u00abVilla de Sallent\u00bb<\/strong>: <em>10 de septiembre<\/em><br>El 10 de septiembre, visita Sallent de G\u00e1llego y sum\u00e9rgete en su tradicional feria ganadera. No solo podr\u00e1s admirar los mejores ejemplares de vacas, ovejas, cabras y caballos, sino que tambi\u00e9n disfrutar\u00e1s de actividades como la valoraci\u00f3n del ganado y los juegos tradicionales aragoneses. Por la tarde, \u00fanete a la Ronda popular y disfruta de la m\u00fasica local.<br><br><strong>Espect\u00e1culo de Magia en la Plaza del Mentidero<\/strong>: <em>13 de septiembre<\/em><br>El mi\u00e9rcoles 13 de septiembre a las 16:30h, prep\u00e1rate para asombrarte con el espect\u00e1culo de magia \u00abMR. RAGONOV BOICOTEA A DANI EL MAGO MAJO\u00bb, a cargo de El Eventario, en la Plaza del Mentidero. <br><br><strong>Visitas Guiadas en Alto G\u00e1llego<\/strong>: <em>Todos los s\u00e1bados de septiembre<\/em><br>Los s\u00e1bados de septiembre, no te pierdas la Visita Guiada a la \u00abIglesia de Serrablo\u00bb. Adem\u00e1s, el Centro de Interpretaci\u00f3n \u00abLa Torraza\u00bb en Biescas y el Centro de Interpretaci\u00f3n \u00abLa Sierra de Biescas\u00bb te esperan con sus exposiciones.<\/p>\n\n\n\n<h2 class=\"wp-block-heading\">Valle de Benasque: Agenda septiembre 2023 <\/h2>\n\n\n\n<p><strong>X Trail 2 Heaven<\/strong>: <em>2 de septiembre<\/em><br>\u00a1Francia y Espa\u00f1a unidos por la monta\u00f1a! El X Trail 2 Heaven ofrece diferentes desaf\u00edos, desde el Trail 2 Heaven de 51K hasta el Trail &amp; Walk 2 Heaven de 17K. Recorre rutas hist\u00f3ricas y disfruta de paisajes inolvidables en la Villa de Benasque. <br><br><strong>Somontano en Ruta<\/strong>: <em>16 de septiembre<\/em><br>El 16 de septiembre, en la Plaza del Ayuntamiento de Benasque, la Ruta del Vino Somontano presenta \u00abSomontano en Ruta\u00bb, una iniciativa que combina vino, gastronom\u00eda, arte y m\u00fasica. Disfruta de los sabores locales mientras admiras obras de artistas en vivo. <br><br><strong>Trans-Nomad 2023<\/strong>: <em>Del 27 de septiembre al 1 de octubre<\/em><br>La aventura llega a su m\u00e1ximo esplendor con el Trans-Nomad 2023. Cinco d\u00edas de eventos y cuatro d\u00edas de carreras en los senderos de alta monta\u00f1a de los Pirineos. \u00a1Prep\u00e1rate para una experiencia \u00fanica en tu bicicleta! <br><br><strong>Fiestas Nuestra Se\u00f1ora de Guayente 2023<\/strong>: <em>8 de septiembre<\/em><br>Las fiestas mayores de Ch\u00eda en honor a la Virgen de la Encontrada se concentran del 1 al 3 de septiembre y el viernes 8. El tradicional Ball del sombrers a las 14h es un punto culminante en la Escuela de Hosteler\u00eda de Guayente, Sah\u00fan. <br><br><strong>Festival \u2013 Pirineo Literario<\/strong>: <em>Del 8 al 10 de septiembre<\/em><br>Del 8 al 10 de septiembre, Benasque se llena de literatura y cultura con el Festival \u2013 Pirineo Literario. Conferencias, talleres, presentaciones de libros y m\u00e1s. Destacando la conferencia de Luz Gab\u00e1s, la \u00faltima ganadora de los premios Planeta. <br><br><strong>Fiestas del Ag\u00fcerro<\/strong>: <em>22 y 23 de septiembre<\/em><br>Benasque se llena de folclore con la Fiesta d\u2019Ag\u00fcerro. Disfruta de la m\u00fasica, danzas y la comida popular. El 22 de septiembre, Puro Relajo ofrecer\u00e1 un emocionante concierto de rancheras y m\u00fasica mexicana. <br><br><strong>II Ferieta de Ecoturismo de Castej\u00f3n de Sos<\/strong>: <em>22 y 23 de septiembre<\/em><br>Los d\u00edas 22 y 23 de septiembre, no te pierdas la segunda edici\u00f3n de la Ferieta de Ecoturismo en Castej\u00f3n de Sos.<\/p>\n\n\n\n<h2 class=\"wp-block-heading\">Comarca de G\u00fadar &#8211; Javalambre<\/h2>\n\n\n\n<p><strong>Feria de Mosqueruela<\/strong>: <em>del 1 al 4 de septiembre<\/em> <br>Feria comercial y feria ganadera 2023, concurso de recortes con novillos cerriles, conciertos, pasacalles, exhibici\u00f3n de caballos de tiro, charangas, verm\u00fa y comida popular, elaboraci\u00f3n de la I Tortilla de patata monumental, XVIII Edici\u00f3n de la exhibici\u00f3n de emboladores. <br><br><strong>Gal\u00e1ctica<\/strong>:<em> 1 y 2 de septiembre<\/em> <br>Observaci\u00f3n de estrellas con telescopios <\/p>\n\n\n\n<p><strong>Torrijas<\/strong>: <em>2 de septiembre<\/em> <br>Taller en la naturaleza, iniciaci\u00f3n a la micolog\u00eda. <br><br><strong>La Puebla de Valverde<\/strong>: <em>2 de septiembre<\/em><br>Taller de pintar camisetas <br><br><strong>Alcal\u00e1 de la Selva<\/strong>: <em>del 7 al 10 de septiembre<\/em> <br>Fiestas patronales de La Virgen de la Vega. Disparo de cohetes y volteo de campanas, Novena y Salve a la Virgen de la Vega, actuaci\u00f3n de los danzantes, pastores y embajadores, pasacalles, orquestas, concurso de disfraces. Disfruta de la aut\u00e9ntica cultural local y de los diferentes eventos y actividades para mayores y peque\u00f1os. <br><br><strong>Albentosa: <\/strong><em>9 de septiembre<\/em> <br>CxM con dos recorridos de 24 y 12km. Tambi\u00e9n hay carreras infantiles. <br><br><strong>Arcos de las Salinas<\/strong>: <em>24 de septiembre<\/em> <br>I Carrera Monta\u00f1a al Pico del Buitre con dos recorridos de 20 y 10km. Tambi\u00e9n hay carreras infantiles.<\/p>\n","protected":false},"excerpt":{"rendered":"<p>Descubre el calendario de actividades que te esperan en septiembre en el Valle de Tena, el Valle de Benasque y la Comarca de G\u00fadar &#8211; Javalambre.<\/p>\n","protected":false},"author":2,"featured_media":18415,"comment_status":"closed","ping_status":"closed","sticky":false,"template":"","format":"standard","meta":{"_acf_changed":false,"footnotes":""},"categories":[1,303,307,308],"tags":[],"acf":[],"yoast_head":"<!-- This site is optimized with the Yoast SEO plugin v22.5 - https:\/\/yoast.com\/wordpress\/plugins\/seo\/ -->\n<title>Agenda septiembre 2023 - Blog Oficial del Grupo ARAM\u00d3N<\/title>\n<meta name=\"description\" content=\"El mes de septiembre se acerca y con \u00e9l llegan emocionantes planes y eventos en: el Valle de Tena, Benasque y la Sierra de G\u00fadar.\" \/>\n<meta name=\"robots\" content=\"index, follow, max-snippet:-1, max-image-preview:large, max-video-preview:-1\" \/>\n<link rel=\"canonical\" href=\"https:\/\/www.aramon.com\/blog\/agenda-septiembre-2023\/\" \/>\n<meta property=\"og:locale\" content=\"es_ES\" \/>\n<meta property=\"og:type\" content=\"article\" \/>\n<meta property=\"og:title\" content=\"Agenda septiembre 2023 - Blog Oficial del Grupo ARAM\u00d3N\" \/>\n<meta property=\"og:description\" content=\"El mes de septiembre se acerca y con \u00e9l llegan emocionantes planes y eventos en: el Valle de Tena, Benasque y la Sierra de G\u00fadar.\" \/>\n<meta property=\"og:url\" content=\"https:\/\/www.aramon.com\/blog\/agenda-septiembre-2023\/\" \/>\n<meta property=\"og:site_name\" content=\"Blog Oficial del Grupo ARAM\u00d3N\" \/>\n<meta property=\"article:published_time\" content=\"2023-09-04T13:11:25+00:00\" \/>\n<meta property=\"article:modified_time\" content=\"2023-09-04T13:13:10+00:00\" \/>\n<meta property=\"og:image\" content=\"https:\/\/www.aramon.com\/blog\/wp-content\/uploads\/2023\/09\/DJI_0404-scaled.jpg\" \/>\n\t<meta property=\"og:image:width\" content=\"2560\" \/>\n\t<meta property=\"og:image:height\" content=\"1706\" \/>\n\t<meta property=\"og:image:type\" content=\"image\/jpeg\" \/>\n<meta name=\"author\" content=\"aramon\" \/>\n<meta name=\"twitter:card\" content=\"summary_large_image\" \/>\n<meta name=\"twitter:label1\" content=\"Escrito por\" \/>\n\t<meta name=\"twitter:data1\" content=\"aramon\" \/>\n\t<meta name=\"twitter:label2\" content=\"Tiempo de lectura\" \/>\n\t<meta name=\"twitter:data2\" content=\"5 minutos\" \/>\n<script type=\"application\/ld+json\" class=\"yoast-schema-graph\">{\"@context\":\"https:\/\/schema.org\",\"@graph\":[{\"@type\":\"WebPage\",\"@id\":\"https:\/\/www.aramon.com\/blog\/agenda-septiembre-2023\/\",\"url\":\"https:\/\/www.aramon.com\/blog\/agenda-septiembre-2023\/\",\"name\":\"Agenda septiembre 2023 - Blog Oficial del Grupo ARAM\u00d3N\",\"isPartOf\":{\"@id\":\"https:\/\/www.aramon.com\/blog\/#website\"},\"primaryImageOfPage\":{\"@id\":\"https:\/\/www.aramon.com\/blog\/agenda-septiembre-2023\/#primaryimage\"},\"image\":{\"@id\":\"https:\/\/www.aramon.com\/blog\/agenda-septiembre-2023\/#primaryimage\"},\"thumbnailUrl\":\"https:\/\/www.aramon.com\/blog\/wp-content\/uploads\/2023\/09\/DJI_0404-scaled.jpg\",\"datePublished\":\"2023-09-04T13:11:25+00:00\",\"dateModified\":\"2023-09-04T13:13:10+00:00\",\"author\":{\"@id\":\"https:\/\/www.aramon.com\/blog\/#\/schema\/person\/9429ffb451d657ab98f0ca1b364eeef3\"},\"description\":\"El mes de septiembre se acerca y con \u00e9l llegan emocionantes planes y eventos en: el Valle de Tena, Benasque y la Sierra de G\u00fadar.\",\"inLanguage\":\"es\",\"potentialAction\":[{\"@type\":\"ReadAction\",\"target\":[\"https:\/\/www.aramon.com\/blog\/agenda-septiembre-2023\/\"]}]},{\"@type\":\"ImageObject\",\"inLanguage\":\"es\",\"@id\":\"https:\/\/www.aramon.com\/blog\/agenda-septiembre-2023\/#primaryimage\",\"url\":\"https:\/\/www.aramon.com\/blog\/wp-content\/uploads\/2023\/09\/DJI_0404-scaled.jpg\",\"contentUrl\":\"https:\/\/www.aramon.com\/blog\/wp-content\/uploads\/2023\/09\/DJI_0404-scaled.jpg\",\"width\":2560,\"height\":1706},{\"@type\":\"WebSite\",\"@id\":\"https:\/\/www.aramon.com\/blog\/#website\",\"url\":\"https:\/\/www.aramon.com\/blog\/\",\"name\":\"Blog Oficial del Grupo ARAM\u00d3N\",\"description\":\"Blog Oficial del Grupo Aram\u00f3n sobre estaciones de esqu\u00ed, monta\u00f1ismo, deportes de aventura y m\u00e1s en Arag\u00f3n.\",\"potentialAction\":[{\"@type\":\"SearchAction\",\"target\":{\"@type\":\"EntryPoint\",\"urlTemplate\":\"https:\/\/www.aramon.com\/blog\/?s={search_term_string}\"},\"query-input\":\"required name=search_term_string\"}],\"inLanguage\":\"es\"},{\"@type\":\"Person\",\"@id\":\"https:\/\/www.aramon.com\/blog\/#\/schema\/person\/9429ffb451d657ab98f0ca1b364eeef3\",\"name\":\"aramon\",\"image\":{\"@type\":\"ImageObject\",\"inLanguage\":\"es\",\"@id\":\"https:\/\/www.aramon.com\/blog\/#\/schema\/person\/image\/\",\"url\":\"https:\/\/secure.gravatar.com\/avatar\/d5fd0ede392e1af0e414b87f7568b4d5?s=96&d=mm&r=g\",\"contentUrl\":\"https:\/\/secure.gravatar.com\/avatar\/d5fd0ede392e1af0e414b87f7568b4d5?s=96&d=mm&r=g\",\"caption\":\"aramon\"},\"url\":\"https:\/\/www.aramon.com\/blog\/author\/aramon\/\"}]}<\/script>\n<!-- \/ Yoast SEO plugin. -->","yoast_head_json":{"title":"Agenda septiembre 2023 - Blog Oficial del Grupo ARAM\u00d3N","description":"El mes de septiembre se acerca y con \u00e9l llegan emocionantes planes y eventos en: el Valle de Tena, Benasque y la Sierra de G\u00fadar.","robots":{"index":"index","follow":"follow","max-snippet":"max-snippet:-1","max-image-preview":"max-image-preview:large","max-video-preview":"max-video-preview:-1"},"canonical":"https:\/\/www.aramon.com\/blog\/agenda-septiembre-2023\/","og_locale":"es_ES","og_type":"article","og_title":"Agenda septiembre 2023 - Blog Oficial del Grupo ARAM\u00d3N","og_description":"El mes de septiembre se acerca y con \u00e9l llegan emocionantes planes y eventos en: el Valle de Tena, Benasque y la Sierra de G\u00fadar.","og_url":"https:\/\/www.aramon.com\/blog\/agenda-septiembre-2023\/","og_site_name":"Blog Oficial del Grupo ARAM\u00d3N","article_published_time":"2023-09-04T13:11:25+00:00","article_modified_time":"2023-09-04T13:13:10+00:00","og_image":[{"width":2560,"height":1706,"url":"https:\/\/www.aramon.com\/blog\/wp-content\/uploads\/2023\/09\/DJI_0404-scaled.jpg","type":"image\/jpeg"}],"author":"aramon","twitter_card":"summary_large_image","twitter_misc":{"Escrito por":"aramon","Tiempo de lectura":"5 minutos"},"schema":{"@context":"https:\/\/schema.org","@graph":[{"@type":"WebPage","@id":"https:\/\/www.aramon.com\/blog\/agenda-septiembre-2023\/","url":"https:\/\/www.aramon.com\/blog\/agenda-septiembre-2023\/","name":"Agenda septiembre 2023 - Blog Oficial del Grupo ARAM\u00d3N","isPartOf":{"@id":"https:\/\/www.aramon.com\/blog\/#website"},"primaryImageOfPage":{"@id":"https:\/\/www.aramon.com\/blog\/agenda-septiembre-2023\/#primaryimage"},"image":{"@id":"https:\/\/www.aramon.com\/blog\/agenda-septiembre-2023\/#primaryimage"},"thumbnailUrl":"https:\/\/www.aramon.com\/blog\/wp-content\/uploads\/2023\/09\/DJI_0404-scaled.jpg","datePublished":"2023-09-04T13:11:25+00:00","dateModified":"2023-09-04T13:13:10+00:00","author":{"@id":"https:\/\/www.aramon.com\/blog\/#\/schema\/person\/9429ffb451d657ab98f0ca1b364eeef3"},"description":"El mes de septiembre se acerca y con \u00e9l llegan emocionantes planes y eventos en: el Valle de Tena, Benasque y la Sierra de G\u00fadar.","inLanguage":"es","potentialAction":[{"@type":"ReadAction","target":["https:\/\/www.aramon.com\/blog\/agenda-septiembre-2023\/"]}]},{"@type":"ImageObject","inLanguage":"es","@id":"https:\/\/www.aramon.com\/blog\/agenda-septiembre-2023\/#primaryimage","url":"https:\/\/www.aramon.com\/blog\/wp-content\/uploads\/2023\/09\/DJI_0404-scaled.jpg","contentUrl":"https:\/\/www.aramon.com\/blog\/wp-content\/uploads\/2023\/09\/DJI_0404-scaled.jpg","width":2560,"height":1706},{"@type":"WebSite","@id":"https:\/\/www.aramon.com\/blog\/#website","url":"https:\/\/www.aramon.com\/blog\/","name":"Blog Oficial del Grupo ARAM\u00d3N","description":"Blog Oficial del Grupo Aram\u00f3n sobre estaciones de esqu\u00ed, monta\u00f1ismo, deportes de aventura y m\u00e1s en Arag\u00f3n.","potentialAction":[{"@type":"SearchAction","target":{"@type":"EntryPoint","urlTemplate":"https:\/\/www.aramon.com\/blog\/?s={search_term_string}"},"query-input":"required name=search_term_string"}],"inLanguage":"es"},{"@type":"Person","@id":"https:\/\/www.aramon.com\/blog\/#\/schema\/person\/9429ffb451d657ab98f0ca1b364eeef3","name":"aramon","image":{"@type":"ImageObject","inLanguage":"es","@id":"https:\/\/www.aramon.com\/blog\/#\/schema\/person\/image\/","url":"https:\/\/secure.gravatar.com\/avatar\/d5fd0ede392e1af0e414b87f7568b4d5?s=96&d=mm&r=g","contentUrl":"https:\/\/secure.gravatar.com\/avatar\/d5fd0ede392e1af0e414b87f7568b4d5?s=96&d=mm&r=g","caption":"aramon"},"url":"https:\/\/www.aramon.com\/blog\/author\/aramon\/"}]}},"_links":{"self":[{"href":"https:\/\/www.aramon.com\/blog\/wp-json\/wp\/v2\/posts\/18358"}],"collection":[{"href":"https:\/\/www.aramon.com\/blog\/wp-json\/wp\/v2\/posts"}],"about":[{"href":"https:\/\/www.aramon.com\/blog\/wp-json\/wp\/v2\/types\/post"}],"author":[{"embeddable":true,"href":"https:\/\/www.aramon.com\/blog\/wp-json\/wp\/v2\/users\/2"}],"replies":[{"embeddable":true,"href":"https:\/\/www.aramon.com\/blog\/wp-json\/wp\/v2\/comments?post=18358"}],"version-history":[{"count":18,"href":"https:\/\/www.aramon.com\/blog\/wp-json\/wp\/v2\/posts\/18358\/revisions"}],"predecessor-version":[{"id":18412,"href":"https:\/\/www.aramon.com\/blog\/wp-json\/wp\/v2\/posts\/18358\/revisions\/18412"}],"wp:featuredmedia":[{"embeddable":true,"href":"https:\/\/www.aramon.com\/blog\/wp-json\/wp\/v2\/media\/18415"}],"wp:attachment":[{"href":"https:\/\/www.aramon.com\/blog\/wp-json\/wp\/v2\/media?parent=18358"}],"wp:term":[{"taxonomy":"category","embeddable":true,"href":"https:\/\/www.aramon.com\/blog\/wp-json\/wp\/v2\/categories?post=18358"},{"taxonomy":"post_tag","embeddable":true,"href":"https:\/\/www.aramon.com\/blog\/wp-json\/wp\/v2\/tags?post=18358"}],"curies":[{"name":"wp","href":"https:\/\/api.w.org\/{rel}","templated":true}]}}