{"id":18377,"date":"2023-09-19T07:58:00","date_gmt":"2023-09-19T07:58:00","guid":{"rendered":"https:\/\/www.aramon.com\/blog\/?p=18377"},"modified":"2023-10-20T06:42:51","modified_gmt":"2023-10-20T06:42:51","slug":"setas-en-el-pirineo-aragones-y-la-sierra-de-gudar","status":"publish","type":"post","link":"https:\/\/www.aramon.com\/blog\/setas-en-el-pirineo-aragones-y-la-sierra-de-gudar\/","title":{"rendered":"Setas en el Pirineo Aragon\u00e9s y la Sierra de G\u00fadar"},"content":{"rendered":"\n<p>La temporada micol\u00f3gica en el<strong> Pirineo de Arag\u00f3n y la Sierra de G\u00fadar<\/strong> es una oportunidad \u00fanica para conectar con la naturaleza y explorar la rica diversidad micol\u00f3gica que estas regiones tienen para ofrecer.<\/p>\n\n\n\n<h3 class=\"wp-block-heading\">Temporada Micol\u00f3gica en el Pirineo Aragon\u00e9s y la Sierra de G\u00fadar  <\/h3>\n\n\n\n<p>La b\u00fasqueda y recolecci\u00f3n de setas en el <strong>Pirineo de Arag\u00f3n<\/strong> y la <strong>Sierra de G\u00fadar<\/strong> es una pr\u00e1ctica arraigada que ofrece a los amantes de la micolog\u00eda una ventana hacia la diversidad de hongos que estas regiones albergan. La temporada micol\u00f3gica se inicia con las primeras precipitaciones, generalmente hacia finales de septiembre, extendi\u00e9ndose hasta los primeros compases de noviembre, cuando las primeras nevadas comienzan a cubrir el suelo. Durante este periodo, el terreno cobra vida y los bosques se transforman en un ecosistema efervescente, repleto de variadas especies de hongos.<\/p>\n\n\n\n<h3 class=\"wp-block-heading\">Regulaciones y Sostenibilidad  <\/h3>\n\n\n\n<p>Es esencial tener en cuenta que la recolecci\u00f3n de hongos en esta \u00e1rea est\u00e1 regulada por normativas espec\u00edficas que establecen limitaciones tanto en t\u00e9rminos de especies como de cantidad. Antes de embarcarse en una expedici\u00f3n micol\u00f3gica, es esencial informarse sobre las regulaciones locales y acatar estas directrices para asegurar la sostenibilidad de los ecosistemas y la conservaci\u00f3n de las especies. Para preservar el equilibrio natural, se recomienda utilizar cestas o bolsas porosas que permitan la dispersi\u00f3n de esporas mientras se transportan las setas. Si la comestibilidad de una especie es incierta, es recomendable dejarla en su lugar de origen.<\/p>\n\n\n\n<h3 class=\"wp-block-heading\">Destinos micol\u00f3gicos <\/h3>\n\n\n\n<p><strong>Valle de Tena<\/strong>: Se caracteriza por su diversidad de h\u00e1bitats micorr\u00edcicos, incluyendo bosques de con\u00edferas y zonas de pastizales. La variada topograf\u00eda del Valle de Tena, que incluye tanto monta\u00f1as escarpadas como extensas praderas alpinas, brinda un amplio abanico de oportunidades para la exploraci\u00f3n. Los recolectores de hongos pueden disfrutar de una experiencia \u00fanica mientras recorren el terreno monta\u00f1oso. Algunas de las variedades m\u00e1s comunes del Valle de Tena son: <strong>Boletus, champi\u00f1ones, robellones o trompetillas<\/strong>. <\/p>\n\n\n\n<p><strong>Valle de Benasque<\/strong>: Su diversidad de h\u00e1bitats micorr\u00edcicos es impresionante, abarcando desde densos bosques de hayas y pinares hasta extensos pastizales alpinos. Esta variada topograf\u00eda proporciona a los mic\u00f3logos un vasto territorio para la exploraci\u00f3n y la recolecci\u00f3n de una amplia gama de setas. Adem\u00e1s, los <strong>champi\u00f1ones, robellones y trompetillas<\/strong> son variedades comunes que pueden encontrarse. <\/p>\n\n\n\n<p><strong>Sierra de G\u00fadar<\/strong>: La micolog\u00eda en la Sierra de G\u00fadar es un verdadero tesoro oculto. Ubicada en la provincia de Teruel, alberga una riqueza de hongos y setas que atrae a los amantes de la micolog\u00eda de todo el mundo. Los densos bosques, junto con los prados alpinos, crean un h\u00e1bitat perfecto para una amplia variedad de especies. Desde los populares <strong>boletus<\/strong> hasta las delicadas trufas negras, la Sierra de G\u00fadar ofrece una experiencia micol\u00f3gica \u00fanica. Los recolectores de setas y los curiosos exploradores encontrar\u00e1n en este rinc\u00f3n de la naturaleza una oportunidad inigualable para sumergirse en el apasionante mundo de la micolog\u00eda mientras disfrutan de la belleza de la monta\u00f1a.<br><\/p>\n\n\n\n<h3 class=\"wp-block-heading\">Especies de setas en el Pirineo  <\/h3>\n\n\n\n<p>En el entorno del Pirineo se pueden encontrar diversas especies de setas, cada una con sus propias caracter\u00edsticas y h\u00e1bitats espec\u00edficos. Entre las especies m\u00e1s comunes y apreciadas por los aficionados a la micolog\u00eda en esta regi\u00f3n, destacan el <strong>Boletus edulis<\/strong>, los <strong>n\u00edscalos<\/strong>, el <strong>rebozuelo<\/strong>, el <strong>Agaricus campestre<\/strong> y el <strong>Pleurotus eryngii<\/strong>, conocido tambi\u00e9n como la <strong>seta de cardo<\/strong>.<\/p>\n\n\n\n<p>El <strong>Boletus edulis<\/strong>, es uno de los hongos m\u00e1s emblem\u00e1ticos del Pirineo y de muchas otras regiones. Se caracteriza por su sombrero amplio y carnoso. Esta especie se desarrolla en simbiosis con \u00e1rboles como los pinos y los abetos, y es muy buscada por su sabor y versatilidad en la cocina.<\/p>\n\n\n\n<p>Los <strong>n\u00edscalos<\/strong> (<em>Lactarius deliciosus<\/em>) tambi\u00e9n tienen un lugar destacado en la diversidad micol\u00f3gica del Pirineo. Son reconocibles por su caracter\u00edstico sombrero de tonos anaranjados o rojizos y su carne firme y blanca, que exuda un l\u00edquido lechoso cuando se corta. Estos hongos se encuentran en asociaci\u00f3n con \u00e1rboles como los pinos y las encinas, y son valorados por su sabor y textura \u00fanicos en la cocina.<\/p>\n\n\n\n<p>El <strong>rebozuelo<\/strong> (<em>Cantharellus cibarius<\/em>) prospera en los bosques del Pirineo. Sus sombreros en forma de embudo son de color amarillo dorado, y su carne es delicada y fragante. A menudo crecen en \u00e1reas con suelo h\u00famedo y musgo, y se asocian con \u00e1rboles como los abetos y los pinos.<\/p>\n\n\n\n<p>El <strong>Agaricus campestre<\/strong>, conocido como \u00abchampi\u00f1\u00f3n silvestre\u00bb o \u00abchampi\u00f1\u00f3n de campo\u00bb, es una especie que prospera en pastizales y zonas abiertas. <\/p>\n\n\n\n<p>El <strong>Pleurotus eryngii<\/strong>, o seta de cardo, es un hongo que crece en simbiosis con las ra\u00edces de ciertas plantas como el cardo. <\/p>\n","protected":false},"excerpt":{"rendered":"<p>La temporada de setas en el Pirineo de Arag\u00f3n y la Sierra de G\u00fadar brinda una oportunidad \u00fanica para explorar la rica diversidad micol\u00f3gica de estas regiones y conectar con la naturaleza.<\/p>\n","protected":false},"author":2,"featured_media":18392,"comment_status":"closed","ping_status":"closed","sticky":false,"template":"","format":"standard","meta":{"_acf_changed":false,"footnotes":""},"categories":[1,303,307,308],"tags":[],"acf":[],"yoast_head":"<!-- This site is optimized with the Yoast SEO plugin v22.5 - https:\/\/yoast.com\/wordpress\/plugins\/seo\/ -->\n<title>Setas en el Pirineo Aragon\u00e9s y la Sierra de G\u00fadar - Blog Oficial del Grupo ARAM\u00d3N<\/title>\n<meta name=\"description\" content=\"Setas en el Pirineo Aragon\u00e9s y la Sierra de G\u00fadar. La temporada micol\u00f3gica ofrece una rica diversidad micol\u00f3gica.\" \/>\n<meta name=\"robots\" content=\"index, follow, max-snippet:-1, max-image-preview:large, max-video-preview:-1\" \/>\n<link rel=\"canonical\" href=\"https:\/\/www.aramon.com\/blog\/setas-en-el-pirineo-aragones-y-la-sierra-de-gudar\/\" \/>\n<meta property=\"og:locale\" content=\"es_ES\" \/>\n<meta property=\"og:type\" content=\"article\" \/>\n<meta property=\"og:title\" content=\"Setas en el Pirineo Aragon\u00e9s y la Sierra de G\u00fadar - Blog Oficial del Grupo ARAM\u00d3N\" \/>\n<meta property=\"og:description\" content=\"Setas en el Pirineo Aragon\u00e9s y la Sierra de G\u00fadar. La temporada micol\u00f3gica ofrece una rica diversidad micol\u00f3gica.\" \/>\n<meta property=\"og:url\" content=\"https:\/\/www.aramon.com\/blog\/setas-en-el-pirineo-aragones-y-la-sierra-de-gudar\/\" \/>\n<meta property=\"og:site_name\" content=\"Blog Oficial del Grupo ARAM\u00d3N\" \/>\n<meta property=\"article:published_time\" content=\"2023-09-19T07:58:00+00:00\" \/>\n<meta property=\"article:modified_time\" content=\"2023-10-20T06:42:51+00:00\" \/>\n<meta property=\"og:image\" content=\"https:\/\/www.aramon.com\/blog\/wp-content\/uploads\/2023\/08\/mushrooms-5683658_1280.jpg\" \/>\n\t<meta property=\"og:image:width\" content=\"1280\" \/>\n\t<meta property=\"og:image:height\" content=\"854\" \/>\n\t<meta property=\"og:image:type\" content=\"image\/jpeg\" \/>\n<meta name=\"author\" content=\"aramon\" \/>\n<meta name=\"twitter:card\" content=\"summary_large_image\" \/>\n<meta name=\"twitter:label1\" content=\"Escrito por\" \/>\n\t<meta name=\"twitter:data1\" content=\"aramon\" \/>\n\t<meta name=\"twitter:label2\" content=\"Tiempo de lectura\" \/>\n\t<meta name=\"twitter:data2\" content=\"4 minutos\" \/>\n<script type=\"application\/ld+json\" class=\"yoast-schema-graph\">{\"@context\":\"https:\/\/schema.org\",\"@graph\":[{\"@type\":\"WebPage\",\"@id\":\"https:\/\/www.aramon.com\/blog\/setas-en-el-pirineo-aragones-y-la-sierra-de-gudar\/\",\"url\":\"https:\/\/www.aramon.com\/blog\/setas-en-el-pirineo-aragones-y-la-sierra-de-gudar\/\",\"name\":\"Setas en el Pirineo Aragon\u00e9s y la Sierra de G\u00fadar - Blog Oficial del Grupo ARAM\u00d3N\",\"isPartOf\":{\"@id\":\"https:\/\/www.aramon.com\/blog\/#website\"},\"primaryImageOfPage\":{\"@id\":\"https:\/\/www.aramon.com\/blog\/setas-en-el-pirineo-aragones-y-la-sierra-de-gudar\/#primaryimage\"},\"image\":{\"@id\":\"https:\/\/www.aramon.com\/blog\/setas-en-el-pirineo-aragones-y-la-sierra-de-gudar\/#primaryimage\"},\"thumbnailUrl\":\"https:\/\/www.aramon.com\/blog\/wp-content\/uploads\/2023\/08\/mushrooms-5683658_1280.jpg\",\"datePublished\":\"2023-09-19T07:58:00+00:00\",\"dateModified\":\"2023-10-20T06:42:51+00:00\",\"author\":{\"@id\":\"https:\/\/www.aramon.com\/blog\/#\/schema\/person\/9429ffb451d657ab98f0ca1b364eeef3\"},\"description\":\"Setas en el Pirineo Aragon\u00e9s y la Sierra de G\u00fadar. La temporada micol\u00f3gica ofrece una rica diversidad micol\u00f3gica.\",\"inLanguage\":\"es\",\"potentialAction\":[{\"@type\":\"ReadAction\",\"target\":[\"https:\/\/www.aramon.com\/blog\/setas-en-el-pirineo-aragones-y-la-sierra-de-gudar\/\"]}]},{\"@type\":\"ImageObject\",\"inLanguage\":\"es\",\"@id\":\"https:\/\/www.aramon.com\/blog\/setas-en-el-pirineo-aragones-y-la-sierra-de-gudar\/#primaryimage\",\"url\":\"https:\/\/www.aramon.com\/blog\/wp-content\/uploads\/2023\/08\/mushrooms-5683658_1280.jpg\",\"contentUrl\":\"https:\/\/www.aramon.com\/blog\/wp-content\/uploads\/2023\/08\/mushrooms-5683658_1280.jpg\",\"width\":1280,\"height\":854},{\"@type\":\"WebSite\",\"@id\":\"https:\/\/www.aramon.com\/blog\/#website\",\"url\":\"https:\/\/www.aramon.com\/blog\/\",\"name\":\"Blog Oficial del Grupo ARAM\u00d3N\",\"description\":\"Blog Oficial del Grupo Aram\u00f3n sobre estaciones de esqu\u00ed, monta\u00f1ismo, deportes de aventura y m\u00e1s en Arag\u00f3n.\",\"potentialAction\":[{\"@type\":\"SearchAction\",\"target\":{\"@type\":\"EntryPoint\",\"urlTemplate\":\"https:\/\/www.aramon.com\/blog\/?s={search_term_string}\"},\"query-input\":\"required name=search_term_string\"}],\"inLanguage\":\"es\"},{\"@type\":\"Person\",\"@id\":\"https:\/\/www.aramon.com\/blog\/#\/schema\/person\/9429ffb451d657ab98f0ca1b364eeef3\",\"name\":\"aramon\",\"image\":{\"@type\":\"ImageObject\",\"inLanguage\":\"es\",\"@id\":\"https:\/\/www.aramon.com\/blog\/#\/schema\/person\/image\/\",\"url\":\"https:\/\/secure.gravatar.com\/avatar\/d5fd0ede392e1af0e414b87f7568b4d5?s=96&d=mm&r=g\",\"contentUrl\":\"https:\/\/secure.gravatar.com\/avatar\/d5fd0ede392e1af0e414b87f7568b4d5?s=96&d=mm&r=g\",\"caption\":\"aramon\"},\"url\":\"https:\/\/www.aramon.com\/blog\/author\/aramon\/\"}]}<\/script>\n<!-- \/ Yoast SEO plugin. -->","yoast_head_json":{"title":"Setas en el Pirineo Aragon\u00e9s y la Sierra de G\u00fadar - Blog Oficial del Grupo ARAM\u00d3N","description":"Setas en el Pirineo Aragon\u00e9s y la Sierra de G\u00fadar. La temporada micol\u00f3gica ofrece una rica diversidad micol\u00f3gica.","robots":{"index":"index","follow":"follow","max-snippet":"max-snippet:-1","max-image-preview":"max-image-preview:large","max-video-preview":"max-video-preview:-1"},"canonical":"https:\/\/www.aramon.com\/blog\/setas-en-el-pirineo-aragones-y-la-sierra-de-gudar\/","og_locale":"es_ES","og_type":"article","og_title":"Setas en el Pirineo Aragon\u00e9s y la Sierra de G\u00fadar - Blog Oficial del Grupo ARAM\u00d3N","og_description":"Setas en el Pirineo Aragon\u00e9s y la Sierra de G\u00fadar. La temporada micol\u00f3gica ofrece una rica diversidad micol\u00f3gica.","og_url":"https:\/\/www.aramon.com\/blog\/setas-en-el-pirineo-aragones-y-la-sierra-de-gudar\/","og_site_name":"Blog Oficial del Grupo ARAM\u00d3N","article_published_time":"2023-09-19T07:58:00+00:00","article_modified_time":"2023-10-20T06:42:51+00:00","og_image":[{"width":1280,"height":854,"url":"https:\/\/www.aramon.com\/blog\/wp-content\/uploads\/2023\/08\/mushrooms-5683658_1280.jpg","type":"image\/jpeg"}],"author":"aramon","twitter_card":"summary_large_image","twitter_misc":{"Escrito por":"aramon","Tiempo de lectura":"4 minutos"},"schema":{"@context":"https:\/\/schema.org","@graph":[{"@type":"WebPage","@id":"https:\/\/www.aramon.com\/blog\/setas-en-el-pirineo-aragones-y-la-sierra-de-gudar\/","url":"https:\/\/www.aramon.com\/blog\/setas-en-el-pirineo-aragones-y-la-sierra-de-gudar\/","name":"Setas en el Pirineo Aragon\u00e9s y la Sierra de G\u00fadar - Blog Oficial del Grupo ARAM\u00d3N","isPartOf":{"@id":"https:\/\/www.aramon.com\/blog\/#website"},"primaryImageOfPage":{"@id":"https:\/\/www.aramon.com\/blog\/setas-en-el-pirineo-aragones-y-la-sierra-de-gudar\/#primaryimage"},"image":{"@id":"https:\/\/www.aramon.com\/blog\/setas-en-el-pirineo-aragones-y-la-sierra-de-gudar\/#primaryimage"},"thumbnailUrl":"https:\/\/www.aramon.com\/blog\/wp-content\/uploads\/2023\/08\/mushrooms-5683658_1280.jpg","datePublished":"2023-09-19T07:58:00+00:00","dateModified":"2023-10-20T06:42:51+00:00","author":{"@id":"https:\/\/www.aramon.com\/blog\/#\/schema\/person\/9429ffb451d657ab98f0ca1b364eeef3"},"description":"Setas en el Pirineo Aragon\u00e9s y la Sierra de G\u00fadar. La temporada micol\u00f3gica ofrece una rica diversidad micol\u00f3gica.","inLanguage":"es","potentialAction":[{"@type":"ReadAction","target":["https:\/\/www.aramon.com\/blog\/setas-en-el-pirineo-aragones-y-la-sierra-de-gudar\/"]}]},{"@type":"ImageObject","inLanguage":"es","@id":"https:\/\/www.aramon.com\/blog\/setas-en-el-pirineo-aragones-y-la-sierra-de-gudar\/#primaryimage","url":"https:\/\/www.aramon.com\/blog\/wp-content\/uploads\/2023\/08\/mushrooms-5683658_1280.jpg","contentUrl":"https:\/\/www.aramon.com\/blog\/wp-content\/uploads\/2023\/08\/mushrooms-5683658_1280.jpg","width":1280,"height":854},{"@type":"WebSite","@id":"https:\/\/www.aramon.com\/blog\/#website","url":"https:\/\/www.aramon.com\/blog\/","name":"Blog Oficial del Grupo ARAM\u00d3N","description":"Blog Oficial del Grupo Aram\u00f3n sobre estaciones de esqu\u00ed, monta\u00f1ismo, deportes de aventura y m\u00e1s en Arag\u00f3n.","potentialAction":[{"@type":"SearchAction","target":{"@type":"EntryPoint","urlTemplate":"https:\/\/www.aramon.com\/blog\/?s={search_term_string}"},"query-input":"required name=search_term_string"}],"inLanguage":"es"},{"@type":"Person","@id":"https:\/\/www.aramon.com\/blog\/#\/schema\/person\/9429ffb451d657ab98f0ca1b364eeef3","name":"aramon","image":{"@type":"ImageObject","inLanguage":"es","@id":"https:\/\/www.aramon.com\/blog\/#\/schema\/person\/image\/","url":"https:\/\/secure.gravatar.com\/avatar\/d5fd0ede392e1af0e414b87f7568b4d5?s=96&d=mm&r=g","contentUrl":"https:\/\/secure.gravatar.com\/avatar\/d5fd0ede392e1af0e414b87f7568b4d5?s=96&d=mm&r=g","caption":"aramon"},"url":"https:\/\/www.aramon.com\/blog\/author\/aramon\/"}]}},"_links":{"self":[{"href":"https:\/\/www.aramon.com\/blog\/wp-json\/wp\/v2\/posts\/18377"}],"collection":[{"href":"https:\/\/www.aramon.com\/blog\/wp-json\/wp\/v2\/posts"}],"about":[{"href":"https:\/\/www.aramon.com\/blog\/wp-json\/wp\/v2\/types\/post"}],"author":[{"embeddable":true,"href":"https:\/\/www.aramon.com\/blog\/wp-json\/wp\/v2\/users\/2"}],"replies":[{"embeddable":true,"href":"https:\/\/www.aramon.com\/blog\/wp-json\/wp\/v2\/comments?post=18377"}],"version-history":[{"count":19,"href":"https:\/\/www.aramon.com\/blog\/wp-json\/wp\/v2\/posts\/18377\/revisions"}],"predecessor-version":[{"id":18487,"href":"https:\/\/www.aramon.com\/blog\/wp-json\/wp\/v2\/posts\/18377\/revisions\/18487"}],"wp:featuredmedia":[{"embeddable":true,"href":"https:\/\/www.aramon.com\/blog\/wp-json\/wp\/v2\/media\/18392"}],"wp:attachment":[{"href":"https:\/\/www.aramon.com\/blog\/wp-json\/wp\/v2\/media?parent=18377"}],"wp:term":[{"taxonomy":"category","embeddable":true,"href":"https:\/\/www.aramon.com\/blog\/wp-json\/wp\/v2\/categories?post=18377"},{"taxonomy":"post_tag","embeddable":true,"href":"https:\/\/www.aramon.com\/blog\/wp-json\/wp\/v2\/tags?post=18377"}],"curies":[{"name":"wp","href":"https:\/\/api.w.org\/{rel}","templated":true}]}}