{"id":18386,"date":"2023-10-02T07:59:00","date_gmt":"2023-10-02T07:59:00","guid":{"rendered":"https:\/\/www.aramon.com\/blog\/?p=18386"},"modified":"2023-10-05T11:56:42","modified_gmt":"2023-10-05T11:56:42","slug":"ultimos-dias-del-plan-early-booking","status":"publish","type":"post","link":"https:\/\/www.aramon.com\/blog\/ultimos-dias-del-plan-early-booking\/","title":{"rendered":"\u00a1\u00daltimo d\u00eda para conseguir tu abono con el Plan Early Booking!"},"content":{"rendered":"\n<h2 class=\"wp-block-heading\">Esqu\u00eda sin l\u00edmites en las 6 estaciones aragonesas<\/h2>\n\n\n\n<p>Con el Abono de Temporada 23-24, tendr\u00e1s acceso ilimitado a los m\u00e1s de <strong>390 kil\u00f3metros de pistas<\/strong> que ofrecen las estaciones de Formigal-Panticosa, Cerler, Ast\u00fan, Candanchu, Javalambre y Valdelinares. \u00a1La diversi\u00f3n y la emoci\u00f3n est\u00e1n garantizadas!<\/p>\n\n\n\n<div class=\"wp-block-buttons is-content-justification-center is-layout-flex wp-block-buttons-is-layout-flex\">\n<div class=\"wp-block-button\"><a class=\"wp-block-button__link has-black-background-color has-background\" href=\"https:\/\/www.aramon.com\/comprar-forfait-temporada-aramon.html\">Abono Temporada SKI PIRINEOS<\/a><\/div>\n<\/div>\n\n\n\n<h2 class=\"wp-block-heading\"><br>Aprovecha el descuento del 25%<\/h2>\n\n\n\n<p>Solamente disponible hasta el 5 de octubre. Asegura tu abono de temporada con un incre\u00edble descuento del 25%, a un precio de 839\u20ac. Pero eso no es todo, si eres una familia de cuatro miembros o una familia numerosa, puedes adquirirlo a un precio especial de 799\u20ac durante este mismo per\u00edodo. Despu\u00e9s del 5 de octubre y hasta el 23 de noviembre, podr\u00e1s obtener tu abono por 939\u20ac con el Plan Anticipaci\u00f3n, o si eres parte de una familia, por 899\u20ac. <strong>Esta es tu oportunidad de anticipar tus aventuras en la nieve.<\/strong> <\/p>\n\n\n\n<h2 class=\"wp-block-heading\">Abonos para todas las edades<\/h2>\n\n\n\n<p>Todas las edades son bienvenidas. El <strong>Abono Infantil<\/strong> est\u00e1 disponible por solo 671\u20ac, y los \u00absuperveteranos\u00bb que a\u00fan disfrutan del esqu\u00ed pueden obtener su abono por tan solo 99\u20ac. Adem\u00e1s, para aquellos que solo pueden esquiar entre semana, el Abono Laborales tiene un precio especial de 569\u20ac. Y para hacerlo a\u00fan m\u00e1s accesible, ofrecemos la opci\u00f3n de <strong>fraccionar el pago<\/strong> en hasta 8 meses, por solo 98\u20ac al mes. Pero eso no es todo, si eres cliente de Ibercaja, \u00a1puedes financiar tu compra de forma gratuita en 12 meses!<\/p>\n\n\n\n<h2 class=\"wp-block-heading\">Oferta exclusiva para Javalambre y Valdelinares<\/h2>\n\n\n\n<p>Con el Plan Early Booking, hasta el 5 de octubre, puedes obtener tu Abono de Temporada exclusivo para estas estaciones por tan solo 325\u20ac. Y como si fuera poco, con este abono, tambi\u00e9n tendr\u00e1s <strong>acceso para esquiar dos d\u00edas <\/strong>en las estaciones de <strong>Cerler o Formigal-Panticosa<\/strong>. \u00a1Una oportunidad \u00fanica que no puedes dejar pasar!<\/p>\n\n\n\n<div class=\"wp-block-buttons is-content-justification-center is-layout-flex wp-block-buttons-is-layout-flex\">\n<div class=\"wp-block-button\"><a class=\"wp-block-button__link has-black-background-color has-background\" href=\"https:\/\/www.javalambre-valdelinares.com\/comprar-forfait-temporada-javalambre-valdelinares.html\">Abono Temporada JAVALAMBRE-VALDELINARES<\/a><\/div>\n<\/div>\n\n\n\n<p><br>El invierno est\u00e1 a punto de llegar,<strong> <\/strong>aprovecha estos<strong> \u00faltimos d\u00edas <\/strong>para obtener tu<strong> Abono de Temporada 23-24 con el Plan Early Booking<\/strong> <strong>al mejor precio<\/strong> y prep\u00e1rate para vivir la m\u00e1xima emoci\u00f3n. No dejes que esta oportunidad \u00fanica se escape.<strong> \u00a1Hazte con tu abono ahora mismo y empieza a contar los d\u00edas para disfrutar del esqu\u00ed como nunca antes!<\/strong><br><br>Tic, tac, tic, tac&#8230;.<\/p>\n","protected":false},"excerpt":{"rendered":"<p>El reloj est\u00e1 corriendo y quedan solamente unos d\u00edas para aprovechar al m\u00e1ximo el Plan Early Booking<\/p>\n","protected":false},"author":2,"featured_media":18580,"comment_status":"closed","ping_status":"closed","sticky":false,"template":"","format":"standard","meta":{"_acf_changed":false,"footnotes":""},"categories":[1,303,307,308],"tags":[],"acf":[],"yoast_head":"<!-- This site is optimized with the Yoast SEO plugin v22.5 - https:\/\/yoast.com\/wordpress\/plugins\/seo\/ -->\n<title>\u00a1\u00daltimo d\u00eda para conseguir tu abono con el Plan Early Booking! - Blog Oficial del Grupo ARAM\u00d3N<\/title>\n<meta name=\"description\" content=\"\u00a1\u00daltimas 2 Semanas del Plan Early Booking para tu Abono de Temporada! Tendr\u00e1s acceso ilimitado a los m\u00e1s de 390 kil\u00f3metros de pistas.\" \/>\n<meta name=\"robots\" content=\"index, follow, max-snippet:-1, max-image-preview:large, max-video-preview:-1\" \/>\n<link rel=\"canonical\" href=\"https:\/\/www.aramon.com\/blog\/ultimos-dias-del-plan-early-booking\/\" \/>\n<meta property=\"og:locale\" content=\"es_ES\" \/>\n<meta property=\"og:type\" content=\"article\" \/>\n<meta property=\"og:title\" content=\"\u00a1\u00daltimo d\u00eda para conseguir tu abono con el Plan Early Booking! - Blog Oficial del Grupo ARAM\u00d3N\" \/>\n<meta property=\"og:description\" content=\"\u00a1\u00daltimas 2 Semanas del Plan Early Booking para tu Abono de Temporada! Tendr\u00e1s acceso ilimitado a los m\u00e1s de 390 kil\u00f3metros de pistas.\" \/>\n<meta property=\"og:url\" content=\"https:\/\/www.aramon.com\/blog\/ultimos-dias-del-plan-early-booking\/\" \/>\n<meta property=\"og:site_name\" content=\"Blog Oficial del Grupo ARAM\u00d3N\" \/>\n<meta property=\"article:published_time\" content=\"2023-10-02T07:59:00+00:00\" \/>\n<meta property=\"article:modified_time\" content=\"2023-10-05T11:56:42+00:00\" \/>\n<meta property=\"og:image\" content=\"https:\/\/www.aramon.com\/blog\/wp-content\/uploads\/2023\/10\/cerler-11-scaled.jpg\" \/>\n\t<meta property=\"og:image:width\" content=\"2560\" \/>\n\t<meta property=\"og:image:height\" content=\"1707\" \/>\n\t<meta property=\"og:image:type\" content=\"image\/jpeg\" \/>\n<meta name=\"author\" content=\"aramon\" \/>\n<meta name=\"twitter:card\" content=\"summary_large_image\" \/>\n<meta name=\"twitter:label1\" content=\"Escrito por\" \/>\n\t<meta name=\"twitter:data1\" content=\"aramon\" \/>\n\t<meta name=\"twitter:label2\" content=\"Tiempo de lectura\" \/>\n\t<meta name=\"twitter:data2\" content=\"2 minutos\" \/>\n<script type=\"application\/ld+json\" class=\"yoast-schema-graph\">{\"@context\":\"https:\/\/schema.org\",\"@graph\":[{\"@type\":\"WebPage\",\"@id\":\"https:\/\/www.aramon.com\/blog\/ultimos-dias-del-plan-early-booking\/\",\"url\":\"https:\/\/www.aramon.com\/blog\/ultimos-dias-del-plan-early-booking\/\",\"name\":\"\u00a1\u00daltimo d\u00eda para conseguir tu abono con el Plan Early Booking! - Blog Oficial del Grupo ARAM\u00d3N\",\"isPartOf\":{\"@id\":\"https:\/\/www.aramon.com\/blog\/#website\"},\"primaryImageOfPage\":{\"@id\":\"https:\/\/www.aramon.com\/blog\/ultimos-dias-del-plan-early-booking\/#primaryimage\"},\"image\":{\"@id\":\"https:\/\/www.aramon.com\/blog\/ultimos-dias-del-plan-early-booking\/#primaryimage\"},\"thumbnailUrl\":\"https:\/\/www.aramon.com\/blog\/wp-content\/uploads\/2023\/10\/cerler-11-scaled.jpg\",\"datePublished\":\"2023-10-02T07:59:00+00:00\",\"dateModified\":\"2023-10-05T11:56:42+00:00\",\"author\":{\"@id\":\"https:\/\/www.aramon.com\/blog\/#\/schema\/person\/9429ffb451d657ab98f0ca1b364eeef3\"},\"description\":\"\u00a1\u00daltimas 2 Semanas del Plan Early Booking para tu Abono de Temporada! Tendr\u00e1s acceso ilimitado a los m\u00e1s de 390 kil\u00f3metros de pistas.\",\"inLanguage\":\"es\",\"potentialAction\":[{\"@type\":\"ReadAction\",\"target\":[\"https:\/\/www.aramon.com\/blog\/ultimos-dias-del-plan-early-booking\/\"]}]},{\"@type\":\"ImageObject\",\"inLanguage\":\"es\",\"@id\":\"https:\/\/www.aramon.com\/blog\/ultimos-dias-del-plan-early-booking\/#primaryimage\",\"url\":\"https:\/\/www.aramon.com\/blog\/wp-content\/uploads\/2023\/10\/cerler-11-scaled.jpg\",\"contentUrl\":\"https:\/\/www.aramon.com\/blog\/wp-content\/uploads\/2023\/10\/cerler-11-scaled.jpg\",\"width\":2560,\"height\":1707},{\"@type\":\"WebSite\",\"@id\":\"https:\/\/www.aramon.com\/blog\/#website\",\"url\":\"https:\/\/www.aramon.com\/blog\/\",\"name\":\"Blog Oficial del Grupo ARAM\u00d3N\",\"description\":\"Blog Oficial del Grupo Aram\u00f3n sobre estaciones de esqu\u00ed, monta\u00f1ismo, deportes de aventura y m\u00e1s en Arag\u00f3n.\",\"potentialAction\":[{\"@type\":\"SearchAction\",\"target\":{\"@type\":\"EntryPoint\",\"urlTemplate\":\"https:\/\/www.aramon.com\/blog\/?s={search_term_string}\"},\"query-input\":\"required name=search_term_string\"}],\"inLanguage\":\"es\"},{\"@type\":\"Person\",\"@id\":\"https:\/\/www.aramon.com\/blog\/#\/schema\/person\/9429ffb451d657ab98f0ca1b364eeef3\",\"name\":\"aramon\",\"image\":{\"@type\":\"ImageObject\",\"inLanguage\":\"es\",\"@id\":\"https:\/\/www.aramon.com\/blog\/#\/schema\/person\/image\/\",\"url\":\"https:\/\/secure.gravatar.com\/avatar\/d5fd0ede392e1af0e414b87f7568b4d5?s=96&d=mm&r=g\",\"contentUrl\":\"https:\/\/secure.gravatar.com\/avatar\/d5fd0ede392e1af0e414b87f7568b4d5?s=96&d=mm&r=g\",\"caption\":\"aramon\"},\"url\":\"https:\/\/www.aramon.com\/blog\/author\/aramon\/\"}]}<\/script>\n<!-- \/ Yoast SEO plugin. -->","yoast_head_json":{"title":"\u00a1\u00daltimo d\u00eda para conseguir tu abono con el Plan Early Booking! - Blog Oficial del Grupo ARAM\u00d3N","description":"\u00a1\u00daltimas 2 Semanas del Plan Early Booking para tu Abono de Temporada! Tendr\u00e1s acceso ilimitado a los m\u00e1s de 390 kil\u00f3metros de pistas.","robots":{"index":"index","follow":"follow","max-snippet":"max-snippet:-1","max-image-preview":"max-image-preview:large","max-video-preview":"max-video-preview:-1"},"canonical":"https:\/\/www.aramon.com\/blog\/ultimos-dias-del-plan-early-booking\/","og_locale":"es_ES","og_type":"article","og_title":"\u00a1\u00daltimo d\u00eda para conseguir tu abono con el Plan Early Booking! - Blog Oficial del Grupo ARAM\u00d3N","og_description":"\u00a1\u00daltimas 2 Semanas del Plan Early Booking para tu Abono de Temporada! Tendr\u00e1s acceso ilimitado a los m\u00e1s de 390 kil\u00f3metros de pistas.","og_url":"https:\/\/www.aramon.com\/blog\/ultimos-dias-del-plan-early-booking\/","og_site_name":"Blog Oficial del Grupo ARAM\u00d3N","article_published_time":"2023-10-02T07:59:00+00:00","article_modified_time":"2023-10-05T11:56:42+00:00","og_image":[{"width":2560,"height":1707,"url":"https:\/\/www.aramon.com\/blog\/wp-content\/uploads\/2023\/10\/cerler-11-scaled.jpg","type":"image\/jpeg"}],"author":"aramon","twitter_card":"summary_large_image","twitter_misc":{"Escrito por":"aramon","Tiempo de lectura":"2 minutos"},"schema":{"@context":"https:\/\/schema.org","@graph":[{"@type":"WebPage","@id":"https:\/\/www.aramon.com\/blog\/ultimos-dias-del-plan-early-booking\/","url":"https:\/\/www.aramon.com\/blog\/ultimos-dias-del-plan-early-booking\/","name":"\u00a1\u00daltimo d\u00eda para conseguir tu abono con el Plan Early Booking! - Blog Oficial del Grupo ARAM\u00d3N","isPartOf":{"@id":"https:\/\/www.aramon.com\/blog\/#website"},"primaryImageOfPage":{"@id":"https:\/\/www.aramon.com\/blog\/ultimos-dias-del-plan-early-booking\/#primaryimage"},"image":{"@id":"https:\/\/www.aramon.com\/blog\/ultimos-dias-del-plan-early-booking\/#primaryimage"},"thumbnailUrl":"https:\/\/www.aramon.com\/blog\/wp-content\/uploads\/2023\/10\/cerler-11-scaled.jpg","datePublished":"2023-10-02T07:59:00+00:00","dateModified":"2023-10-05T11:56:42+00:00","author":{"@id":"https:\/\/www.aramon.com\/blog\/#\/schema\/person\/9429ffb451d657ab98f0ca1b364eeef3"},"description":"\u00a1\u00daltimas 2 Semanas del Plan Early Booking para tu Abono de Temporada! Tendr\u00e1s acceso ilimitado a los m\u00e1s de 390 kil\u00f3metros de pistas.","inLanguage":"es","potentialAction":[{"@type":"ReadAction","target":["https:\/\/www.aramon.com\/blog\/ultimos-dias-del-plan-early-booking\/"]}]},{"@type":"ImageObject","inLanguage":"es","@id":"https:\/\/www.aramon.com\/blog\/ultimos-dias-del-plan-early-booking\/#primaryimage","url":"https:\/\/www.aramon.com\/blog\/wp-content\/uploads\/2023\/10\/cerler-11-scaled.jpg","contentUrl":"https:\/\/www.aramon.com\/blog\/wp-content\/uploads\/2023\/10\/cerler-11-scaled.jpg","width":2560,"height":1707},{"@type":"WebSite","@id":"https:\/\/www.aramon.com\/blog\/#website","url":"https:\/\/www.aramon.com\/blog\/","name":"Blog Oficial del Grupo ARAM\u00d3N","description":"Blog Oficial del Grupo Aram\u00f3n sobre estaciones de esqu\u00ed, monta\u00f1ismo, deportes de aventura y m\u00e1s en Arag\u00f3n.","potentialAction":[{"@type":"SearchAction","target":{"@type":"EntryPoint","urlTemplate":"https:\/\/www.aramon.com\/blog\/?s={search_term_string}"},"query-input":"required name=search_term_string"}],"inLanguage":"es"},{"@type":"Person","@id":"https:\/\/www.aramon.com\/blog\/#\/schema\/person\/9429ffb451d657ab98f0ca1b364eeef3","name":"aramon","image":{"@type":"ImageObject","inLanguage":"es","@id":"https:\/\/www.aramon.com\/blog\/#\/schema\/person\/image\/","url":"https:\/\/secure.gravatar.com\/avatar\/d5fd0ede392e1af0e414b87f7568b4d5?s=96&d=mm&r=g","contentUrl":"https:\/\/secure.gravatar.com\/avatar\/d5fd0ede392e1af0e414b87f7568b4d5?s=96&d=mm&r=g","caption":"aramon"},"url":"https:\/\/www.aramon.com\/blog\/author\/aramon\/"}]}},"_links":{"self":[{"href":"https:\/\/www.aramon.com\/blog\/wp-json\/wp\/v2\/posts\/18386"}],"collection":[{"href":"https:\/\/www.aramon.com\/blog\/wp-json\/wp\/v2\/posts"}],"about":[{"href":"https:\/\/www.aramon.com\/blog\/wp-json\/wp\/v2\/types\/post"}],"author":[{"embeddable":true,"href":"https:\/\/www.aramon.com\/blog\/wp-json\/wp\/v2\/users\/2"}],"replies":[{"embeddable":true,"href":"https:\/\/www.aramon.com\/blog\/wp-json\/wp\/v2\/comments?post=18386"}],"version-history":[{"count":26,"href":"https:\/\/www.aramon.com\/blog\/wp-json\/wp\/v2\/posts\/18386\/revisions"}],"predecessor-version":[{"id":18595,"href":"https:\/\/www.aramon.com\/blog\/wp-json\/wp\/v2\/posts\/18386\/revisions\/18595"}],"wp:featuredmedia":[{"embeddable":true,"href":"https:\/\/www.aramon.com\/blog\/wp-json\/wp\/v2\/media\/18580"}],"wp:attachment":[{"href":"https:\/\/www.aramon.com\/blog\/wp-json\/wp\/v2\/media?parent=18386"}],"wp:term":[{"taxonomy":"category","embeddable":true,"href":"https:\/\/www.aramon.com\/blog\/wp-json\/wp\/v2\/categories?post=18386"},{"taxonomy":"post_tag","embeddable":true,"href":"https:\/\/www.aramon.com\/blog\/wp-json\/wp\/v2\/tags?post=18386"}],"curies":[{"name":"wp","href":"https:\/\/api.w.org\/{rel}","templated":true}]}}