{"id":18449,"date":"2023-10-04T06:17:00","date_gmt":"2023-10-04T06:17:00","guid":{"rendered":"https:\/\/www.aramon.com\/blog\/?p=18449"},"modified":"2024-09-19T06:00:25","modified_gmt":"2024-09-19T06:00:25","slug":"preparacion-para-la-temporada-de-esqui-con-entrenamiento-fisico-especifico","status":"publish","type":"post","link":"https:\/\/www.aramon.com\/blog\/preparacion-para-la-temporada-de-esqui-con-entrenamiento-fisico-especifico\/","title":{"rendered":"Prep\u00e1rate para la temporada de esqu\u00ed con entrenamientosespec\u00edficos"},"content":{"rendered":"\n<p>Se acerca la temporada de invierno y con ella las ganas de esquiar. Despu\u00e9s de un largo per\u00edodo, es <strong>crucial ponerse en forma<\/strong> para aprovechar al m\u00e1ximo tus d\u00edas en la monta\u00f1a. Aqu\u00ed te proporcionamos una gu\u00eda de los tipos de entrenamiento f\u00edsico espec\u00edfico para esqu\u00ed, para que llegues a la nieve en plena forma y disfrutes con seguridad<strong>.<\/strong><\/p>\n\n\n\n<h2 class=\"wp-block-heading\">\u00bfCu\u00e1ndo deber\u00edas comenzar?<\/h2>\n\n\n\n<p>El punto de partida en tu preparaci\u00f3n f\u00edsica para el esqu\u00ed consiste en identificar la fecha de tu primer d\u00eda en las pistas. Nuestra sugerencia es iniciar este plan de ejercicios con un m\u00ednimo de ocho a diez semanas de antelaci\u00f3n a ese d\u00eda. Este per\u00edodo te proporcionar\u00e1 el tiempo necesario para <strong>fortalecer los grupos musculares<\/strong> <strong>esenciales<\/strong> y aumentar tu resistencia de manera efectiva.<\/p>\n\n\n\n<h2 class=\"wp-block-heading\">\u00bfQu\u00e9 tipo de ejercicios son m\u00e1s importantes?<\/h2>\n\n\n\n<p><strong>Mejorando equilibrio y coordinaci\u00f3n<\/strong><\/p>\n\n\n\n<p>El esqu\u00ed exige un dominio absoluto del equilibrio y la coordinaci\u00f3n. Para perfeccionar estas aptitudes, considera incorporar ejercicios espec\u00edficos en tu entrenamiento, como el equilibrio en una sola pierna, trabajar con una plataforma inestable como el bosu, o practicar ejercicios de coordinaci\u00f3n, como saltos en zigzag.<\/p>\n\n\n\n<p><strong>Fuerza y potencia muscular<\/strong><\/p>\n\n\n\n<p>Los m\u00fasculos de las piernas desempe\u00f1an un papel fundamental en el esqu\u00ed, destac\u00e1ndose los cu\u00e1driceps, isquiotibiales y gl\u00fateos. Aqu\u00ed tienes algunos ejercicios espec\u00edficos para fortalecerlos.<br><br><strong><em>Sentadillas<\/em>:<\/strong> Este ejercicio fortalece los cu\u00e1driceps y gl\u00fateos. Mant\u00e9n la espalda recta y los pies alineados con los hombros mientras te agachas.<\/p>\n\n\n\n<p><strong><em>Zancadas<\/em>:<\/strong> Trabaja los cu\u00e1driceps e isquiotibiales. Da un paso adelante manteniendo la rodilla detr\u00e1s de los dedos de los pies y alterna las piernas.<\/p>\n\n\n\n<p><strong><em>Extensiones de tibial anterior<\/em>:<\/strong> Fortalece los m\u00fasculos de la espinilla, cruciales para el control del tobillo durante el esqu\u00ed.<\/p>\n\n\n\n<p><strong>Mejorando la resistencia muscular<\/strong><\/p>\n\n\n\n<p>Dado que el esqu\u00ed puede agotar, es vital desarrollar resistencia muscular. Ejercicios como el ciclismo, la carrera, la nataci\u00f3n o el uso de m\u00e1quinas el\u00edpticas son ideales para mejorar tu resistencia cardiovascular. Combinar estos ejercicios con el entrenamiento de fuerza te dar\u00e1 los mejores resultados.<\/p>\n\n\n\n<p><strong>Fortaleciendo el Core<\/strong><\/p>\n\n\n\n<p>El n\u00facleo de tu cuerpo, que incluye los m\u00fasculos abdominales, es de gran importancia para mantener la estabilidad mientras esqu\u00edas. Los ejercicios de Core, como las planchas, abdominales y giros de torso, son esenciales para fortalecer esta zona.<\/p>\n\n\n\n<p><strong>No descuides el tren superior<\/strong><\/p>\n\n\n\n<p>El tren superior, que comprende los m\u00fasculos de la espalda, hombros, brazos y pecho, tambi\u00e9n contribuye significativamente al equilibrio y la estabilidad en el esqu\u00ed. No dejes de incluir ejercicios para fortalecer estos m\u00fasculos, como las flexiones y el curl de b\u00edceps, en tu rutina de entrenamiento.<\/p>\n\n\n\n<p>Recuerda que la clave para disfrutar al m\u00e1ximo de la temporada de esqu\u00ed es prepararte adecuadamente. <strong>Fortalecer tu cuerpo de manera equilibrada, desde las piernas hasta el tren superior, <\/strong>te permitir\u00e1 no solo enfrentar las monta\u00f1as con confianza, sino tambi\u00e9n reducir el riesgo de lesiones y maximizar tu diversi\u00f3n en la nieve.<\/p>\n","protected":false},"excerpt":{"rendered":"<p>Mejora tu rendimiento en el esqu\u00ed con ejercicios dise\u00f1ados para fortalecer tus m\u00fasculos clave.<\/p>\n","protected":false},"author":2,"featured_media":21244,"comment_status":"closed","ping_status":"closed","sticky":false,"template":"","format":"standard","meta":{"_acf_changed":false,"footnotes":""},"categories":[1,303,307,308],"tags":[],"acf":[],"yoast_head":"<!-- This site is optimized with the Yoast SEO plugin v22.5 - https:\/\/yoast.com\/wordpress\/plugins\/seo\/ -->\n<title>Prep\u00e1rate para la temporada de esqu\u00ed con entrenamientosespec\u00edficos - Blog Oficial del Grupo ARAM\u00d3N<\/title>\n<meta name=\"description\" content=\"\u00a1Preparaci\u00f3n para la temporada de esqu\u00ed con entrenamiento f\u00edsico espec\u00edfico! Fortalece el cuerpo para disfrutar y evitar lesiones.\" \/>\n<meta name=\"robots\" content=\"index, follow, max-snippet:-1, max-image-preview:large, max-video-preview:-1\" \/>\n<link rel=\"canonical\" href=\"https:\/\/www.aramon.com\/blog\/preparacion-para-la-temporada-de-esqui-con-entrenamiento-fisico-especifico\/\" \/>\n<meta property=\"og:locale\" content=\"es_ES\" \/>\n<meta property=\"og:type\" content=\"article\" \/>\n<meta property=\"og:title\" content=\"Prep\u00e1rate para la temporada de esqu\u00ed con entrenamientosespec\u00edficos - Blog Oficial del Grupo ARAM\u00d3N\" \/>\n<meta property=\"og:description\" content=\"\u00a1Preparaci\u00f3n para la temporada de esqu\u00ed con entrenamiento f\u00edsico espec\u00edfico! Fortalece el cuerpo para disfrutar y evitar lesiones.\" \/>\n<meta property=\"og:url\" content=\"https:\/\/www.aramon.com\/blog\/preparacion-para-la-temporada-de-esqui-con-entrenamiento-fisico-especifico\/\" \/>\n<meta property=\"og:site_name\" content=\"Blog Oficial del Grupo ARAM\u00d3N\" \/>\n<meta property=\"article:published_time\" content=\"2023-10-04T06:17:00+00:00\" \/>\n<meta property=\"article:modified_time\" content=\"2024-09-19T06:00:25+00:00\" \/>\n<meta property=\"og:image\" content=\"https:\/\/www.aramon.com\/blog\/wp-content\/uploads\/2023\/10\/Aramon_Pareja_8-scaled.jpg\" \/>\n\t<meta property=\"og:image:width\" content=\"2560\" \/>\n\t<meta property=\"og:image:height\" content=\"1707\" \/>\n\t<meta property=\"og:image:type\" content=\"image\/jpeg\" \/>\n<meta name=\"author\" content=\"aramon\" \/>\n<meta name=\"twitter:card\" content=\"summary_large_image\" \/>\n<meta name=\"twitter:label1\" content=\"Escrito por\" \/>\n\t<meta name=\"twitter:data1\" content=\"aramon\" \/>\n\t<meta name=\"twitter:label2\" content=\"Tiempo de lectura\" \/>\n\t<meta name=\"twitter:data2\" content=\"3 minutos\" \/>\n<script type=\"application\/ld+json\" class=\"yoast-schema-graph\">{\"@context\":\"https:\/\/schema.org\",\"@graph\":[{\"@type\":\"WebPage\",\"@id\":\"https:\/\/www.aramon.com\/blog\/preparacion-para-la-temporada-de-esqui-con-entrenamiento-fisico-especifico\/\",\"url\":\"https:\/\/www.aramon.com\/blog\/preparacion-para-la-temporada-de-esqui-con-entrenamiento-fisico-especifico\/\",\"name\":\"Prep\u00e1rate para la temporada de esqu\u00ed con entrenamientosespec\u00edficos - Blog Oficial del Grupo ARAM\u00d3N\",\"isPartOf\":{\"@id\":\"https:\/\/www.aramon.com\/blog\/#website\"},\"primaryImageOfPage\":{\"@id\":\"https:\/\/www.aramon.com\/blog\/preparacion-para-la-temporada-de-esqui-con-entrenamiento-fisico-especifico\/#primaryimage\"},\"image\":{\"@id\":\"https:\/\/www.aramon.com\/blog\/preparacion-para-la-temporada-de-esqui-con-entrenamiento-fisico-especifico\/#primaryimage\"},\"thumbnailUrl\":\"https:\/\/www.aramon.com\/blog\/wp-content\/uploads\/2023\/10\/Aramon_Pareja_8-scaled.jpg\",\"datePublished\":\"2023-10-04T06:17:00+00:00\",\"dateModified\":\"2024-09-19T06:00:25+00:00\",\"author\":{\"@id\":\"https:\/\/www.aramon.com\/blog\/#\/schema\/person\/9429ffb451d657ab98f0ca1b364eeef3\"},\"description\":\"\u00a1Preparaci\u00f3n para la temporada de esqu\u00ed con entrenamiento f\u00edsico espec\u00edfico! Fortalece el cuerpo para disfrutar y evitar lesiones.\",\"inLanguage\":\"es\",\"potentialAction\":[{\"@type\":\"ReadAction\",\"target\":[\"https:\/\/www.aramon.com\/blog\/preparacion-para-la-temporada-de-esqui-con-entrenamiento-fisico-especifico\/\"]}]},{\"@type\":\"ImageObject\",\"inLanguage\":\"es\",\"@id\":\"https:\/\/www.aramon.com\/blog\/preparacion-para-la-temporada-de-esqui-con-entrenamiento-fisico-especifico\/#primaryimage\",\"url\":\"https:\/\/www.aramon.com\/blog\/wp-content\/uploads\/2023\/10\/Aramon_Pareja_8-scaled.jpg\",\"contentUrl\":\"https:\/\/www.aramon.com\/blog\/wp-content\/uploads\/2023\/10\/Aramon_Pareja_8-scaled.jpg\",\"width\":2560,\"height\":1707},{\"@type\":\"WebSite\",\"@id\":\"https:\/\/www.aramon.com\/blog\/#website\",\"url\":\"https:\/\/www.aramon.com\/blog\/\",\"name\":\"Blog Oficial del Grupo ARAM\u00d3N\",\"description\":\"Blog Oficial del Grupo Aram\u00f3n sobre estaciones de esqu\u00ed, monta\u00f1ismo, deportes de aventura y m\u00e1s en Arag\u00f3n.\",\"potentialAction\":[{\"@type\":\"SearchAction\",\"target\":{\"@type\":\"EntryPoint\",\"urlTemplate\":\"https:\/\/www.aramon.com\/blog\/?s={search_term_string}\"},\"query-input\":\"required name=search_term_string\"}],\"inLanguage\":\"es\"},{\"@type\":\"Person\",\"@id\":\"https:\/\/www.aramon.com\/blog\/#\/schema\/person\/9429ffb451d657ab98f0ca1b364eeef3\",\"name\":\"aramon\",\"image\":{\"@type\":\"ImageObject\",\"inLanguage\":\"es\",\"@id\":\"https:\/\/www.aramon.com\/blog\/#\/schema\/person\/image\/\",\"url\":\"https:\/\/secure.gravatar.com\/avatar\/d5fd0ede392e1af0e414b87f7568b4d5?s=96&d=mm&r=g\",\"contentUrl\":\"https:\/\/secure.gravatar.com\/avatar\/d5fd0ede392e1af0e414b87f7568b4d5?s=96&d=mm&r=g\",\"caption\":\"aramon\"},\"url\":\"https:\/\/www.aramon.com\/blog\/author\/aramon\/\"}]}<\/script>\n<!-- \/ Yoast SEO plugin. -->","yoast_head_json":{"title":"Prep\u00e1rate para la temporada de esqu\u00ed con entrenamientosespec\u00edficos - Blog Oficial del Grupo ARAM\u00d3N","description":"\u00a1Preparaci\u00f3n para la temporada de esqu\u00ed con entrenamiento f\u00edsico espec\u00edfico! Fortalece el cuerpo para disfrutar y evitar lesiones.","robots":{"index":"index","follow":"follow","max-snippet":"max-snippet:-1","max-image-preview":"max-image-preview:large","max-video-preview":"max-video-preview:-1"},"canonical":"https:\/\/www.aramon.com\/blog\/preparacion-para-la-temporada-de-esqui-con-entrenamiento-fisico-especifico\/","og_locale":"es_ES","og_type":"article","og_title":"Prep\u00e1rate para la temporada de esqu\u00ed con entrenamientosespec\u00edficos - Blog Oficial del Grupo ARAM\u00d3N","og_description":"\u00a1Preparaci\u00f3n para la temporada de esqu\u00ed con entrenamiento f\u00edsico espec\u00edfico! Fortalece el cuerpo para disfrutar y evitar lesiones.","og_url":"https:\/\/www.aramon.com\/blog\/preparacion-para-la-temporada-de-esqui-con-entrenamiento-fisico-especifico\/","og_site_name":"Blog Oficial del Grupo ARAM\u00d3N","article_published_time":"2023-10-04T06:17:00+00:00","article_modified_time":"2024-09-19T06:00:25+00:00","og_image":[{"width":2560,"height":1707,"url":"https:\/\/www.aramon.com\/blog\/wp-content\/uploads\/2023\/10\/Aramon_Pareja_8-scaled.jpg","type":"image\/jpeg"}],"author":"aramon","twitter_card":"summary_large_image","twitter_misc":{"Escrito por":"aramon","Tiempo de lectura":"3 minutos"},"schema":{"@context":"https:\/\/schema.org","@graph":[{"@type":"WebPage","@id":"https:\/\/www.aramon.com\/blog\/preparacion-para-la-temporada-de-esqui-con-entrenamiento-fisico-especifico\/","url":"https:\/\/www.aramon.com\/blog\/preparacion-para-la-temporada-de-esqui-con-entrenamiento-fisico-especifico\/","name":"Prep\u00e1rate para la temporada de esqu\u00ed con entrenamientosespec\u00edficos - Blog Oficial del Grupo ARAM\u00d3N","isPartOf":{"@id":"https:\/\/www.aramon.com\/blog\/#website"},"primaryImageOfPage":{"@id":"https:\/\/www.aramon.com\/blog\/preparacion-para-la-temporada-de-esqui-con-entrenamiento-fisico-especifico\/#primaryimage"},"image":{"@id":"https:\/\/www.aramon.com\/blog\/preparacion-para-la-temporada-de-esqui-con-entrenamiento-fisico-especifico\/#primaryimage"},"thumbnailUrl":"https:\/\/www.aramon.com\/blog\/wp-content\/uploads\/2023\/10\/Aramon_Pareja_8-scaled.jpg","datePublished":"2023-10-04T06:17:00+00:00","dateModified":"2024-09-19T06:00:25+00:00","author":{"@id":"https:\/\/www.aramon.com\/blog\/#\/schema\/person\/9429ffb451d657ab98f0ca1b364eeef3"},"description":"\u00a1Preparaci\u00f3n para la temporada de esqu\u00ed con entrenamiento f\u00edsico espec\u00edfico! Fortalece el cuerpo para disfrutar y evitar lesiones.","inLanguage":"es","potentialAction":[{"@type":"ReadAction","target":["https:\/\/www.aramon.com\/blog\/preparacion-para-la-temporada-de-esqui-con-entrenamiento-fisico-especifico\/"]}]},{"@type":"ImageObject","inLanguage":"es","@id":"https:\/\/www.aramon.com\/blog\/preparacion-para-la-temporada-de-esqui-con-entrenamiento-fisico-especifico\/#primaryimage","url":"https:\/\/www.aramon.com\/blog\/wp-content\/uploads\/2023\/10\/Aramon_Pareja_8-scaled.jpg","contentUrl":"https:\/\/www.aramon.com\/blog\/wp-content\/uploads\/2023\/10\/Aramon_Pareja_8-scaled.jpg","width":2560,"height":1707},{"@type":"WebSite","@id":"https:\/\/www.aramon.com\/blog\/#website","url":"https:\/\/www.aramon.com\/blog\/","name":"Blog Oficial del Grupo ARAM\u00d3N","description":"Blog Oficial del Grupo Aram\u00f3n sobre estaciones de esqu\u00ed, monta\u00f1ismo, deportes de aventura y m\u00e1s en Arag\u00f3n.","potentialAction":[{"@type":"SearchAction","target":{"@type":"EntryPoint","urlTemplate":"https:\/\/www.aramon.com\/blog\/?s={search_term_string}"},"query-input":"required name=search_term_string"}],"inLanguage":"es"},{"@type":"Person","@id":"https:\/\/www.aramon.com\/blog\/#\/schema\/person\/9429ffb451d657ab98f0ca1b364eeef3","name":"aramon","image":{"@type":"ImageObject","inLanguage":"es","@id":"https:\/\/www.aramon.com\/blog\/#\/schema\/person\/image\/","url":"https:\/\/secure.gravatar.com\/avatar\/d5fd0ede392e1af0e414b87f7568b4d5?s=96&d=mm&r=g","contentUrl":"https:\/\/secure.gravatar.com\/avatar\/d5fd0ede392e1af0e414b87f7568b4d5?s=96&d=mm&r=g","caption":"aramon"},"url":"https:\/\/www.aramon.com\/blog\/author\/aramon\/"}]}},"_links":{"self":[{"href":"https:\/\/www.aramon.com\/blog\/wp-json\/wp\/v2\/posts\/18449"}],"collection":[{"href":"https:\/\/www.aramon.com\/blog\/wp-json\/wp\/v2\/posts"}],"about":[{"href":"https:\/\/www.aramon.com\/blog\/wp-json\/wp\/v2\/types\/post"}],"author":[{"embeddable":true,"href":"https:\/\/www.aramon.com\/blog\/wp-json\/wp\/v2\/users\/2"}],"replies":[{"embeddable":true,"href":"https:\/\/www.aramon.com\/blog\/wp-json\/wp\/v2\/comments?post=18449"}],"version-history":[{"count":12,"href":"https:\/\/www.aramon.com\/blog\/wp-json\/wp\/v2\/posts\/18449\/revisions"}],"predecessor-version":[{"id":21246,"href":"https:\/\/www.aramon.com\/blog\/wp-json\/wp\/v2\/posts\/18449\/revisions\/21246"}],"wp:featuredmedia":[{"embeddable":true,"href":"https:\/\/www.aramon.com\/blog\/wp-json\/wp\/v2\/media\/21244"}],"wp:attachment":[{"href":"https:\/\/www.aramon.com\/blog\/wp-json\/wp\/v2\/media?parent=18449"}],"wp:term":[{"taxonomy":"category","embeddable":true,"href":"https:\/\/www.aramon.com\/blog\/wp-json\/wp\/v2\/categories?post=18449"},{"taxonomy":"post_tag","embeddable":true,"href":"https:\/\/www.aramon.com\/blog\/wp-json\/wp\/v2\/tags?post=18449"}],"curies":[{"name":"wp","href":"https:\/\/api.w.org\/{rel}","templated":true}]}}