{"id":18461,"date":"2023-09-13T07:29:30","date_gmt":"2023-09-13T07:29:30","guid":{"rendered":"https:\/\/www.aramon.com\/blog\/?p=18461"},"modified":"2023-09-13T07:29:31","modified_gmt":"2023-09-13T07:29:31","slug":"septiembre-y-octubre-en-valle-de-tena-benasque-y-teruel-con-la-agencia-de-viajes-aramon","status":"publish","type":"post","link":"https:\/\/www.aramon.com\/blog\/septiembre-y-octubre-en-valle-de-tena-benasque-y-teruel-con-la-agencia-de-viajes-aramon\/","title":{"rendered":"Septiembre y octubre en Valle de Tena, Benasque y Teruel con la Agencia de Viajes Aram\u00f3n"},"content":{"rendered":"\n<p>El verano llega a su fin y, con la llega de septiembre y octubre, se abren nuevas oportunidades para seguir disfrutando de la naturaleza y actividades al aire libre en lugares tan incre\u00edbles como el Valle de Tena, Benasque y Teruel. Si est\u00e1s pensando en organizar una escapada para los \u00faltimos d\u00edas de septiembre o durante el mes de octubre, la <strong>Agencia de Viajes Aram\u00f3n<\/strong> tiene algunas propuestas para ti.<\/p>\n\n\n\n<h2 class=\"wp-block-heading\">Valle de Tena <\/h2>\n\n\n\n<p><strong>Trenes hasta octubre:<\/strong> Descubre Panticosa, Tramacastilla y Artouste a trav\u00e9s de inolvidables paseos en tren que te llevar\u00e1n a rincones de ensue\u00f1o.<\/p>\n\n\n\n<p><strong>Tirolinas de Hoz y Fiscal:<\/strong> Si buscas adrenalina, no te pierdas las tirolinas de Hoz y Fiscal, que te ofrecen emocionantes descensos con vistas panor\u00e1micas.<\/p>\n\n\n\n<p><strong>Grutas de Betharram:<\/strong> Explora las impresionantes grutas de Betharram y marav\u00edllate con sus formaciones subterr\u00e1neas.<\/p>\n\n\n\n<p><strong>Quads y buggys:<\/strong> Acelera tu aventura conduciendo Quads o Buggys a trav\u00e9s de los senderos del Valle de Tena.<\/p>\n\n\n\n<p><strong>Barrancos y ferratas:<\/strong> Los amantes de la escalada y la aventura pueden seguir disfrutando de barrancos y ferratas.<\/p>\n\n\n\n<p><strong>H\u00edpicas:<\/strong> Si te gusta montar a caballo, las h\u00edpicas del Valle de Tena te permitir\u00e1n explorar la belleza natural a caballo.<\/p>\n\n\n\n<p><strong>Rafting:<\/strong> En algunas fechas, como fines de semana, puedes disfrutar del emocionante rafting en aguas bravas.<\/p>\n\n\n\n<p><strong>Balneario:<\/strong> \u00bfNecesitas relajarte? Las termas son el lugar perfecto para descansar y rejuvenecer en medio de la naturaleza.<\/p>\n\n\n\n<h2 class=\"wp-block-heading\">Valle de Benaque <\/h2>\n\n\n\n<p><strong>H\u00edpica:<\/strong> Pasea a caballo por los hermosos paisajes de Benasque y disfruta de la tranquilidad de la monta\u00f1a.<\/p>\n\n\n\n<p><strong>Rafting y barrancos:<\/strong> Aprovecha las aguas emocionantes para practicar rafting y explorar los desafiantes barrancos.<\/p>\n\n\n\n<p><strong>Spa:<\/strong> Despu\u00e9s de un d\u00eda lleno de aventuras, rel\u00e1jate en un spa y d\u00e9jate mimar con tratamientos relajantes.<\/p>\n\n\n\n<h2 class=\"wp-block-heading\">Teruel <\/h2>\n\n\n\n<p><strong>Din\u00f3polis:<\/strong> Descubre el emocionante mundo de los dinosaurios en Din\u00f3polis, una experiencia educativa y emocionante para toda la familia.<\/p>\n\n\n\n<p><strong>Gal\u00e1ctica:<\/strong> Explora el espacio y las estrellas en Gal\u00e1ctica, una experiencia \u00fanica para los amantes de la astronom\u00eda.<\/p>\n\n\n\n<p><strong>Quads y e-bikes:<\/strong> Si buscas emociones en tierra firme, Teruel te ofrece la oportunidad de conducir quads y e-bikes por rutas emocionantes.<\/p>\n\n\n\n<p><\/p>\n\n\n\n<p>Reserva tu viaje con la <strong>Agencia de Viajes Aram\u00f3n<\/strong> <\/p>\n","protected":false},"excerpt":{"rendered":"<p>\u00a1Aprovecha los meses de septiembre y octubre en Valle de Tena, Benasque y Teruel para organizar tu viaje y  actividades para todas las edades con la Agencia de Viajes Aram\u00f3n!<\/p>\n","protected":false},"author":2,"featured_media":18464,"comment_status":"closed","ping_status":"closed","sticky":false,"template":"","format":"standard","meta":{"_acf_changed":false,"footnotes":""},"categories":[1,303,307,308],"tags":[],"acf":[],"yoast_head":"<!-- This site is optimized with the Yoast SEO plugin v22.5 - https:\/\/yoast.com\/wordpress\/plugins\/seo\/ -->\n<title>Septiembre y octubre en Valle de Tena, Benasque y Teruel con la Agencia de Viajes Aram\u00f3n - Blog Oficial del Grupo ARAM\u00d3N<\/title>\n<meta name=\"description\" content=\"\u00a1Disfruta de actividades para todas las edades en Valle de Tena, Benasque y Teruel con la Agencia de Viajes Aram\u00f3n!\" \/>\n<meta name=\"robots\" content=\"index, follow, max-snippet:-1, max-image-preview:large, max-video-preview:-1\" \/>\n<link rel=\"canonical\" href=\"https:\/\/www.aramon.com\/blog\/septiembre-y-octubre-en-valle-de-tena-benasque-y-teruel-con-la-agencia-de-viajes-aramon\/\" \/>\n<meta property=\"og:locale\" content=\"es_ES\" \/>\n<meta property=\"og:type\" content=\"article\" \/>\n<meta property=\"og:title\" content=\"Septiembre y octubre en Valle de Tena, Benasque y Teruel con la Agencia de Viajes Aram\u00f3n - Blog Oficial del Grupo ARAM\u00d3N\" \/>\n<meta property=\"og:description\" content=\"\u00a1Disfruta de actividades para todas las edades en Valle de Tena, Benasque y Teruel con la Agencia de Viajes Aram\u00f3n!\" \/>\n<meta property=\"og:url\" content=\"https:\/\/www.aramon.com\/blog\/septiembre-y-octubre-en-valle-de-tena-benasque-y-teruel-con-la-agencia-de-viajes-aramon\/\" \/>\n<meta property=\"og:site_name\" content=\"Blog Oficial del Grupo ARAM\u00d3N\" \/>\n<meta property=\"article:published_time\" content=\"2023-09-13T07:29:30+00:00\" \/>\n<meta property=\"article:modified_time\" content=\"2023-09-13T07:29:31+00:00\" \/>\n<meta property=\"og:image\" content=\"https:\/\/www.aramon.com\/blog\/wp-content\/uploads\/2023\/09\/A744127-scaled.jpg\" \/>\n\t<meta property=\"og:image:width\" content=\"2560\" \/>\n\t<meta property=\"og:image:height\" content=\"1707\" \/>\n\t<meta property=\"og:image:type\" content=\"image\/jpeg\" \/>\n<meta name=\"author\" content=\"aramon\" \/>\n<meta name=\"twitter:card\" content=\"summary_large_image\" \/>\n<meta name=\"twitter:label1\" content=\"Escrito por\" \/>\n\t<meta name=\"twitter:data1\" content=\"aramon\" \/>\n\t<meta name=\"twitter:label2\" content=\"Tiempo de lectura\" \/>\n\t<meta name=\"twitter:data2\" content=\"2 minutos\" \/>\n<script type=\"application\/ld+json\" class=\"yoast-schema-graph\">{\"@context\":\"https:\/\/schema.org\",\"@graph\":[{\"@type\":\"WebPage\",\"@id\":\"https:\/\/www.aramon.com\/blog\/septiembre-y-octubre-en-valle-de-tena-benasque-y-teruel-con-la-agencia-de-viajes-aramon\/\",\"url\":\"https:\/\/www.aramon.com\/blog\/septiembre-y-octubre-en-valle-de-tena-benasque-y-teruel-con-la-agencia-de-viajes-aramon\/\",\"name\":\"Septiembre y octubre en Valle de Tena, Benasque y Teruel con la Agencia de Viajes Aram\u00f3n - Blog Oficial del Grupo ARAM\u00d3N\",\"isPartOf\":{\"@id\":\"https:\/\/www.aramon.com\/blog\/#website\"},\"primaryImageOfPage\":{\"@id\":\"https:\/\/www.aramon.com\/blog\/septiembre-y-octubre-en-valle-de-tena-benasque-y-teruel-con-la-agencia-de-viajes-aramon\/#primaryimage\"},\"image\":{\"@id\":\"https:\/\/www.aramon.com\/blog\/septiembre-y-octubre-en-valle-de-tena-benasque-y-teruel-con-la-agencia-de-viajes-aramon\/#primaryimage\"},\"thumbnailUrl\":\"https:\/\/www.aramon.com\/blog\/wp-content\/uploads\/2023\/09\/A744127-scaled.jpg\",\"datePublished\":\"2023-09-13T07:29:30+00:00\",\"dateModified\":\"2023-09-13T07:29:31+00:00\",\"author\":{\"@id\":\"https:\/\/www.aramon.com\/blog\/#\/schema\/person\/9429ffb451d657ab98f0ca1b364eeef3\"},\"description\":\"\u00a1Disfruta de actividades para todas las edades en Valle de Tena, Benasque y Teruel con la Agencia de Viajes Aram\u00f3n!\",\"inLanguage\":\"es\",\"potentialAction\":[{\"@type\":\"ReadAction\",\"target\":[\"https:\/\/www.aramon.com\/blog\/septiembre-y-octubre-en-valle-de-tena-benasque-y-teruel-con-la-agencia-de-viajes-aramon\/\"]}]},{\"@type\":\"ImageObject\",\"inLanguage\":\"es\",\"@id\":\"https:\/\/www.aramon.com\/blog\/septiembre-y-octubre-en-valle-de-tena-benasque-y-teruel-con-la-agencia-de-viajes-aramon\/#primaryimage\",\"url\":\"https:\/\/www.aramon.com\/blog\/wp-content\/uploads\/2023\/09\/A744127-scaled.jpg\",\"contentUrl\":\"https:\/\/www.aramon.com\/blog\/wp-content\/uploads\/2023\/09\/A744127-scaled.jpg\",\"width\":2560,\"height\":1707},{\"@type\":\"WebSite\",\"@id\":\"https:\/\/www.aramon.com\/blog\/#website\",\"url\":\"https:\/\/www.aramon.com\/blog\/\",\"name\":\"Blog Oficial del Grupo ARAM\u00d3N\",\"description\":\"Blog Oficial del Grupo Aram\u00f3n sobre estaciones de esqu\u00ed, monta\u00f1ismo, deportes de aventura y m\u00e1s en Arag\u00f3n.\",\"potentialAction\":[{\"@type\":\"SearchAction\",\"target\":{\"@type\":\"EntryPoint\",\"urlTemplate\":\"https:\/\/www.aramon.com\/blog\/?s={search_term_string}\"},\"query-input\":\"required name=search_term_string\"}],\"inLanguage\":\"es\"},{\"@type\":\"Person\",\"@id\":\"https:\/\/www.aramon.com\/blog\/#\/schema\/person\/9429ffb451d657ab98f0ca1b364eeef3\",\"name\":\"aramon\",\"image\":{\"@type\":\"ImageObject\",\"inLanguage\":\"es\",\"@id\":\"https:\/\/www.aramon.com\/blog\/#\/schema\/person\/image\/\",\"url\":\"https:\/\/secure.gravatar.com\/avatar\/d5fd0ede392e1af0e414b87f7568b4d5?s=96&d=mm&r=g\",\"contentUrl\":\"https:\/\/secure.gravatar.com\/avatar\/d5fd0ede392e1af0e414b87f7568b4d5?s=96&d=mm&r=g\",\"caption\":\"aramon\"},\"url\":\"https:\/\/www.aramon.com\/blog\/author\/aramon\/\"}]}<\/script>\n<!-- \/ Yoast SEO plugin. -->","yoast_head_json":{"title":"Septiembre y octubre en Valle de Tena, Benasque y Teruel con la Agencia de Viajes Aram\u00f3n - Blog Oficial del Grupo ARAM\u00d3N","description":"\u00a1Disfruta de actividades para todas las edades en Valle de Tena, Benasque y Teruel con la Agencia de Viajes Aram\u00f3n!","robots":{"index":"index","follow":"follow","max-snippet":"max-snippet:-1","max-image-preview":"max-image-preview:large","max-video-preview":"max-video-preview:-1"},"canonical":"https:\/\/www.aramon.com\/blog\/septiembre-y-octubre-en-valle-de-tena-benasque-y-teruel-con-la-agencia-de-viajes-aramon\/","og_locale":"es_ES","og_type":"article","og_title":"Septiembre y octubre en Valle de Tena, Benasque y Teruel con la Agencia de Viajes Aram\u00f3n - Blog Oficial del Grupo ARAM\u00d3N","og_description":"\u00a1Disfruta de actividades para todas las edades en Valle de Tena, Benasque y Teruel con la Agencia de Viajes Aram\u00f3n!","og_url":"https:\/\/www.aramon.com\/blog\/septiembre-y-octubre-en-valle-de-tena-benasque-y-teruel-con-la-agencia-de-viajes-aramon\/","og_site_name":"Blog Oficial del Grupo ARAM\u00d3N","article_published_time":"2023-09-13T07:29:30+00:00","article_modified_time":"2023-09-13T07:29:31+00:00","og_image":[{"width":2560,"height":1707,"url":"https:\/\/www.aramon.com\/blog\/wp-content\/uploads\/2023\/09\/A744127-scaled.jpg","type":"image\/jpeg"}],"author":"aramon","twitter_card":"summary_large_image","twitter_misc":{"Escrito por":"aramon","Tiempo de lectura":"2 minutos"},"schema":{"@context":"https:\/\/schema.org","@graph":[{"@type":"WebPage","@id":"https:\/\/www.aramon.com\/blog\/septiembre-y-octubre-en-valle-de-tena-benasque-y-teruel-con-la-agencia-de-viajes-aramon\/","url":"https:\/\/www.aramon.com\/blog\/septiembre-y-octubre-en-valle-de-tena-benasque-y-teruel-con-la-agencia-de-viajes-aramon\/","name":"Septiembre y octubre en Valle de Tena, Benasque y Teruel con la Agencia de Viajes Aram\u00f3n - Blog Oficial del Grupo ARAM\u00d3N","isPartOf":{"@id":"https:\/\/www.aramon.com\/blog\/#website"},"primaryImageOfPage":{"@id":"https:\/\/www.aramon.com\/blog\/septiembre-y-octubre-en-valle-de-tena-benasque-y-teruel-con-la-agencia-de-viajes-aramon\/#primaryimage"},"image":{"@id":"https:\/\/www.aramon.com\/blog\/septiembre-y-octubre-en-valle-de-tena-benasque-y-teruel-con-la-agencia-de-viajes-aramon\/#primaryimage"},"thumbnailUrl":"https:\/\/www.aramon.com\/blog\/wp-content\/uploads\/2023\/09\/A744127-scaled.jpg","datePublished":"2023-09-13T07:29:30+00:00","dateModified":"2023-09-13T07:29:31+00:00","author":{"@id":"https:\/\/www.aramon.com\/blog\/#\/schema\/person\/9429ffb451d657ab98f0ca1b364eeef3"},"description":"\u00a1Disfruta de actividades para todas las edades en Valle de Tena, Benasque y Teruel con la Agencia de Viajes Aram\u00f3n!","inLanguage":"es","potentialAction":[{"@type":"ReadAction","target":["https:\/\/www.aramon.com\/blog\/septiembre-y-octubre-en-valle-de-tena-benasque-y-teruel-con-la-agencia-de-viajes-aramon\/"]}]},{"@type":"ImageObject","inLanguage":"es","@id":"https:\/\/www.aramon.com\/blog\/septiembre-y-octubre-en-valle-de-tena-benasque-y-teruel-con-la-agencia-de-viajes-aramon\/#primaryimage","url":"https:\/\/www.aramon.com\/blog\/wp-content\/uploads\/2023\/09\/A744127-scaled.jpg","contentUrl":"https:\/\/www.aramon.com\/blog\/wp-content\/uploads\/2023\/09\/A744127-scaled.jpg","width":2560,"height":1707},{"@type":"WebSite","@id":"https:\/\/www.aramon.com\/blog\/#website","url":"https:\/\/www.aramon.com\/blog\/","name":"Blog Oficial del Grupo ARAM\u00d3N","description":"Blog Oficial del Grupo Aram\u00f3n sobre estaciones de esqu\u00ed, monta\u00f1ismo, deportes de aventura y m\u00e1s en Arag\u00f3n.","potentialAction":[{"@type":"SearchAction","target":{"@type":"EntryPoint","urlTemplate":"https:\/\/www.aramon.com\/blog\/?s={search_term_string}"},"query-input":"required name=search_term_string"}],"inLanguage":"es"},{"@type":"Person","@id":"https:\/\/www.aramon.com\/blog\/#\/schema\/person\/9429ffb451d657ab98f0ca1b364eeef3","name":"aramon","image":{"@type":"ImageObject","inLanguage":"es","@id":"https:\/\/www.aramon.com\/blog\/#\/schema\/person\/image\/","url":"https:\/\/secure.gravatar.com\/avatar\/d5fd0ede392e1af0e414b87f7568b4d5?s=96&d=mm&r=g","contentUrl":"https:\/\/secure.gravatar.com\/avatar\/d5fd0ede392e1af0e414b87f7568b4d5?s=96&d=mm&r=g","caption":"aramon"},"url":"https:\/\/www.aramon.com\/blog\/author\/aramon\/"}]}},"_links":{"self":[{"href":"https:\/\/www.aramon.com\/blog\/wp-json\/wp\/v2\/posts\/18461"}],"collection":[{"href":"https:\/\/www.aramon.com\/blog\/wp-json\/wp\/v2\/posts"}],"about":[{"href":"https:\/\/www.aramon.com\/blog\/wp-json\/wp\/v2\/types\/post"}],"author":[{"embeddable":true,"href":"https:\/\/www.aramon.com\/blog\/wp-json\/wp\/v2\/users\/2"}],"replies":[{"embeddable":true,"href":"https:\/\/www.aramon.com\/blog\/wp-json\/wp\/v2\/comments?post=18461"}],"version-history":[{"count":11,"href":"https:\/\/www.aramon.com\/blog\/wp-json\/wp\/v2\/posts\/18461\/revisions"}],"predecessor-version":[{"id":18494,"href":"https:\/\/www.aramon.com\/blog\/wp-json\/wp\/v2\/posts\/18461\/revisions\/18494"}],"wp:featuredmedia":[{"embeddable":true,"href":"https:\/\/www.aramon.com\/blog\/wp-json\/wp\/v2\/media\/18464"}],"wp:attachment":[{"href":"https:\/\/www.aramon.com\/blog\/wp-json\/wp\/v2\/media?parent=18461"}],"wp:term":[{"taxonomy":"category","embeddable":true,"href":"https:\/\/www.aramon.com\/blog\/wp-json\/wp\/v2\/categories?post=18461"},{"taxonomy":"post_tag","embeddable":true,"href":"https:\/\/www.aramon.com\/blog\/wp-json\/wp\/v2\/tags?post=18461"}],"curies":[{"name":"wp","href":"https:\/\/api.w.org\/{rel}","templated":true}]}}