{"id":18538,"date":"2023-09-27T12:57:13","date_gmt":"2023-09-27T12:57:13","guid":{"rendered":"https:\/\/www.aramon.com\/blog\/?p=18538"},"modified":"2023-09-28T08:05:53","modified_gmt":"2023-09-28T08:05:53","slug":"agenda-octubre-2023","status":"publish","type":"post","link":"https:\/\/www.aramon.com\/blog\/agenda-octubre-2023\/","title":{"rendered":"Agenda octubre 2023"},"content":{"rendered":"\n<p>Propuesta de actividades y planes para realizar durante los \u00faltimos d\u00edas de septiembre y agenda octubre 2023. <\/p>\n\n\n\n<h2 class=\"wp-block-heading\"><br>Agenda octubre 2023 Valle de Tena <\/h2>\n\n\n\n<p><strong><em>Fiestas Patronales <\/em><\/strong><br>Celebra las fiestas patronales de los pueblos en Valle de Tena con m\u00fasica, orquesta y m\u00faltiples actividades. <br>\u00b7Fiestas en Yosa de Sobremonte en Honor a San Miguel 2023 el viernes <strong>29 y 30 de septiembre<\/strong> <br>\u00b7Fiestas en Tramacastilla de Tena en Honor a la Virgen del Rosario <strong>29 &#8211; 30 de septiembre y 1-2 de octubre <\/strong><\/p>\n\n\n\n<p><strong><em>Teatro en Biescas: Muestra de Teatro<\/em> <\/strong>FATEA (Federaci\u00f3n Aragonesa de Teatro Amateur) <br>30 de septiembre: Agrupaci\u00f3n teatral de Sabi\u00f1\u00e1nigo \u2013 \u00abTOC TOC\u00bb <br><strong>1 de octubre<\/strong>: Dorond\u00f3n Teatro \u2013 \u00abLa herencia de Joaqu\u00edn Pastor\u00bb <br><strong>7 de octubre<\/strong>: La mascara de Tespis \u2013 \u00abDivinas palabras paganas\u00bb <br><strong>8 de octubre<\/strong>: La melinguera \u2013 \u00abTabladillo del gato\u00bb <br><strong><br><em>La Senda Amarilla: Ruta de la Memoria Olvi\u00e1n \u2013 Ainielle<\/em> <\/strong><br>S\u00e1bado, <strong>7 de octubre<\/strong> de 2023. Actividad organizada por la Asociaci\u00f3n Cultural de Oliv\u00e1n \u00abO Cumo e\u00bb inspirada en el libro \u00abLa Lluvia Amarilla\u00bb de Julio Llamazares. Esta experiencia \u00fanica incluye una caminata desde Oliv\u00e1n a Ainielle y de regreso, acompa\u00f1ada de exposiciones, charlas, mesas redondas y m\u00fasica.  <\/p>\n\n\n\n<p><em><strong>Salida Ornitol\u00f3gica: Los Colores del Oto\u00f1o y la Vuelta de las Aves al Sur <\/strong><\/em><br>S\u00e1bado <strong>14 de octubre<\/strong> (10.30-14.00) en Hoz de Jaca. <br><br><strong><em>Feria de Oto\u00f1o Biescas<\/em><\/strong> <br><strong>21-22 de octubre<\/strong> de 2023. Feria anual que atrae a cientos de visitantes con exposiciones de ganado, artesan\u00eda local, charlas y catas de productos regionales. El queso ser\u00e1 el protagonista con concursos y degustaciones. <\/p>\n\n\n\n<p><strong><em>Visita de Museos y Centros de Interpretaci\u00f3n<\/em><\/strong> <br><strong>Brujer\u00eda Alto G\u00e1llego &#8211; Piedrafita<\/strong> <strong>de Jaca<\/strong> <br><strong>La Torraza <\/strong>&#8211; Biescas<br><strong>La Sierra<\/strong> &#8211; Biescas<br><strong>Iglesias de Serrablo<\/strong> &#8211; L\u00e1rrede <\/p>\n\n\n\n<h2 class=\"wp-block-heading\">Agenda octubre 2023 Valle de Benasque <\/h2>\n\n\n\n<p><strong><em>Trans Nomad<\/em><\/strong><br>Enduro de Backcountry en los Pirineos. Prep\u00e1rate para vivir la aventura y la competici\u00f3n de enduro de backcountry m\u00e1s emocionante de los Pirineos. Del <strong>27 de septiembre al 1 de octubre<\/strong> de 2023 en los incre\u00edbles senderos de alta monta\u00f1a.  La sexta edici\u00f3n de este apasionante evento vuelve al hermoso Valle de Benasque.<br><br><strong><em>3\u00aa Edici\u00f3n del Walking Festival Valle de Benasque<\/em> <\/strong> <br>Del <strong>29 de septiembre al 1 de octubre<\/strong> de 2023 Conecta con la naturaleza a trav\u00e9s de rutas guiadas de diferentes niveles y entornos. <\/p>\n\n\n\n<p><strong><em>I Campus de Trail Running Mon Ben\u00e1s<\/em><\/strong><br>29 de septiembre y<strong> 1 de octubre<\/strong>. Disfruta del trail running en la majestuosa monta\u00f1a. <strong><em> <\/em><\/strong><\/p>\n\n\n\n<p><strong><em>Exposici\u00f3n \u00abLa compa\u00f1\u00eda ilustrada\u00bb 2023 en Benasque y Castej\u00f3n de So<\/em><\/strong><em><strong>s<\/strong><\/em><br>Hasta el<strong> 11 de octubre <\/strong>en Castej\u00f3n y hasta el<strong> 17 de octubre<em> <\/em><\/strong>en Benasque. Durante unas semanas el valle se llenar\u00e1 de im\u00e1genes que ilustran textos memorables. La exposici\u00f3n La compa\u00f1\u00eda ilustrada vuelve, un a\u00f1o m\u00e1s, a llenar las calles del pueblo. Con el t\u00edtulo Infancias de libro, se podr\u00e1 disfrutar en distintos espacios p\u00fablicos.<\/p>\n\n\n\n<p><strong><em>Fiestas del Pilar 2023 <\/em><\/strong><br>Del <strong>11 al 15 de octubre<\/strong>. Castej\u00f3n de Sos prepara sus fiestas patronales en honor a N\u00aa Sra. la Virgen del Pilar. Como es tradici\u00f3n, se celebrar\u00e1n los bailes del Ball-Pll\u00e1 o el Baile de los pa\u00f1uelos y el Cambio de mayordomos el \u00faltimo d\u00eda, donde se nombra a los seis j\u00f3venes solteros del pueblo que organizar\u00e1n las fiestas mayores al siguiente a\u00f1o.<\/p>\n\n\n\n<p><strong><em>Feria Ganadera del Pilar<\/em><\/strong><br>El <strong>12 de octubre<\/strong>. Evento centenario que se realizaba en la villa de Benasque cuando el ganado volv\u00eda de pasar el verano en los pastos de alta monta\u00f1a. La feria se perdi\u00f3 a mediados del siglo XX pero se recuper\u00f3 de nuevo en los a\u00f1os 80. Se llevar\u00e1 a cabo tambi\u00e9n una muestra artesana y otras propuestas paralelas.<\/p>\n\n\n\n<h2 class=\"wp-block-heading\">Teruel <\/h2>\n\n\n\n<p><strong>C<em>arrera por Monta\u00f1a de Nogueruelas<\/em><\/strong><br>El <strong>7 de octubre<\/strong> a 1.146 metros de altura, en la vertiente sur de G\u00fadar y sobre una colina irregular se encuentra Nogueruelas. &nbsp;Este municipio acoger\u00e1 el pr\u00f3ximo 7 de octubre la XXII CxM de Nogueruelas. A partir de las 10:00h, dos recorridos de 30 km y 13 km con desniveles de 1.650mD+ y 550mD+ respectivamente y carreras infantiles con distancias entre los 500 m y los 3.000 m har\u00e1n que disfrutes de un entorno inigualable. &nbsp;<br><br><strong><em>13 de octubre, en Camarena de la Sierra<\/em><\/strong><br>Vive una experiencia \u00fanica en su taller de decoraci\u00f3n de espacio urbano<\/p>\n\n\n\n<p><strong><em>21 de octubre, en La Puebla de Valverde<\/em><\/strong><br>Es necesario aprender a recolectar de una manera consciente y sostenible las codiciadas setas de estas sierras. Por ello, es importante inculcar las recomendaciones de buenas pr\u00e1cticas de recolecci\u00f3n de setas e indicar las diferentes especies que se van observando en el recorrido y su importancia para los ecosistemas. Ad\u00e9ntrate en los misterios que esconde la naturaleza y participa en su taller de iniciaci\u00f3n a la micolog\u00eda.<\/p>\n\n\n\n<p><strong><em>28 de octubre, IV CDM nocturna Feria de Mora<\/em><\/strong><br>Enclavada en la Sierra de G\u00fadar, a unos 1.035 m de altitud, se encuentra la villa de Mora de Rubielos. Este municipio acoger\u00e1 el pr\u00f3ximo s\u00e1bado 28 de octubre la IV edici\u00f3n de la Carrera de Monta\u00f1a Nocturna Feria de Mora. A las 18:00h dar\u00e1n comienzo las carreras infantiles con recorridos entre los 500 m y los 3.000 m. A continuaci\u00f3n arrancar\u00e1 la Marcha Senderista 10K con 320mD+ y a partir de las 19:30h, pistoletazo de salida de las pruebas reina: dos recorridos de 16 y 10 km con desniveles de 550mD+ y 320mD+ respectivamente recorrer\u00e1n los parajes m\u00e1s espectaculares de la Sierra de G\u00fadar.<\/p>\n\n\n\n<p><strong><em>Del 28 al 30 de octubre, en Mora de Rubielos<\/em><\/strong><br>El \u00faltimo fin de semana de octubre se celebra la Feria Agr\u00edcola, Ganadera y Artesanal de Mora de Rubielos. En 1992 comenz\u00f3 esta feria con los ganaderos y artesanos de nuestro municipio. Con el tiempo, ha crecido y cada a\u00f1o llega hasta aqu\u00ed gran afluencia de feriantes y turistas para disfrutar de ella.<\/p>\n\n\n\n<p><\/p>\n","protected":false},"excerpt":{"rendered":"<p>Planes y actividades en Valle de Tena, Benasque y Teruel en octubre de 2023. <\/p>\n","protected":false},"author":2,"featured_media":18550,"comment_status":"closed","ping_status":"closed","sticky":false,"template":"","format":"standard","meta":{"_acf_changed":false,"footnotes":""},"categories":[1,303,307,308],"tags":[],"acf":[],"yoast_head":"<!-- This site is optimized with the Yoast SEO plugin v22.5 - https:\/\/yoast.com\/wordpress\/plugins\/seo\/ -->\n<title>Agenda octubre 2023 - Blog Oficial del Grupo ARAM\u00d3N<\/title>\n<meta name=\"description\" content=\"Agenda octubre 2023. Propuestas en Valle de Tena, Valle de Benasque y Teruel. Actividades para realizar a finales de septiembre y octubre.\" \/>\n<meta name=\"robots\" content=\"index, follow, max-snippet:-1, max-image-preview:large, max-video-preview:-1\" \/>\n<link rel=\"canonical\" href=\"https:\/\/www.aramon.com\/blog\/agenda-octubre-2023\/\" \/>\n<meta property=\"og:locale\" content=\"es_ES\" \/>\n<meta property=\"og:type\" content=\"article\" \/>\n<meta property=\"og:title\" content=\"Agenda octubre 2023 - Blog Oficial del Grupo ARAM\u00d3N\" \/>\n<meta property=\"og:description\" content=\"Agenda octubre 2023. Propuestas en Valle de Tena, Valle de Benasque y Teruel. Actividades para realizar a finales de septiembre y octubre.\" \/>\n<meta property=\"og:url\" content=\"https:\/\/www.aramon.com\/blog\/agenda-octubre-2023\/\" \/>\n<meta property=\"og:site_name\" content=\"Blog Oficial del Grupo ARAM\u00d3N\" \/>\n<meta property=\"article:published_time\" content=\"2023-09-27T12:57:13+00:00\" \/>\n<meta property=\"article:modified_time\" content=\"2023-09-28T08:05:53+00:00\" \/>\n<meta property=\"og:image\" content=\"https:\/\/www.aramon.com\/blog\/wp-content\/uploads\/2023\/09\/bubal-lake-in-tena-valley-huesca-province-spain-2021-08-29-18-06-08-utc-scaled.jpg\" \/>\n\t<meta property=\"og:image:width\" content=\"2560\" \/>\n\t<meta property=\"og:image:height\" content=\"1613\" \/>\n\t<meta property=\"og:image:type\" content=\"image\/jpeg\" \/>\n<meta name=\"author\" content=\"aramon\" \/>\n<meta name=\"twitter:card\" content=\"summary_large_image\" \/>\n<meta name=\"twitter:label1\" content=\"Escrito por\" \/>\n\t<meta name=\"twitter:data1\" content=\"aramon\" \/>\n\t<meta name=\"twitter:label2\" content=\"Tiempo de lectura\" \/>\n\t<meta name=\"twitter:data2\" content=\"5 minutos\" \/>\n<script type=\"application\/ld+json\" class=\"yoast-schema-graph\">{\"@context\":\"https:\/\/schema.org\",\"@graph\":[{\"@type\":\"WebPage\",\"@id\":\"https:\/\/www.aramon.com\/blog\/agenda-octubre-2023\/\",\"url\":\"https:\/\/www.aramon.com\/blog\/agenda-octubre-2023\/\",\"name\":\"Agenda octubre 2023 - Blog Oficial del Grupo ARAM\u00d3N\",\"isPartOf\":{\"@id\":\"https:\/\/www.aramon.com\/blog\/#website\"},\"primaryImageOfPage\":{\"@id\":\"https:\/\/www.aramon.com\/blog\/agenda-octubre-2023\/#primaryimage\"},\"image\":{\"@id\":\"https:\/\/www.aramon.com\/blog\/agenda-octubre-2023\/#primaryimage\"},\"thumbnailUrl\":\"https:\/\/www.aramon.com\/blog\/wp-content\/uploads\/2023\/09\/bubal-lake-in-tena-valley-huesca-province-spain-2021-08-29-18-06-08-utc-scaled.jpg\",\"datePublished\":\"2023-09-27T12:57:13+00:00\",\"dateModified\":\"2023-09-28T08:05:53+00:00\",\"author\":{\"@id\":\"https:\/\/www.aramon.com\/blog\/#\/schema\/person\/9429ffb451d657ab98f0ca1b364eeef3\"},\"description\":\"Agenda octubre 2023. Propuestas en Valle de Tena, Valle de Benasque y Teruel. Actividades para realizar a finales de septiembre y octubre.\",\"inLanguage\":\"es\",\"potentialAction\":[{\"@type\":\"ReadAction\",\"target\":[\"https:\/\/www.aramon.com\/blog\/agenda-octubre-2023\/\"]}]},{\"@type\":\"ImageObject\",\"inLanguage\":\"es\",\"@id\":\"https:\/\/www.aramon.com\/blog\/agenda-octubre-2023\/#primaryimage\",\"url\":\"https:\/\/www.aramon.com\/blog\/wp-content\/uploads\/2023\/09\/bubal-lake-in-tena-valley-huesca-province-spain-2021-08-29-18-06-08-utc-scaled.jpg\",\"contentUrl\":\"https:\/\/www.aramon.com\/blog\/wp-content\/uploads\/2023\/09\/bubal-lake-in-tena-valley-huesca-province-spain-2021-08-29-18-06-08-utc-scaled.jpg\",\"width\":2560,\"height\":1613,\"caption\":\"Autumn colors in the forest surrounding Bubal lake in Tena Valley in a foggy day, Aragonese pyrenees, Huesca province, Spain\"},{\"@type\":\"WebSite\",\"@id\":\"https:\/\/www.aramon.com\/blog\/#website\",\"url\":\"https:\/\/www.aramon.com\/blog\/\",\"name\":\"Blog Oficial del Grupo ARAM\u00d3N\",\"description\":\"Blog Oficial del Grupo Aram\u00f3n sobre estaciones de esqu\u00ed, monta\u00f1ismo, deportes de aventura y m\u00e1s en Arag\u00f3n.\",\"potentialAction\":[{\"@type\":\"SearchAction\",\"target\":{\"@type\":\"EntryPoint\",\"urlTemplate\":\"https:\/\/www.aramon.com\/blog\/?s={search_term_string}\"},\"query-input\":\"required name=search_term_string\"}],\"inLanguage\":\"es\"},{\"@type\":\"Person\",\"@id\":\"https:\/\/www.aramon.com\/blog\/#\/schema\/person\/9429ffb451d657ab98f0ca1b364eeef3\",\"name\":\"aramon\",\"image\":{\"@type\":\"ImageObject\",\"inLanguage\":\"es\",\"@id\":\"https:\/\/www.aramon.com\/blog\/#\/schema\/person\/image\/\",\"url\":\"https:\/\/secure.gravatar.com\/avatar\/d5fd0ede392e1af0e414b87f7568b4d5?s=96&d=mm&r=g\",\"contentUrl\":\"https:\/\/secure.gravatar.com\/avatar\/d5fd0ede392e1af0e414b87f7568b4d5?s=96&d=mm&r=g\",\"caption\":\"aramon\"},\"url\":\"https:\/\/www.aramon.com\/blog\/author\/aramon\/\"}]}<\/script>\n<!-- \/ Yoast SEO plugin. -->","yoast_head_json":{"title":"Agenda octubre 2023 - Blog Oficial del Grupo ARAM\u00d3N","description":"Agenda octubre 2023. Propuestas en Valle de Tena, Valle de Benasque y Teruel. Actividades para realizar a finales de septiembre y octubre.","robots":{"index":"index","follow":"follow","max-snippet":"max-snippet:-1","max-image-preview":"max-image-preview:large","max-video-preview":"max-video-preview:-1"},"canonical":"https:\/\/www.aramon.com\/blog\/agenda-octubre-2023\/","og_locale":"es_ES","og_type":"article","og_title":"Agenda octubre 2023 - Blog Oficial del Grupo ARAM\u00d3N","og_description":"Agenda octubre 2023. Propuestas en Valle de Tena, Valle de Benasque y Teruel. Actividades para realizar a finales de septiembre y octubre.","og_url":"https:\/\/www.aramon.com\/blog\/agenda-octubre-2023\/","og_site_name":"Blog Oficial del Grupo ARAM\u00d3N","article_published_time":"2023-09-27T12:57:13+00:00","article_modified_time":"2023-09-28T08:05:53+00:00","og_image":[{"width":2560,"height":1613,"url":"https:\/\/www.aramon.com\/blog\/wp-content\/uploads\/2023\/09\/bubal-lake-in-tena-valley-huesca-province-spain-2021-08-29-18-06-08-utc-scaled.jpg","type":"image\/jpeg"}],"author":"aramon","twitter_card":"summary_large_image","twitter_misc":{"Escrito por":"aramon","Tiempo de lectura":"5 minutos"},"schema":{"@context":"https:\/\/schema.org","@graph":[{"@type":"WebPage","@id":"https:\/\/www.aramon.com\/blog\/agenda-octubre-2023\/","url":"https:\/\/www.aramon.com\/blog\/agenda-octubre-2023\/","name":"Agenda octubre 2023 - Blog Oficial del Grupo ARAM\u00d3N","isPartOf":{"@id":"https:\/\/www.aramon.com\/blog\/#website"},"primaryImageOfPage":{"@id":"https:\/\/www.aramon.com\/blog\/agenda-octubre-2023\/#primaryimage"},"image":{"@id":"https:\/\/www.aramon.com\/blog\/agenda-octubre-2023\/#primaryimage"},"thumbnailUrl":"https:\/\/www.aramon.com\/blog\/wp-content\/uploads\/2023\/09\/bubal-lake-in-tena-valley-huesca-province-spain-2021-08-29-18-06-08-utc-scaled.jpg","datePublished":"2023-09-27T12:57:13+00:00","dateModified":"2023-09-28T08:05:53+00:00","author":{"@id":"https:\/\/www.aramon.com\/blog\/#\/schema\/person\/9429ffb451d657ab98f0ca1b364eeef3"},"description":"Agenda octubre 2023. Propuestas en Valle de Tena, Valle de Benasque y Teruel. Actividades para realizar a finales de septiembre y octubre.","inLanguage":"es","potentialAction":[{"@type":"ReadAction","target":["https:\/\/www.aramon.com\/blog\/agenda-octubre-2023\/"]}]},{"@type":"ImageObject","inLanguage":"es","@id":"https:\/\/www.aramon.com\/blog\/agenda-octubre-2023\/#primaryimage","url":"https:\/\/www.aramon.com\/blog\/wp-content\/uploads\/2023\/09\/bubal-lake-in-tena-valley-huesca-province-spain-2021-08-29-18-06-08-utc-scaled.jpg","contentUrl":"https:\/\/www.aramon.com\/blog\/wp-content\/uploads\/2023\/09\/bubal-lake-in-tena-valley-huesca-province-spain-2021-08-29-18-06-08-utc-scaled.jpg","width":2560,"height":1613,"caption":"Autumn colors in the forest surrounding Bubal lake in Tena Valley in a foggy day, Aragonese pyrenees, Huesca province, Spain"},{"@type":"WebSite","@id":"https:\/\/www.aramon.com\/blog\/#website","url":"https:\/\/www.aramon.com\/blog\/","name":"Blog Oficial del Grupo ARAM\u00d3N","description":"Blog Oficial del Grupo Aram\u00f3n sobre estaciones de esqu\u00ed, monta\u00f1ismo, deportes de aventura y m\u00e1s en Arag\u00f3n.","potentialAction":[{"@type":"SearchAction","target":{"@type":"EntryPoint","urlTemplate":"https:\/\/www.aramon.com\/blog\/?s={search_term_string}"},"query-input":"required name=search_term_string"}],"inLanguage":"es"},{"@type":"Person","@id":"https:\/\/www.aramon.com\/blog\/#\/schema\/person\/9429ffb451d657ab98f0ca1b364eeef3","name":"aramon","image":{"@type":"ImageObject","inLanguage":"es","@id":"https:\/\/www.aramon.com\/blog\/#\/schema\/person\/image\/","url":"https:\/\/secure.gravatar.com\/avatar\/d5fd0ede392e1af0e414b87f7568b4d5?s=96&d=mm&r=g","contentUrl":"https:\/\/secure.gravatar.com\/avatar\/d5fd0ede392e1af0e414b87f7568b4d5?s=96&d=mm&r=g","caption":"aramon"},"url":"https:\/\/www.aramon.com\/blog\/author\/aramon\/"}]}},"_links":{"self":[{"href":"https:\/\/www.aramon.com\/blog\/wp-json\/wp\/v2\/posts\/18538"}],"collection":[{"href":"https:\/\/www.aramon.com\/blog\/wp-json\/wp\/v2\/posts"}],"about":[{"href":"https:\/\/www.aramon.com\/blog\/wp-json\/wp\/v2\/types\/post"}],"author":[{"embeddable":true,"href":"https:\/\/www.aramon.com\/blog\/wp-json\/wp\/v2\/users\/2"}],"replies":[{"embeddable":true,"href":"https:\/\/www.aramon.com\/blog\/wp-json\/wp\/v2\/comments?post=18538"}],"version-history":[{"count":8,"href":"https:\/\/www.aramon.com\/blog\/wp-json\/wp\/v2\/posts\/18538\/revisions"}],"predecessor-version":[{"id":18551,"href":"https:\/\/www.aramon.com\/blog\/wp-json\/wp\/v2\/posts\/18538\/revisions\/18551"}],"wp:featuredmedia":[{"embeddable":true,"href":"https:\/\/www.aramon.com\/blog\/wp-json\/wp\/v2\/media\/18550"}],"wp:attachment":[{"href":"https:\/\/www.aramon.com\/blog\/wp-json\/wp\/v2\/media?parent=18538"}],"wp:term":[{"taxonomy":"category","embeddable":true,"href":"https:\/\/www.aramon.com\/blog\/wp-json\/wp\/v2\/categories?post=18538"},{"taxonomy":"post_tag","embeddable":true,"href":"https:\/\/www.aramon.com\/blog\/wp-json\/wp\/v2\/tags?post=18538"}],"curies":[{"name":"wp","href":"https:\/\/api.w.org\/{rel}","templated":true}]}}