{"id":18566,"date":"2023-10-17T10:00:00","date_gmt":"2023-10-17T10:00:00","guid":{"rendered":"https:\/\/www.aramon.com\/blog\/?p=18566"},"modified":"2023-11-02T11:29:07","modified_gmt":"2023-11-02T11:29:07","slug":"llega-el-plan-anticipacion","status":"publish","type":"post","link":"https:\/\/www.aramon.com\/blog\/llega-el-plan-anticipacion\/","title":{"rendered":"Llega el Plan Anticipaci\u00f3n al Abono de Temporada SKI PIRINEOS"},"content":{"rendered":"\n<p>\u00a1Hazte con tu abono de temporada 23-24 para disfrutar del invierno y la diversi\u00f3n al m\u00e1ximo!<\/p>\n\n\n\n<h2 class=\"wp-block-heading\">Esqu\u00eda de forma ilimitada en las 6 estaciones aragonesas <\/h2>\n\n\n\n<p>El Abono de Temporada te permitir\u00e1 esquiar en las<strong> 6 estaciones aragonesas<\/strong> durante toda la temporada 23-24. Disfrutar\u00e1s indistintamente y sin l\u00edmite de los m\u00e1s de&nbsp;<strong>390 kil\u00f3metros esquiables<\/strong>&nbsp;que suman las estaciones de&nbsp;<strong>Ast\u00fan, Candanchu, Cerler, Formigal-Panticosa y las estaciones turolenses, Javalambre y Valdelinares.<\/strong><\/p>\n\n\n\n<p>Desde el\u00a0<strong>6 de octubre hasta el 23 de noviembre <\/strong>puedes conseguir tu abono con el <strong><a href=\"https:\/\/www.aramon.com\/comprar-forfait-temporada-aramon.html\" target=\"_blank\" rel=\"noreferrer noopener\">Plan Anticipaci\u00f3n<\/a><\/strong>, con el que se puede adquirir por 939\u20ac y, en el caso de las ofertas dirigidas a familias el precio ser\u00e1 de 899\u20ac.<\/p>\n\n\n\n<h2 class=\"wp-block-heading\">Ventaja de fraccionar el pago <\/h2>\n\n\n\n<p>Con el <a href=\"https:\/\/www.aramon.com\/comprar-forfait-temporada-aramon.html\" target=\"_blank\" rel=\"noreferrer noopener\"><strong>Plan Anticipaci\u00f3n<\/strong><\/a> es posible<strong> fraccionar, hasta en 8 meses, el pago<\/strong>\u00a0del abono, facilitando as\u00ed la compra de este producto. \u00a1Pero no lo olvides! Si adem\u00e1s, eres\u00a0<strong>cliente de Ibercaja, tendr\u00e1s la ventaja de poder financiar, gratuitamente, la totalidad de tu compra en 12 meses.<\/strong><\/p>\n\n\n\n<h2 class=\"wp-block-heading\"><strong><br><\/strong>Oferta exclusiva para Javalambre y Valdelinares<\/h2>\n\n\n\n<p>Con el <strong><a href=\"https:\/\/www.javalambre-valdelinares.com\/comprar-forfait-temporada-javalambre-valdelinares.html?_ga=2.107849415.458238158.1698924513-1627063882.1693898023\" target=\"_blank\" rel=\"noreferrer noopener\">Plan Anticipaci\u00f3n<\/a><\/strong>, hasta el 23 de noviembre, puedes obtener tu Abono de Temporada exclusivo para estas estaciones por tan solo 352\u20ac. Y como si fuera poco, con este abono, tambi\u00e9n tendr\u00e1s\u00a0<strong>acceso para esquiar dos d\u00edas\u00a0<\/strong>en las estaciones de\u00a0<strong>Cerler o Formigal-Panticosa<\/strong>. \u00a1Una oportunidad \u00fanica que no puedes dejar pasar!<\/p>\n\n\n\n<p><strong>El invierno est\u00e1 a punto de llegar<\/strong>, y las monta\u00f1as de Arag\u00f3n te esperan.<\/p>\n","protected":false},"excerpt":{"rendered":"<p>\u00a1Antic\u00edpate con el Plan Anticipaci\u00f3n y consigue tu Abono de Temporada con las mejores condiciones!<\/p>\n","protected":false},"author":2,"featured_media":18599,"comment_status":"closed","ping_status":"closed","sticky":false,"template":"","format":"standard","meta":{"_acf_changed":false,"footnotes":""},"categories":[1,303,307,308],"tags":[],"acf":[],"yoast_head":"<!-- This site is optimized with the Yoast SEO plugin v22.5 - https:\/\/yoast.com\/wordpress\/plugins\/seo\/ -->\n<title>Llega el Plan Anticipaci\u00f3n al Abono de Temporada SKI PIRINEOS - Blog Oficial del Grupo ARAM\u00d3N<\/title>\n<meta name=\"description\" content=\"Llega el Plan Anticipaci\u00f3n al Abono de Temporada SKI PIRINEOS para disfrutar del invierno y la diversi\u00f3n al m\u00e1ximo\" \/>\n<meta name=\"robots\" content=\"index, follow, max-snippet:-1, max-image-preview:large, max-video-preview:-1\" \/>\n<link rel=\"canonical\" href=\"https:\/\/www.aramon.com\/blog\/llega-el-plan-anticipacion\/\" \/>\n<meta property=\"og:locale\" content=\"es_ES\" \/>\n<meta property=\"og:type\" content=\"article\" \/>\n<meta property=\"og:title\" content=\"Llega el Plan Anticipaci\u00f3n al Abono de Temporada SKI PIRINEOS - Blog Oficial del Grupo ARAM\u00d3N\" \/>\n<meta property=\"og:description\" content=\"Llega el Plan Anticipaci\u00f3n al Abono de Temporada SKI PIRINEOS para disfrutar del invierno y la diversi\u00f3n al m\u00e1ximo\" \/>\n<meta property=\"og:url\" content=\"https:\/\/www.aramon.com\/blog\/llega-el-plan-anticipacion\/\" \/>\n<meta property=\"og:site_name\" content=\"Blog Oficial del Grupo ARAM\u00d3N\" \/>\n<meta property=\"article:published_time\" content=\"2023-10-17T10:00:00+00:00\" \/>\n<meta property=\"article:modified_time\" content=\"2023-11-02T11:29:07+00:00\" \/>\n<meta property=\"og:image\" content=\"https:\/\/www.aramon.com\/blog\/wp-content\/uploads\/2023\/10\/cerler-73-scaled.jpg\" \/>\n\t<meta property=\"og:image:width\" content=\"2560\" \/>\n\t<meta property=\"og:image:height\" content=\"1707\" \/>\n\t<meta property=\"og:image:type\" content=\"image\/jpeg\" \/>\n<meta name=\"author\" content=\"aramon\" \/>\n<meta name=\"twitter:card\" content=\"summary_large_image\" \/>\n<meta name=\"twitter:label1\" content=\"Escrito por\" \/>\n\t<meta name=\"twitter:data1\" content=\"aramon\" \/>\n\t<meta name=\"twitter:label2\" content=\"Tiempo de lectura\" \/>\n\t<meta name=\"twitter:data2\" content=\"2 minutos\" \/>\n<script type=\"application\/ld+json\" class=\"yoast-schema-graph\">{\"@context\":\"https:\/\/schema.org\",\"@graph\":[{\"@type\":\"WebPage\",\"@id\":\"https:\/\/www.aramon.com\/blog\/llega-el-plan-anticipacion\/\",\"url\":\"https:\/\/www.aramon.com\/blog\/llega-el-plan-anticipacion\/\",\"name\":\"Llega el Plan Anticipaci\u00f3n al Abono de Temporada SKI PIRINEOS - Blog Oficial del Grupo ARAM\u00d3N\",\"isPartOf\":{\"@id\":\"https:\/\/www.aramon.com\/blog\/#website\"},\"primaryImageOfPage\":{\"@id\":\"https:\/\/www.aramon.com\/blog\/llega-el-plan-anticipacion\/#primaryimage\"},\"image\":{\"@id\":\"https:\/\/www.aramon.com\/blog\/llega-el-plan-anticipacion\/#primaryimage\"},\"thumbnailUrl\":\"https:\/\/www.aramon.com\/blog\/wp-content\/uploads\/2023\/10\/cerler-73-scaled.jpg\",\"datePublished\":\"2023-10-17T10:00:00+00:00\",\"dateModified\":\"2023-11-02T11:29:07+00:00\",\"author\":{\"@id\":\"https:\/\/www.aramon.com\/blog\/#\/schema\/person\/9429ffb451d657ab98f0ca1b364eeef3\"},\"description\":\"Llega el Plan Anticipaci\u00f3n al Abono de Temporada SKI PIRINEOS para disfrutar del invierno y la diversi\u00f3n al m\u00e1ximo\",\"inLanguage\":\"es\",\"potentialAction\":[{\"@type\":\"ReadAction\",\"target\":[\"https:\/\/www.aramon.com\/blog\/llega-el-plan-anticipacion\/\"]}]},{\"@type\":\"ImageObject\",\"inLanguage\":\"es\",\"@id\":\"https:\/\/www.aramon.com\/blog\/llega-el-plan-anticipacion\/#primaryimage\",\"url\":\"https:\/\/www.aramon.com\/blog\/wp-content\/uploads\/2023\/10\/cerler-73-scaled.jpg\",\"contentUrl\":\"https:\/\/www.aramon.com\/blog\/wp-content\/uploads\/2023\/10\/cerler-73-scaled.jpg\",\"width\":2560,\"height\":1707},{\"@type\":\"WebSite\",\"@id\":\"https:\/\/www.aramon.com\/blog\/#website\",\"url\":\"https:\/\/www.aramon.com\/blog\/\",\"name\":\"Blog Oficial del Grupo ARAM\u00d3N\",\"description\":\"Blog Oficial del Grupo Aram\u00f3n sobre estaciones de esqu\u00ed, monta\u00f1ismo, deportes de aventura y m\u00e1s en Arag\u00f3n.\",\"potentialAction\":[{\"@type\":\"SearchAction\",\"target\":{\"@type\":\"EntryPoint\",\"urlTemplate\":\"https:\/\/www.aramon.com\/blog\/?s={search_term_string}\"},\"query-input\":\"required name=search_term_string\"}],\"inLanguage\":\"es\"},{\"@type\":\"Person\",\"@id\":\"https:\/\/www.aramon.com\/blog\/#\/schema\/person\/9429ffb451d657ab98f0ca1b364eeef3\",\"name\":\"aramon\",\"image\":{\"@type\":\"ImageObject\",\"inLanguage\":\"es\",\"@id\":\"https:\/\/www.aramon.com\/blog\/#\/schema\/person\/image\/\",\"url\":\"https:\/\/secure.gravatar.com\/avatar\/d5fd0ede392e1af0e414b87f7568b4d5?s=96&d=mm&r=g\",\"contentUrl\":\"https:\/\/secure.gravatar.com\/avatar\/d5fd0ede392e1af0e414b87f7568b4d5?s=96&d=mm&r=g\",\"caption\":\"aramon\"},\"url\":\"https:\/\/www.aramon.com\/blog\/author\/aramon\/\"}]}<\/script>\n<!-- \/ Yoast SEO plugin. -->","yoast_head_json":{"title":"Llega el Plan Anticipaci\u00f3n al Abono de Temporada SKI PIRINEOS - Blog Oficial del Grupo ARAM\u00d3N","description":"Llega el Plan Anticipaci\u00f3n al Abono de Temporada SKI PIRINEOS para disfrutar del invierno y la diversi\u00f3n al m\u00e1ximo","robots":{"index":"index","follow":"follow","max-snippet":"max-snippet:-1","max-image-preview":"max-image-preview:large","max-video-preview":"max-video-preview:-1"},"canonical":"https:\/\/www.aramon.com\/blog\/llega-el-plan-anticipacion\/","og_locale":"es_ES","og_type":"article","og_title":"Llega el Plan Anticipaci\u00f3n al Abono de Temporada SKI PIRINEOS - Blog Oficial del Grupo ARAM\u00d3N","og_description":"Llega el Plan Anticipaci\u00f3n al Abono de Temporada SKI PIRINEOS para disfrutar del invierno y la diversi\u00f3n al m\u00e1ximo","og_url":"https:\/\/www.aramon.com\/blog\/llega-el-plan-anticipacion\/","og_site_name":"Blog Oficial del Grupo ARAM\u00d3N","article_published_time":"2023-10-17T10:00:00+00:00","article_modified_time":"2023-11-02T11:29:07+00:00","og_image":[{"width":2560,"height":1707,"url":"https:\/\/www.aramon.com\/blog\/wp-content\/uploads\/2023\/10\/cerler-73-scaled.jpg","type":"image\/jpeg"}],"author":"aramon","twitter_card":"summary_large_image","twitter_misc":{"Escrito por":"aramon","Tiempo de lectura":"2 minutos"},"schema":{"@context":"https:\/\/schema.org","@graph":[{"@type":"WebPage","@id":"https:\/\/www.aramon.com\/blog\/llega-el-plan-anticipacion\/","url":"https:\/\/www.aramon.com\/blog\/llega-el-plan-anticipacion\/","name":"Llega el Plan Anticipaci\u00f3n al Abono de Temporada SKI PIRINEOS - Blog Oficial del Grupo ARAM\u00d3N","isPartOf":{"@id":"https:\/\/www.aramon.com\/blog\/#website"},"primaryImageOfPage":{"@id":"https:\/\/www.aramon.com\/blog\/llega-el-plan-anticipacion\/#primaryimage"},"image":{"@id":"https:\/\/www.aramon.com\/blog\/llega-el-plan-anticipacion\/#primaryimage"},"thumbnailUrl":"https:\/\/www.aramon.com\/blog\/wp-content\/uploads\/2023\/10\/cerler-73-scaled.jpg","datePublished":"2023-10-17T10:00:00+00:00","dateModified":"2023-11-02T11:29:07+00:00","author":{"@id":"https:\/\/www.aramon.com\/blog\/#\/schema\/person\/9429ffb451d657ab98f0ca1b364eeef3"},"description":"Llega el Plan Anticipaci\u00f3n al Abono de Temporada SKI PIRINEOS para disfrutar del invierno y la diversi\u00f3n al m\u00e1ximo","inLanguage":"es","potentialAction":[{"@type":"ReadAction","target":["https:\/\/www.aramon.com\/blog\/llega-el-plan-anticipacion\/"]}]},{"@type":"ImageObject","inLanguage":"es","@id":"https:\/\/www.aramon.com\/blog\/llega-el-plan-anticipacion\/#primaryimage","url":"https:\/\/www.aramon.com\/blog\/wp-content\/uploads\/2023\/10\/cerler-73-scaled.jpg","contentUrl":"https:\/\/www.aramon.com\/blog\/wp-content\/uploads\/2023\/10\/cerler-73-scaled.jpg","width":2560,"height":1707},{"@type":"WebSite","@id":"https:\/\/www.aramon.com\/blog\/#website","url":"https:\/\/www.aramon.com\/blog\/","name":"Blog Oficial del Grupo ARAM\u00d3N","description":"Blog Oficial del Grupo Aram\u00f3n sobre estaciones de esqu\u00ed, monta\u00f1ismo, deportes de aventura y m\u00e1s en Arag\u00f3n.","potentialAction":[{"@type":"SearchAction","target":{"@type":"EntryPoint","urlTemplate":"https:\/\/www.aramon.com\/blog\/?s={search_term_string}"},"query-input":"required name=search_term_string"}],"inLanguage":"es"},{"@type":"Person","@id":"https:\/\/www.aramon.com\/blog\/#\/schema\/person\/9429ffb451d657ab98f0ca1b364eeef3","name":"aramon","image":{"@type":"ImageObject","inLanguage":"es","@id":"https:\/\/www.aramon.com\/blog\/#\/schema\/person\/image\/","url":"https:\/\/secure.gravatar.com\/avatar\/d5fd0ede392e1af0e414b87f7568b4d5?s=96&d=mm&r=g","contentUrl":"https:\/\/secure.gravatar.com\/avatar\/d5fd0ede392e1af0e414b87f7568b4d5?s=96&d=mm&r=g","caption":"aramon"},"url":"https:\/\/www.aramon.com\/blog\/author\/aramon\/"}]}},"_links":{"self":[{"href":"https:\/\/www.aramon.com\/blog\/wp-json\/wp\/v2\/posts\/18566"}],"collection":[{"href":"https:\/\/www.aramon.com\/blog\/wp-json\/wp\/v2\/posts"}],"about":[{"href":"https:\/\/www.aramon.com\/blog\/wp-json\/wp\/v2\/types\/post"}],"author":[{"embeddable":true,"href":"https:\/\/www.aramon.com\/blog\/wp-json\/wp\/v2\/users\/2"}],"replies":[{"embeddable":true,"href":"https:\/\/www.aramon.com\/blog\/wp-json\/wp\/v2\/comments?post=18566"}],"version-history":[{"count":16,"href":"https:\/\/www.aramon.com\/blog\/wp-json\/wp\/v2\/posts\/18566\/revisions"}],"predecessor-version":[{"id":18764,"href":"https:\/\/www.aramon.com\/blog\/wp-json\/wp\/v2\/posts\/18566\/revisions\/18764"}],"wp:featuredmedia":[{"embeddable":true,"href":"https:\/\/www.aramon.com\/blog\/wp-json\/wp\/v2\/media\/18599"}],"wp:attachment":[{"href":"https:\/\/www.aramon.com\/blog\/wp-json\/wp\/v2\/media?parent=18566"}],"wp:term":[{"taxonomy":"category","embeddable":true,"href":"https:\/\/www.aramon.com\/blog\/wp-json\/wp\/v2\/categories?post=18566"},{"taxonomy":"post_tag","embeddable":true,"href":"https:\/\/www.aramon.com\/blog\/wp-json\/wp\/v2\/tags?post=18566"}],"curies":[{"name":"wp","href":"https:\/\/api.w.org\/{rel}","templated":true}]}}