{"id":19000,"date":"2023-11-30T21:08:49","date_gmt":"2023-11-30T21:08:49","guid":{"rendered":"https:\/\/www.aramon.com\/blog\/?p=19000"},"modified":"2023-11-30T21:08:50","modified_gmt":"2023-11-30T21:08:50","slug":"el-grupo-aramon-impulsa-su-modelo-de-ocio-y-diversion-en-la-nieve-con-una-inversion-de-mas-de-seis-millones","status":"publish","type":"post","link":"https:\/\/www.aramon.com\/blog\/el-grupo-aramon-impulsa-su-modelo-de-ocio-y-diversion-en-la-nieve-con-una-inversion-de-mas-de-seis-millones\/","title":{"rendered":"El Grupo Aram\u00f3n impulsa su modelo de ocio y diversi\u00f3n en la nieve con una inversi\u00f3n de m\u00e1s de seis millones"},"content":{"rendered":"\n<p>El <strong>Grupo Aram\u00f3n<\/strong> inicia la temporada de esqu\u00ed presentando las novedades con las que refuerza su modelo de ocio y diversi\u00f3n, que le ha permitido alcanzar el <strong>liderazgo del sector nacional de la nieve<\/strong>, con <strong>cuotas de mercado cercanas al 23%<\/strong>. La tendencia ascendente del grupo en los \u00faltimos a\u00f1os, con medias de 1,1 millones de visitantes por campa\u00f1a ha tenido su reflejo en el plano de la eficiencia econ\u00f3mica. As\u00ed el Grupo ha obtenido <strong>beneficios econ\u00f3micos<\/strong> en sus \u00faltimas temporadas de apertura, materializ\u00e1ndose en m\u00e1s de 20 millones de euros en los \u00faltimos seis a\u00f1os. Son precisamente estos beneficios los que permiten al Grupo reforzar su misi\u00f3n fundacional y compromiso con los valles al ser reinvertidos en su totalidad en las estaciones. Y es que esta temporada, se han invertido <strong>m\u00e1s de 6 millones de euros <\/strong>para la preparaci\u00f3n y puesta a punto de las estaciones.<\/p>\n\n\n\n<h2 class=\"wp-block-heading\">Inversiones en pistas para asegurar la experiencia del usuario <\/h2>\n\n\n\n<p>El primer foco de inversi\u00f3n del grupo se centra en el necesario trabajo para hacer de las estaciones de Aram\u00f3n ese espacio de ocio y diversi\u00f3n que los usuarios encuentran cuando las visitan. En este sentido, cabe destacar, el <strong>refuerzo de los sistemas de producci\u00f3n de nieve<\/strong> con la instalaci\u00f3n de nuevos ca\u00f1ones, mejorando as\u00ed la eficiencia energ\u00e9tica, o la <strong>incorporaci\u00f3n de nuevas m\u00e1quinas pisa pistas<\/strong> que permitan intensificar los trabajos nocturnos de preparaci\u00f3n de las estaciones. Adicionalmente, se ha trabajado en el <strong>acondicionamiento del trazado de diferentes pistas,<\/strong> para garantizar su conservaci\u00f3n a lo largo de la temporada como la del tubo de Sarrios o Garmet en Formigal-Panticosa o la ampliaci\u00f3n de la pista Barranco en Javalambre. Finalmente, los trabajos en pistas se han complementado con la <strong>renovaci\u00f3n de toda la se\u00f1al\u00e9tica en la estaci\u00f3n de Cerler<\/strong><\/p>\n\n\n\n<p>Otro de los aspectos a los que se han destinado las inversiones es la mejora de los servicios y atenci\u00f3n al cliente. As\u00ed se ha ampliado la oferta de servicios disponibles a trav\u00e9s de la p\u00e1gina web, pudi\u00e9ndose acceder como novedad a las ventajas del Club Aram\u00f3n desde la p\u00e1gina de Viajes Aram\u00f3n. Ya en la estaci\u00f3n, los usuarios tendr\u00e1n a su alcance nuevos servicios como <strong>cargadores el\u00e9ctricos <\/strong>en los accesos a Cerler o la <strong>recogida autom\u00e1tica de los forfaits en Teruel<\/strong>, permitiendo acceder a pistas de manera r\u00e1pida y \u00e1gil. El alquiler de equipos, es uno de los servicios m\u00e1s solicitados por los usuarios es, con la adquisici\u00f3n de nuevos equipos, la <strong>remodelaci\u00f3n de los puntos de alquiler en Teruel y en Formigal<\/strong>, o las <strong>nuevas taquillas guarda esqu\u00eds VIP en Ampri\u00fa<\/strong> en Cerler otro de los puntos de mejora. Las boutiques del grupo tambi\u00e9n renuevan su oferta con un <strong>nuevo punto de servicio en Sarrios<\/strong> y <strong>la reubicaci\u00f3n y ampliaci\u00f3n de la tienda de Cerler, integr\u00e1ndola en el espacio de alquiler.<\/strong><\/p>\n\n\n\n<p>A nivel de servicio al cliente la gastronom\u00eda es un complemento indispensable a la experiencia de los usuarios en las estaciones del grupo. As\u00ed, en la estaci\u00f3n de Formigal-Panticosa, cabe se\u00f1alar la inauguraci\u00f3n de un nuevo punto churrer\u00eda-creper\u00eda dentro de la zona de Sarrios, la <strong>remodelaci\u00f3n y reapertura de la Yurta y los Tipis<\/strong> y la <strong>ampliaci\u00f3n del Igl\u00fa<\/strong>, as\u00ed como el <strong>reacondicionamiento de la caba\u00f1a Sabocos dentro del sector Panticosa. <\/strong>En la estaci\u00f3n de Cerler destaca la <strong>renovaci\u00f3n total de Colladeta<\/strong>, como uno de los puntos m\u00e1s emblem\u00e1ticos de la estaci\u00f3n que permitir\u00e1 disfrutar de las mejores hamburguesas del valle con incomparables vistas al Aneto.<\/p>\n\n\n\n<p>Es importante destacar como toda esta inversi\u00f3n se realizar bajo el compromiso de generar un impacto positivo sobre el territorio. Para esta temporada las previsiones del grupo establecen la <strong>generaci\u00f3n de m\u00e1s de 1.000 empleos directos<\/strong>, con un <strong>gasto inducido que podr\u00eda superar los 200M\u20ac. <\/strong>Todo ello bajo criterios de responsabilidad ambiental que se concretan en aspectos como el uso del <strong>100% de energ\u00edas renovables<\/strong> o la <strong>eliminaci\u00f3n total de pl\u00e1sticos<\/strong> en la operativa del grupo.<\/p>\n\n\n\n<h2 class=\"wp-block-heading\"><strong>Fomentando la prueba y el desarrollo en la pr\u00e1ctica deportiva<\/strong> <\/h2>\n\n\n\n<p>El Grupo refuerza su apuesta, en colaboraci\u00f3n con Ibercaja, acompa\u00f1ando de manera especial a los usuarios debutantes con el programa Aprende a Esquiar. Esta temporada adem\u00e1s de la ampliaci\u00f3n de los contenidos se inaugura en la estaci\u00f3n de Javalambre el <strong>Espacio Vamos,<\/strong> dise\u00f1ado para asegurar a los usuarios una experiencia de calidad en sus primeros pasos en la nieve.<\/p>\n\n\n\n<p>De igual manera el sector Panticosa refuerza su compromiso con la ense\u00f1anza abriendo el abanico de su oferta a nuevas modalidades de la pr\u00e1ctica deportiva guiada, con <strong>3 rutas de iniciaci\u00f3n de <em>skimo<\/em> y un itinerario de raquetas de nieve.<\/strong><\/p>\n\n\n\n<p>Los amantes del <em>freestyle <\/em>tambi\u00e9n cuentan con novedades esta temporada con el <strong>redise\u00f1o del Snowpark de Formigal-Panticosa<\/strong>, que facilitar\u00e1 la apertura y mantenimiento del mismo, y la inclusi\u00f3n de nuevos m\u00f3dulos.<\/p>\n\n\n\n<p>Menci\u00f3n aparte merece la amplia programaci\u00f3n de eventos deportivos, entre los que destacan la <strong>Copa del Mundo de Kil\u00f3metro Lanzado, el campeonato de Espa\u00f1a absoluto en Formigal-Panticosa<\/strong> o la prueba de <strong>Freeride World Tour<\/strong> que albergar\u00e1 la estaci\u00f3n de Cerler, incrementando de esta manera la presencia del grupo en el campo de la alta competici\u00f3n internacional.<\/p>\n\n\n\n<h2 class=\"wp-block-heading\"><strong>Las experiencias como factor diferencial de la oferta de Aram\u00f3n<\/strong> <\/h2>\n\n\n\n<p>Si hay algo que caracteriza la oferta del grupo son sus experiencias diferenciales, que permiten a los usuarios generar recuerdos imborrables de su paso por las monta\u00f1as de Aram\u00f3n. En este sentido Valdelinares refuerza su oferta para no esquiadores con la adecuaci\u00f3n de la cinta del \u00e1rea de trineos, lo que mejorar\u00e1 el flujo de usuarios en esta zona. Por su lado, Cerler redise\u00f1a la oferta de Skyline a la vez que reedita una nueva edici\u00f3n del Snowcooking, el evento gastron\u00f3mico m\u00e1s representativo del Valle de Benasque. Para finalizar la estaci\u00f3n de Formigal-Panticosa ha renovado su oferta de cena en La Glera, al igual que la de tobogganing orientada a aquellos usuarios amantes de la adrenalina. Y como plato fuerte, destacar la colaboraci\u00f3n con el restaurante de estrella Michel\u00edn, Cancook, para ofrecer una experiencia gastron\u00f3mica incomparable dentro de Las Mugas.<\/p>\n\n\n\n<h2 class=\"wp-block-heading\"><strong>M Experience, una experiencia de diversi\u00f3n de otra dimensi\u00f3n<\/strong> <\/h2>\n\n\n\n<p>El <strong>Grupo Aram\u00f3n<\/strong> apuesta por afianzar su v\u00ednculo de uni\u00f3n con la m\u00fasica, del que es pionero en la pen\u00ednsula y que se inici\u00f3 hace casi ya quince a\u00f1os con el nacimiento de <strong>Marchica<\/strong>. As\u00ed, la temporada pasada artistas de la talla de Loquillo, Taburete, Morten, Quintino o Claptone, por nombrar solo alguno de los m\u00e1s representativos, formaron parte del cartel de la estaci\u00f3n del Valle de Tena. Para esta nueva campa\u00f1a Formigal-Panticosa propone, siempre con <strong>la m\u00fasica como hilo argumental<\/strong>, llevar la <strong>diversi\u00f3n a otra dimensi\u00f3n<\/strong>. Y es que los diferentes puntos de la estaci\u00f3n se transforman para albergar una programaci\u00f3n musical que acompa\u00f1e al usuario a lo largo de su jornada de esqu\u00ed, viviendo una experiencia \u00fanica desde que arranca el d\u00eda hasta que cae la noche. Una programaci\u00f3n disponible desde los nuevos canales de <strong>M Experience<\/strong>, que se ir\u00e1 desvelando a lo largo de la temporada y que promete llevar el ritmo de la diversi\u00f3n a un nivel experto.<\/p>\n\n\n\n<figure class=\"wp-block-gallery columns-3 is-cropped wp-block-gallery-1 is-layout-flex wp-block-gallery-is-layout-flex\"><ul class=\"blocks-gallery-grid\"><li class=\"blocks-gallery-item\"><figure><a href=\"https:\/\/www.aramon.com\/blog\/wp-content\/uploads\/2023\/11\/Formigal-Panticosa-1-1-scaled.jpg\"><img loading=\"lazy\" decoding=\"async\" width=\"1024\" height=\"684\" src=\"https:\/\/www.aramon.com\/blog\/wp-content\/uploads\/2023\/11\/Formigal-Panticosa-1-1-1024x684.jpg\" alt=\"\" data-id=\"19016\" data-full-url=\"https:\/\/www.aramon.com\/blog\/wp-content\/uploads\/2023\/11\/Formigal-Panticosa-1-1-scaled.jpg\" data-link=\"https:\/\/www.aramon.com\/blog\/?attachment_id=19016\" class=\"wp-image-19016\" srcset=\"https:\/\/www.aramon.com\/blog\/wp-content\/uploads\/2023\/11\/Formigal-Panticosa-1-1-1024x684.jpg 1024w, https:\/\/www.aramon.com\/blog\/wp-content\/uploads\/2023\/11\/Formigal-Panticosa-1-1-300x200.jpg 300w, https:\/\/www.aramon.com\/blog\/wp-content\/uploads\/2023\/11\/Formigal-Panticosa-1-1-768x513.jpg 768w, https:\/\/www.aramon.com\/blog\/wp-content\/uploads\/2023\/11\/Formigal-Panticosa-1-1-1536x1026.jpg 1536w, https:\/\/www.aramon.com\/blog\/wp-content\/uploads\/2023\/11\/Formigal-Panticosa-1-1-2048x1368.jpg 2048w\" sizes=\"(max-width: 1024px) 100vw, 1024px\" \/><\/a><figcaption class=\"blocks-gallery-item__caption\">Formigal-Panticosa<\/figcaption><\/figure><\/li><li class=\"blocks-gallery-item\"><figure><a href=\"https:\/\/www.aramon.com\/blog\/wp-content\/uploads\/2023\/11\/CERLER-3-1-scaled.jpg\"><img loading=\"lazy\" decoding=\"async\" width=\"1024\" height=\"683\" src=\"https:\/\/www.aramon.com\/blog\/wp-content\/uploads\/2023\/11\/CERLER-3-1-1024x683.jpg\" alt=\"\" data-id=\"19015\" data-full-url=\"https:\/\/www.aramon.com\/blog\/wp-content\/uploads\/2023\/11\/CERLER-3-1-scaled.jpg\" data-link=\"https:\/\/www.aramon.com\/blog\/?attachment_id=19015\" class=\"wp-image-19015\" srcset=\"https:\/\/www.aramon.com\/blog\/wp-content\/uploads\/2023\/11\/CERLER-3-1-1024x683.jpg 1024w, https:\/\/www.aramon.com\/blog\/wp-content\/uploads\/2023\/11\/CERLER-3-1-300x200.jpg 300w, https:\/\/www.aramon.com\/blog\/wp-content\/uploads\/2023\/11\/CERLER-3-1-768x512.jpg 768w, https:\/\/www.aramon.com\/blog\/wp-content\/uploads\/2023\/11\/CERLER-3-1-1536x1024.jpg 1536w, https:\/\/www.aramon.com\/blog\/wp-content\/uploads\/2023\/11\/CERLER-3-1-2048x1365.jpg 2048w\" sizes=\"(max-width: 1024px) 100vw, 1024px\" \/><\/a><figcaption class=\"blocks-gallery-item__caption\">Cerler<\/figcaption><\/figure><\/li><li class=\"blocks-gallery-item\"><figure><a href=\"https:\/\/www.aramon.com\/blog\/wp-content\/uploads\/2023\/11\/Panticosa-scaled.jpg\"><img loading=\"lazy\" decoding=\"async\" width=\"1024\" height=\"684\" src=\"https:\/\/www.aramon.com\/blog\/wp-content\/uploads\/2023\/11\/Panticosa-1024x684.jpg\" alt=\"\" data-id=\"19018\" data-full-url=\"https:\/\/www.aramon.com\/blog\/wp-content\/uploads\/2023\/11\/Panticosa-scaled.jpg\" data-link=\"https:\/\/www.aramon.com\/blog\/?attachment_id=19018\" class=\"wp-image-19018\" srcset=\"https:\/\/www.aramon.com\/blog\/wp-content\/uploads\/2023\/11\/Panticosa-1024x684.jpg 1024w, https:\/\/www.aramon.com\/blog\/wp-content\/uploads\/2023\/11\/Panticosa-300x200.jpg 300w, https:\/\/www.aramon.com\/blog\/wp-content\/uploads\/2023\/11\/Panticosa-768x513.jpg 768w, https:\/\/www.aramon.com\/blog\/wp-content\/uploads\/2023\/11\/Panticosa-1536x1026.jpg 1536w, https:\/\/www.aramon.com\/blog\/wp-content\/uploads\/2023\/11\/Panticosa-2048x1368.jpg 2048w\" sizes=\"(max-width: 1024px) 100vw, 1024px\" \/><\/a><figcaption class=\"blocks-gallery-item__caption\">Formigal-Panticosa<\/figcaption><\/figure><\/li><li class=\"blocks-gallery-item\"><figure><a href=\"https:\/\/www.aramon.com\/blog\/wp-content\/uploads\/2023\/11\/Valdelinares-2-scaled.jpg\"><img loading=\"lazy\" decoding=\"async\" width=\"1024\" height=\"575\" src=\"https:\/\/www.aramon.com\/blog\/wp-content\/uploads\/2023\/11\/Valdelinares-2-1024x575.jpg\" alt=\"\" data-id=\"19017\" data-full-url=\"https:\/\/www.aramon.com\/blog\/wp-content\/uploads\/2023\/11\/Valdelinares-2-scaled.jpg\" data-link=\"https:\/\/www.aramon.com\/blog\/?attachment_id=19017\" class=\"wp-image-19017\" srcset=\"https:\/\/www.aramon.com\/blog\/wp-content\/uploads\/2023\/11\/Valdelinares-2-1024x575.jpg 1024w, https:\/\/www.aramon.com\/blog\/wp-content\/uploads\/2023\/11\/Valdelinares-2-300x169.jpg 300w, https:\/\/www.aramon.com\/blog\/wp-content\/uploads\/2023\/11\/Valdelinares-2-768x432.jpg 768w, https:\/\/www.aramon.com\/blog\/wp-content\/uploads\/2023\/11\/Valdelinares-2-1536x863.jpg 1536w, https:\/\/www.aramon.com\/blog\/wp-content\/uploads\/2023\/11\/Valdelinares-2-2048x1151.jpg 2048w\" sizes=\"(max-width: 1024px) 100vw, 1024px\" \/><\/a><figcaption class=\"blocks-gallery-item__caption\">Valdelinares<\/figcaption><\/figure><\/li><li class=\"blocks-gallery-item\"><figure><a href=\"https:\/\/www.aramon.com\/blog\/wp-content\/uploads\/2023\/11\/Javalambre_3-scaled.jpg\"><img loading=\"lazy\" decoding=\"async\" width=\"1024\" height=\"575\" src=\"https:\/\/www.aramon.com\/blog\/wp-content\/uploads\/2023\/11\/Javalambre_3-1024x575.jpg\" alt=\"\" data-id=\"19019\" data-full-url=\"https:\/\/www.aramon.com\/blog\/wp-content\/uploads\/2023\/11\/Javalambre_3-scaled.jpg\" data-link=\"https:\/\/www.aramon.com\/blog\/?attachment_id=19019\" class=\"wp-image-19019\" srcset=\"https:\/\/www.aramon.com\/blog\/wp-content\/uploads\/2023\/11\/Javalambre_3-1024x575.jpg 1024w, https:\/\/www.aramon.com\/blog\/wp-content\/uploads\/2023\/11\/Javalambre_3-300x169.jpg 300w, https:\/\/www.aramon.com\/blog\/wp-content\/uploads\/2023\/11\/Javalambre_3-768x432.jpg 768w, https:\/\/www.aramon.com\/blog\/wp-content\/uploads\/2023\/11\/Javalambre_3-1536x863.jpg 1536w, https:\/\/www.aramon.com\/blog\/wp-content\/uploads\/2023\/11\/Javalambre_3-2048x1151.jpg 2048w\" sizes=\"(max-width: 1024px) 100vw, 1024px\" \/><\/a><figcaption class=\"blocks-gallery-item__caption\">Javalambre<\/figcaption><\/figure><\/li><li class=\"blocks-gallery-item\"><figure><a href=\"https:\/\/www.aramon.com\/blog\/wp-content\/uploads\/2023\/11\/Experiencia-Skylines-Cerler-scaled.jpg\"><img loading=\"lazy\" decoding=\"async\" width=\"1024\" height=\"683\" src=\"https:\/\/www.aramon.com\/blog\/wp-content\/uploads\/2023\/11\/Experiencia-Skylines-Cerler-1024x683.jpg\" alt=\"\" data-id=\"19020\" data-full-url=\"https:\/\/www.aramon.com\/blog\/wp-content\/uploads\/2023\/11\/Experiencia-Skylines-Cerler-scaled.jpg\" data-link=\"https:\/\/www.aramon.com\/blog\/?attachment_id=19020\" class=\"wp-image-19020\" srcset=\"https:\/\/www.aramon.com\/blog\/wp-content\/uploads\/2023\/11\/Experiencia-Skylines-Cerler-1024x683.jpg 1024w, https:\/\/www.aramon.com\/blog\/wp-content\/uploads\/2023\/11\/Experiencia-Skylines-Cerler-300x200.jpg 300w, https:\/\/www.aramon.com\/blog\/wp-content\/uploads\/2023\/11\/Experiencia-Skylines-Cerler-768x512.jpg 768w, https:\/\/www.aramon.com\/blog\/wp-content\/uploads\/2023\/11\/Experiencia-Skylines-Cerler-1536x1024.jpg 1536w, https:\/\/www.aramon.com\/blog\/wp-content\/uploads\/2023\/11\/Experiencia-Skylines-Cerler-2048x1365.jpg 2048w\" sizes=\"(max-width: 1024px) 100vw, 1024px\" \/><\/a><figcaption class=\"blocks-gallery-item__caption\">Skyline<\/figcaption><\/figure><\/li><\/ul><\/figure>\n","protected":false},"excerpt":{"rendered":"<p>El Grupo Aram\u00f3n inicia la temporada de esqu\u00ed presentando las novedades para la Temporada 23-24<\/p>\n","protected":false},"author":2,"featured_media":19024,"comment_status":"closed","ping_status":"closed","sticky":false,"template":"","format":"standard","meta":{"_acf_changed":false,"footnotes":""},"categories":[1,303,307,308],"tags":[],"acf":[],"yoast_head":"<!-- This site is optimized with the Yoast SEO plugin v22.5 - https:\/\/yoast.com\/wordpress\/plugins\/seo\/ -->\n<title>El Grupo Aram\u00f3n impulsa su modelo de ocio y diversi\u00f3n en la nieve con una inversi\u00f3n de m\u00e1s de seis millones - Blog Oficial del Grupo ARAM\u00d3N<\/title>\n<meta name=\"description\" content=\"El Grupo Aram\u00f3n impulsa su modelo de ocio y diversi\u00f3n en la nieve con una inversi\u00f3n de m\u00e1s de seis millones\" \/>\n<meta name=\"robots\" content=\"index, follow, max-snippet:-1, max-image-preview:large, max-video-preview:-1\" \/>\n<link rel=\"canonical\" href=\"https:\/\/www.aramon.com\/blog\/el-grupo-aramon-impulsa-su-modelo-de-ocio-y-diversion-en-la-nieve-con-una-inversion-de-mas-de-seis-millones\/\" \/>\n<meta property=\"og:locale\" content=\"es_ES\" \/>\n<meta property=\"og:type\" content=\"article\" \/>\n<meta property=\"og:title\" content=\"El Grupo Aram\u00f3n impulsa su modelo de ocio y diversi\u00f3n en la nieve con una inversi\u00f3n de m\u00e1s de seis millones - Blog Oficial del Grupo ARAM\u00d3N\" \/>\n<meta property=\"og:description\" content=\"El Grupo Aram\u00f3n impulsa su modelo de ocio y diversi\u00f3n en la nieve con una inversi\u00f3n de m\u00e1s de seis millones\" \/>\n<meta property=\"og:url\" content=\"https:\/\/www.aramon.com\/blog\/el-grupo-aramon-impulsa-su-modelo-de-ocio-y-diversion-en-la-nieve-con-una-inversion-de-mas-de-seis-millones\/\" \/>\n<meta property=\"og:site_name\" content=\"Blog Oficial del Grupo ARAM\u00d3N\" \/>\n<meta property=\"article:published_time\" content=\"2023-11-30T21:08:49+00:00\" \/>\n<meta property=\"article:modified_time\" content=\"2023-11-30T21:08:50+00:00\" \/>\n<meta property=\"og:image\" content=\"https:\/\/www.aramon.com\/blog\/wp-content\/uploads\/2023\/11\/Presentacion-Aramon.jpeg\" \/>\n\t<meta property=\"og:image:width\" content=\"1616\" \/>\n\t<meta property=\"og:image:height\" content=\"1080\" \/>\n\t<meta property=\"og:image:type\" content=\"image\/jpeg\" \/>\n<meta name=\"author\" content=\"aramon\" \/>\n<meta name=\"twitter:card\" content=\"summary_large_image\" \/>\n<meta name=\"twitter:label1\" content=\"Escrito por\" \/>\n\t<meta name=\"twitter:data1\" content=\"aramon\" \/>\n\t<meta name=\"twitter:label2\" content=\"Tiempo de lectura\" \/>\n\t<meta name=\"twitter:data2\" content=\"7 minutos\" \/>\n<script type=\"application\/ld+json\" class=\"yoast-schema-graph\">{\"@context\":\"https:\/\/schema.org\",\"@graph\":[{\"@type\":\"WebPage\",\"@id\":\"https:\/\/www.aramon.com\/blog\/el-grupo-aramon-impulsa-su-modelo-de-ocio-y-diversion-en-la-nieve-con-una-inversion-de-mas-de-seis-millones\/\",\"url\":\"https:\/\/www.aramon.com\/blog\/el-grupo-aramon-impulsa-su-modelo-de-ocio-y-diversion-en-la-nieve-con-una-inversion-de-mas-de-seis-millones\/\",\"name\":\"El Grupo Aram\u00f3n impulsa su modelo de ocio y diversi\u00f3n en la nieve con una inversi\u00f3n de m\u00e1s de seis millones - Blog Oficial del Grupo ARAM\u00d3N\",\"isPartOf\":{\"@id\":\"https:\/\/www.aramon.com\/blog\/#website\"},\"primaryImageOfPage\":{\"@id\":\"https:\/\/www.aramon.com\/blog\/el-grupo-aramon-impulsa-su-modelo-de-ocio-y-diversion-en-la-nieve-con-una-inversion-de-mas-de-seis-millones\/#primaryimage\"},\"image\":{\"@id\":\"https:\/\/www.aramon.com\/blog\/el-grupo-aramon-impulsa-su-modelo-de-ocio-y-diversion-en-la-nieve-con-una-inversion-de-mas-de-seis-millones\/#primaryimage\"},\"thumbnailUrl\":\"https:\/\/www.aramon.com\/blog\/wp-content\/uploads\/2023\/11\/Presentacion-Aramon.jpeg\",\"datePublished\":\"2023-11-30T21:08:49+00:00\",\"dateModified\":\"2023-11-30T21:08:50+00:00\",\"author\":{\"@id\":\"https:\/\/www.aramon.com\/blog\/#\/schema\/person\/9429ffb451d657ab98f0ca1b364eeef3\"},\"description\":\"El Grupo Aram\u00f3n impulsa su modelo de ocio y diversi\u00f3n en la nieve con una inversi\u00f3n de m\u00e1s de seis millones\",\"inLanguage\":\"es\",\"potentialAction\":[{\"@type\":\"ReadAction\",\"target\":[\"https:\/\/www.aramon.com\/blog\/el-grupo-aramon-impulsa-su-modelo-de-ocio-y-diversion-en-la-nieve-con-una-inversion-de-mas-de-seis-millones\/\"]}]},{\"@type\":\"ImageObject\",\"inLanguage\":\"es\",\"@id\":\"https:\/\/www.aramon.com\/blog\/el-grupo-aramon-impulsa-su-modelo-de-ocio-y-diversion-en-la-nieve-con-una-inversion-de-mas-de-seis-millones\/#primaryimage\",\"url\":\"https:\/\/www.aramon.com\/blog\/wp-content\/uploads\/2023\/11\/Presentacion-Aramon.jpeg\",\"contentUrl\":\"https:\/\/www.aramon.com\/blog\/wp-content\/uploads\/2023\/11\/Presentacion-Aramon.jpeg\",\"width\":1616,\"height\":1080},{\"@type\":\"WebSite\",\"@id\":\"https:\/\/www.aramon.com\/blog\/#website\",\"url\":\"https:\/\/www.aramon.com\/blog\/\",\"name\":\"Blog Oficial del Grupo ARAM\u00d3N\",\"description\":\"Blog Oficial del Grupo Aram\u00f3n sobre estaciones de esqu\u00ed, monta\u00f1ismo, deportes de aventura y m\u00e1s en Arag\u00f3n.\",\"potentialAction\":[{\"@type\":\"SearchAction\",\"target\":{\"@type\":\"EntryPoint\",\"urlTemplate\":\"https:\/\/www.aramon.com\/blog\/?s={search_term_string}\"},\"query-input\":\"required name=search_term_string\"}],\"inLanguage\":\"es\"},{\"@type\":\"Person\",\"@id\":\"https:\/\/www.aramon.com\/blog\/#\/schema\/person\/9429ffb451d657ab98f0ca1b364eeef3\",\"name\":\"aramon\",\"image\":{\"@type\":\"ImageObject\",\"inLanguage\":\"es\",\"@id\":\"https:\/\/www.aramon.com\/blog\/#\/schema\/person\/image\/\",\"url\":\"https:\/\/secure.gravatar.com\/avatar\/d5fd0ede392e1af0e414b87f7568b4d5?s=96&d=mm&r=g\",\"contentUrl\":\"https:\/\/secure.gravatar.com\/avatar\/d5fd0ede392e1af0e414b87f7568b4d5?s=96&d=mm&r=g\",\"caption\":\"aramon\"},\"url\":\"https:\/\/www.aramon.com\/blog\/author\/aramon\/\"}]}<\/script>\n<!-- \/ Yoast SEO plugin. -->","yoast_head_json":{"title":"El Grupo Aram\u00f3n impulsa su modelo de ocio y diversi\u00f3n en la nieve con una inversi\u00f3n de m\u00e1s de seis millones - Blog Oficial del Grupo ARAM\u00d3N","description":"El Grupo Aram\u00f3n impulsa su modelo de ocio y diversi\u00f3n en la nieve con una inversi\u00f3n de m\u00e1s de seis millones","robots":{"index":"index","follow":"follow","max-snippet":"max-snippet:-1","max-image-preview":"max-image-preview:large","max-video-preview":"max-video-preview:-1"},"canonical":"https:\/\/www.aramon.com\/blog\/el-grupo-aramon-impulsa-su-modelo-de-ocio-y-diversion-en-la-nieve-con-una-inversion-de-mas-de-seis-millones\/","og_locale":"es_ES","og_type":"article","og_title":"El Grupo Aram\u00f3n impulsa su modelo de ocio y diversi\u00f3n en la nieve con una inversi\u00f3n de m\u00e1s de seis millones - Blog Oficial del Grupo ARAM\u00d3N","og_description":"El Grupo Aram\u00f3n impulsa su modelo de ocio y diversi\u00f3n en la nieve con una inversi\u00f3n de m\u00e1s de seis millones","og_url":"https:\/\/www.aramon.com\/blog\/el-grupo-aramon-impulsa-su-modelo-de-ocio-y-diversion-en-la-nieve-con-una-inversion-de-mas-de-seis-millones\/","og_site_name":"Blog Oficial del Grupo ARAM\u00d3N","article_published_time":"2023-11-30T21:08:49+00:00","article_modified_time":"2023-11-30T21:08:50+00:00","og_image":[{"width":1616,"height":1080,"url":"https:\/\/www.aramon.com\/blog\/wp-content\/uploads\/2023\/11\/Presentacion-Aramon.jpeg","type":"image\/jpeg"}],"author":"aramon","twitter_card":"summary_large_image","twitter_misc":{"Escrito por":"aramon","Tiempo de lectura":"7 minutos"},"schema":{"@context":"https:\/\/schema.org","@graph":[{"@type":"WebPage","@id":"https:\/\/www.aramon.com\/blog\/el-grupo-aramon-impulsa-su-modelo-de-ocio-y-diversion-en-la-nieve-con-una-inversion-de-mas-de-seis-millones\/","url":"https:\/\/www.aramon.com\/blog\/el-grupo-aramon-impulsa-su-modelo-de-ocio-y-diversion-en-la-nieve-con-una-inversion-de-mas-de-seis-millones\/","name":"El Grupo Aram\u00f3n impulsa su modelo de ocio y diversi\u00f3n en la nieve con una inversi\u00f3n de m\u00e1s de seis millones - Blog Oficial del Grupo ARAM\u00d3N","isPartOf":{"@id":"https:\/\/www.aramon.com\/blog\/#website"},"primaryImageOfPage":{"@id":"https:\/\/www.aramon.com\/blog\/el-grupo-aramon-impulsa-su-modelo-de-ocio-y-diversion-en-la-nieve-con-una-inversion-de-mas-de-seis-millones\/#primaryimage"},"image":{"@id":"https:\/\/www.aramon.com\/blog\/el-grupo-aramon-impulsa-su-modelo-de-ocio-y-diversion-en-la-nieve-con-una-inversion-de-mas-de-seis-millones\/#primaryimage"},"thumbnailUrl":"https:\/\/www.aramon.com\/blog\/wp-content\/uploads\/2023\/11\/Presentacion-Aramon.jpeg","datePublished":"2023-11-30T21:08:49+00:00","dateModified":"2023-11-30T21:08:50+00:00","author":{"@id":"https:\/\/www.aramon.com\/blog\/#\/schema\/person\/9429ffb451d657ab98f0ca1b364eeef3"},"description":"El Grupo Aram\u00f3n impulsa su modelo de ocio y diversi\u00f3n en la nieve con una inversi\u00f3n de m\u00e1s de seis millones","inLanguage":"es","potentialAction":[{"@type":"ReadAction","target":["https:\/\/www.aramon.com\/blog\/el-grupo-aramon-impulsa-su-modelo-de-ocio-y-diversion-en-la-nieve-con-una-inversion-de-mas-de-seis-millones\/"]}]},{"@type":"ImageObject","inLanguage":"es","@id":"https:\/\/www.aramon.com\/blog\/el-grupo-aramon-impulsa-su-modelo-de-ocio-y-diversion-en-la-nieve-con-una-inversion-de-mas-de-seis-millones\/#primaryimage","url":"https:\/\/www.aramon.com\/blog\/wp-content\/uploads\/2023\/11\/Presentacion-Aramon.jpeg","contentUrl":"https:\/\/www.aramon.com\/blog\/wp-content\/uploads\/2023\/11\/Presentacion-Aramon.jpeg","width":1616,"height":1080},{"@type":"WebSite","@id":"https:\/\/www.aramon.com\/blog\/#website","url":"https:\/\/www.aramon.com\/blog\/","name":"Blog Oficial del Grupo ARAM\u00d3N","description":"Blog Oficial del Grupo Aram\u00f3n sobre estaciones de esqu\u00ed, monta\u00f1ismo, deportes de aventura y m\u00e1s en Arag\u00f3n.","potentialAction":[{"@type":"SearchAction","target":{"@type":"EntryPoint","urlTemplate":"https:\/\/www.aramon.com\/blog\/?s={search_term_string}"},"query-input":"required name=search_term_string"}],"inLanguage":"es"},{"@type":"Person","@id":"https:\/\/www.aramon.com\/blog\/#\/schema\/person\/9429ffb451d657ab98f0ca1b364eeef3","name":"aramon","image":{"@type":"ImageObject","inLanguage":"es","@id":"https:\/\/www.aramon.com\/blog\/#\/schema\/person\/image\/","url":"https:\/\/secure.gravatar.com\/avatar\/d5fd0ede392e1af0e414b87f7568b4d5?s=96&d=mm&r=g","contentUrl":"https:\/\/secure.gravatar.com\/avatar\/d5fd0ede392e1af0e414b87f7568b4d5?s=96&d=mm&r=g","caption":"aramon"},"url":"https:\/\/www.aramon.com\/blog\/author\/aramon\/"}]}},"_links":{"self":[{"href":"https:\/\/www.aramon.com\/blog\/wp-json\/wp\/v2\/posts\/19000"}],"collection":[{"href":"https:\/\/www.aramon.com\/blog\/wp-json\/wp\/v2\/posts"}],"about":[{"href":"https:\/\/www.aramon.com\/blog\/wp-json\/wp\/v2\/types\/post"}],"author":[{"embeddable":true,"href":"https:\/\/www.aramon.com\/blog\/wp-json\/wp\/v2\/users\/2"}],"replies":[{"embeddable":true,"href":"https:\/\/www.aramon.com\/blog\/wp-json\/wp\/v2\/comments?post=19000"}],"version-history":[{"count":7,"href":"https:\/\/www.aramon.com\/blog\/wp-json\/wp\/v2\/posts\/19000\/revisions"}],"predecessor-version":[{"id":19022,"href":"https:\/\/www.aramon.com\/blog\/wp-json\/wp\/v2\/posts\/19000\/revisions\/19022"}],"wp:featuredmedia":[{"embeddable":true,"href":"https:\/\/www.aramon.com\/blog\/wp-json\/wp\/v2\/media\/19024"}],"wp:attachment":[{"href":"https:\/\/www.aramon.com\/blog\/wp-json\/wp\/v2\/media?parent=19000"}],"wp:term":[{"taxonomy":"category","embeddable":true,"href":"https:\/\/www.aramon.com\/blog\/wp-json\/wp\/v2\/categories?post=19000"},{"taxonomy":"post_tag","embeddable":true,"href":"https:\/\/www.aramon.com\/blog\/wp-json\/wp\/v2\/tags?post=19000"}],"curies":[{"name":"wp","href":"https:\/\/api.w.org\/{rel}","templated":true}]}}