{"id":19055,"date":"2023-12-14T10:20:29","date_gmt":"2023-12-14T10:20:29","guid":{"rendered":"https:\/\/www.aramon.com\/blog\/?p=19055"},"modified":"2023-12-14T11:22:29","modified_gmt":"2023-12-14T11:22:29","slug":"el-grupo-aramon-inaugura-la-temporada-invernal-en-el-pirineo-con-la-apertura-de-las-estaciones-de-cerler-y-formigal-panticosa","status":"publish","type":"post","link":"https:\/\/www.aramon.com\/blog\/el-grupo-aramon-inaugura-la-temporada-invernal-en-el-pirineo-con-la-apertura-de-las-estaciones-de-cerler-y-formigal-panticosa\/","title":{"rendered":"El grupo ARAM\u00d3N inaugura la temporada invernal en el Pirineo con la apertura de las estaciones de Cerler y Formigal-Panticosa"},"content":{"rendered":"\n<p>Las <strong>estaciones de Cerler y Formigal-Panticosa <\/strong>dar\u00e1n comienzo a la<strong> temporada 23-24<\/strong> con su apertura el pr\u00f3ximo <strong>s\u00e1bado d\u00eda 16.<\/strong> Este hecho, unido al inicio de la actividad en la estaci\u00f3n de Valdelinares durante el pasado puente, hace que el grupo tenga ya operativos tres de sus centros invernales. Las nevadas recibidas en las \u00faltimas horas que han dejado hasta 40 cm en Formigal-Panticosa y 20 cm en Cerler, junto con los trabajos previos que se han venido desarrollando desde hace varias semanas, han sido claves para confirmar la apertura de las estaciones a una semana del inicio de la campa\u00f1a navide\u00f1a. As\u00ed, con la puesta en marcha de las estaciones, los valles empiezan a preparar la llegada de los visitantes que eligen disfrutar de sus d\u00edas de esqu\u00ed y ocio durante unas fechas tan se\u00f1aladas como es la Navidad.<\/p>\n\n\n\n<p><strong>La estaci\u00f3n de Cerler<\/strong> en el Valle de Benasque inaugura la temporada con la apertura del sector Ampri\u00fa, ofreciendo a trav\u00e9s de este acceso todos los servicios necesarios para la pr\u00e1ctica del esqu\u00ed. Los visitantes que se acerquen en estos d\u00edas a la estaci\u00f3n podr\u00e1n disfrutar de la renovada terraza de Colladeta, con una de las mejores combinaciones de gastronom\u00eda y paisaje de todo el valle. Cerler inaugura la temporada ofreciendo durante el fin de semana el forfait de d\u00eda a un precio promocional de 36,5\u20ac.<\/p>\n\n\n\n<p>Por su parte, la<strong> estaci\u00f3n de Formigal-Panticosa<\/strong> dar\u00e1 inicio a la temporada con la pr\u00e1ctica totalidad de sus valles conectados, desde Portalet hasta Sextas, en este primer fin de semana de actividad. La estaci\u00f3n trabaja para abrir el sector de Panticosa en los pr\u00f3ximos d\u00edas. Los usuarios que se acerquen a la estaci\u00f3n del Valle de Tena tendr\u00e1n a su disposici\u00f3n, adem\u00e1s de todos los servicios necesarios, una variada oferta gastron\u00f3mica para completar as\u00ed su jornada de esqu\u00ed. Tambi\u00e9n Formigal-Panticosa ofrece un precio promocional para este primer fin de semana de 45,5\u20ac para el forfait de d\u00eda.<\/p>\n\n\n\n<p>En la sierra de G\u00fadar, la estaci\u00f3n de Valdelinares sigue desarrollando con normalidad su actividad, recibiendo a todos los visitantes que quieran aprovechar estos primeros d\u00edas de ocio en la nieve. La estaci\u00f3n mantendr\u00e1 los precios promocionales de apertura de 20\u20ac&nbsp; facilitando as\u00ed el acceso a la estaci\u00f3n a todos los p\u00fablicos.<\/p>\n\n\n\n<p>Tanto las estaciones del Pirineo como las turolenses contin\u00faan con los trabajos de adecuaci\u00f3n de pistas con el objetivo de ampliar la oferta de kil\u00f3metros esquiables conforme las condiciones lo permitan.<\/p>\n\n\n\n<p>La apertura de las estaciones del Grupo ARAMON permitir\u00e1 continuar con el buen ritmo de reservas de cara a la campa\u00f1a navide\u00f1a que dar\u00e1 comienzo el pr\u00f3ximo viernes 22 de diciembre. Para aquellos usuarios que todav\u00eda no hayan preparado su pr\u00f3xima visita a los valles, Viajes Aram\u00f3n, la agencia oficial del grupo, ofrece todav\u00eda disponibilidad de \u00faltimos paquetes para disfrutar de la Navidad.<\/p>\n","protected":false},"excerpt":{"rendered":"<p>Las estaciones de Cerler y Formigal-Panticosa dar\u00e1n comienzo a la temporada 23-24 con su apertura el pr\u00f3ximo s\u00e1bado d\u00eda 16. <\/p>\n","protected":false},"author":2,"featured_media":19060,"comment_status":"closed","ping_status":"closed","sticky":false,"template":"","format":"standard","meta":{"_acf_changed":false,"footnotes":""},"categories":[1,303,307,308],"tags":[],"acf":[],"yoast_head":"<!-- This site is optimized with the Yoast SEO plugin v22.5 - https:\/\/yoast.com\/wordpress\/plugins\/seo\/ -->\n<title>El grupo ARAM\u00d3N inaugura la temporada invernal en el Pirineo con la apertura de las estaciones de Cerler y Formigal-Panticosa - Blog Oficial del Grupo ARAM\u00d3N<\/title>\n<meta name=\"description\" content=\"Las estaciones de Cerler y Formigal-Panticosa dar\u00e1n comienzo a la temporada 23-24 con su apertura el pr\u00f3ximo s\u00e1bado d\u00eda 14.\" \/>\n<meta name=\"robots\" content=\"index, follow, max-snippet:-1, max-image-preview:large, max-video-preview:-1\" \/>\n<link rel=\"canonical\" href=\"https:\/\/www.aramon.com\/blog\/el-grupo-aramon-inaugura-la-temporada-invernal-en-el-pirineo-con-la-apertura-de-las-estaciones-de-cerler-y-formigal-panticosa\/\" \/>\n<meta property=\"og:locale\" content=\"es_ES\" \/>\n<meta property=\"og:type\" content=\"article\" \/>\n<meta property=\"og:title\" content=\"El grupo ARAM\u00d3N inaugura la temporada invernal en el Pirineo con la apertura de las estaciones de Cerler y Formigal-Panticosa - Blog Oficial del Grupo ARAM\u00d3N\" \/>\n<meta property=\"og:description\" content=\"Las estaciones de Cerler y Formigal-Panticosa dar\u00e1n comienzo a la temporada 23-24 con su apertura el pr\u00f3ximo s\u00e1bado d\u00eda 14.\" \/>\n<meta property=\"og:url\" content=\"https:\/\/www.aramon.com\/blog\/el-grupo-aramon-inaugura-la-temporada-invernal-en-el-pirineo-con-la-apertura-de-las-estaciones-de-cerler-y-formigal-panticosa\/\" \/>\n<meta property=\"og:site_name\" content=\"Blog Oficial del Grupo ARAM\u00d3N\" \/>\n<meta property=\"article:published_time\" content=\"2023-12-14T10:20:29+00:00\" \/>\n<meta property=\"article:modified_time\" content=\"2023-12-14T11:22:29+00:00\" \/>\n<meta property=\"og:image\" content=\"https:\/\/www.aramon.com\/blog\/wp-content\/uploads\/2023\/12\/c5d102fd-c9d4-4064-8a73-bb806ef8af7a-1.jpg\" \/>\n\t<meta property=\"og:image:width\" content=\"1024\" \/>\n\t<meta property=\"og:image:height\" content=\"683\" \/>\n\t<meta property=\"og:image:type\" content=\"image\/jpeg\" \/>\n<meta name=\"author\" content=\"aramon\" \/>\n<meta name=\"twitter:card\" content=\"summary_large_image\" \/>\n<meta name=\"twitter:label1\" content=\"Escrito por\" \/>\n\t<meta name=\"twitter:data1\" content=\"aramon\" \/>\n\t<meta name=\"twitter:label2\" content=\"Tiempo de lectura\" \/>\n\t<meta name=\"twitter:data2\" content=\"3 minutos\" \/>\n<script type=\"application\/ld+json\" class=\"yoast-schema-graph\">{\"@context\":\"https:\/\/schema.org\",\"@graph\":[{\"@type\":\"WebPage\",\"@id\":\"https:\/\/www.aramon.com\/blog\/el-grupo-aramon-inaugura-la-temporada-invernal-en-el-pirineo-con-la-apertura-de-las-estaciones-de-cerler-y-formigal-panticosa\/\",\"url\":\"https:\/\/www.aramon.com\/blog\/el-grupo-aramon-inaugura-la-temporada-invernal-en-el-pirineo-con-la-apertura-de-las-estaciones-de-cerler-y-formigal-panticosa\/\",\"name\":\"El grupo ARAM\u00d3N inaugura la temporada invernal en el Pirineo con la apertura de las estaciones de Cerler y Formigal-Panticosa - Blog Oficial del Grupo ARAM\u00d3N\",\"isPartOf\":{\"@id\":\"https:\/\/www.aramon.com\/blog\/#website\"},\"primaryImageOfPage\":{\"@id\":\"https:\/\/www.aramon.com\/blog\/el-grupo-aramon-inaugura-la-temporada-invernal-en-el-pirineo-con-la-apertura-de-las-estaciones-de-cerler-y-formigal-panticosa\/#primaryimage\"},\"image\":{\"@id\":\"https:\/\/www.aramon.com\/blog\/el-grupo-aramon-inaugura-la-temporada-invernal-en-el-pirineo-con-la-apertura-de-las-estaciones-de-cerler-y-formigal-panticosa\/#primaryimage\"},\"thumbnailUrl\":\"https:\/\/www.aramon.com\/blog\/wp-content\/uploads\/2023\/12\/c5d102fd-c9d4-4064-8a73-bb806ef8af7a-1.jpg\",\"datePublished\":\"2023-12-14T10:20:29+00:00\",\"dateModified\":\"2023-12-14T11:22:29+00:00\",\"author\":{\"@id\":\"https:\/\/www.aramon.com\/blog\/#\/schema\/person\/9429ffb451d657ab98f0ca1b364eeef3\"},\"description\":\"Las estaciones de Cerler y Formigal-Panticosa dar\u00e1n comienzo a la temporada 23-24 con su apertura el pr\u00f3ximo s\u00e1bado d\u00eda 14.\",\"inLanguage\":\"es\",\"potentialAction\":[{\"@type\":\"ReadAction\",\"target\":[\"https:\/\/www.aramon.com\/blog\/el-grupo-aramon-inaugura-la-temporada-invernal-en-el-pirineo-con-la-apertura-de-las-estaciones-de-cerler-y-formigal-panticosa\/\"]}]},{\"@type\":\"ImageObject\",\"inLanguage\":\"es\",\"@id\":\"https:\/\/www.aramon.com\/blog\/el-grupo-aramon-inaugura-la-temporada-invernal-en-el-pirineo-con-la-apertura-de-las-estaciones-de-cerler-y-formigal-panticosa\/#primaryimage\",\"url\":\"https:\/\/www.aramon.com\/blog\/wp-content\/uploads\/2023\/12\/c5d102fd-c9d4-4064-8a73-bb806ef8af7a-1.jpg\",\"contentUrl\":\"https:\/\/www.aramon.com\/blog\/wp-content\/uploads\/2023\/12\/c5d102fd-c9d4-4064-8a73-bb806ef8af7a-1.jpg\",\"width\":1024,\"height\":683},{\"@type\":\"WebSite\",\"@id\":\"https:\/\/www.aramon.com\/blog\/#website\",\"url\":\"https:\/\/www.aramon.com\/blog\/\",\"name\":\"Blog Oficial del Grupo ARAM\u00d3N\",\"description\":\"Blog Oficial del Grupo Aram\u00f3n sobre estaciones de esqu\u00ed, monta\u00f1ismo, deportes de aventura y m\u00e1s en Arag\u00f3n.\",\"potentialAction\":[{\"@type\":\"SearchAction\",\"target\":{\"@type\":\"EntryPoint\",\"urlTemplate\":\"https:\/\/www.aramon.com\/blog\/?s={search_term_string}\"},\"query-input\":\"required name=search_term_string\"}],\"inLanguage\":\"es\"},{\"@type\":\"Person\",\"@id\":\"https:\/\/www.aramon.com\/blog\/#\/schema\/person\/9429ffb451d657ab98f0ca1b364eeef3\",\"name\":\"aramon\",\"image\":{\"@type\":\"ImageObject\",\"inLanguage\":\"es\",\"@id\":\"https:\/\/www.aramon.com\/blog\/#\/schema\/person\/image\/\",\"url\":\"https:\/\/secure.gravatar.com\/avatar\/d5fd0ede392e1af0e414b87f7568b4d5?s=96&d=mm&r=g\",\"contentUrl\":\"https:\/\/secure.gravatar.com\/avatar\/d5fd0ede392e1af0e414b87f7568b4d5?s=96&d=mm&r=g\",\"caption\":\"aramon\"},\"url\":\"https:\/\/www.aramon.com\/blog\/author\/aramon\/\"}]}<\/script>\n<!-- \/ Yoast SEO plugin. -->","yoast_head_json":{"title":"El grupo ARAM\u00d3N inaugura la temporada invernal en el Pirineo con la apertura de las estaciones de Cerler y Formigal-Panticosa - Blog Oficial del Grupo ARAM\u00d3N","description":"Las estaciones de Cerler y Formigal-Panticosa dar\u00e1n comienzo a la temporada 23-24 con su apertura el pr\u00f3ximo s\u00e1bado d\u00eda 14.","robots":{"index":"index","follow":"follow","max-snippet":"max-snippet:-1","max-image-preview":"max-image-preview:large","max-video-preview":"max-video-preview:-1"},"canonical":"https:\/\/www.aramon.com\/blog\/el-grupo-aramon-inaugura-la-temporada-invernal-en-el-pirineo-con-la-apertura-de-las-estaciones-de-cerler-y-formigal-panticosa\/","og_locale":"es_ES","og_type":"article","og_title":"El grupo ARAM\u00d3N inaugura la temporada invernal en el Pirineo con la apertura de las estaciones de Cerler y Formigal-Panticosa - Blog Oficial del Grupo ARAM\u00d3N","og_description":"Las estaciones de Cerler y Formigal-Panticosa dar\u00e1n comienzo a la temporada 23-24 con su apertura el pr\u00f3ximo s\u00e1bado d\u00eda 14.","og_url":"https:\/\/www.aramon.com\/blog\/el-grupo-aramon-inaugura-la-temporada-invernal-en-el-pirineo-con-la-apertura-de-las-estaciones-de-cerler-y-formigal-panticosa\/","og_site_name":"Blog Oficial del Grupo ARAM\u00d3N","article_published_time":"2023-12-14T10:20:29+00:00","article_modified_time":"2023-12-14T11:22:29+00:00","og_image":[{"width":1024,"height":683,"url":"https:\/\/www.aramon.com\/blog\/wp-content\/uploads\/2023\/12\/c5d102fd-c9d4-4064-8a73-bb806ef8af7a-1.jpg","type":"image\/jpeg"}],"author":"aramon","twitter_card":"summary_large_image","twitter_misc":{"Escrito por":"aramon","Tiempo de lectura":"3 minutos"},"schema":{"@context":"https:\/\/schema.org","@graph":[{"@type":"WebPage","@id":"https:\/\/www.aramon.com\/blog\/el-grupo-aramon-inaugura-la-temporada-invernal-en-el-pirineo-con-la-apertura-de-las-estaciones-de-cerler-y-formigal-panticosa\/","url":"https:\/\/www.aramon.com\/blog\/el-grupo-aramon-inaugura-la-temporada-invernal-en-el-pirineo-con-la-apertura-de-las-estaciones-de-cerler-y-formigal-panticosa\/","name":"El grupo ARAM\u00d3N inaugura la temporada invernal en el Pirineo con la apertura de las estaciones de Cerler y Formigal-Panticosa - Blog Oficial del Grupo ARAM\u00d3N","isPartOf":{"@id":"https:\/\/www.aramon.com\/blog\/#website"},"primaryImageOfPage":{"@id":"https:\/\/www.aramon.com\/blog\/el-grupo-aramon-inaugura-la-temporada-invernal-en-el-pirineo-con-la-apertura-de-las-estaciones-de-cerler-y-formigal-panticosa\/#primaryimage"},"image":{"@id":"https:\/\/www.aramon.com\/blog\/el-grupo-aramon-inaugura-la-temporada-invernal-en-el-pirineo-con-la-apertura-de-las-estaciones-de-cerler-y-formigal-panticosa\/#primaryimage"},"thumbnailUrl":"https:\/\/www.aramon.com\/blog\/wp-content\/uploads\/2023\/12\/c5d102fd-c9d4-4064-8a73-bb806ef8af7a-1.jpg","datePublished":"2023-12-14T10:20:29+00:00","dateModified":"2023-12-14T11:22:29+00:00","author":{"@id":"https:\/\/www.aramon.com\/blog\/#\/schema\/person\/9429ffb451d657ab98f0ca1b364eeef3"},"description":"Las estaciones de Cerler y Formigal-Panticosa dar\u00e1n comienzo a la temporada 23-24 con su apertura el pr\u00f3ximo s\u00e1bado d\u00eda 14.","inLanguage":"es","potentialAction":[{"@type":"ReadAction","target":["https:\/\/www.aramon.com\/blog\/el-grupo-aramon-inaugura-la-temporada-invernal-en-el-pirineo-con-la-apertura-de-las-estaciones-de-cerler-y-formigal-panticosa\/"]}]},{"@type":"ImageObject","inLanguage":"es","@id":"https:\/\/www.aramon.com\/blog\/el-grupo-aramon-inaugura-la-temporada-invernal-en-el-pirineo-con-la-apertura-de-las-estaciones-de-cerler-y-formigal-panticosa\/#primaryimage","url":"https:\/\/www.aramon.com\/blog\/wp-content\/uploads\/2023\/12\/c5d102fd-c9d4-4064-8a73-bb806ef8af7a-1.jpg","contentUrl":"https:\/\/www.aramon.com\/blog\/wp-content\/uploads\/2023\/12\/c5d102fd-c9d4-4064-8a73-bb806ef8af7a-1.jpg","width":1024,"height":683},{"@type":"WebSite","@id":"https:\/\/www.aramon.com\/blog\/#website","url":"https:\/\/www.aramon.com\/blog\/","name":"Blog Oficial del Grupo ARAM\u00d3N","description":"Blog Oficial del Grupo Aram\u00f3n sobre estaciones de esqu\u00ed, monta\u00f1ismo, deportes de aventura y m\u00e1s en Arag\u00f3n.","potentialAction":[{"@type":"SearchAction","target":{"@type":"EntryPoint","urlTemplate":"https:\/\/www.aramon.com\/blog\/?s={search_term_string}"},"query-input":"required name=search_term_string"}],"inLanguage":"es"},{"@type":"Person","@id":"https:\/\/www.aramon.com\/blog\/#\/schema\/person\/9429ffb451d657ab98f0ca1b364eeef3","name":"aramon","image":{"@type":"ImageObject","inLanguage":"es","@id":"https:\/\/www.aramon.com\/blog\/#\/schema\/person\/image\/","url":"https:\/\/secure.gravatar.com\/avatar\/d5fd0ede392e1af0e414b87f7568b4d5?s=96&d=mm&r=g","contentUrl":"https:\/\/secure.gravatar.com\/avatar\/d5fd0ede392e1af0e414b87f7568b4d5?s=96&d=mm&r=g","caption":"aramon"},"url":"https:\/\/www.aramon.com\/blog\/author\/aramon\/"}]}},"_links":{"self":[{"href":"https:\/\/www.aramon.com\/blog\/wp-json\/wp\/v2\/posts\/19055"}],"collection":[{"href":"https:\/\/www.aramon.com\/blog\/wp-json\/wp\/v2\/posts"}],"about":[{"href":"https:\/\/www.aramon.com\/blog\/wp-json\/wp\/v2\/types\/post"}],"author":[{"embeddable":true,"href":"https:\/\/www.aramon.com\/blog\/wp-json\/wp\/v2\/users\/2"}],"replies":[{"embeddable":true,"href":"https:\/\/www.aramon.com\/blog\/wp-json\/wp\/v2\/comments?post=19055"}],"version-history":[{"count":6,"href":"https:\/\/www.aramon.com\/blog\/wp-json\/wp\/v2\/posts\/19055\/revisions"}],"predecessor-version":[{"id":19076,"href":"https:\/\/www.aramon.com\/blog\/wp-json\/wp\/v2\/posts\/19055\/revisions\/19076"}],"wp:featuredmedia":[{"embeddable":true,"href":"https:\/\/www.aramon.com\/blog\/wp-json\/wp\/v2\/media\/19060"}],"wp:attachment":[{"href":"https:\/\/www.aramon.com\/blog\/wp-json\/wp\/v2\/media?parent=19055"}],"wp:term":[{"taxonomy":"category","embeddable":true,"href":"https:\/\/www.aramon.com\/blog\/wp-json\/wp\/v2\/categories?post=19055"},{"taxonomy":"post_tag","embeddable":true,"href":"https:\/\/www.aramon.com\/blog\/wp-json\/wp\/v2\/tags?post=19055"}],"curies":[{"name":"wp","href":"https:\/\/api.w.org\/{rel}","templated":true}]}}