{"id":19213,"date":"2023-12-21T12:19:39","date_gmt":"2023-12-21T12:19:39","guid":{"rendered":"https:\/\/www.aramon.com\/blog\/?p=19213"},"modified":"2023-12-29T14:36:04","modified_gmt":"2023-12-29T14:36:04","slug":"las-estaciones-del-grupo-aramon-refuerzan-su-oferta-de-esqui-y-ocio-para-todos-los-publicos-en-estas-navidades","status":"publish","type":"post","link":"https:\/\/www.aramon.com\/blog\/las-estaciones-del-grupo-aramon-refuerzan-su-oferta-de-esqui-y-ocio-para-todos-los-publicos-en-estas-navidades\/","title":{"rendered":"Las estaciones del Grupo Aram\u00f3n refuerzan su oferta de esqu\u00ed y ocio para todos los p\u00fablicos en estas Navidades"},"content":{"rendered":"\n<p>El Grupo Aram\u00f3n prepara su propuesta de ocio y diversi\u00f3n en la nieve para todos los usuarios que deseen acercarse a las estaciones estas Navidades. As\u00ed, a la previsi\u00f3n de ampliaci\u00f3n de los dominios esquiables en funci\u00f3n de las condiciones meteorol\u00f3gicas, las estaciones suman una variada oferta de actividades y eventos para todos los p\u00fablicos.<\/p>\n\n\n\n<p><strong>Previsi\u00f3n de ampliaci\u00f3n de dominios esquiables<\/strong><\/p>\n\n\n\n<p>Las condiciones meteorol\u00f3gicas marcar\u00e1n el ritmo de incremento de los dominios esquiables en todos los destinos durante estas semanas Navide\u00f1as. En los primeros d\u00edas destaca la apertura de la estaci\u00f3n de Javalambre que completa la apertura de todas las estaciones del holding de la nieve. Adem\u00e1s, destaca la previsi\u00f3n de apertura del sector Cota 2.000 en la estaci\u00f3n de Cerler a partir del d\u00eda 26 de diciembre, con acceso por el Telesilla El Molino. Este hecho, unido a la puesta en funcionamiento de los telesillas de Cogulla y Robellons permitir\u00e1 ampliar de manera significativa el actual dominio esquiable en la estaci\u00f3n del Valle de Benasque. De esta manera, Cerler asegura la apertura de los dos accesos a la estaci\u00f3n junto con sus principales servicios, poniendo adem\u00e1s a disposici\u00f3n de los usuarios un autob\u00fas gratuito entre ambos puntos.<\/p>\n\n\n\n<p>En la estaci\u00f3n de Formigal-Panticosa el trabajo de los sistemas de producci\u00f3n de nieve ya ha permitido el paulatino incremento del dominio esquiable desde la apertura de la estaci\u00f3n. Actualmente, ya es posible esquiar entre todos los valles con acceso al sector de Formigal, permitiendo disfrutar de la estaci\u00f3n a esquiadores de todos los niveles.<\/p>\n\n\n\n<p><strong>Actividades y eventos para todos los p\u00fablicos<\/strong><\/p>\n\n\n\n<p>De esta manera, en estas fechas en la que los m\u00e1s peque\u00f1os de la casa son los principales protagonistas destacan las activades dedicadas para ellos. Hay que recordar que tanto a Pap\u00e1 Noel como a los Reyes Magos les encantan las estaciones de esqu\u00ed de Aram\u00f3n y un a\u00f1o m\u00e1s ya han hecho un hueco en sus apretadas agendas para visitar las pistas de Cerler y Formigal-Panticosa en el Pirineo, y Javalambre y Valdelinares en Teruel. Siguiendo con las actividades propias de la Navidad en las estaciones, cabe se\u00f1alar la celebraci\u00f3n de las campanadas en altura, permitiendo dar la bienvenida de manera adelantada al nuevo a\u00f1o desde algunos de los puntos m\u00e1s emblem\u00e1ticos de la estaci\u00f3n con el mejor ambiente. A lo largo de estos d\u00edas tambi\u00e9n tendr\u00e1n lugar espect\u00e1culos de fuegos artificiales y los ya tradicionales descensos de antorchas.<\/p>\n\n\n\n<p>La combinaci\u00f3n de esqu\u00ed y m\u00fasica tan caracter\u00edstica de las estaciones del grupo Aram\u00f3n estar\u00e1 presente de manera destacada en estas Navidades. As\u00ed, los diferentes espacios de M Experience en el Valle de Tena, con Marchica a la cabeza, y la apertura de Rem\u00e1scaro en Cerler aseguran la mejor programaci\u00f3n musical en nieve en estos pr\u00f3ximos d\u00edas, con actuaciones de la mano de Djs como Alvama Ice o Carlos Jean.<\/p>\n\n\n\n<p>Para todos aquellos visitantes que quieran disfrutar de la experiencia de la estaci\u00f3n sin necesidad de ponerse los esqu\u00eds, las estaciones del Grupo tambi\u00e9n tienen una propuesta de ocio para esta Navidad. As\u00ed, el Telecabina de Panticosa estar\u00e1 abierto para uso tur\u00edstico, permitiendo disfrutar de las mejores vistas panor\u00e1micas del invierno en Valle de Tena. Por su lado en Cerler la oferta gastron\u00f3mica de la Parrilla Cota 2.000 o de la nueva terraza panor\u00e1mica de Colladeta ser\u00e1n accesibles a los no esquiadores a trav\u00e9s del telesilla El Molino y Batisielles respectivamente. As\u00ed mismo, Cerler ha abierto el sector cota 2000 y ya se puede acceder a la estaci\u00f3n desde Cerler 1500 y Ampriu. Est\u00e1 prevista la apertura total de la pista barranco el 30 de diciembre, que permitir\u00e1 llegar a los 11 km y conectar los valles en ambos sentidos. A\u00fan as\u00ed se mantendr\u00e1 el servicio de autob\u00fas gratuito entre Cerler 1500 y Ampriu hasta el d\u00eda 31 de diciembre. <\/p>\n\n\n\n<p>Hay que destacar que m\u00e1s all\u00e1 de la propuesta de ocio y esqu\u00ed de las estaciones, los destinos de monta\u00f1a del Grupo ofrecen numerosos atractivos para completar la agenda de actividades esta Navidad. Mercadillos navide\u00f1os, actuaciones en las animadas calles, cabalgatas o villancicos son solo algunas de las principales propuestas con las que los visitantes podr\u00e1n completar su jornada de esqu\u00ed.<\/p>\n\n\n\n<figure class=\"wp-block-image size-large\"><img loading=\"lazy\" decoding=\"async\" width=\"1024\" height=\"684\" src=\"https:\/\/www.aramon.com\/blog\/wp-content\/uploads\/2023\/12\/Fotos-recurso-Navidad-22-23-Aramon-2-1024x684.jpg\" alt=\"\" class=\"wp-image-19259\" srcset=\"https:\/\/www.aramon.com\/blog\/wp-content\/uploads\/2023\/12\/Fotos-recurso-Navidad-22-23-Aramon-2-1024x684.jpg 1024w, https:\/\/www.aramon.com\/blog\/wp-content\/uploads\/2023\/12\/Fotos-recurso-Navidad-22-23-Aramon-2-300x200.jpg 300w, https:\/\/www.aramon.com\/blog\/wp-content\/uploads\/2023\/12\/Fotos-recurso-Navidad-22-23-Aramon-2-768x513.jpg 768w, https:\/\/www.aramon.com\/blog\/wp-content\/uploads\/2023\/12\/Fotos-recurso-Navidad-22-23-Aramon-2-1536x1026.jpg 1536w, https:\/\/www.aramon.com\/blog\/wp-content\/uploads\/2023\/12\/Fotos-recurso-Navidad-22-23-Aramon-2-2048x1368.jpg 2048w\" sizes=\"(max-width: 1024px) 100vw, 1024px\" \/><\/figure>\n\n\n\n<p><strong>Agenda eventos Navidad<\/strong><\/p>\n\n\n\n<p><strong>Cerler<\/strong><\/p>\n\n\n\n<ul>\n<li>24 de diciembre. Visita de Pap\u00e1 Noel a la estaci\u00f3n de Cerler a partir de las 10:30 h.<\/li>\n\n\n\n<li>27 de diciembre. Apertura del apr\u00e8s-ski Rem\u00e1scaro<\/li>\n\n\n\n<li>29 de diciembre Dj Txaman en Rem\u00e1scaro<\/li>\n\n\n\n<li>30 de diciembre G\u00f6ly en Rem\u00e1scaro<\/li>\n\n\n\n<li>31 de diciembre. Campanadas del Mundo en varios puntos de la estaci\u00f3n durante la jornada de esqu\u00ed \u00a0y a las 18:00 h en Rem\u00e1scaro con dj Alex Curreya<\/li>\n\n\n\n<li>2 de enero I\u00f1igo Lliso en Rem\u00e1scaro<\/li>\n\n\n\n<li>3 de enero dj residente en Rem\u00e1scaro<\/li>\n\n\n\n<li>4 de enero Mario Beni en Rem\u00e1scaro<\/li>\n\n\n\n<li>5 de enero dj residente en Rem\u00e1scaro<\/li>\n\n\n\n<li>5 de enero. Visita de sus majestades los Reyes Magos a la estaci\u00f3n de Cerler a partir de las 10:30 h<\/li>\n\n\n\n<li>6 de enero Diego Aguas en Rem\u00e1scaro<\/li>\n<\/ul>\n\n\n\n<p><strong>Formigal-Panticosa<\/strong><\/p>\n\n\n\n<ul>\n<li>23 de diciembre. Diego Aguas en el apr\u00e8s-ski de Marchica.<\/li>\n\n\n\n<li>24 de diciembre. Visita de Pap\u00e1 Noel a la estaci\u00f3n de Formigal-Panticosa, llegada a Anayet a las 12:00 h. &nbsp;<\/li>\n\n\n\n<li>26 de diciembre. Sweet Pyrenne en el apr\u00e8s-ski de Marchica.<\/li>\n\n\n\n<li>27 de diciembre. Dj Hidalgo en el apr\u00e8s-ski de Marchica.<\/li>\n\n\n\n<li>28 de diciembre. Dj Lalo Sanchez en el apr\u00e8s-ski de Marchica y Opening party de la mano de Alvama Ice en M Big Room.<\/li>\n\n\n\n<li>29 de diciembre. Pure Marchica.<\/li>\n\n\n\n<li>30 de diciembre. Julia Centeno en el apr\u00e8s-ski de Marchica.<\/li>\n\n\n\n<li>31 de diciembre.<\/li>\n\n\n\n<li>Campanadas del Mundo en la Terraza Boutique Sarrios by Veuve &nbsp;Clicquot a las 13:00 h con Carlos Jean.<\/li>\n\n\n\n<li>Despide el a\u00f1o en el apr\u00e8s-ski de Marchica con Carlos Jean.<\/li>\n\n\n\n<li>Cena con cotill\u00f3n en el M the Club.<\/li>\n\n\n\n<li>New Year Party en el redise\u00f1ado M Big Room de la mano de Luc Loren.<\/li>\n\n\n\n<li>4 de enero. Dj Alex Cu en en el apr\u00e8s-ski de Marchica.<\/li>\n<\/ul>\n\n\n\n<ul>\n<li>5 de enero. Visita de sus majestades los Reyes Magos a la estaci\u00f3n a partir de las 10:30 h y tradicional bajada de antorchas a las 18:30 h.<\/li>\n<\/ul>\n\n\n\n<ul>\n<li>6 de enero. Dj Taao en en el apr\u00e8s-ski de Marchica.<\/li>\n<\/ul>\n\n\n\n<p><strong>Javalambre-Valdelinares<\/strong><\/p>\n\n\n\n<ul>\n<li>24 de diciembre. Visita de Pap\u00e1 Noel a las estaciones de Javalambre y Valdelinares.<\/li>\n\n\n\n<li>30 de diciembre. Javalambre iluminar\u00e1 sus pistas el pr\u00f3ximo 30 de diciembre a las 16:00 h.<\/li>\n\n\n\n<li>30 de diciembre Vermut de Bienvenida de los Abonados de Temporada <\/li>\n\n\n\n<li>30 de diciembre en Valdelinares una animaci\u00f3n infantil en Snowy Trineos <\/li>\n\n\n\n<li>31 de diciembre. En la terraza del Obrador en Valdelinares y en la terraza de Sabina en Javalambre desde las 11:00 h para amenizar el d\u00eda con m\u00fasica en directo y celebrar juntos las campanadas a las 12:00 h del medio d\u00eda.<\/li>\n\n\n\n<li>5 Reyes Magos. Visita de sus majestades los Reyes Magos a las estaciones.<\/li>\n<\/ul>\n","protected":false},"excerpt":{"rendered":"<p>A la previsi\u00f3n de ampliaci\u00f3n de los dominios esquiables,  las estaciones suman una variada oferta de actividades y eventos para todos los p\u00fablicos.<\/p>\n","protected":false},"author":2,"featured_media":19258,"comment_status":"closed","ping_status":"closed","sticky":false,"template":"","format":"standard","meta":{"_acf_changed":false,"footnotes":""},"categories":[1,303,307,308],"tags":[],"acf":[],"yoast_head":"<!-- This site is optimized with the Yoast SEO plugin v22.5 - https:\/\/yoast.com\/wordpress\/plugins\/seo\/ -->\n<title>Las estaciones del Grupo Aram\u00f3n refuerzan su oferta de esqu\u00ed y ocio para todos los p\u00fablicos en estas Navidades - Blog Oficial del Grupo ARAM\u00d3N<\/title>\n<meta name=\"description\" content=\"Las estaciones del Grupo Aram\u00f3n refuerzan su oferta de esqu\u00ed y ocio para todos los p\u00fablicos en estas Navidades\" \/>\n<meta name=\"robots\" content=\"index, follow, max-snippet:-1, max-image-preview:large, max-video-preview:-1\" \/>\n<link rel=\"canonical\" href=\"https:\/\/www.aramon.com\/blog\/las-estaciones-del-grupo-aramon-refuerzan-su-oferta-de-esqui-y-ocio-para-todos-los-publicos-en-estas-navidades\/\" \/>\n<meta property=\"og:locale\" content=\"es_ES\" \/>\n<meta property=\"og:type\" content=\"article\" \/>\n<meta property=\"og:title\" content=\"Las estaciones del Grupo Aram\u00f3n refuerzan su oferta de esqu\u00ed y ocio para todos los p\u00fablicos en estas Navidades - Blog Oficial del Grupo ARAM\u00d3N\" \/>\n<meta property=\"og:description\" content=\"Las estaciones del Grupo Aram\u00f3n refuerzan su oferta de esqu\u00ed y ocio para todos los p\u00fablicos en estas Navidades\" \/>\n<meta property=\"og:url\" content=\"https:\/\/www.aramon.com\/blog\/las-estaciones-del-grupo-aramon-refuerzan-su-oferta-de-esqui-y-ocio-para-todos-los-publicos-en-estas-navidades\/\" \/>\n<meta property=\"og:site_name\" content=\"Blog Oficial del Grupo ARAM\u00d3N\" \/>\n<meta property=\"article:published_time\" content=\"2023-12-21T12:19:39+00:00\" \/>\n<meta property=\"article:modified_time\" content=\"2023-12-29T14:36:04+00:00\" \/>\n<meta property=\"og:image\" content=\"https:\/\/www.aramon.com\/blog\/wp-content\/uploads\/2023\/12\/Fotos-recurso-Navidad-22-23-Aramon-4-1-scaled.jpg\" \/>\n\t<meta property=\"og:image:width\" content=\"2560\" \/>\n\t<meta property=\"og:image:height\" content=\"1534\" \/>\n\t<meta property=\"og:image:type\" content=\"image\/jpeg\" \/>\n<meta name=\"author\" content=\"aramon\" \/>\n<meta name=\"twitter:card\" content=\"summary_large_image\" \/>\n<meta name=\"twitter:label1\" content=\"Escrito por\" \/>\n\t<meta name=\"twitter:data1\" content=\"aramon\" \/>\n\t<meta name=\"twitter:label2\" content=\"Tiempo de lectura\" \/>\n\t<meta name=\"twitter:data2\" content=\"6 minutos\" \/>\n<script type=\"application\/ld+json\" class=\"yoast-schema-graph\">{\"@context\":\"https:\/\/schema.org\",\"@graph\":[{\"@type\":\"WebPage\",\"@id\":\"https:\/\/www.aramon.com\/blog\/las-estaciones-del-grupo-aramon-refuerzan-su-oferta-de-esqui-y-ocio-para-todos-los-publicos-en-estas-navidades\/\",\"url\":\"https:\/\/www.aramon.com\/blog\/las-estaciones-del-grupo-aramon-refuerzan-su-oferta-de-esqui-y-ocio-para-todos-los-publicos-en-estas-navidades\/\",\"name\":\"Las estaciones del Grupo Aram\u00f3n refuerzan su oferta de esqu\u00ed y ocio para todos los p\u00fablicos en estas Navidades - Blog Oficial del Grupo ARAM\u00d3N\",\"isPartOf\":{\"@id\":\"https:\/\/www.aramon.com\/blog\/#website\"},\"primaryImageOfPage\":{\"@id\":\"https:\/\/www.aramon.com\/blog\/las-estaciones-del-grupo-aramon-refuerzan-su-oferta-de-esqui-y-ocio-para-todos-los-publicos-en-estas-navidades\/#primaryimage\"},\"image\":{\"@id\":\"https:\/\/www.aramon.com\/blog\/las-estaciones-del-grupo-aramon-refuerzan-su-oferta-de-esqui-y-ocio-para-todos-los-publicos-en-estas-navidades\/#primaryimage\"},\"thumbnailUrl\":\"https:\/\/www.aramon.com\/blog\/wp-content\/uploads\/2023\/12\/Fotos-recurso-Navidad-22-23-Aramon-4-1-scaled.jpg\",\"datePublished\":\"2023-12-21T12:19:39+00:00\",\"dateModified\":\"2023-12-29T14:36:04+00:00\",\"author\":{\"@id\":\"https:\/\/www.aramon.com\/blog\/#\/schema\/person\/9429ffb451d657ab98f0ca1b364eeef3\"},\"description\":\"Las estaciones del Grupo Aram\u00f3n refuerzan su oferta de esqu\u00ed y ocio para todos los p\u00fablicos en estas Navidades\",\"inLanguage\":\"es\",\"potentialAction\":[{\"@type\":\"ReadAction\",\"target\":[\"https:\/\/www.aramon.com\/blog\/las-estaciones-del-grupo-aramon-refuerzan-su-oferta-de-esqui-y-ocio-para-todos-los-publicos-en-estas-navidades\/\"]}]},{\"@type\":\"ImageObject\",\"inLanguage\":\"es\",\"@id\":\"https:\/\/www.aramon.com\/blog\/las-estaciones-del-grupo-aramon-refuerzan-su-oferta-de-esqui-y-ocio-para-todos-los-publicos-en-estas-navidades\/#primaryimage\",\"url\":\"https:\/\/www.aramon.com\/blog\/wp-content\/uploads\/2023\/12\/Fotos-recurso-Navidad-22-23-Aramon-4-1-scaled.jpg\",\"contentUrl\":\"https:\/\/www.aramon.com\/blog\/wp-content\/uploads\/2023\/12\/Fotos-recurso-Navidad-22-23-Aramon-4-1-scaled.jpg\",\"width\":2560,\"height\":1534},{\"@type\":\"WebSite\",\"@id\":\"https:\/\/www.aramon.com\/blog\/#website\",\"url\":\"https:\/\/www.aramon.com\/blog\/\",\"name\":\"Blog Oficial del Grupo ARAM\u00d3N\",\"description\":\"Blog Oficial del Grupo Aram\u00f3n sobre estaciones de esqu\u00ed, monta\u00f1ismo, deportes de aventura y m\u00e1s en Arag\u00f3n.\",\"potentialAction\":[{\"@type\":\"SearchAction\",\"target\":{\"@type\":\"EntryPoint\",\"urlTemplate\":\"https:\/\/www.aramon.com\/blog\/?s={search_term_string}\"},\"query-input\":\"required name=search_term_string\"}],\"inLanguage\":\"es\"},{\"@type\":\"Person\",\"@id\":\"https:\/\/www.aramon.com\/blog\/#\/schema\/person\/9429ffb451d657ab98f0ca1b364eeef3\",\"name\":\"aramon\",\"image\":{\"@type\":\"ImageObject\",\"inLanguage\":\"es\",\"@id\":\"https:\/\/www.aramon.com\/blog\/#\/schema\/person\/image\/\",\"url\":\"https:\/\/secure.gravatar.com\/avatar\/d5fd0ede392e1af0e414b87f7568b4d5?s=96&d=mm&r=g\",\"contentUrl\":\"https:\/\/secure.gravatar.com\/avatar\/d5fd0ede392e1af0e414b87f7568b4d5?s=96&d=mm&r=g\",\"caption\":\"aramon\"},\"url\":\"https:\/\/www.aramon.com\/blog\/author\/aramon\/\"}]}<\/script>\n<!-- \/ Yoast SEO plugin. -->","yoast_head_json":{"title":"Las estaciones del Grupo Aram\u00f3n refuerzan su oferta de esqu\u00ed y ocio para todos los p\u00fablicos en estas Navidades - Blog Oficial del Grupo ARAM\u00d3N","description":"Las estaciones del Grupo Aram\u00f3n refuerzan su oferta de esqu\u00ed y ocio para todos los p\u00fablicos en estas Navidades","robots":{"index":"index","follow":"follow","max-snippet":"max-snippet:-1","max-image-preview":"max-image-preview:large","max-video-preview":"max-video-preview:-1"},"canonical":"https:\/\/www.aramon.com\/blog\/las-estaciones-del-grupo-aramon-refuerzan-su-oferta-de-esqui-y-ocio-para-todos-los-publicos-en-estas-navidades\/","og_locale":"es_ES","og_type":"article","og_title":"Las estaciones del Grupo Aram\u00f3n refuerzan su oferta de esqu\u00ed y ocio para todos los p\u00fablicos en estas Navidades - Blog Oficial del Grupo ARAM\u00d3N","og_description":"Las estaciones del Grupo Aram\u00f3n refuerzan su oferta de esqu\u00ed y ocio para todos los p\u00fablicos en estas Navidades","og_url":"https:\/\/www.aramon.com\/blog\/las-estaciones-del-grupo-aramon-refuerzan-su-oferta-de-esqui-y-ocio-para-todos-los-publicos-en-estas-navidades\/","og_site_name":"Blog Oficial del Grupo ARAM\u00d3N","article_published_time":"2023-12-21T12:19:39+00:00","article_modified_time":"2023-12-29T14:36:04+00:00","og_image":[{"width":2560,"height":1534,"url":"https:\/\/www.aramon.com\/blog\/wp-content\/uploads\/2023\/12\/Fotos-recurso-Navidad-22-23-Aramon-4-1-scaled.jpg","type":"image\/jpeg"}],"author":"aramon","twitter_card":"summary_large_image","twitter_misc":{"Escrito por":"aramon","Tiempo de lectura":"6 minutos"},"schema":{"@context":"https:\/\/schema.org","@graph":[{"@type":"WebPage","@id":"https:\/\/www.aramon.com\/blog\/las-estaciones-del-grupo-aramon-refuerzan-su-oferta-de-esqui-y-ocio-para-todos-los-publicos-en-estas-navidades\/","url":"https:\/\/www.aramon.com\/blog\/las-estaciones-del-grupo-aramon-refuerzan-su-oferta-de-esqui-y-ocio-para-todos-los-publicos-en-estas-navidades\/","name":"Las estaciones del Grupo Aram\u00f3n refuerzan su oferta de esqu\u00ed y ocio para todos los p\u00fablicos en estas Navidades - Blog Oficial del Grupo ARAM\u00d3N","isPartOf":{"@id":"https:\/\/www.aramon.com\/blog\/#website"},"primaryImageOfPage":{"@id":"https:\/\/www.aramon.com\/blog\/las-estaciones-del-grupo-aramon-refuerzan-su-oferta-de-esqui-y-ocio-para-todos-los-publicos-en-estas-navidades\/#primaryimage"},"image":{"@id":"https:\/\/www.aramon.com\/blog\/las-estaciones-del-grupo-aramon-refuerzan-su-oferta-de-esqui-y-ocio-para-todos-los-publicos-en-estas-navidades\/#primaryimage"},"thumbnailUrl":"https:\/\/www.aramon.com\/blog\/wp-content\/uploads\/2023\/12\/Fotos-recurso-Navidad-22-23-Aramon-4-1-scaled.jpg","datePublished":"2023-12-21T12:19:39+00:00","dateModified":"2023-12-29T14:36:04+00:00","author":{"@id":"https:\/\/www.aramon.com\/blog\/#\/schema\/person\/9429ffb451d657ab98f0ca1b364eeef3"},"description":"Las estaciones del Grupo Aram\u00f3n refuerzan su oferta de esqu\u00ed y ocio para todos los p\u00fablicos en estas Navidades","inLanguage":"es","potentialAction":[{"@type":"ReadAction","target":["https:\/\/www.aramon.com\/blog\/las-estaciones-del-grupo-aramon-refuerzan-su-oferta-de-esqui-y-ocio-para-todos-los-publicos-en-estas-navidades\/"]}]},{"@type":"ImageObject","inLanguage":"es","@id":"https:\/\/www.aramon.com\/blog\/las-estaciones-del-grupo-aramon-refuerzan-su-oferta-de-esqui-y-ocio-para-todos-los-publicos-en-estas-navidades\/#primaryimage","url":"https:\/\/www.aramon.com\/blog\/wp-content\/uploads\/2023\/12\/Fotos-recurso-Navidad-22-23-Aramon-4-1-scaled.jpg","contentUrl":"https:\/\/www.aramon.com\/blog\/wp-content\/uploads\/2023\/12\/Fotos-recurso-Navidad-22-23-Aramon-4-1-scaled.jpg","width":2560,"height":1534},{"@type":"WebSite","@id":"https:\/\/www.aramon.com\/blog\/#website","url":"https:\/\/www.aramon.com\/blog\/","name":"Blog Oficial del Grupo ARAM\u00d3N","description":"Blog Oficial del Grupo Aram\u00f3n sobre estaciones de esqu\u00ed, monta\u00f1ismo, deportes de aventura y m\u00e1s en Arag\u00f3n.","potentialAction":[{"@type":"SearchAction","target":{"@type":"EntryPoint","urlTemplate":"https:\/\/www.aramon.com\/blog\/?s={search_term_string}"},"query-input":"required name=search_term_string"}],"inLanguage":"es"},{"@type":"Person","@id":"https:\/\/www.aramon.com\/blog\/#\/schema\/person\/9429ffb451d657ab98f0ca1b364eeef3","name":"aramon","image":{"@type":"ImageObject","inLanguage":"es","@id":"https:\/\/www.aramon.com\/blog\/#\/schema\/person\/image\/","url":"https:\/\/secure.gravatar.com\/avatar\/d5fd0ede392e1af0e414b87f7568b4d5?s=96&d=mm&r=g","contentUrl":"https:\/\/secure.gravatar.com\/avatar\/d5fd0ede392e1af0e414b87f7568b4d5?s=96&d=mm&r=g","caption":"aramon"},"url":"https:\/\/www.aramon.com\/blog\/author\/aramon\/"}]}},"_links":{"self":[{"href":"https:\/\/www.aramon.com\/blog\/wp-json\/wp\/v2\/posts\/19213"}],"collection":[{"href":"https:\/\/www.aramon.com\/blog\/wp-json\/wp\/v2\/posts"}],"about":[{"href":"https:\/\/www.aramon.com\/blog\/wp-json\/wp\/v2\/types\/post"}],"author":[{"embeddable":true,"href":"https:\/\/www.aramon.com\/blog\/wp-json\/wp\/v2\/users\/2"}],"replies":[{"embeddable":true,"href":"https:\/\/www.aramon.com\/blog\/wp-json\/wp\/v2\/comments?post=19213"}],"version-history":[{"count":10,"href":"https:\/\/www.aramon.com\/blog\/wp-json\/wp\/v2\/posts\/19213\/revisions"}],"predecessor-version":[{"id":19376,"href":"https:\/\/www.aramon.com\/blog\/wp-json\/wp\/v2\/posts\/19213\/revisions\/19376"}],"wp:featuredmedia":[{"embeddable":true,"href":"https:\/\/www.aramon.com\/blog\/wp-json\/wp\/v2\/media\/19258"}],"wp:attachment":[{"href":"https:\/\/www.aramon.com\/blog\/wp-json\/wp\/v2\/media?parent=19213"}],"wp:term":[{"taxonomy":"category","embeddable":true,"href":"https:\/\/www.aramon.com\/blog\/wp-json\/wp\/v2\/categories?post=19213"},{"taxonomy":"post_tag","embeddable":true,"href":"https:\/\/www.aramon.com\/blog\/wp-json\/wp\/v2\/tags?post=19213"}],"curies":[{"name":"wp","href":"https:\/\/api.w.org\/{rel}","templated":true}]}}