{"id":19484,"date":"2024-01-07T13:53:49","date_gmt":"2024-01-07T13:53:49","guid":{"rendered":"https:\/\/www.aramon.com\/blog\/?p=19484"},"modified":"2026-01-24T10:58:51","modified_gmt":"2026-01-24T09:58:51","slug":"una-temporada-mas-que-tus-unicas-gafas-sean-para-la-nieve","status":"publish","type":"post","link":"https:\/\/www.aramon.com\/blog\/una-temporada-mas-que-tus-unicas-gafas-sean-para-la-nieve\/","title":{"rendered":"Una temporada m\u00e1s, \u00a1QUE TUS \u00daNICAS GAFAS SEAN PARA LA NIEVE!"},"content":{"rendered":"\n<p><strong>Baviera<\/strong> nos vuelve a ofrecer unos consejos para cuidar nuestra <strong>salud visual en la nieve<\/strong>. Este a\u00f1o, \u00a1no podemos perdernos ni un detalle! Contar con una buena visi\u00f3n es fundamental para hacer deporte de forma segura. Cuidar de tu salud visual, especialmente al esquiar o practicar cualquier actividad en lugares con nieve, comienza por usar unas gafas de sol adecuadas, preferiblemente con filtro de categor\u00eda 4 (que es una lente muy oscura que absorbe el 82 y 92% de la luz).<\/p>\n\n\n\n<p>Por estos motivos, <strong>Baviera<\/strong> lleva a\u00f1os dando apoyo al mundo del deporte a trav\u00e9s de diversas colaboraciones y patrocinios y, desde el 2022, la compa\u00f1\u00eda oftalmol\u00f3gica es <strong>patrocinadora del Grupo Aram\u00f3n<\/strong> contando con dos vallas de gran formato en Formigal y estando presentes, entre otros, en los planos de pista f\u00edsicos y virtuales.<\/p>\n\n\n\n<p>\u201c<strong>Volver a ir de la mano de Aram\u00f3n<\/strong>\u201d, explica Carlos Murcia Gerente de Baviera de Zaragoza y Huesca, \u201ces para nosotros<strong> una gran oportunidad seguir cerca de las personas que practican deporte<\/strong> y recordarles la importancia de cuidar su salud visual. Estamos muy contentos de haber ayudado a varios pacientes esquiadores a decir adi\u00f3s a sus gafas, y saber que este a\u00f1o vivir\u00e1n todo lo que ofrece Aram\u00f3n de una manera m\u00e1s c\u00f3moda y segura. Y sobre todo, \u00a1disfrutando al m\u00e1ximo cada detalle!\u201d.<\/p>\n\n\n\n<p>Desde <strong>Baviera<\/strong>, adem\u00e1s, nos recuerdan el beneficio de disfrutar de las monta\u00f1as de Arag\u00f3n, ya que planes al aire libre donde la luz natural es protagonista y donde solemos huir de las pantallas, disminuyen la fatiga ocular.<\/p>\n\n\n\n<figure class=\"wp-block-gallery has-nested-images columns-default is-cropped wp-block-gallery-1 is-layout-flex wp-block-gallery-is-layout-flex\">\n<figure class=\"wp-block-image size-large\"><img loading=\"lazy\" decoding=\"async\" width=\"1024\" height=\"684\" data-id=\"19496\" src=\"https:\/\/www.aramon.com\/blog\/wp-content\/uploads\/2024\/01\/Foto-Campana-Formigal-Temp-22-23-615-1024x684.jpg\" alt=\"\" class=\"wp-image-19496\" srcset=\"https:\/\/www.aramon.com\/blog\/wp-content\/uploads\/2024\/01\/Foto-Campana-Formigal-Temp-22-23-615-1024x684.jpg 1024w, https:\/\/www.aramon.com\/blog\/wp-content\/uploads\/2024\/01\/Foto-Campana-Formigal-Temp-22-23-615-300x200.jpg 300w, https:\/\/www.aramon.com\/blog\/wp-content\/uploads\/2024\/01\/Foto-Campana-Formigal-Temp-22-23-615-768x513.jpg 768w, https:\/\/www.aramon.com\/blog\/wp-content\/uploads\/2024\/01\/Foto-Campana-Formigal-Temp-22-23-615-1536x1026.jpg 1536w, https:\/\/www.aramon.com\/blog\/wp-content\/uploads\/2024\/01\/Foto-Campana-Formigal-Temp-22-23-615-2048x1368.jpg 2048w\" sizes=\"(max-width: 1024px) 100vw, 1024px\" \/><\/figure>\n\n\n\n<figure class=\"wp-block-image size-large\"><img loading=\"lazy\" decoding=\"async\" width=\"1024\" height=\"778\" data-id=\"19495\" src=\"https:\/\/www.aramon.com\/blog\/wp-content\/uploads\/2024\/01\/Clinica-Baviera-Patrocinio-Formigal-Temp-22-23-22-1024x778.jpg\" alt=\"\" class=\"wp-image-19495\" srcset=\"https:\/\/www.aramon.com\/blog\/wp-content\/uploads\/2024\/01\/Clinica-Baviera-Patrocinio-Formigal-Temp-22-23-22-1024x778.jpg 1024w, https:\/\/www.aramon.com\/blog\/wp-content\/uploads\/2024\/01\/Clinica-Baviera-Patrocinio-Formigal-Temp-22-23-22-300x228.jpg 300w, https:\/\/www.aramon.com\/blog\/wp-content\/uploads\/2024\/01\/Clinica-Baviera-Patrocinio-Formigal-Temp-22-23-22-768x583.jpg 768w, https:\/\/www.aramon.com\/blog\/wp-content\/uploads\/2024\/01\/Clinica-Baviera-Patrocinio-Formigal-Temp-22-23-22-1536x1167.jpg 1536w, https:\/\/www.aramon.com\/blog\/wp-content\/uploads\/2024\/01\/Clinica-Baviera-Patrocinio-Formigal-Temp-22-23-22-2048x1556.jpg 2048w\" sizes=\"(max-width: 1024px) 100vw, 1024px\" \/><\/figure>\n<\/figure>\n\n\n\n<p><strong><u>Sobre Baviera<\/u><\/strong><\/p>\n\n\n\n<p>Fundada hace 30 a\u00f1os por el Dr. Julio Baviera, <a href=\"http:\/\/www.clinicabaviera.com\/clinica-baviera\">Baviera<\/a> es una instituci\u00f3n m\u00e9dica especializada en oftalmolog\u00eda que, con m\u00e1s de 100 centros, est\u00e1 presente en cuatro pa\u00edses europeos (Espa\u00f1a, Alemania, Italia y Austria). Su equipo m\u00e9dico, compuesto por m\u00e1s de 250 oftalm\u00f3logos, est\u00e1 organizado en diferentes unidades especializadas (en las que ofrece un servicio integral para el tratamiento de los problemas y enfermedades oculares bas\u00e1ndose en criterios de calidad y en el uso de las \u00faltimas t\u00e9cnicas de microcirug\u00eda.<\/p>\n\n\n\n<p>Encontrar\u00e1s toda la informaci\u00f3n sobre sus tratamientos, ubicaci\u00f3n de sus cl\u00ednicas y testimonios de pacientes aqu\u00ed: <a href=\"https:\/\/www.clinicabaviera.com\/\">https:\/\/www.clinicabaviera.com\/<\/a><\/p>\n","protected":false},"excerpt":{"rendered":"<p>Cl\u00ednica Baviera, patrocinadora del grupo Aram\u00f3n por segundo a\u00f1o consecutivo.<\/p>\n","protected":false},"author":2,"featured_media":19494,"comment_status":"closed","ping_status":"closed","sticky":false,"template":"","format":"standard","meta":{"_acf_changed":false,"footnotes":""},"categories":[1,307],"tags":[],"acf":[],"yoast_head":"<!-- This site is optimized with the Yoast SEO plugin v22.5 - https:\/\/yoast.com\/wordpress\/plugins\/seo\/ -->\n<title>Una temporada m\u00e1s, \u00a1QUE TUS \u00daNICAS GAFAS SEAN PARA LA NIEVE! - Blog Oficial del Grupo ARAM\u00d3N<\/title>\n<meta name=\"description\" content=\"Una temporada m\u00e1s, \u00a1QUE TUS \u00daNICAS GAFAS SEAN PARA LA NIEVE!\" \/>\n<meta name=\"robots\" content=\"index, follow, max-snippet:-1, max-image-preview:large, max-video-preview:-1\" \/>\n<link rel=\"canonical\" href=\"https:\/\/www.aramon.com\/blog\/una-temporada-mas-que-tus-unicas-gafas-sean-para-la-nieve\/\" \/>\n<meta property=\"og:locale\" content=\"es_ES\" \/>\n<meta property=\"og:type\" content=\"article\" \/>\n<meta property=\"og:title\" content=\"Una temporada m\u00e1s, \u00a1QUE TUS \u00daNICAS GAFAS SEAN PARA LA NIEVE! - Blog Oficial del Grupo ARAM\u00d3N\" \/>\n<meta property=\"og:description\" content=\"Una temporada m\u00e1s, \u00a1QUE TUS \u00daNICAS GAFAS SEAN PARA LA NIEVE!\" \/>\n<meta property=\"og:url\" content=\"https:\/\/www.aramon.com\/blog\/una-temporada-mas-que-tus-unicas-gafas-sean-para-la-nieve\/\" \/>\n<meta property=\"og:site_name\" content=\"Blog Oficial del Grupo ARAM\u00d3N\" \/>\n<meta property=\"article:published_time\" content=\"2024-01-07T13:53:49+00:00\" \/>\n<meta property=\"article:modified_time\" content=\"2026-01-24T09:58:51+00:00\" \/>\n<meta property=\"og:image\" content=\"https:\/\/www.aramon.com\/blog\/wp-content\/uploads\/2024\/01\/Clinica-Baviera-Patrocinio-Formigal-Temp-22-23-2-scaled.jpg\" \/>\n\t<meta property=\"og:image:width\" content=\"2560\" \/>\n\t<meta property=\"og:image:height\" content=\"1710\" \/>\n\t<meta property=\"og:image:type\" content=\"image\/jpeg\" \/>\n<meta name=\"author\" content=\"aramon\" \/>\n<meta name=\"twitter:card\" content=\"summary_large_image\" \/>\n<meta name=\"twitter:label1\" content=\"Escrito por\" \/>\n\t<meta name=\"twitter:data1\" content=\"aramon\" \/>\n\t<meta name=\"twitter:label2\" content=\"Tiempo de lectura\" \/>\n\t<meta name=\"twitter:data2\" content=\"2 minutos\" \/>\n<script type=\"application\/ld+json\" class=\"yoast-schema-graph\">{\"@context\":\"https:\/\/schema.org\",\"@graph\":[{\"@type\":\"WebPage\",\"@id\":\"https:\/\/www.aramon.com\/blog\/una-temporada-mas-que-tus-unicas-gafas-sean-para-la-nieve\/\",\"url\":\"https:\/\/www.aramon.com\/blog\/una-temporada-mas-que-tus-unicas-gafas-sean-para-la-nieve\/\",\"name\":\"Una temporada m\u00e1s, \u00a1QUE TUS \u00daNICAS GAFAS SEAN PARA LA NIEVE! - Blog Oficial del Grupo ARAM\u00d3N\",\"isPartOf\":{\"@id\":\"https:\/\/www.aramon.com\/blog\/#website\"},\"primaryImageOfPage\":{\"@id\":\"https:\/\/www.aramon.com\/blog\/una-temporada-mas-que-tus-unicas-gafas-sean-para-la-nieve\/#primaryimage\"},\"image\":{\"@id\":\"https:\/\/www.aramon.com\/blog\/una-temporada-mas-que-tus-unicas-gafas-sean-para-la-nieve\/#primaryimage\"},\"thumbnailUrl\":\"https:\/\/www.aramon.com\/blog\/wp-content\/uploads\/2024\/01\/Clinica-Baviera-Patrocinio-Formigal-Temp-22-23-2-scaled.jpg\",\"datePublished\":\"2024-01-07T13:53:49+00:00\",\"dateModified\":\"2026-01-24T09:58:51+00:00\",\"author\":{\"@id\":\"https:\/\/www.aramon.com\/blog\/#\/schema\/person\/9429ffb451d657ab98f0ca1b364eeef3\"},\"description\":\"Una temporada m\u00e1s, \u00a1QUE TUS \u00daNICAS GAFAS SEAN PARA LA NIEVE!\",\"inLanguage\":\"es\",\"potentialAction\":[{\"@type\":\"ReadAction\",\"target\":[\"https:\/\/www.aramon.com\/blog\/una-temporada-mas-que-tus-unicas-gafas-sean-para-la-nieve\/\"]}]},{\"@type\":\"ImageObject\",\"inLanguage\":\"es\",\"@id\":\"https:\/\/www.aramon.com\/blog\/una-temporada-mas-que-tus-unicas-gafas-sean-para-la-nieve\/#primaryimage\",\"url\":\"https:\/\/www.aramon.com\/blog\/wp-content\/uploads\/2024\/01\/Clinica-Baviera-Patrocinio-Formigal-Temp-22-23-2-scaled.jpg\",\"contentUrl\":\"https:\/\/www.aramon.com\/blog\/wp-content\/uploads\/2024\/01\/Clinica-Baviera-Patrocinio-Formigal-Temp-22-23-2-scaled.jpg\",\"width\":2560,\"height\":1710},{\"@type\":\"WebSite\",\"@id\":\"https:\/\/www.aramon.com\/blog\/#website\",\"url\":\"https:\/\/www.aramon.com\/blog\/\",\"name\":\"Blog Oficial del Grupo ARAM\u00d3N\",\"description\":\"Blog Oficial del Grupo Aram\u00f3n sobre estaciones de esqu\u00ed, monta\u00f1ismo, deportes de aventura y m\u00e1s en Arag\u00f3n.\",\"potentialAction\":[{\"@type\":\"SearchAction\",\"target\":{\"@type\":\"EntryPoint\",\"urlTemplate\":\"https:\/\/www.aramon.com\/blog\/?s={search_term_string}\"},\"query-input\":\"required name=search_term_string\"}],\"inLanguage\":\"es\"},{\"@type\":\"Person\",\"@id\":\"https:\/\/www.aramon.com\/blog\/#\/schema\/person\/9429ffb451d657ab98f0ca1b364eeef3\",\"name\":\"aramon\",\"image\":{\"@type\":\"ImageObject\",\"inLanguage\":\"es\",\"@id\":\"https:\/\/www.aramon.com\/blog\/#\/schema\/person\/image\/\",\"url\":\"https:\/\/secure.gravatar.com\/avatar\/d5fd0ede392e1af0e414b87f7568b4d5?s=96&d=mm&r=g\",\"contentUrl\":\"https:\/\/secure.gravatar.com\/avatar\/d5fd0ede392e1af0e414b87f7568b4d5?s=96&d=mm&r=g\",\"caption\":\"aramon\"},\"url\":\"https:\/\/www.aramon.com\/blog\/author\/aramon\/\"}]}<\/script>\n<!-- \/ Yoast SEO plugin. -->","yoast_head_json":{"title":"Una temporada m\u00e1s, \u00a1QUE TUS \u00daNICAS GAFAS SEAN PARA LA NIEVE! - Blog Oficial del Grupo ARAM\u00d3N","description":"Una temporada m\u00e1s, \u00a1QUE TUS \u00daNICAS GAFAS SEAN PARA LA NIEVE!","robots":{"index":"index","follow":"follow","max-snippet":"max-snippet:-1","max-image-preview":"max-image-preview:large","max-video-preview":"max-video-preview:-1"},"canonical":"https:\/\/www.aramon.com\/blog\/una-temporada-mas-que-tus-unicas-gafas-sean-para-la-nieve\/","og_locale":"es_ES","og_type":"article","og_title":"Una temporada m\u00e1s, \u00a1QUE TUS \u00daNICAS GAFAS SEAN PARA LA NIEVE! - Blog Oficial del Grupo ARAM\u00d3N","og_description":"Una temporada m\u00e1s, \u00a1QUE TUS \u00daNICAS GAFAS SEAN PARA LA NIEVE!","og_url":"https:\/\/www.aramon.com\/blog\/una-temporada-mas-que-tus-unicas-gafas-sean-para-la-nieve\/","og_site_name":"Blog Oficial del Grupo ARAM\u00d3N","article_published_time":"2024-01-07T13:53:49+00:00","article_modified_time":"2026-01-24T09:58:51+00:00","og_image":[{"width":2560,"height":1710,"url":"https:\/\/www.aramon.com\/blog\/wp-content\/uploads\/2024\/01\/Clinica-Baviera-Patrocinio-Formigal-Temp-22-23-2-scaled.jpg","type":"image\/jpeg"}],"author":"aramon","twitter_card":"summary_large_image","twitter_misc":{"Escrito por":"aramon","Tiempo de lectura":"2 minutos"},"schema":{"@context":"https:\/\/schema.org","@graph":[{"@type":"WebPage","@id":"https:\/\/www.aramon.com\/blog\/una-temporada-mas-que-tus-unicas-gafas-sean-para-la-nieve\/","url":"https:\/\/www.aramon.com\/blog\/una-temporada-mas-que-tus-unicas-gafas-sean-para-la-nieve\/","name":"Una temporada m\u00e1s, \u00a1QUE TUS \u00daNICAS GAFAS SEAN PARA LA NIEVE! - Blog Oficial del Grupo ARAM\u00d3N","isPartOf":{"@id":"https:\/\/www.aramon.com\/blog\/#website"},"primaryImageOfPage":{"@id":"https:\/\/www.aramon.com\/blog\/una-temporada-mas-que-tus-unicas-gafas-sean-para-la-nieve\/#primaryimage"},"image":{"@id":"https:\/\/www.aramon.com\/blog\/una-temporada-mas-que-tus-unicas-gafas-sean-para-la-nieve\/#primaryimage"},"thumbnailUrl":"https:\/\/www.aramon.com\/blog\/wp-content\/uploads\/2024\/01\/Clinica-Baviera-Patrocinio-Formigal-Temp-22-23-2-scaled.jpg","datePublished":"2024-01-07T13:53:49+00:00","dateModified":"2026-01-24T09:58:51+00:00","author":{"@id":"https:\/\/www.aramon.com\/blog\/#\/schema\/person\/9429ffb451d657ab98f0ca1b364eeef3"},"description":"Una temporada m\u00e1s, \u00a1QUE TUS \u00daNICAS GAFAS SEAN PARA LA NIEVE!","inLanguage":"es","potentialAction":[{"@type":"ReadAction","target":["https:\/\/www.aramon.com\/blog\/una-temporada-mas-que-tus-unicas-gafas-sean-para-la-nieve\/"]}]},{"@type":"ImageObject","inLanguage":"es","@id":"https:\/\/www.aramon.com\/blog\/una-temporada-mas-que-tus-unicas-gafas-sean-para-la-nieve\/#primaryimage","url":"https:\/\/www.aramon.com\/blog\/wp-content\/uploads\/2024\/01\/Clinica-Baviera-Patrocinio-Formigal-Temp-22-23-2-scaled.jpg","contentUrl":"https:\/\/www.aramon.com\/blog\/wp-content\/uploads\/2024\/01\/Clinica-Baviera-Patrocinio-Formigal-Temp-22-23-2-scaled.jpg","width":2560,"height":1710},{"@type":"WebSite","@id":"https:\/\/www.aramon.com\/blog\/#website","url":"https:\/\/www.aramon.com\/blog\/","name":"Blog Oficial del Grupo ARAM\u00d3N","description":"Blog Oficial del Grupo Aram\u00f3n sobre estaciones de esqu\u00ed, monta\u00f1ismo, deportes de aventura y m\u00e1s en Arag\u00f3n.","potentialAction":[{"@type":"SearchAction","target":{"@type":"EntryPoint","urlTemplate":"https:\/\/www.aramon.com\/blog\/?s={search_term_string}"},"query-input":"required name=search_term_string"}],"inLanguage":"es"},{"@type":"Person","@id":"https:\/\/www.aramon.com\/blog\/#\/schema\/person\/9429ffb451d657ab98f0ca1b364eeef3","name":"aramon","image":{"@type":"ImageObject","inLanguage":"es","@id":"https:\/\/www.aramon.com\/blog\/#\/schema\/person\/image\/","url":"https:\/\/secure.gravatar.com\/avatar\/d5fd0ede392e1af0e414b87f7568b4d5?s=96&d=mm&r=g","contentUrl":"https:\/\/secure.gravatar.com\/avatar\/d5fd0ede392e1af0e414b87f7568b4d5?s=96&d=mm&r=g","caption":"aramon"},"url":"https:\/\/www.aramon.com\/blog\/author\/aramon\/"}]}},"_links":{"self":[{"href":"https:\/\/www.aramon.com\/blog\/wp-json\/wp\/v2\/posts\/19484"}],"collection":[{"href":"https:\/\/www.aramon.com\/blog\/wp-json\/wp\/v2\/posts"}],"about":[{"href":"https:\/\/www.aramon.com\/blog\/wp-json\/wp\/v2\/types\/post"}],"author":[{"embeddable":true,"href":"https:\/\/www.aramon.com\/blog\/wp-json\/wp\/v2\/users\/2"}],"replies":[{"embeddable":true,"href":"https:\/\/www.aramon.com\/blog\/wp-json\/wp\/v2\/comments?post=19484"}],"version-history":[{"count":6,"href":"https:\/\/www.aramon.com\/blog\/wp-json\/wp\/v2\/posts\/19484\/revisions"}],"predecessor-version":[{"id":23287,"href":"https:\/\/www.aramon.com\/blog\/wp-json\/wp\/v2\/posts\/19484\/revisions\/23287"}],"wp:featuredmedia":[{"embeddable":true,"href":"https:\/\/www.aramon.com\/blog\/wp-json\/wp\/v2\/media\/19494"}],"wp:attachment":[{"href":"https:\/\/www.aramon.com\/blog\/wp-json\/wp\/v2\/media?parent=19484"}],"wp:term":[{"taxonomy":"category","embeddable":true,"href":"https:\/\/www.aramon.com\/blog\/wp-json\/wp\/v2\/categories?post=19484"},{"taxonomy":"post_tag","embeddable":true,"href":"https:\/\/www.aramon.com\/blog\/wp-json\/wp\/v2\/tags?post=19484"}],"curies":[{"name":"wp","href":"https:\/\/api.w.org\/{rel}","templated":true}]}}