{"id":19697,"date":"2024-01-24T11:39:01","date_gmt":"2024-01-24T11:39:01","guid":{"rendered":"https:\/\/www.aramon.com\/blog\/?p=19697"},"modified":"2024-01-24T11:39:39","modified_gmt":"2024-01-24T11:39:39","slug":"fin-de-semana-musical-en-las-estaciones-de-aramon","status":"publish","type":"post","link":"https:\/\/www.aramon.com\/blog\/fin-de-semana-musical-en-las-estaciones-de-aramon\/","title":{"rendered":"Fin de semana musical en las estaciones de Aram\u00f3n"},"content":{"rendered":"\n<p><br>En Formigal-Panticosa, <strong>M Experience<\/strong> te invita a disfrutar de una experiencia musical \u00fanica. La fusi\u00f3n del esqu\u00ed y el snowboard con la energ\u00eda de la m\u00fasica en directo crea un ambiente incomparable. Disfruta de actuaciones en vivo que elevar\u00e1n tu jornada a nuevas alturas, con <strong>diversi\u00f3n de otra dimensi\u00f3n<\/strong>. <br><br>En la estaci\u00f3n de Cerler, el apr\u00e8s-ski cobra vida con una selecci\u00f3n musical que complementa el ambiente despu\u00e9s de un d\u00eda de esqu\u00ed. Deja que la m\u00fasica te envuelva mientras compartes an\u00e9cdotas del d\u00eda con amigos y familiares en un entorno acogedor y lleno de diversi\u00f3n. <\/p>\n\n\n\n<p><\/p>\n\n\n\n<p><strong>FORMIGAL-PANTICOSA CON M EXPERIENCE<\/strong><\/p>\n\n\n\n<p><strong>26 de enero<br><\/strong>TERRAZA BOUTIQUE SARRIOS BY VEUVE CLIQUOT, el dj Marc<br>TERRAZA GARMET LOUNGE BY MAR DE FRADES, el dj Bryan Hall<br>MARCHICA,\u00a0<em>apr\u00e8s ski<\/em>\u00a0con Isaac Corrales<br>M THE CLUB, con <a href=\"https:\/\/www.formigal-panticosa.com\/m-experience\/m-the-club\" target=\"_blank\" rel=\"noreferrer noopener\">dj Arkaiz<\/a><br>M BIG ROOM, <a href=\"https:\/\/www.fourvenues.com\/es\/m-the-big-room\/events\/-mattia-torrione-26-01-2024-WWSX\" target=\"_blank\" rel=\"noreferrer noopener\">dj Mattia Torrione<\/a><br><br><strong>27 de enero<\/strong><br>TERRAZA BOUTIQUE SARRIOS BY VEUVE CLIQUOT, el<a href=\"https:\/\/www.formigal-panticosa.com\/m-experience\/terrazas#events\/terraza-boutique-sarrios-by-veuve-clicquot-david-penn-27-01-2024-N4AN\/bookings\/blp8j9zfp00t401ek82e582tkY5uvAEV?utm_source=st-mexperience&amp;utm_medium=organica&amp;utm_campaign=VIP-Veuveclicquot\" target=\"_blank\" rel=\"noreferrer noopener\"> dj David Penn<\/a><br>TERRAZA CABA\u00d1A DE IZAS, el dj David Nal<br>TERRAZA GARMET LOUNGE BY MAR DE FRADES, el dj Bryan Hall<br>MARCHICA,\u00a0<em>apr\u00e8s ski<\/em>\u00a0con <a href=\"https:\/\/www.fourvenues.com\/es\/marchica\/events\/-michenlo--san-miguel-27-01-2024-L81R\" target=\"_blank\" rel=\"noreferrer noopener\">dj Michenlo<\/a> de la mano de San Miguel.<br>M THE CLUB, con <a href=\"https:\/\/www.formigal-panticosa.com\/m-experience\/m-the-club\">dj Arkaiz<\/a><br>M BIG ROOM, <a href=\"https:\/\/www.fourvenues.com\/es\/m-the-big-room\/events\/-juanjo-garcia-27-01-2024-VLC0?utm_source=st-mexperience&amp;utm_medium=organica&amp;utm_campaign=entrada-bigroom-juanjo\" target=\"_blank\" rel=\"noreferrer noopener\">dj Juango Garcia<\/a><\/p>\n\n\n\n<p><strong>28 de enero<br><\/strong>TERRAZA BOUTIQUE SARRIOS BY VEUVE CLIQUOT, el dj Marc<br>TERRAZA CABA\u00d1A DE IZAS, el dj David Nal<br>TERRAZA GARMET LOUNGE BY MAR DE FRADES, el dj Bryan Hall<br>MARCHICA,\u00a0<em>apr\u00e8s ski<\/em>\u00a0\u00a0Bye Bye Week<br><br><strong>CERLER CON REM\u00c1SCARO<\/strong><br>Viernes 26: Rem\u00e1scaro Apr\u00e8s-ski  con dj residente Irieix<br>S\u00e1bado 27:\u00a0Rem\u00e1scaro Apr\u00e8s-ski con dj invitado Isaac Corrales<br>Domingo 28: Rem\u00e1scaro Apr\u00e8s-ski sesi\u00f3n Chill con dj residente Irieix<br><br>Adem\u00e1s, disfruta en la terraza de Colladeta los viernes y s\u00e1bados y\u00a0domingos con dj residente Irieix de 12h a 14h.<\/p>\n","protected":false},"excerpt":{"rendered":"<p>\u00a1Prep\u00e1rate para un fin de semana de m\u00fasica en las estaciones de Formigal-Panticosa y Cerler!<\/p>\n","protected":false},"author":2,"featured_media":19706,"comment_status":"closed","ping_status":"closed","sticky":false,"template":"","format":"standard","meta":{"_acf_changed":false,"footnotes":""},"categories":[1,303,307],"tags":[],"acf":[],"yoast_head":"<!-- This site is optimized with the Yoast SEO plugin v22.5 - https:\/\/yoast.com\/wordpress\/plugins\/seo\/ -->\n<title>Fin de semana musical en las estaciones de Aram\u00f3n - Blog Oficial del Grupo ARAM\u00d3N<\/title>\n<meta name=\"description\" content=\"Fin de semana musical con la agenda de M Experience y apr\u00e8s-ski en Formigal-Panticosa y Cerler.\" \/>\n<meta name=\"robots\" content=\"index, follow, max-snippet:-1, max-image-preview:large, max-video-preview:-1\" \/>\n<link rel=\"canonical\" href=\"https:\/\/www.aramon.com\/blog\/fin-de-semana-musical-en-las-estaciones-de-aramon\/\" \/>\n<meta property=\"og:locale\" content=\"es_ES\" \/>\n<meta property=\"og:type\" content=\"article\" \/>\n<meta property=\"og:title\" content=\"Fin de semana musical en las estaciones de Aram\u00f3n - Blog Oficial del Grupo ARAM\u00d3N\" \/>\n<meta property=\"og:description\" content=\"Fin de semana musical con la agenda de M Experience y apr\u00e8s-ski en Formigal-Panticosa y Cerler.\" \/>\n<meta property=\"og:url\" content=\"https:\/\/www.aramon.com\/blog\/fin-de-semana-musical-en-las-estaciones-de-aramon\/\" \/>\n<meta property=\"og:site_name\" content=\"Blog Oficial del Grupo ARAM\u00d3N\" \/>\n<meta property=\"article:published_time\" content=\"2024-01-24T11:39:01+00:00\" \/>\n<meta property=\"article:modified_time\" content=\"2024-01-24T11:39:39+00:00\" \/>\n<meta property=\"og:image\" content=\"https:\/\/www.aramon.com\/blog\/wp-content\/uploads\/2024\/01\/CANTAOR-M-THE-CLUB-MEXPERIENCE-20-01-2024-scaled.jpg\" \/>\n\t<meta property=\"og:image:width\" content=\"2560\" \/>\n\t<meta property=\"og:image:height\" content=\"1707\" \/>\n\t<meta property=\"og:image:type\" content=\"image\/jpeg\" \/>\n<meta name=\"author\" content=\"aramon\" \/>\n<meta name=\"twitter:card\" content=\"summary_large_image\" \/>\n<meta name=\"twitter:label1\" content=\"Escrito por\" \/>\n\t<meta name=\"twitter:data1\" content=\"aramon\" \/>\n\t<meta name=\"twitter:label2\" content=\"Tiempo de lectura\" \/>\n\t<meta name=\"twitter:data2\" content=\"2 minutos\" \/>\n<script type=\"application\/ld+json\" class=\"yoast-schema-graph\">{\"@context\":\"https:\/\/schema.org\",\"@graph\":[{\"@type\":\"WebPage\",\"@id\":\"https:\/\/www.aramon.com\/blog\/fin-de-semana-musical-en-las-estaciones-de-aramon\/\",\"url\":\"https:\/\/www.aramon.com\/blog\/fin-de-semana-musical-en-las-estaciones-de-aramon\/\",\"name\":\"Fin de semana musical en las estaciones de Aram\u00f3n - Blog Oficial del Grupo ARAM\u00d3N\",\"isPartOf\":{\"@id\":\"https:\/\/www.aramon.com\/blog\/#website\"},\"primaryImageOfPage\":{\"@id\":\"https:\/\/www.aramon.com\/blog\/fin-de-semana-musical-en-las-estaciones-de-aramon\/#primaryimage\"},\"image\":{\"@id\":\"https:\/\/www.aramon.com\/blog\/fin-de-semana-musical-en-las-estaciones-de-aramon\/#primaryimage\"},\"thumbnailUrl\":\"https:\/\/www.aramon.com\/blog\/wp-content\/uploads\/2024\/01\/CANTAOR-M-THE-CLUB-MEXPERIENCE-20-01-2024-scaled.jpg\",\"datePublished\":\"2024-01-24T11:39:01+00:00\",\"dateModified\":\"2024-01-24T11:39:39+00:00\",\"author\":{\"@id\":\"https:\/\/www.aramon.com\/blog\/#\/schema\/person\/9429ffb451d657ab98f0ca1b364eeef3\"},\"description\":\"Fin de semana musical con la agenda de M Experience y apr\u00e8s-ski en Formigal-Panticosa y Cerler.\",\"inLanguage\":\"es\",\"potentialAction\":[{\"@type\":\"ReadAction\",\"target\":[\"https:\/\/www.aramon.com\/blog\/fin-de-semana-musical-en-las-estaciones-de-aramon\/\"]}]},{\"@type\":\"ImageObject\",\"inLanguage\":\"es\",\"@id\":\"https:\/\/www.aramon.com\/blog\/fin-de-semana-musical-en-las-estaciones-de-aramon\/#primaryimage\",\"url\":\"https:\/\/www.aramon.com\/blog\/wp-content\/uploads\/2024\/01\/CANTAOR-M-THE-CLUB-MEXPERIENCE-20-01-2024-scaled.jpg\",\"contentUrl\":\"https:\/\/www.aramon.com\/blog\/wp-content\/uploads\/2024\/01\/CANTAOR-M-THE-CLUB-MEXPERIENCE-20-01-2024-scaled.jpg\",\"width\":2560,\"height\":1707},{\"@type\":\"WebSite\",\"@id\":\"https:\/\/www.aramon.com\/blog\/#website\",\"url\":\"https:\/\/www.aramon.com\/blog\/\",\"name\":\"Blog Oficial del Grupo ARAM\u00d3N\",\"description\":\"Blog Oficial del Grupo Aram\u00f3n sobre estaciones de esqu\u00ed, monta\u00f1ismo, deportes de aventura y m\u00e1s en Arag\u00f3n.\",\"potentialAction\":[{\"@type\":\"SearchAction\",\"target\":{\"@type\":\"EntryPoint\",\"urlTemplate\":\"https:\/\/www.aramon.com\/blog\/?s={search_term_string}\"},\"query-input\":\"required name=search_term_string\"}],\"inLanguage\":\"es\"},{\"@type\":\"Person\",\"@id\":\"https:\/\/www.aramon.com\/blog\/#\/schema\/person\/9429ffb451d657ab98f0ca1b364eeef3\",\"name\":\"aramon\",\"image\":{\"@type\":\"ImageObject\",\"inLanguage\":\"es\",\"@id\":\"https:\/\/www.aramon.com\/blog\/#\/schema\/person\/image\/\",\"url\":\"https:\/\/secure.gravatar.com\/avatar\/d5fd0ede392e1af0e414b87f7568b4d5?s=96&d=mm&r=g\",\"contentUrl\":\"https:\/\/secure.gravatar.com\/avatar\/d5fd0ede392e1af0e414b87f7568b4d5?s=96&d=mm&r=g\",\"caption\":\"aramon\"},\"url\":\"https:\/\/www.aramon.com\/blog\/author\/aramon\/\"}]}<\/script>\n<!-- \/ Yoast SEO plugin. -->","yoast_head_json":{"title":"Fin de semana musical en las estaciones de Aram\u00f3n - Blog Oficial del Grupo ARAM\u00d3N","description":"Fin de semana musical con la agenda de M Experience y apr\u00e8s-ski en Formigal-Panticosa y Cerler.","robots":{"index":"index","follow":"follow","max-snippet":"max-snippet:-1","max-image-preview":"max-image-preview:large","max-video-preview":"max-video-preview:-1"},"canonical":"https:\/\/www.aramon.com\/blog\/fin-de-semana-musical-en-las-estaciones-de-aramon\/","og_locale":"es_ES","og_type":"article","og_title":"Fin de semana musical en las estaciones de Aram\u00f3n - Blog Oficial del Grupo ARAM\u00d3N","og_description":"Fin de semana musical con la agenda de M Experience y apr\u00e8s-ski en Formigal-Panticosa y Cerler.","og_url":"https:\/\/www.aramon.com\/blog\/fin-de-semana-musical-en-las-estaciones-de-aramon\/","og_site_name":"Blog Oficial del Grupo ARAM\u00d3N","article_published_time":"2024-01-24T11:39:01+00:00","article_modified_time":"2024-01-24T11:39:39+00:00","og_image":[{"width":2560,"height":1707,"url":"https:\/\/www.aramon.com\/blog\/wp-content\/uploads\/2024\/01\/CANTAOR-M-THE-CLUB-MEXPERIENCE-20-01-2024-scaled.jpg","type":"image\/jpeg"}],"author":"aramon","twitter_card":"summary_large_image","twitter_misc":{"Escrito por":"aramon","Tiempo de lectura":"2 minutos"},"schema":{"@context":"https:\/\/schema.org","@graph":[{"@type":"WebPage","@id":"https:\/\/www.aramon.com\/blog\/fin-de-semana-musical-en-las-estaciones-de-aramon\/","url":"https:\/\/www.aramon.com\/blog\/fin-de-semana-musical-en-las-estaciones-de-aramon\/","name":"Fin de semana musical en las estaciones de Aram\u00f3n - Blog Oficial del Grupo ARAM\u00d3N","isPartOf":{"@id":"https:\/\/www.aramon.com\/blog\/#website"},"primaryImageOfPage":{"@id":"https:\/\/www.aramon.com\/blog\/fin-de-semana-musical-en-las-estaciones-de-aramon\/#primaryimage"},"image":{"@id":"https:\/\/www.aramon.com\/blog\/fin-de-semana-musical-en-las-estaciones-de-aramon\/#primaryimage"},"thumbnailUrl":"https:\/\/www.aramon.com\/blog\/wp-content\/uploads\/2024\/01\/CANTAOR-M-THE-CLUB-MEXPERIENCE-20-01-2024-scaled.jpg","datePublished":"2024-01-24T11:39:01+00:00","dateModified":"2024-01-24T11:39:39+00:00","author":{"@id":"https:\/\/www.aramon.com\/blog\/#\/schema\/person\/9429ffb451d657ab98f0ca1b364eeef3"},"description":"Fin de semana musical con la agenda de M Experience y apr\u00e8s-ski en Formigal-Panticosa y Cerler.","inLanguage":"es","potentialAction":[{"@type":"ReadAction","target":["https:\/\/www.aramon.com\/blog\/fin-de-semana-musical-en-las-estaciones-de-aramon\/"]}]},{"@type":"ImageObject","inLanguage":"es","@id":"https:\/\/www.aramon.com\/blog\/fin-de-semana-musical-en-las-estaciones-de-aramon\/#primaryimage","url":"https:\/\/www.aramon.com\/blog\/wp-content\/uploads\/2024\/01\/CANTAOR-M-THE-CLUB-MEXPERIENCE-20-01-2024-scaled.jpg","contentUrl":"https:\/\/www.aramon.com\/blog\/wp-content\/uploads\/2024\/01\/CANTAOR-M-THE-CLUB-MEXPERIENCE-20-01-2024-scaled.jpg","width":2560,"height":1707},{"@type":"WebSite","@id":"https:\/\/www.aramon.com\/blog\/#website","url":"https:\/\/www.aramon.com\/blog\/","name":"Blog Oficial del Grupo ARAM\u00d3N","description":"Blog Oficial del Grupo Aram\u00f3n sobre estaciones de esqu\u00ed, monta\u00f1ismo, deportes de aventura y m\u00e1s en Arag\u00f3n.","potentialAction":[{"@type":"SearchAction","target":{"@type":"EntryPoint","urlTemplate":"https:\/\/www.aramon.com\/blog\/?s={search_term_string}"},"query-input":"required name=search_term_string"}],"inLanguage":"es"},{"@type":"Person","@id":"https:\/\/www.aramon.com\/blog\/#\/schema\/person\/9429ffb451d657ab98f0ca1b364eeef3","name":"aramon","image":{"@type":"ImageObject","inLanguage":"es","@id":"https:\/\/www.aramon.com\/blog\/#\/schema\/person\/image\/","url":"https:\/\/secure.gravatar.com\/avatar\/d5fd0ede392e1af0e414b87f7568b4d5?s=96&d=mm&r=g","contentUrl":"https:\/\/secure.gravatar.com\/avatar\/d5fd0ede392e1af0e414b87f7568b4d5?s=96&d=mm&r=g","caption":"aramon"},"url":"https:\/\/www.aramon.com\/blog\/author\/aramon\/"}]}},"_links":{"self":[{"href":"https:\/\/www.aramon.com\/blog\/wp-json\/wp\/v2\/posts\/19697"}],"collection":[{"href":"https:\/\/www.aramon.com\/blog\/wp-json\/wp\/v2\/posts"}],"about":[{"href":"https:\/\/www.aramon.com\/blog\/wp-json\/wp\/v2\/types\/post"}],"author":[{"embeddable":true,"href":"https:\/\/www.aramon.com\/blog\/wp-json\/wp\/v2\/users\/2"}],"replies":[{"embeddable":true,"href":"https:\/\/www.aramon.com\/blog\/wp-json\/wp\/v2\/comments?post=19697"}],"version-history":[{"count":6,"href":"https:\/\/www.aramon.com\/blog\/wp-json\/wp\/v2\/posts\/19697\/revisions"}],"predecessor-version":[{"id":19710,"href":"https:\/\/www.aramon.com\/blog\/wp-json\/wp\/v2\/posts\/19697\/revisions\/19710"}],"wp:featuredmedia":[{"embeddable":true,"href":"https:\/\/www.aramon.com\/blog\/wp-json\/wp\/v2\/media\/19706"}],"wp:attachment":[{"href":"https:\/\/www.aramon.com\/blog\/wp-json\/wp\/v2\/media?parent=19697"}],"wp:term":[{"taxonomy":"category","embeddable":true,"href":"https:\/\/www.aramon.com\/blog\/wp-json\/wp\/v2\/categories?post=19697"},{"taxonomy":"post_tag","embeddable":true,"href":"https:\/\/www.aramon.com\/blog\/wp-json\/wp\/v2\/tags?post=19697"}],"curies":[{"name":"wp","href":"https:\/\/api.w.org\/{rel}","templated":true}]}}