{"id":19749,"date":"2024-01-29T09:05:51","date_gmt":"2024-01-29T09:05:51","guid":{"rendered":"https:\/\/www.aramon.com\/blog\/?p=19749"},"modified":"2024-02-27T11:58:37","modified_gmt":"2024-02-27T11:58:37","slug":"vive-la-musica-en-febrero-agenda-de-m-experience","status":"publish","type":"post","link":"https:\/\/www.aramon.com\/blog\/vive-la-musica-en-febrero-agenda-de-m-experience\/","title":{"rendered":"Vive la m\u00fasica en febrero: Agenda de M Experience"},"content":{"rendered":"\n<p><br>Explora la Agenda Musical de <strong><a href=\"https:\/\/www.formigal-panticosa.com\/m-experience\" target=\"_blank\" rel=\"noreferrer noopener\">M Experience <\/a><\/strong>en <strong><a href=\"https:\/\/www.formigal-panticosa.com\/\" target=\"_blank\" rel=\"noreferrer noopener\">Aram\u00f3n Formigal-Panticosa<\/a><\/strong>. Prep\u00e1rate para un mes de febrero lleno de eventos musicales. <strong>M Experience<\/strong> trae a Formigal-Panticosa un calendario lleno de acontecimientos para una <strong>diversi\u00f3n de otra dimensi\u00f3n<\/strong>. Desde talentos locales emergentes hasta artistas de referencia, la variedad musical est\u00e1 asegurada en cada evento de M Experience.<\/p>\n\n\n\n<h2 class=\"wp-block-heading\">AGENDA MUSICAL FEBRERO 2024<\/h2>\n\n\n\n<p><strong><a href=\"https:\/\/www.formigal-panticosa.com\/m-experience\/marchica\" target=\"_blank\" rel=\"noreferrer noopener\">MARCHICA<\/a><\/strong><br>Marchica, simplemente el <strong>mejor apr\u00e8s-ski del sur de Europa<\/strong>, un espacio para <strong>vibrar con la m\u00fasica <\/strong>a pie de pistas al acabar la jornada de esqu\u00ed.<\/p>\n\n\n\n<ul>\n<li><strong>1 de febrero <\/strong>Alex Clap &nbsp;<\/li>\n\n\n\n<li><strong>2 de febrero<\/strong> Xune<\/li>\n\n\n\n<li><strong>3 de febrero <\/strong>Sunnery James &amp; Ryan Marciano <strong> <a href=\"https:\/\/www.fourvenues.com\/es\/marchica\/events\/-sunnery-james--ryan-marciano---ron-barcelo-03-02-2024-NTOB?utm_source=st-mexperience&amp;utm_medium=organica&amp;utm_campaign=marchica-3febrero\" target=\"_blank\" rel=\"noreferrer noopener\">consigue tu entrada<\/a><\/strong><\/li>\n\n\n\n<li><strong>9 de febrero<\/strong> Carlittos<\/li>\n\n\n\n<li><strong>10 de febrero <a href=\"https:\/\/www.fourvenues.com\/es\/marchica\/events\/-tba-10-02-20241-JVXN?utm_source=st-mexperience&amp;utm_medium=organica&amp;utm_campaign=marchica-10febrero\">consigue tu entrad<\/a><a href=\"https:\/\/www.fourvenues.com\/es\/marchica\/events\/-tba-10-02-20241-JVXN?utm_source=st-mexperience&amp;utm_medium=organica&amp;utm_campaign=marchica-10febrero\" target=\"_blank\" rel=\"noreferrer noopener\">a<\/a><\/strong><\/li>\n\n\n\n<li><strong>16 de febrero<\/strong> Luc Loren<\/li>\n\n\n\n<li><strong>17 de febrero <\/strong>Nevalia <a href=\"https:\/\/www.fourvenues.com\/es\/marchica\/events\/-nevalia---ron-barcelo-17-02-2024-J9YC?utm_source=st-mexperience&amp;utm_medium=organica&amp;utm_campaign=marchica-17febrero\"><strong>consigue tu entrad<\/strong><\/a><a href=\"https:\/\/www.fourvenues.com\/es\/marchica\/events\/-nevalia---ron-barcelo-17-02-2024-J9YC?utm_source=st-mexperience&amp;utm_medium=organica&amp;utm_campaign=marchica-17febrero\" target=\"_blank\" rel=\"noreferrer noopener\"><strong>a<\/strong><\/a><\/li>\n\n\n\n<li><strong>23 de febrero <\/strong>Gilca<\/li>\n\n\n\n<li><strong>24 de febrero<\/strong> Yves \u2013 JBL <a href=\"https:\/\/www.fourvenues.com\/es\/marchica\/events\/-yves---jbl-24-02-2024-ASLY?utm_source=st-mexperience&amp;utm_medium=organica&amp;utm_campaign=marchica-24febrerp\"><strong>consigue tu ent<\/strong><\/a><a href=\"https:\/\/www.fourvenues.com\/es\/marchica\/events\/-yves---jbl-24-02-2024-ASLY?utm_source=st-mexperience&amp;utm_medium=organica&amp;utm_campaign=marchica-24febrerp\" target=\"_blank\" rel=\"noreferrer noopener\"><strong>rada<\/strong><\/a><br><\/li>\n<\/ul>\n\n\n\n<p>Adem\u00e1s, todas las tardes podr\u00e1s disfrutar de la programaci\u00f3n musical en Marchica con djs y fiestas que te  har\u00e1n vibrar y bailar.<\/p>\n\n\n\n<ul>\n<li><strong>Lunes Welcome Party<\/strong> \u00a1Arrancamos la semana con toda la actitud y el mejor ambiente en nuestra Welcome Parte! Una explosi\u00f3n de colores y energ\u00eda que te dejar\u00e1 sin aliente.<\/li>\n\n\n\n<li><strong>Martes Local Rider<\/strong> \u00a1\u00danete a los esquiadores locales y prep\u00e1rate para una tarde de pura adrenalina y ritmos que te llevar\u00e1n al l\u00edmite!<\/li>\n\n\n\n<li><strong>Mi\u00e9rcoles Sweet Pyrenne <\/strong>\u00a1Una fusi\u00f3n explosiva de los mejores ritmos urbanos y el esp\u00edritu indomable de Marchica!<\/li>\n\n\n\n<li><strong>Jueves Pure Marchica<\/strong> \u00a1Revive los momentos m\u00e1s \u00e9picos de Marchica en Sweet Pure Marchica! Una fiesta para bailar toda la tarde.<\/li>\n\n\n\n<li><strong>Domingos Bye Bye Week<\/strong> \u00a1Desp\u00eddete de la semana con el mejor sonido de guitarras y bater\u00edas que te llevar\u00e1n a otro nivel!<\/li>\n<\/ul>\n\n\n\n<p>Desde el pasado fin de semana, ya pod\u00e9is disfrutar de las actividades, juegos y m\u00e1xima diversi\u00f3n con JBL. Ll\u00e9vate premios participando en su stand. <\/p>\n\n\n\n<figure class=\"wp-block-gallery has-nested-images columns-default is-cropped wp-block-gallery-1 is-layout-flex wp-block-gallery-is-layout-flex\">\n<figure class=\"wp-block-image size-large\"><img loading=\"lazy\" decoding=\"async\" width=\"812\" height=\"1024\" data-id=\"19828\" src=\"https:\/\/www.aramon.com\/blog\/wp-content\/uploads\/2024\/01\/01-812x1024.jpg\" alt=\"\" class=\"wp-image-19828\" srcset=\"https:\/\/www.aramon.com\/blog\/wp-content\/uploads\/2024\/01\/01-812x1024.jpg 812w, https:\/\/www.aramon.com\/blog\/wp-content\/uploads\/2024\/01\/01-238x300.jpg 238w, https:\/\/www.aramon.com\/blog\/wp-content\/uploads\/2024\/01\/01-768x968.jpg 768w, https:\/\/www.aramon.com\/blog\/wp-content\/uploads\/2024\/01\/01-1218x1536.jpg 1218w, https:\/\/www.aramon.com\/blog\/wp-content\/uploads\/2024\/01\/01-1624x2048.jpg 1624w, https:\/\/www.aramon.com\/blog\/wp-content\/uploads\/2024\/01\/01-scaled.jpg 2031w\" sizes=\"(max-width: 812px) 100vw, 812px\" \/><\/figure>\n\n\n\n<figure class=\"wp-block-image size-large\"><img loading=\"lazy\" decoding=\"async\" width=\"904\" height=\"1024\" data-id=\"19829\" src=\"https:\/\/www.aramon.com\/blog\/wp-content\/uploads\/2024\/01\/02-904x1024.jpg\" alt=\"\" class=\"wp-image-19829\" srcset=\"https:\/\/www.aramon.com\/blog\/wp-content\/uploads\/2024\/01\/02-904x1024.jpg 904w, https:\/\/www.aramon.com\/blog\/wp-content\/uploads\/2024\/01\/02-265x300.jpg 265w, https:\/\/www.aramon.com\/blog\/wp-content\/uploads\/2024\/01\/02-768x870.jpg 768w, https:\/\/www.aramon.com\/blog\/wp-content\/uploads\/2024\/01\/02-1356x1536.jpg 1356w, https:\/\/www.aramon.com\/blog\/wp-content\/uploads\/2024\/01\/02-1808x2048.jpg 1808w\" sizes=\"(max-width: 904px) 100vw, 904px\" \/><\/figure>\n<\/figure>\n\n\n\n<p><strong><a href=\"https:\/\/www.formigal-panticosa.com\/m-experience\/m-big-room#events\">M BIG ROOM<\/a><\/strong><br>Un escenario donde podr\u00e1s dar rienda suelta a todas tus <strong>ganas de bailar<\/strong>, si todav\u00eda guardas fuerzas en las piernas, un espect\u00e1culo en s\u00ed mismo para los <strong>amantes de la noche y la m\u00fasica<\/strong>.&nbsp;<\/p>\n\n\n\n<ul>\n<li><strong>2 de febrero<\/strong> Mawey<strong> <a href=\"https:\/\/www.fourvenues.com\/es\/m-the-big-room\/events\/-m-a-w-e-y-02-02-2024-IMN9?utm_source=st-mexperience&amp;utm_medium=organica&amp;utm_campaign=bigroom-2febrero\" target=\"_blank\" rel=\"noreferrer noopener\">consigue tu entrada<\/a><\/strong><\/li>\n\n\n\n<li><strong>3 de febrero<\/strong><a href=\"https:\/\/www.fourvenues.com\/es\/m-the-big-room\/events\/-tba-03-02-20241-I4LG?utm_source=st-mexperience&amp;utm_medium=organica&amp;utm_campaign=bigroom-3febrero\" target=\"_blank\" rel=\"noreferrer noopener\"> <strong>consigue tu entrada<\/strong><\/a><\/li>\n\n\n\n<li><strong>9 de febrero<\/strong> Patiwi <a href=\"https:\/\/www.fourvenues.com\/es\/m-the-big-room\/events\/-patiwi-09-02-2024-J6UE?utm_source=st-mexperience&amp;utm_medium=organica&amp;utm_campaign=bigroom-9febrero\"><strong>consigue tu ent<\/strong><\/a><a href=\"https:\/\/www.fourvenues.com\/es\/m-the-big-room\/events\/-patiwi-09-02-2024-J6UE?utm_source=st-mexperience&amp;utm_medium=organica&amp;utm_campaign=bigroom-9febrero\" target=\"_blank\" rel=\"noreferrer noopener\"><strong>rada<\/strong><\/a><\/li>\n\n\n\n<li><strong>10 de febrero<\/strong> Teke Teke <strong><a href=\"https:\/\/www.fourvenues.com\/es\/m-the-big-room\/events\/-teke-teke-10-02-2024-MDFO?utm_source=st-mexperience&amp;utm_medium=organica&amp;utm_campaign=bigroom-10febrero\" target=\"_blank\" rel=\"noreferrer noopener\">consigue tu entrada<\/a><\/strong><\/li>\n\n\n\n<li><strong>16 de febrero<\/strong> Arnny Montana <strong><a href=\"https:\/\/www.fourvenues.com\/es\/m-the-big-room\/events\/-arnny-montana-16-02-2024-KR9P?utm_source=st-mexperience&amp;utm_medium=organica&amp;utm_campaign=bigroom-16febrero\" target=\"_blank\" rel=\"noreferrer noopener\">consigue tu entrada<\/a><\/strong><\/li>\n\n\n\n<li><strong>17 de febrero<\/strong> <strong><a href=\"https:\/\/www.fourvenues.com\/es\/m-the-big-room\/events\/-tba-17-02-2024-2P8V?utm_source=st-mexperience&amp;utm_medium=organica&amp;utm_campaign=bigroom-17febrero\">consigue tu entrada<\/a><\/strong><\/li>\n\n\n\n<li>23 de febrero Bryan Hall &nbsp;<\/li>\n<\/ul>\n\n\n\n<p><strong><a href=\"https:\/\/www.formigal-panticosa.com\/m-experience\/terrazas\" target=\"_blank\" rel=\"noreferrer noopener\">TERRAZAS<\/a><\/strong><br><br><strong>TERRAZA BOUTIQUE SARRIOS by Veuve Clicquot<\/strong><br>Descubre un rinc\u00f3n \u00fanico en la zona de Sarrios, rompiendo con las tradiciones. Espacio elegante y sofisticado, dise\u00f1ado para los <strong>amantes de lo exclusivo en un entorno incomparable<\/strong>.&nbsp;<\/p>\n\n\n\n<ul>\n<li><strong>3 de febrero<\/strong> Crusy<strong> <a href=\"https:\/\/www.formigal-panticosa.com\/m-experience\/terrazas#events\/terraza-boutique-sarrios-by-veuve-clicquot-crusy-03-02-2024-OCH8?date=2024-02&amp;&amp;utm_source=st-mexperience&amp;utm_medium=organica&amp;utm_campaign=veuve-3febrero\" target=\"_blank\" rel=\"noreferrer noopener\">Reserva tu espacio VIP <\/a><\/strong><\/li>\n\n\n\n<li><strong>10 de febrero<\/strong> Piem <strong><a href=\"https:\/\/www.formigal-panticosa.com\/m-experience\/terrazas#events\/terraza-boutique-sarrios-by-veuve-clicquot-piem-10-02-2024-DXT2?date=2024-02&amp;&amp;utm_source=st-mexperience&amp;utm_medium=organica&amp;utm_campaign=veuve-10febrero\" target=\"_blank\" rel=\"noreferrer noopener\">Reserva tu espacio VIP <\/a><\/strong><\/li>\n\n\n\n<li><strong>17 de febrero<\/strong> Maya <strong><a href=\"https:\/\/www.formigal-panticosa.com\/m-experience\/terrazas#events\/terraza-boutique-sarrios-by-veuve-clicquot-maya-17-02-2024-4BO8?date=2024-02&amp;&amp;utm_source=st-mexperience&amp;utm_medium=organica&amp;utm_campaign=veuve-17febrero\" target=\"_blank\" rel=\"noreferrer noopener\">Reserva tu espacio VIP <\/a><\/strong><\/li>\n\n\n\n<li><strong>24 de febrero<\/strong> Mattia Torrione <strong><a href=\"https:\/\/www.formigal-panticosa.com\/m-experience\/terrazas#events\/terraza-boutique-sarrios-by-veuve-clicquot-mattia-torrione-24-02-2024-BQNW?date=2024-02&amp;&amp;utm_source=st-mexperience&amp;utm_medium=organica&amp;utm_campaign=veuve-24febrero\" target=\"_blank\" rel=\"noreferrer noopener\">Reserva tu espacio VIP <\/a><\/strong><br><br><\/li>\n<\/ul>\n\n\n\n<p><strong>GARMET LOUNGE by Mar de Frades<\/strong><br>Sol, nieve, m\u00fasica y una deliciosa propuesta gastron\u00f3mica se unen en torno al albari\u00f1o m\u00e1s sofisticado, creando un espacio para <strong>sentir, saborear y vivir <\/strong>el aut\u00e9ntico estilo atl\u00e1ntico en el coraz\u00f3n del Pirineo.<\/p>\n\n\n\n<p><strong>CABA\u00d1A DE IZAS by San Miguel<\/strong><br>La Caba\u00f1a Izas emerge como un sitio musical que <strong>cautiva los sentidos en la estaci\u00f3n<\/strong>.&nbsp;<\/p>\n\n\n\n<p><strong><a href=\"https:\/\/www.formigal-panticosa.com\/m-experience\/m-the-club\" target=\"_blank\" rel=\"noreferrer noopener\">M THE CLUB<\/a><\/strong><br><br>Disfruta en <strong>M the Club<\/strong> de la mejor <strong>gastronom\u00eda aderezada con m\u00fasica<\/strong> en directo. <strong>The Club<\/strong> tiene personalidad propia, con un sello de identidad en el que se combina la elegancia con lo retro, lo formal con lo casual, el ambiente \u00edntimo con la interacci\u00f3n social.&nbsp;<\/p>\n\n\n\n<p>Si quieres disfrutar de la mejor gastronom\u00eda y m\u00fasica<strong> <a href=\"https:\/\/www.formigal-panticosa.com\/m-experience\/m-the-club\" target=\"_blank\" rel=\"noreferrer noopener\">\u00a1Reserva en el restaurante!<\/a><\/strong><\/p>\n\n\n\n<p>\u00a1Prep\u00e1rate para una experiencia musical \u00fanica en Formigal-Panticosa con M Experience!<br>Consulta toda la programaci\u00f3n en la p\u00e1gina web de <a href=\"https:\/\/www.formigal-panticosa.com\/m-experience#events\"><strong>M Experie<\/strong><\/a><a href=\"https:\/\/www.formigal-panticosa.com\/m-experience#events\" target=\"_blank\" rel=\"noreferrer noopener\"><strong>nce<\/strong><\/a><strong><\/strong><\/p>\n","protected":false},"excerpt":{"rendered":"<p>Vive la m\u00fasica en febrero: Agenda de M Experience en Formigal-Panticosa<\/p>\n","protected":false},"author":2,"featured_media":19756,"comment_status":"closed","ping_status":"closed","sticky":false,"template":"","format":"standard","meta":{"_acf_changed":false,"footnotes":""},"categories":[1,307],"tags":[],"acf":[],"yoast_head":"<!-- This site is optimized with the Yoast SEO plugin v22.5 - https:\/\/yoast.com\/wordpress\/plugins\/seo\/ -->\n<title>Vive la m\u00fasica en febrero: Agenda de M Experience - Blog Oficial del Grupo ARAM\u00d3N<\/title>\n<meta name=\"description\" content=\"Vive la m\u00fasica en febrero: Agenda de M Experience\" \/>\n<meta name=\"robots\" content=\"index, follow, max-snippet:-1, max-image-preview:large, max-video-preview:-1\" \/>\n<link rel=\"canonical\" href=\"https:\/\/www.aramon.com\/blog\/vive-la-musica-en-febrero-agenda-de-m-experience\/\" \/>\n<meta property=\"og:locale\" content=\"es_ES\" \/>\n<meta property=\"og:type\" content=\"article\" \/>\n<meta property=\"og:title\" content=\"Vive la m\u00fasica en febrero: Agenda de M Experience - Blog Oficial del Grupo ARAM\u00d3N\" \/>\n<meta property=\"og:description\" content=\"Vive la m\u00fasica en febrero: Agenda de M Experience\" \/>\n<meta property=\"og:url\" content=\"https:\/\/www.aramon.com\/blog\/vive-la-musica-en-febrero-agenda-de-m-experience\/\" \/>\n<meta property=\"og:site_name\" content=\"Blog Oficial del Grupo ARAM\u00d3N\" \/>\n<meta property=\"article:published_time\" content=\"2024-01-29T09:05:51+00:00\" \/>\n<meta property=\"article:modified_time\" content=\"2024-02-27T11:58:37+00:00\" \/>\n<meta property=\"og:image\" content=\"https:\/\/www.aramon.com\/blog\/wp-content\/uploads\/2024\/01\/SARRIOS-VEUVE-CLICQUOT-APERTURA-OFICIAL-13-01-2024-8-scaled.jpg\" \/>\n\t<meta property=\"og:image:width\" content=\"2560\" \/>\n\t<meta property=\"og:image:height\" content=\"989\" \/>\n\t<meta property=\"og:image:type\" content=\"image\/jpeg\" \/>\n<meta name=\"author\" content=\"aramon\" \/>\n<meta name=\"twitter:card\" content=\"summary_large_image\" \/>\n<meta name=\"twitter:label1\" content=\"Escrito por\" \/>\n\t<meta name=\"twitter:data1\" content=\"aramon\" \/>\n\t<meta name=\"twitter:label2\" content=\"Tiempo de lectura\" \/>\n\t<meta name=\"twitter:data2\" content=\"4 minutos\" \/>\n<script type=\"application\/ld+json\" class=\"yoast-schema-graph\">{\"@context\":\"https:\/\/schema.org\",\"@graph\":[{\"@type\":\"WebPage\",\"@id\":\"https:\/\/www.aramon.com\/blog\/vive-la-musica-en-febrero-agenda-de-m-experience\/\",\"url\":\"https:\/\/www.aramon.com\/blog\/vive-la-musica-en-febrero-agenda-de-m-experience\/\",\"name\":\"Vive la m\u00fasica en febrero: Agenda de M Experience - Blog Oficial del Grupo ARAM\u00d3N\",\"isPartOf\":{\"@id\":\"https:\/\/www.aramon.com\/blog\/#website\"},\"primaryImageOfPage\":{\"@id\":\"https:\/\/www.aramon.com\/blog\/vive-la-musica-en-febrero-agenda-de-m-experience\/#primaryimage\"},\"image\":{\"@id\":\"https:\/\/www.aramon.com\/blog\/vive-la-musica-en-febrero-agenda-de-m-experience\/#primaryimage\"},\"thumbnailUrl\":\"https:\/\/www.aramon.com\/blog\/wp-content\/uploads\/2024\/01\/SARRIOS-VEUVE-CLICQUOT-APERTURA-OFICIAL-13-01-2024-8-scaled.jpg\",\"datePublished\":\"2024-01-29T09:05:51+00:00\",\"dateModified\":\"2024-02-27T11:58:37+00:00\",\"author\":{\"@id\":\"https:\/\/www.aramon.com\/blog\/#\/schema\/person\/9429ffb451d657ab98f0ca1b364eeef3\"},\"description\":\"Vive la m\u00fasica en febrero: Agenda de M Experience\",\"inLanguage\":\"es\",\"potentialAction\":[{\"@type\":\"ReadAction\",\"target\":[\"https:\/\/www.aramon.com\/blog\/vive-la-musica-en-febrero-agenda-de-m-experience\/\"]}]},{\"@type\":\"ImageObject\",\"inLanguage\":\"es\",\"@id\":\"https:\/\/www.aramon.com\/blog\/vive-la-musica-en-febrero-agenda-de-m-experience\/#primaryimage\",\"url\":\"https:\/\/www.aramon.com\/blog\/wp-content\/uploads\/2024\/01\/SARRIOS-VEUVE-CLICQUOT-APERTURA-OFICIAL-13-01-2024-8-scaled.jpg\",\"contentUrl\":\"https:\/\/www.aramon.com\/blog\/wp-content\/uploads\/2024\/01\/SARRIOS-VEUVE-CLICQUOT-APERTURA-OFICIAL-13-01-2024-8-scaled.jpg\",\"width\":2560,\"height\":989},{\"@type\":\"WebSite\",\"@id\":\"https:\/\/www.aramon.com\/blog\/#website\",\"url\":\"https:\/\/www.aramon.com\/blog\/\",\"name\":\"Blog Oficial del Grupo ARAM\u00d3N\",\"description\":\"Blog Oficial del Grupo Aram\u00f3n sobre estaciones de esqu\u00ed, monta\u00f1ismo, deportes de aventura y m\u00e1s en Arag\u00f3n.\",\"potentialAction\":[{\"@type\":\"SearchAction\",\"target\":{\"@type\":\"EntryPoint\",\"urlTemplate\":\"https:\/\/www.aramon.com\/blog\/?s={search_term_string}\"},\"query-input\":\"required name=search_term_string\"}],\"inLanguage\":\"es\"},{\"@type\":\"Person\",\"@id\":\"https:\/\/www.aramon.com\/blog\/#\/schema\/person\/9429ffb451d657ab98f0ca1b364eeef3\",\"name\":\"aramon\",\"image\":{\"@type\":\"ImageObject\",\"inLanguage\":\"es\",\"@id\":\"https:\/\/www.aramon.com\/blog\/#\/schema\/person\/image\/\",\"url\":\"https:\/\/secure.gravatar.com\/avatar\/d5fd0ede392e1af0e414b87f7568b4d5?s=96&d=mm&r=g\",\"contentUrl\":\"https:\/\/secure.gravatar.com\/avatar\/d5fd0ede392e1af0e414b87f7568b4d5?s=96&d=mm&r=g\",\"caption\":\"aramon\"},\"url\":\"https:\/\/www.aramon.com\/blog\/author\/aramon\/\"}]}<\/script>\n<!-- \/ Yoast SEO plugin. -->","yoast_head_json":{"title":"Vive la m\u00fasica en febrero: Agenda de M Experience - Blog Oficial del Grupo ARAM\u00d3N","description":"Vive la m\u00fasica en febrero: Agenda de M Experience","robots":{"index":"index","follow":"follow","max-snippet":"max-snippet:-1","max-image-preview":"max-image-preview:large","max-video-preview":"max-video-preview:-1"},"canonical":"https:\/\/www.aramon.com\/blog\/vive-la-musica-en-febrero-agenda-de-m-experience\/","og_locale":"es_ES","og_type":"article","og_title":"Vive la m\u00fasica en febrero: Agenda de M Experience - Blog Oficial del Grupo ARAM\u00d3N","og_description":"Vive la m\u00fasica en febrero: Agenda de M Experience","og_url":"https:\/\/www.aramon.com\/blog\/vive-la-musica-en-febrero-agenda-de-m-experience\/","og_site_name":"Blog Oficial del Grupo ARAM\u00d3N","article_published_time":"2024-01-29T09:05:51+00:00","article_modified_time":"2024-02-27T11:58:37+00:00","og_image":[{"width":2560,"height":989,"url":"https:\/\/www.aramon.com\/blog\/wp-content\/uploads\/2024\/01\/SARRIOS-VEUVE-CLICQUOT-APERTURA-OFICIAL-13-01-2024-8-scaled.jpg","type":"image\/jpeg"}],"author":"aramon","twitter_card":"summary_large_image","twitter_misc":{"Escrito por":"aramon","Tiempo de lectura":"4 minutos"},"schema":{"@context":"https:\/\/schema.org","@graph":[{"@type":"WebPage","@id":"https:\/\/www.aramon.com\/blog\/vive-la-musica-en-febrero-agenda-de-m-experience\/","url":"https:\/\/www.aramon.com\/blog\/vive-la-musica-en-febrero-agenda-de-m-experience\/","name":"Vive la m\u00fasica en febrero: Agenda de M Experience - Blog Oficial del Grupo ARAM\u00d3N","isPartOf":{"@id":"https:\/\/www.aramon.com\/blog\/#website"},"primaryImageOfPage":{"@id":"https:\/\/www.aramon.com\/blog\/vive-la-musica-en-febrero-agenda-de-m-experience\/#primaryimage"},"image":{"@id":"https:\/\/www.aramon.com\/blog\/vive-la-musica-en-febrero-agenda-de-m-experience\/#primaryimage"},"thumbnailUrl":"https:\/\/www.aramon.com\/blog\/wp-content\/uploads\/2024\/01\/SARRIOS-VEUVE-CLICQUOT-APERTURA-OFICIAL-13-01-2024-8-scaled.jpg","datePublished":"2024-01-29T09:05:51+00:00","dateModified":"2024-02-27T11:58:37+00:00","author":{"@id":"https:\/\/www.aramon.com\/blog\/#\/schema\/person\/9429ffb451d657ab98f0ca1b364eeef3"},"description":"Vive la m\u00fasica en febrero: Agenda de M Experience","inLanguage":"es","potentialAction":[{"@type":"ReadAction","target":["https:\/\/www.aramon.com\/blog\/vive-la-musica-en-febrero-agenda-de-m-experience\/"]}]},{"@type":"ImageObject","inLanguage":"es","@id":"https:\/\/www.aramon.com\/blog\/vive-la-musica-en-febrero-agenda-de-m-experience\/#primaryimage","url":"https:\/\/www.aramon.com\/blog\/wp-content\/uploads\/2024\/01\/SARRIOS-VEUVE-CLICQUOT-APERTURA-OFICIAL-13-01-2024-8-scaled.jpg","contentUrl":"https:\/\/www.aramon.com\/blog\/wp-content\/uploads\/2024\/01\/SARRIOS-VEUVE-CLICQUOT-APERTURA-OFICIAL-13-01-2024-8-scaled.jpg","width":2560,"height":989},{"@type":"WebSite","@id":"https:\/\/www.aramon.com\/blog\/#website","url":"https:\/\/www.aramon.com\/blog\/","name":"Blog Oficial del Grupo ARAM\u00d3N","description":"Blog Oficial del Grupo Aram\u00f3n sobre estaciones de esqu\u00ed, monta\u00f1ismo, deportes de aventura y m\u00e1s en Arag\u00f3n.","potentialAction":[{"@type":"SearchAction","target":{"@type":"EntryPoint","urlTemplate":"https:\/\/www.aramon.com\/blog\/?s={search_term_string}"},"query-input":"required name=search_term_string"}],"inLanguage":"es"},{"@type":"Person","@id":"https:\/\/www.aramon.com\/blog\/#\/schema\/person\/9429ffb451d657ab98f0ca1b364eeef3","name":"aramon","image":{"@type":"ImageObject","inLanguage":"es","@id":"https:\/\/www.aramon.com\/blog\/#\/schema\/person\/image\/","url":"https:\/\/secure.gravatar.com\/avatar\/d5fd0ede392e1af0e414b87f7568b4d5?s=96&d=mm&r=g","contentUrl":"https:\/\/secure.gravatar.com\/avatar\/d5fd0ede392e1af0e414b87f7568b4d5?s=96&d=mm&r=g","caption":"aramon"},"url":"https:\/\/www.aramon.com\/blog\/author\/aramon\/"}]}},"_links":{"self":[{"href":"https:\/\/www.aramon.com\/blog\/wp-json\/wp\/v2\/posts\/19749"}],"collection":[{"href":"https:\/\/www.aramon.com\/blog\/wp-json\/wp\/v2\/posts"}],"about":[{"href":"https:\/\/www.aramon.com\/blog\/wp-json\/wp\/v2\/types\/post"}],"author":[{"embeddable":true,"href":"https:\/\/www.aramon.com\/blog\/wp-json\/wp\/v2\/users\/2"}],"replies":[{"embeddable":true,"href":"https:\/\/www.aramon.com\/blog\/wp-json\/wp\/v2\/comments?post=19749"}],"version-history":[{"count":8,"href":"https:\/\/www.aramon.com\/blog\/wp-json\/wp\/v2\/posts\/19749\/revisions"}],"predecessor-version":[{"id":19830,"href":"https:\/\/www.aramon.com\/blog\/wp-json\/wp\/v2\/posts\/19749\/revisions\/19830"}],"wp:featuredmedia":[{"embeddable":true,"href":"https:\/\/www.aramon.com\/blog\/wp-json\/wp\/v2\/media\/19756"}],"wp:attachment":[{"href":"https:\/\/www.aramon.com\/blog\/wp-json\/wp\/v2\/media?parent=19749"}],"wp:term":[{"taxonomy":"category","embeddable":true,"href":"https:\/\/www.aramon.com\/blog\/wp-json\/wp\/v2\/categories?post=19749"},{"taxonomy":"post_tag","embeddable":true,"href":"https:\/\/www.aramon.com\/blog\/wp-json\/wp\/v2\/tags?post=19749"}],"curies":[{"name":"wp","href":"https:\/\/api.w.org\/{rel}","templated":true}]}}