{"id":19957,"date":"2024-02-11T13:31:04","date_gmt":"2024-02-11T13:31:04","guid":{"rendered":"https:\/\/www.aramon.com\/blog\/?p=19957"},"modified":"2024-02-12T11:30:31","modified_gmt":"2024-02-12T11:30:31","slug":"valdelinares-winter-session","status":"publish","type":"post","link":"https:\/\/www.aramon.com\/blog\/valdelinares-winter-session\/","title":{"rendered":"Valdelinares Winter Session"},"content":{"rendered":"\n<p>Aunque el esqu\u00ed es la principal actividad en <strong><a href=\"https:\/\/www.javalambre-valdelinares.com\/\" target=\"_blank\" rel=\"noreferrer noopener\">Aram\u00f3n Javalambre y Aram\u00f3n Valdelinare<\/a><\/strong>s, si nos consultan sobre c\u00f3mo acabar de manera espectacular un d\u00eda deportivo en nuestras estaciones, aqu\u00ed est\u00e1 la respuesta: te invitamos a participar en la segunda edici\u00f3n del <strong><a href=\"https:\/\/www.javalambre-valdelinares.com\/contenidos\/detalleEvento?idContenido=11661\" target=\"_blank\" rel=\"noreferrer noopener\">Valdelinares Winter Session <\/a>el pr\u00f3ximo 2 de marzo<\/strong>. \u00danete a nosotros para disfrutar de la experiencia apr\u00e8s-ski m\u00e1s destacada en el sur de Arag\u00f3n.<\/p>\n\n\n\n<p>Con la participaci\u00f3n de <strong>tres destacados artistas: Carmen de la Fuente, Juan Valiente y Try It<\/strong>. <\/p>\n\n\n\n<p>A partir de las 16:00 h., disfruta de m\u00fasica en directo y mucha diversi\u00f3n con\u00a0<strong>Carmen de la Fuente<\/strong>, una DJ que emerge de su esp\u00edritu inquieto. Durante la cuarentena, decide animarse y alegrar a aquellos que solo pod\u00edan vivir a trav\u00e9s de las redes sociales. Tambi\u00e9n contaremos con\u00a0<strong>Juan Valiente<\/strong>, experto en estilos como Urbano, House o Mainstream, y\u00a0<strong>Try It<\/strong>, Dj y productor destacado en mashups y remixes.<\/p>\n\n\n\n<p><strong>Entrada libre<\/strong> <strong>Ubicaci\u00f3n<\/strong>: Cota 2.000. <strong>Apertura<\/strong>: 16:00 h.<\/p>\n\n\n\n<p><br><strong><br><br><\/strong><\/p>\n","protected":false},"excerpt":{"rendered":"<p>\u00danete a nosotros para disfrutar de la experiencia apr\u00e8s-ski m\u00e1s destacada en el sur de Arag\u00f3n.<\/p>\n","protected":false},"author":2,"featured_media":19958,"comment_status":"closed","ping_status":"closed","sticky":false,"template":"","format":"standard","meta":{"_acf_changed":false,"footnotes":""},"categories":[1,307,308],"tags":[],"acf":[],"yoast_head":"<!-- This site is optimized with the Yoast SEO plugin v22.5 - https:\/\/yoast.com\/wordpress\/plugins\/seo\/ -->\n<title>Valdelinares Winter Session - Blog Oficial del Grupo ARAM\u00d3N<\/title>\n<meta name=\"description\" content=\"VALDELINARES WINTER SESSION\" \/>\n<meta name=\"robots\" content=\"index, follow, max-snippet:-1, max-image-preview:large, max-video-preview:-1\" \/>\n<link rel=\"canonical\" href=\"https:\/\/www.aramon.com\/blog\/valdelinares-winter-session\/\" \/>\n<meta property=\"og:locale\" content=\"es_ES\" \/>\n<meta property=\"og:type\" content=\"article\" \/>\n<meta property=\"og:title\" content=\"Valdelinares Winter Session - Blog Oficial del Grupo ARAM\u00d3N\" \/>\n<meta property=\"og:description\" content=\"VALDELINARES WINTER SESSION\" \/>\n<meta property=\"og:url\" content=\"https:\/\/www.aramon.com\/blog\/valdelinares-winter-session\/\" \/>\n<meta property=\"og:site_name\" content=\"Blog Oficial del Grupo ARAM\u00d3N\" \/>\n<meta property=\"article:published_time\" content=\"2024-02-11T13:31:04+00:00\" \/>\n<meta property=\"article:modified_time\" content=\"2024-02-12T11:30:31+00:00\" \/>\n<meta property=\"og:image\" content=\"https:\/\/www.aramon.com\/blog\/wp-content\/uploads\/2024\/02\/VALDELINARES-WINTER-SESSION-124-scaled.jpg\" \/>\n\t<meta property=\"og:image:width\" content=\"2560\" \/>\n\t<meta property=\"og:image:height\" content=\"1707\" \/>\n\t<meta property=\"og:image:type\" content=\"image\/jpeg\" \/>\n<meta name=\"author\" content=\"aramon\" \/>\n<meta name=\"twitter:card\" content=\"summary_large_image\" \/>\n<meta name=\"twitter:label1\" content=\"Escrito por\" \/>\n\t<meta name=\"twitter:data1\" content=\"aramon\" \/>\n\t<meta name=\"twitter:label2\" content=\"Tiempo de lectura\" \/>\n\t<meta name=\"twitter:data2\" content=\"1 minuto\" \/>\n<script type=\"application\/ld+json\" class=\"yoast-schema-graph\">{\"@context\":\"https:\/\/schema.org\",\"@graph\":[{\"@type\":\"WebPage\",\"@id\":\"https:\/\/www.aramon.com\/blog\/valdelinares-winter-session\/\",\"url\":\"https:\/\/www.aramon.com\/blog\/valdelinares-winter-session\/\",\"name\":\"Valdelinares Winter Session - Blog Oficial del Grupo ARAM\u00d3N\",\"isPartOf\":{\"@id\":\"https:\/\/www.aramon.com\/blog\/#website\"},\"primaryImageOfPage\":{\"@id\":\"https:\/\/www.aramon.com\/blog\/valdelinares-winter-session\/#primaryimage\"},\"image\":{\"@id\":\"https:\/\/www.aramon.com\/blog\/valdelinares-winter-session\/#primaryimage\"},\"thumbnailUrl\":\"https:\/\/www.aramon.com\/blog\/wp-content\/uploads\/2024\/02\/VALDELINARES-WINTER-SESSION-124-scaled.jpg\",\"datePublished\":\"2024-02-11T13:31:04+00:00\",\"dateModified\":\"2024-02-12T11:30:31+00:00\",\"author\":{\"@id\":\"https:\/\/www.aramon.com\/blog\/#\/schema\/person\/9429ffb451d657ab98f0ca1b364eeef3\"},\"description\":\"VALDELINARES WINTER SESSION\",\"inLanguage\":\"es\",\"potentialAction\":[{\"@type\":\"ReadAction\",\"target\":[\"https:\/\/www.aramon.com\/blog\/valdelinares-winter-session\/\"]}]},{\"@type\":\"ImageObject\",\"inLanguage\":\"es\",\"@id\":\"https:\/\/www.aramon.com\/blog\/valdelinares-winter-session\/#primaryimage\",\"url\":\"https:\/\/www.aramon.com\/blog\/wp-content\/uploads\/2024\/02\/VALDELINARES-WINTER-SESSION-124-scaled.jpg\",\"contentUrl\":\"https:\/\/www.aramon.com\/blog\/wp-content\/uploads\/2024\/02\/VALDELINARES-WINTER-SESSION-124-scaled.jpg\",\"width\":2560,\"height\":1707},{\"@type\":\"WebSite\",\"@id\":\"https:\/\/www.aramon.com\/blog\/#website\",\"url\":\"https:\/\/www.aramon.com\/blog\/\",\"name\":\"Blog Oficial del Grupo ARAM\u00d3N\",\"description\":\"Blog Oficial del Grupo Aram\u00f3n sobre estaciones de esqu\u00ed, monta\u00f1ismo, deportes de aventura y m\u00e1s en Arag\u00f3n.\",\"potentialAction\":[{\"@type\":\"SearchAction\",\"target\":{\"@type\":\"EntryPoint\",\"urlTemplate\":\"https:\/\/www.aramon.com\/blog\/?s={search_term_string}\"},\"query-input\":\"required name=search_term_string\"}],\"inLanguage\":\"es\"},{\"@type\":\"Person\",\"@id\":\"https:\/\/www.aramon.com\/blog\/#\/schema\/person\/9429ffb451d657ab98f0ca1b364eeef3\",\"name\":\"aramon\",\"image\":{\"@type\":\"ImageObject\",\"inLanguage\":\"es\",\"@id\":\"https:\/\/www.aramon.com\/blog\/#\/schema\/person\/image\/\",\"url\":\"https:\/\/secure.gravatar.com\/avatar\/d5fd0ede392e1af0e414b87f7568b4d5?s=96&d=mm&r=g\",\"contentUrl\":\"https:\/\/secure.gravatar.com\/avatar\/d5fd0ede392e1af0e414b87f7568b4d5?s=96&d=mm&r=g\",\"caption\":\"aramon\"},\"url\":\"https:\/\/www.aramon.com\/blog\/author\/aramon\/\"}]}<\/script>\n<!-- \/ Yoast SEO plugin. -->","yoast_head_json":{"title":"Valdelinares Winter Session - Blog Oficial del Grupo ARAM\u00d3N","description":"VALDELINARES WINTER SESSION","robots":{"index":"index","follow":"follow","max-snippet":"max-snippet:-1","max-image-preview":"max-image-preview:large","max-video-preview":"max-video-preview:-1"},"canonical":"https:\/\/www.aramon.com\/blog\/valdelinares-winter-session\/","og_locale":"es_ES","og_type":"article","og_title":"Valdelinares Winter Session - Blog Oficial del Grupo ARAM\u00d3N","og_description":"VALDELINARES WINTER SESSION","og_url":"https:\/\/www.aramon.com\/blog\/valdelinares-winter-session\/","og_site_name":"Blog Oficial del Grupo ARAM\u00d3N","article_published_time":"2024-02-11T13:31:04+00:00","article_modified_time":"2024-02-12T11:30:31+00:00","og_image":[{"width":2560,"height":1707,"url":"https:\/\/www.aramon.com\/blog\/wp-content\/uploads\/2024\/02\/VALDELINARES-WINTER-SESSION-124-scaled.jpg","type":"image\/jpeg"}],"author":"aramon","twitter_card":"summary_large_image","twitter_misc":{"Escrito por":"aramon","Tiempo de lectura":"1 minuto"},"schema":{"@context":"https:\/\/schema.org","@graph":[{"@type":"WebPage","@id":"https:\/\/www.aramon.com\/blog\/valdelinares-winter-session\/","url":"https:\/\/www.aramon.com\/blog\/valdelinares-winter-session\/","name":"Valdelinares Winter Session - Blog Oficial del Grupo ARAM\u00d3N","isPartOf":{"@id":"https:\/\/www.aramon.com\/blog\/#website"},"primaryImageOfPage":{"@id":"https:\/\/www.aramon.com\/blog\/valdelinares-winter-session\/#primaryimage"},"image":{"@id":"https:\/\/www.aramon.com\/blog\/valdelinares-winter-session\/#primaryimage"},"thumbnailUrl":"https:\/\/www.aramon.com\/blog\/wp-content\/uploads\/2024\/02\/VALDELINARES-WINTER-SESSION-124-scaled.jpg","datePublished":"2024-02-11T13:31:04+00:00","dateModified":"2024-02-12T11:30:31+00:00","author":{"@id":"https:\/\/www.aramon.com\/blog\/#\/schema\/person\/9429ffb451d657ab98f0ca1b364eeef3"},"description":"VALDELINARES WINTER SESSION","inLanguage":"es","potentialAction":[{"@type":"ReadAction","target":["https:\/\/www.aramon.com\/blog\/valdelinares-winter-session\/"]}]},{"@type":"ImageObject","inLanguage":"es","@id":"https:\/\/www.aramon.com\/blog\/valdelinares-winter-session\/#primaryimage","url":"https:\/\/www.aramon.com\/blog\/wp-content\/uploads\/2024\/02\/VALDELINARES-WINTER-SESSION-124-scaled.jpg","contentUrl":"https:\/\/www.aramon.com\/blog\/wp-content\/uploads\/2024\/02\/VALDELINARES-WINTER-SESSION-124-scaled.jpg","width":2560,"height":1707},{"@type":"WebSite","@id":"https:\/\/www.aramon.com\/blog\/#website","url":"https:\/\/www.aramon.com\/blog\/","name":"Blog Oficial del Grupo ARAM\u00d3N","description":"Blog Oficial del Grupo Aram\u00f3n sobre estaciones de esqu\u00ed, monta\u00f1ismo, deportes de aventura y m\u00e1s en Arag\u00f3n.","potentialAction":[{"@type":"SearchAction","target":{"@type":"EntryPoint","urlTemplate":"https:\/\/www.aramon.com\/blog\/?s={search_term_string}"},"query-input":"required name=search_term_string"}],"inLanguage":"es"},{"@type":"Person","@id":"https:\/\/www.aramon.com\/blog\/#\/schema\/person\/9429ffb451d657ab98f0ca1b364eeef3","name":"aramon","image":{"@type":"ImageObject","inLanguage":"es","@id":"https:\/\/www.aramon.com\/blog\/#\/schema\/person\/image\/","url":"https:\/\/secure.gravatar.com\/avatar\/d5fd0ede392e1af0e414b87f7568b4d5?s=96&d=mm&r=g","contentUrl":"https:\/\/secure.gravatar.com\/avatar\/d5fd0ede392e1af0e414b87f7568b4d5?s=96&d=mm&r=g","caption":"aramon"},"url":"https:\/\/www.aramon.com\/blog\/author\/aramon\/"}]}},"_links":{"self":[{"href":"https:\/\/www.aramon.com\/blog\/wp-json\/wp\/v2\/posts\/19957"}],"collection":[{"href":"https:\/\/www.aramon.com\/blog\/wp-json\/wp\/v2\/posts"}],"about":[{"href":"https:\/\/www.aramon.com\/blog\/wp-json\/wp\/v2\/types\/post"}],"author":[{"embeddable":true,"href":"https:\/\/www.aramon.com\/blog\/wp-json\/wp\/v2\/users\/2"}],"replies":[{"embeddable":true,"href":"https:\/\/www.aramon.com\/blog\/wp-json\/wp\/v2\/comments?post=19957"}],"version-history":[{"count":2,"href":"https:\/\/www.aramon.com\/blog\/wp-json\/wp\/v2\/posts\/19957\/revisions"}],"predecessor-version":[{"id":19982,"href":"https:\/\/www.aramon.com\/blog\/wp-json\/wp\/v2\/posts\/19957\/revisions\/19982"}],"wp:featuredmedia":[{"embeddable":true,"href":"https:\/\/www.aramon.com\/blog\/wp-json\/wp\/v2\/media\/19958"}],"wp:attachment":[{"href":"https:\/\/www.aramon.com\/blog\/wp-json\/wp\/v2\/media?parent=19957"}],"wp:term":[{"taxonomy":"category","embeddable":true,"href":"https:\/\/www.aramon.com\/blog\/wp-json\/wp\/v2\/categories?post=19957"},{"taxonomy":"post_tag","embeddable":true,"href":"https:\/\/www.aramon.com\/blog\/wp-json\/wp\/v2\/tags?post=19957"}],"curies":[{"name":"wp","href":"https:\/\/api.w.org\/{rel}","templated":true}]}}