{"id":20024,"date":"2024-02-18T14:44:26","date_gmt":"2024-02-18T14:44:26","guid":{"rendered":"https:\/\/www.aramon.com\/blog\/?p=20024"},"modified":"2024-02-18T14:44:38","modified_gmt":"2024-02-18T14:44:38","slug":"el-grupo-aramon-y-jbl-se-unen-para-ofrecer-una-experiencia-musical-unica-y-cautivadora-en-marchica-y-la-estacion-de-formigal-panticosa","status":"publish","type":"post","link":"https:\/\/www.aramon.com\/blog\/el-grupo-aramon-y-jbl-se-unen-para-ofrecer-una-experiencia-musical-unica-y-cautivadora-en-marchica-y-la-estacion-de-formigal-panticosa\/","title":{"rendered":"El Grupo Aram\u00f3n y JBL se unen para ofrecer una experiencia musical \u00fanica y cautivadora en Marchica y la estaci\u00f3n de Formigal-Panticosa"},"content":{"rendered":"\n<p>El <strong>Grupo Aram\u00f3n<\/strong> y <strong>JBL<\/strong> anuncian una colaboraci\u00f3n exclusiva durante la temporada de esqu\u00ed 2023\/2024 para ofrecer experiencias sorprendentes y la mejor diversi\u00f3n al unir a <strong>JBL con la experiencia apr\u00e8s-ski <\/strong>de Marchica, el mejor apr\u00e8s-ski del sur de Europa, en un paisaje natural \u00fanico.<\/p>\n\n\n\n<p>El escenario de <strong>Marchica<\/strong>, uno de los siete de<strong> <a href=\"https:\/\/www.formigal-panticosa.com\/m-experience\" target=\"_blank\" rel=\"noreferrer noopener\">M Experience<\/a><\/strong><ins>, <\/ins>alcanza un nuevo nivel de diversi\u00f3n con la incorporaci\u00f3n de JBL y su inigualable oferta en el espacio de Formigal-Panticosa. El <strong>stand fijo de JBL <\/strong>en el espacio de <strong><a href=\"https:\/\/www.formigal-panticosa.com\/m-experience\/marchica\" target=\"_blank\" rel=\"noreferrer noopener\">Marchica <\/a><\/strong>ofrece cada fin de semana, juegos, diversi\u00f3n y m\u00fasica para acompa\u00f1ar a todos los visitantes de la estaci\u00f3n. En el stand podr\u00e1s conseguir regalos de la marca y entrar en el sorteo de productos exclusivos de JBL x Marchica al compartir en vuestros perfiles de redes sociales im\u00e1genes en el stand de JBL con el Hashtag <strong>#JBLXAramon<\/strong>.<\/p>\n\n\n\n<p>Como parte de la experiencia, <strong>el pr\u00f3ximo fin de semana del 23 de febrero podr\u00e1s disfrutar de un evento exclusivo de JBL. <\/strong>Acompa\u00f1ado por distintos influencers, podr\u00e1s descubrir todos los juegos, concursos, productos de la marca y m\u00e1s sorpresas que esperan en el stand de JBL disponible en el recinto durante toda la temporada de esqu\u00ed. Adem\u00e1s, <strong>podr\u00e1s descubrir la mejor calidad de sonido de JBL en la fiesta que se organizar\u00e1 en la M Experience el s\u00e1bado 24 de febrero y que no te puedes perder.<\/strong><\/p>\n\n\n\n<p>Ya sea a trav\u00e9s de la pasi\u00f3n por la m\u00fasica o la afici\u00f3n al esqu\u00ed, JBL, Marchica y el Grupo Aram\u00f3n se unen para cautivar a todos los apasionados de la m\u00fasica y del deporte en un mismo espacio emocionante y lleno de diversi\u00f3n.<\/p>\n\n\n\n<figure class=\"wp-block-gallery has-nested-images columns-default is-cropped wp-block-gallery-1 is-layout-flex wp-block-gallery-is-layout-flex\">\n<figure class=\"wp-block-image size-large\"><img loading=\"lazy\" decoding=\"async\" width=\"904\" height=\"1024\" data-id=\"19829\" src=\"https:\/\/www.aramon.com\/blog\/wp-content\/uploads\/2024\/01\/02-904x1024.jpg\" alt=\"\" class=\"wp-image-19829\" srcset=\"https:\/\/www.aramon.com\/blog\/wp-content\/uploads\/2024\/01\/02-904x1024.jpg 904w, https:\/\/www.aramon.com\/blog\/wp-content\/uploads\/2024\/01\/02-265x300.jpg 265w, https:\/\/www.aramon.com\/blog\/wp-content\/uploads\/2024\/01\/02-768x870.jpg 768w, https:\/\/www.aramon.com\/blog\/wp-content\/uploads\/2024\/01\/02-1356x1536.jpg 1356w, https:\/\/www.aramon.com\/blog\/wp-content\/uploads\/2024\/01\/02-1808x2048.jpg 1808w\" sizes=\"(max-width: 904px) 100vw, 904px\" \/><\/figure>\n\n\n\n<figure class=\"wp-block-image size-large\"><img loading=\"lazy\" decoding=\"async\" width=\"812\" height=\"1024\" data-id=\"19828\" src=\"https:\/\/www.aramon.com\/blog\/wp-content\/uploads\/2024\/01\/01-812x1024.jpg\" alt=\"\" class=\"wp-image-19828\" srcset=\"https:\/\/www.aramon.com\/blog\/wp-content\/uploads\/2024\/01\/01-812x1024.jpg 812w, https:\/\/www.aramon.com\/blog\/wp-content\/uploads\/2024\/01\/01-238x300.jpg 238w, https:\/\/www.aramon.com\/blog\/wp-content\/uploads\/2024\/01\/01-768x968.jpg 768w, https:\/\/www.aramon.com\/blog\/wp-content\/uploads\/2024\/01\/01-1218x1536.jpg 1218w, https:\/\/www.aramon.com\/blog\/wp-content\/uploads\/2024\/01\/01-1624x2048.jpg 1624w, https:\/\/www.aramon.com\/blog\/wp-content\/uploads\/2024\/01\/01-scaled.jpg 2031w\" sizes=\"(max-width: 812px) 100vw, 812px\" \/><\/figure>\n\n\n\n<figure class=\"wp-block-image size-large\"><img loading=\"lazy\" decoding=\"async\" width=\"1024\" height=\"683\" data-id=\"20025\" src=\"https:\/\/www.aramon.com\/blog\/wp-content\/uploads\/2024\/02\/JBL-Patrocinios-Formigal-Temp-23-24-00987-1024x683.jpg\" alt=\"\" class=\"wp-image-20025\" srcset=\"https:\/\/www.aramon.com\/blog\/wp-content\/uploads\/2024\/02\/JBL-Patrocinios-Formigal-Temp-23-24-00987-1024x683.jpg 1024w, https:\/\/www.aramon.com\/blog\/wp-content\/uploads\/2024\/02\/JBL-Patrocinios-Formigal-Temp-23-24-00987-300x200.jpg 300w, https:\/\/www.aramon.com\/blog\/wp-content\/uploads\/2024\/02\/JBL-Patrocinios-Formigal-Temp-23-24-00987-768x512.jpg 768w, https:\/\/www.aramon.com\/blog\/wp-content\/uploads\/2024\/02\/JBL-Patrocinios-Formigal-Temp-23-24-00987-1536x1024.jpg 1536w, https:\/\/www.aramon.com\/blog\/wp-content\/uploads\/2024\/02\/JBL-Patrocinios-Formigal-Temp-23-24-00987-2048x1365.jpg 2048w\" sizes=\"(max-width: 1024px) 100vw, 1024px\" \/><\/figure>\n<\/figure>\n","protected":false},"excerpt":{"rendered":"<p>JBL estar\u00e1 presente en Marchica durante toda la temporada de esqu\u00ed con su propio stand en el recinto y muchas m\u00e1s sorpresas<\/p>\n","protected":false},"author":2,"featured_media":20027,"comment_status":"closed","ping_status":"closed","sticky":false,"template":"","format":"standard","meta":{"_acf_changed":false,"footnotes":""},"categories":[1,307],"tags":[],"acf":[],"yoast_head":"<!-- This site is optimized with the Yoast SEO plugin v22.5 - https:\/\/yoast.com\/wordpress\/plugins\/seo\/ -->\n<title>El Grupo Aram\u00f3n y JBL se unen para ofrecer una experiencia musical \u00fanica y cautivadora en Marchica y la estaci\u00f3n de Formigal-Panticosa - Blog Oficial del Grupo ARAM\u00d3N<\/title>\n<meta name=\"description\" content=\"El Grupo Aram\u00f3n y JBL se unen para ofrecer una experiencia musical \u00fanica y cautivadora en Marchica y la estaci\u00f3n de Formigal-Panticosa\" \/>\n<meta name=\"robots\" content=\"index, follow, max-snippet:-1, max-image-preview:large, max-video-preview:-1\" \/>\n<link rel=\"canonical\" href=\"https:\/\/www.aramon.com\/blog\/el-grupo-aramon-y-jbl-se-unen-para-ofrecer-una-experiencia-musical-unica-y-cautivadora-en-marchica-y-la-estacion-de-formigal-panticosa\/\" \/>\n<meta property=\"og:locale\" content=\"es_ES\" \/>\n<meta property=\"og:type\" content=\"article\" \/>\n<meta property=\"og:title\" content=\"El Grupo Aram\u00f3n y JBL se unen para ofrecer una experiencia musical \u00fanica y cautivadora en Marchica y la estaci\u00f3n de Formigal-Panticosa - Blog Oficial del Grupo ARAM\u00d3N\" \/>\n<meta property=\"og:description\" content=\"El Grupo Aram\u00f3n y JBL se unen para ofrecer una experiencia musical \u00fanica y cautivadora en Marchica y la estaci\u00f3n de Formigal-Panticosa\" \/>\n<meta property=\"og:url\" content=\"https:\/\/www.aramon.com\/blog\/el-grupo-aramon-y-jbl-se-unen-para-ofrecer-una-experiencia-musical-unica-y-cautivadora-en-marchica-y-la-estacion-de-formigal-panticosa\/\" \/>\n<meta property=\"og:site_name\" content=\"Blog Oficial del Grupo ARAM\u00d3N\" \/>\n<meta property=\"article:published_time\" content=\"2024-02-18T14:44:26+00:00\" \/>\n<meta property=\"article:modified_time\" content=\"2024-02-18T14:44:38+00:00\" \/>\n<meta property=\"og:image\" content=\"https:\/\/www.aramon.com\/blog\/wp-content\/uploads\/2024\/02\/JBL-Patrocinios-Formigal-Temp-23-24-00958-scaled.jpg\" \/>\n\t<meta property=\"og:image:width\" content=\"2560\" \/>\n\t<meta property=\"og:image:height\" content=\"1707\" \/>\n\t<meta property=\"og:image:type\" content=\"image\/jpeg\" \/>\n<meta name=\"author\" content=\"aramon\" \/>\n<meta name=\"twitter:card\" content=\"summary_large_image\" \/>\n<meta name=\"twitter:label1\" content=\"Escrito por\" \/>\n\t<meta name=\"twitter:data1\" content=\"aramon\" \/>\n\t<meta name=\"twitter:label2\" content=\"Tiempo de lectura\" \/>\n\t<meta name=\"twitter:data2\" content=\"3 minutos\" \/>\n<script type=\"application\/ld+json\" class=\"yoast-schema-graph\">{\"@context\":\"https:\/\/schema.org\",\"@graph\":[{\"@type\":\"WebPage\",\"@id\":\"https:\/\/www.aramon.com\/blog\/el-grupo-aramon-y-jbl-se-unen-para-ofrecer-una-experiencia-musical-unica-y-cautivadora-en-marchica-y-la-estacion-de-formigal-panticosa\/\",\"url\":\"https:\/\/www.aramon.com\/blog\/el-grupo-aramon-y-jbl-se-unen-para-ofrecer-una-experiencia-musical-unica-y-cautivadora-en-marchica-y-la-estacion-de-formigal-panticosa\/\",\"name\":\"El Grupo Aram\u00f3n y JBL se unen para ofrecer una experiencia musical \u00fanica y cautivadora en Marchica y la estaci\u00f3n de Formigal-Panticosa - Blog Oficial del Grupo ARAM\u00d3N\",\"isPartOf\":{\"@id\":\"https:\/\/www.aramon.com\/blog\/#website\"},\"primaryImageOfPage\":{\"@id\":\"https:\/\/www.aramon.com\/blog\/el-grupo-aramon-y-jbl-se-unen-para-ofrecer-una-experiencia-musical-unica-y-cautivadora-en-marchica-y-la-estacion-de-formigal-panticosa\/#primaryimage\"},\"image\":{\"@id\":\"https:\/\/www.aramon.com\/blog\/el-grupo-aramon-y-jbl-se-unen-para-ofrecer-una-experiencia-musical-unica-y-cautivadora-en-marchica-y-la-estacion-de-formigal-panticosa\/#primaryimage\"},\"thumbnailUrl\":\"https:\/\/www.aramon.com\/blog\/wp-content\/uploads\/2024\/02\/JBL-Patrocinios-Formigal-Temp-23-24-00958-scaled.jpg\",\"datePublished\":\"2024-02-18T14:44:26+00:00\",\"dateModified\":\"2024-02-18T14:44:38+00:00\",\"author\":{\"@id\":\"https:\/\/www.aramon.com\/blog\/#\/schema\/person\/9429ffb451d657ab98f0ca1b364eeef3\"},\"description\":\"El Grupo Aram\u00f3n y JBL se unen para ofrecer una experiencia musical \u00fanica y cautivadora en Marchica y la estaci\u00f3n de Formigal-Panticosa\",\"inLanguage\":\"es\",\"potentialAction\":[{\"@type\":\"ReadAction\",\"target\":[\"https:\/\/www.aramon.com\/blog\/el-grupo-aramon-y-jbl-se-unen-para-ofrecer-una-experiencia-musical-unica-y-cautivadora-en-marchica-y-la-estacion-de-formigal-panticosa\/\"]}]},{\"@type\":\"ImageObject\",\"inLanguage\":\"es\",\"@id\":\"https:\/\/www.aramon.com\/blog\/el-grupo-aramon-y-jbl-se-unen-para-ofrecer-una-experiencia-musical-unica-y-cautivadora-en-marchica-y-la-estacion-de-formigal-panticosa\/#primaryimage\",\"url\":\"https:\/\/www.aramon.com\/blog\/wp-content\/uploads\/2024\/02\/JBL-Patrocinios-Formigal-Temp-23-24-00958-scaled.jpg\",\"contentUrl\":\"https:\/\/www.aramon.com\/blog\/wp-content\/uploads\/2024\/02\/JBL-Patrocinios-Formigal-Temp-23-24-00958-scaled.jpg\",\"width\":2560,\"height\":1707},{\"@type\":\"WebSite\",\"@id\":\"https:\/\/www.aramon.com\/blog\/#website\",\"url\":\"https:\/\/www.aramon.com\/blog\/\",\"name\":\"Blog Oficial del Grupo ARAM\u00d3N\",\"description\":\"Blog Oficial del Grupo Aram\u00f3n sobre estaciones de esqu\u00ed, monta\u00f1ismo, deportes de aventura y m\u00e1s en Arag\u00f3n.\",\"potentialAction\":[{\"@type\":\"SearchAction\",\"target\":{\"@type\":\"EntryPoint\",\"urlTemplate\":\"https:\/\/www.aramon.com\/blog\/?s={search_term_string}\"},\"query-input\":\"required name=search_term_string\"}],\"inLanguage\":\"es\"},{\"@type\":\"Person\",\"@id\":\"https:\/\/www.aramon.com\/blog\/#\/schema\/person\/9429ffb451d657ab98f0ca1b364eeef3\",\"name\":\"aramon\",\"image\":{\"@type\":\"ImageObject\",\"inLanguage\":\"es\",\"@id\":\"https:\/\/www.aramon.com\/blog\/#\/schema\/person\/image\/\",\"url\":\"https:\/\/secure.gravatar.com\/avatar\/d5fd0ede392e1af0e414b87f7568b4d5?s=96&d=mm&r=g\",\"contentUrl\":\"https:\/\/secure.gravatar.com\/avatar\/d5fd0ede392e1af0e414b87f7568b4d5?s=96&d=mm&r=g\",\"caption\":\"aramon\"},\"url\":\"https:\/\/www.aramon.com\/blog\/author\/aramon\/\"}]}<\/script>\n<!-- \/ Yoast SEO plugin. -->","yoast_head_json":{"title":"El Grupo Aram\u00f3n y JBL se unen para ofrecer una experiencia musical \u00fanica y cautivadora en Marchica y la estaci\u00f3n de Formigal-Panticosa - Blog Oficial del Grupo ARAM\u00d3N","description":"El Grupo Aram\u00f3n y JBL se unen para ofrecer una experiencia musical \u00fanica y cautivadora en Marchica y la estaci\u00f3n de Formigal-Panticosa","robots":{"index":"index","follow":"follow","max-snippet":"max-snippet:-1","max-image-preview":"max-image-preview:large","max-video-preview":"max-video-preview:-1"},"canonical":"https:\/\/www.aramon.com\/blog\/el-grupo-aramon-y-jbl-se-unen-para-ofrecer-una-experiencia-musical-unica-y-cautivadora-en-marchica-y-la-estacion-de-formigal-panticosa\/","og_locale":"es_ES","og_type":"article","og_title":"El Grupo Aram\u00f3n y JBL se unen para ofrecer una experiencia musical \u00fanica y cautivadora en Marchica y la estaci\u00f3n de Formigal-Panticosa - Blog Oficial del Grupo ARAM\u00d3N","og_description":"El Grupo Aram\u00f3n y JBL se unen para ofrecer una experiencia musical \u00fanica y cautivadora en Marchica y la estaci\u00f3n de Formigal-Panticosa","og_url":"https:\/\/www.aramon.com\/blog\/el-grupo-aramon-y-jbl-se-unen-para-ofrecer-una-experiencia-musical-unica-y-cautivadora-en-marchica-y-la-estacion-de-formigal-panticosa\/","og_site_name":"Blog Oficial del Grupo ARAM\u00d3N","article_published_time":"2024-02-18T14:44:26+00:00","article_modified_time":"2024-02-18T14:44:38+00:00","og_image":[{"width":2560,"height":1707,"url":"https:\/\/www.aramon.com\/blog\/wp-content\/uploads\/2024\/02\/JBL-Patrocinios-Formigal-Temp-23-24-00958-scaled.jpg","type":"image\/jpeg"}],"author":"aramon","twitter_card":"summary_large_image","twitter_misc":{"Escrito por":"aramon","Tiempo de lectura":"3 minutos"},"schema":{"@context":"https:\/\/schema.org","@graph":[{"@type":"WebPage","@id":"https:\/\/www.aramon.com\/blog\/el-grupo-aramon-y-jbl-se-unen-para-ofrecer-una-experiencia-musical-unica-y-cautivadora-en-marchica-y-la-estacion-de-formigal-panticosa\/","url":"https:\/\/www.aramon.com\/blog\/el-grupo-aramon-y-jbl-se-unen-para-ofrecer-una-experiencia-musical-unica-y-cautivadora-en-marchica-y-la-estacion-de-formigal-panticosa\/","name":"El Grupo Aram\u00f3n y JBL se unen para ofrecer una experiencia musical \u00fanica y cautivadora en Marchica y la estaci\u00f3n de Formigal-Panticosa - Blog Oficial del Grupo ARAM\u00d3N","isPartOf":{"@id":"https:\/\/www.aramon.com\/blog\/#website"},"primaryImageOfPage":{"@id":"https:\/\/www.aramon.com\/blog\/el-grupo-aramon-y-jbl-se-unen-para-ofrecer-una-experiencia-musical-unica-y-cautivadora-en-marchica-y-la-estacion-de-formigal-panticosa\/#primaryimage"},"image":{"@id":"https:\/\/www.aramon.com\/blog\/el-grupo-aramon-y-jbl-se-unen-para-ofrecer-una-experiencia-musical-unica-y-cautivadora-en-marchica-y-la-estacion-de-formigal-panticosa\/#primaryimage"},"thumbnailUrl":"https:\/\/www.aramon.com\/blog\/wp-content\/uploads\/2024\/02\/JBL-Patrocinios-Formigal-Temp-23-24-00958-scaled.jpg","datePublished":"2024-02-18T14:44:26+00:00","dateModified":"2024-02-18T14:44:38+00:00","author":{"@id":"https:\/\/www.aramon.com\/blog\/#\/schema\/person\/9429ffb451d657ab98f0ca1b364eeef3"},"description":"El Grupo Aram\u00f3n y JBL se unen para ofrecer una experiencia musical \u00fanica y cautivadora en Marchica y la estaci\u00f3n de Formigal-Panticosa","inLanguage":"es","potentialAction":[{"@type":"ReadAction","target":["https:\/\/www.aramon.com\/blog\/el-grupo-aramon-y-jbl-se-unen-para-ofrecer-una-experiencia-musical-unica-y-cautivadora-en-marchica-y-la-estacion-de-formigal-panticosa\/"]}]},{"@type":"ImageObject","inLanguage":"es","@id":"https:\/\/www.aramon.com\/blog\/el-grupo-aramon-y-jbl-se-unen-para-ofrecer-una-experiencia-musical-unica-y-cautivadora-en-marchica-y-la-estacion-de-formigal-panticosa\/#primaryimage","url":"https:\/\/www.aramon.com\/blog\/wp-content\/uploads\/2024\/02\/JBL-Patrocinios-Formigal-Temp-23-24-00958-scaled.jpg","contentUrl":"https:\/\/www.aramon.com\/blog\/wp-content\/uploads\/2024\/02\/JBL-Patrocinios-Formigal-Temp-23-24-00958-scaled.jpg","width":2560,"height":1707},{"@type":"WebSite","@id":"https:\/\/www.aramon.com\/blog\/#website","url":"https:\/\/www.aramon.com\/blog\/","name":"Blog Oficial del Grupo ARAM\u00d3N","description":"Blog Oficial del Grupo Aram\u00f3n sobre estaciones de esqu\u00ed, monta\u00f1ismo, deportes de aventura y m\u00e1s en Arag\u00f3n.","potentialAction":[{"@type":"SearchAction","target":{"@type":"EntryPoint","urlTemplate":"https:\/\/www.aramon.com\/blog\/?s={search_term_string}"},"query-input":"required name=search_term_string"}],"inLanguage":"es"},{"@type":"Person","@id":"https:\/\/www.aramon.com\/blog\/#\/schema\/person\/9429ffb451d657ab98f0ca1b364eeef3","name":"aramon","image":{"@type":"ImageObject","inLanguage":"es","@id":"https:\/\/www.aramon.com\/blog\/#\/schema\/person\/image\/","url":"https:\/\/secure.gravatar.com\/avatar\/d5fd0ede392e1af0e414b87f7568b4d5?s=96&d=mm&r=g","contentUrl":"https:\/\/secure.gravatar.com\/avatar\/d5fd0ede392e1af0e414b87f7568b4d5?s=96&d=mm&r=g","caption":"aramon"},"url":"https:\/\/www.aramon.com\/blog\/author\/aramon\/"}]}},"_links":{"self":[{"href":"https:\/\/www.aramon.com\/blog\/wp-json\/wp\/v2\/posts\/20024"}],"collection":[{"href":"https:\/\/www.aramon.com\/blog\/wp-json\/wp\/v2\/posts"}],"about":[{"href":"https:\/\/www.aramon.com\/blog\/wp-json\/wp\/v2\/types\/post"}],"author":[{"embeddable":true,"href":"https:\/\/www.aramon.com\/blog\/wp-json\/wp\/v2\/users\/2"}],"replies":[{"embeddable":true,"href":"https:\/\/www.aramon.com\/blog\/wp-json\/wp\/v2\/comments?post=20024"}],"version-history":[{"count":2,"href":"https:\/\/www.aramon.com\/blog\/wp-json\/wp\/v2\/posts\/20024\/revisions"}],"predecessor-version":[{"id":20029,"href":"https:\/\/www.aramon.com\/blog\/wp-json\/wp\/v2\/posts\/20024\/revisions\/20029"}],"wp:featuredmedia":[{"embeddable":true,"href":"https:\/\/www.aramon.com\/blog\/wp-json\/wp\/v2\/media\/20027"}],"wp:attachment":[{"href":"https:\/\/www.aramon.com\/blog\/wp-json\/wp\/v2\/media?parent=20024"}],"wp:term":[{"taxonomy":"category","embeddable":true,"href":"https:\/\/www.aramon.com\/blog\/wp-json\/wp\/v2\/categories?post=20024"},{"taxonomy":"post_tag","embeddable":true,"href":"https:\/\/www.aramon.com\/blog\/wp-json\/wp\/v2\/tags?post=20024"}],"curies":[{"name":"wp","href":"https:\/\/api.w.org\/{rel}","templated":true}]}}