{"id":20240,"date":"2024-03-12T09:26:04","date_gmt":"2024-03-12T09:26:04","guid":{"rendered":"https:\/\/www.aramon.com\/blog\/?p=20240"},"modified":"2024-03-23T15:43:37","modified_gmt":"2024-03-23T15:43:37","slug":"descubre-la-glera-una-experiencia-gastronomica-unica-en-los-pirineos","status":"publish","type":"post","link":"https:\/\/www.aramon.com\/blog\/descubre-la-glera-una-experiencia-gastronomica-unica-en-los-pirineos\/","title":{"rendered":"Descubre La Glera: Una experiencia gastron\u00f3mica \u00fanica en los Pirineos"},"content":{"rendered":"\n<p>\u00bfTe imaginas disfrutar de una cena en lo m\u00e1s alto de las monta\u00f1as del Pirineo de Arag\u00f3n, a m\u00e1s de 2.000 metros de altitud, bajo un cielo estrellado y en total tranquilidad? La Glera te ofrece precisamente eso y mucho m\u00e1s. Situado en un paraje impresionante y aislado, este exclusivo restaurante tiene capacidad para 16-18 personas y es accesible solo a trav\u00e9s de una m\u00e1quina ratrack especialmente preparada. Imagina el viaje transport\u00e1ndote hasta este peque\u00f1o rinc\u00f3n en la monta\u00f1a, donde la naturaleza te rodea en su m\u00e1ximo esplendor. <\/p>\n\n\n\n<p>En La Glera, la experiencia culinaria es tan excepcional como el entorno. Especializado en cocina t\u00edpica del valle, el restaurante ofrece una deliciosa variedad de platos, desde cocidos reconfortantes hasta las mejores carnes a la brasa, sin olvidar los exquisitos postres caseros.  <\/p>\n\n\n\n<p>Esta es la experiencia \u00fanica que te ofrece La Glera, un lugar donde la buena comida se combina con la magia de la naturaleza para crear momentos inolvidables. Si est\u00e1s buscando una experiencia gastron\u00f3mica verdaderamente especial en Formigal, La Glera es el lugar perfecto para ti. <\/p>\n\n\n\n<p>Reserva tu experiencia en <a href=\"https:\/\/www.formigal-panticosa.com\/noches-glera.html?_ga=2.189398507.1195890625.1710314971-1175027511.1704122552&amp;_gl=1*18enxrl*_ga*OTYwMjM3Njc4LjE3MDQyNzYwMzc.*_ga_S7LFZ19EMT*MTcxMDMxOTkyOS45Ny4xLjE3MTAzMjE0NjcuMC4wLjA.\" target=\"_blank\" rel=\"noreferrer noopener\"><strong>La Glera<\/strong><\/a><\/p>\n\n\n\n<figure class=\"wp-block-gallery has-nested-images columns-default is-cropped wp-block-gallery-1 is-layout-flex wp-block-gallery-is-layout-flex\">\n<figure data-wp-context=\"{&quot;uploadedSrc&quot;:&quot;https:\\\/\\\/www.aramon.com\\\/blog\\\/wp-content\\\/uploads\\\/2024\\\/03\\\/EPA9485-scaled-e1710322228387.jpg&quot;,&quot;figureClassNames&quot;:&quot;wp-block-image size-large&quot;,&quot;figureStyles&quot;:null,&quot;imgClassNames&quot;:&quot;wp-image-20241&quot;,&quot;imgStyles&quot;:null,&quot;targetWidth&quot;:2560,&quot;targetHeight&quot;:1216,&quot;scaleAttr&quot;:false,&quot;ariaLabel&quot;:&quot;Ampliar la imagen&quot;,&quot;alt&quot;:&quot;&quot;}\" data-wp-interactive=\"core\/image\" class=\"wp-block-image size-large wp-lightbox-container\"><img decoding=\"async\" data-wp-init=\"callbacks.setButtonStyles\" data-wp-on--click=\"actions.showLightbox\" data-wp-on--load=\"callbacks.setButtonStyles\" data-wp-on-window--resize=\"callbacks.setButtonStyles\" data-id=\"20241\" src=\"https:\/\/www.aramon.com\/blog\/wp-content\/uploads\/2024\/03\/EPA9485-1024x683.jpg\" alt=\"\" class=\"wp-image-20241\"\/><button\n\t\t\tclass=\"lightbox-trigger\"\n\t\t\ttype=\"button\"\n\t\t\taria-haspopup=\"dialog\"\n\t\t\taria-label=\"Ampliar la imagen\"\n\t\t\tdata-wp-init=\"callbacks.initTriggerButton\"\n\t\t\tdata-wp-on--click=\"actions.showLightbox\"\n\t\t\tdata-wp-style--right=\"context.imageButtonRight\"\n\t\t\tdata-wp-style--top=\"context.imageButtonTop\"\n\t\t>\n\t\t\t<svg xmlns=\"http:\/\/www.w3.org\/2000\/svg\" width=\"12\" height=\"12\" fill=\"none\" viewBox=\"0 0 12 12\">\n\t\t\t\t<path fill=\"#fff\" d=\"M2 0a2 2 0 0 0-2 2v2h1.5V2a.5.5 0 0 1 .5-.5h2V0H2Zm2 10.5H2a.5.5 0 0 1-.5-.5V8H0v2a2 2 0 0 0 2 2h2v-1.5ZM8 12v-1.5h2a.5.5 0 0 0 .5-.5V8H12v2a2 2 0 0 1-2 2H8Zm2-12a2 2 0 0 1 2 2v2h-1.5V2a.5.5 0 0 0-.5-.5H8V0h2Z\" \/>\n\t\t\t<\/svg>\n\t\t<\/button><\/figure>\n\n\n\n<figure data-wp-context=\"{&quot;uploadedSrc&quot;:&quot;https:\\\/\\\/www.aramon.com\\\/blog\\\/wp-content\\\/uploads\\\/2024\\\/03\\\/EPA9503-scaled-e1710324183425.jpg&quot;,&quot;figureClassNames&quot;:&quot;wp-block-image size-large&quot;,&quot;figureStyles&quot;:null,&quot;imgClassNames&quot;:&quot;wp-image-20249&quot;,&quot;imgStyles&quot;:null,&quot;targetWidth&quot;:2560,&quot;targetHeight&quot;:1032,&quot;scaleAttr&quot;:false,&quot;ariaLabel&quot;:&quot;Ampliar la imagen&quot;,&quot;alt&quot;:&quot;&quot;}\" data-wp-interactive=\"core\/image\" class=\"wp-block-image size-large wp-lightbox-container\"><img decoding=\"async\" data-wp-init=\"callbacks.setButtonStyles\" data-wp-on--click=\"actions.showLightbox\" data-wp-on--load=\"callbacks.setButtonStyles\" data-wp-on-window--resize=\"callbacks.setButtonStyles\" data-id=\"20249\" src=\"https:\/\/www.aramon.com\/blog\/wp-content\/uploads\/2024\/03\/EPA9503-scaled-e1710321352425-1024x512.jpg\" alt=\"\" class=\"wp-image-20249\"\/><button\n\t\t\tclass=\"lightbox-trigger\"\n\t\t\ttype=\"button\"\n\t\t\taria-haspopup=\"dialog\"\n\t\t\taria-label=\"Ampliar la imagen\"\n\t\t\tdata-wp-init=\"callbacks.initTriggerButton\"\n\t\t\tdata-wp-on--click=\"actions.showLightbox\"\n\t\t\tdata-wp-style--right=\"context.imageButtonRight\"\n\t\t\tdata-wp-style--top=\"context.imageButtonTop\"\n\t\t>\n\t\t\t<svg xmlns=\"http:\/\/www.w3.org\/2000\/svg\" width=\"12\" height=\"12\" fill=\"none\" viewBox=\"0 0 12 12\">\n\t\t\t\t<path fill=\"#fff\" d=\"M2 0a2 2 0 0 0-2 2v2h1.5V2a.5.5 0 0 1 .5-.5h2V0H2Zm2 10.5H2a.5.5 0 0 1-.5-.5V8H0v2a2 2 0 0 0 2 2h2v-1.5ZM8 12v-1.5h2a.5.5 0 0 0 .5-.5V8H12v2a2 2 0 0 1-2 2H8Zm2-12a2 2 0 0 1 2 2v2h-1.5V2a.5.5 0 0 0-.5-.5H8V0h2Z\" \/>\n\t\t\t<\/svg>\n\t\t<\/button><\/figure>\n<\/figure>\n\n\n\n<figure class=\"wp-block-gallery has-nested-images columns-default is-cropped wp-block-gallery-2 is-layout-flex wp-block-gallery-is-layout-flex\">\n<figure class=\"wp-block-image size-large\"><img loading=\"lazy\" decoding=\"async\" width=\"1024\" height=\"837\" data-id=\"20253\" src=\"https:\/\/www.aramon.com\/blog\/wp-content\/uploads\/2024\/03\/Aramon_Glera_6-scaled-e1710321647523-1024x837.jpg\" alt=\"\" class=\"wp-image-20253\" srcset=\"https:\/\/www.aramon.com\/blog\/wp-content\/uploads\/2024\/03\/Aramon_Glera_6-scaled-e1710321647523-1024x837.jpg 1024w, https:\/\/www.aramon.com\/blog\/wp-content\/uploads\/2024\/03\/Aramon_Glera_6-scaled-e1710321647523-300x245.jpg 300w, https:\/\/www.aramon.com\/blog\/wp-content\/uploads\/2024\/03\/Aramon_Glera_6-scaled-e1710321647523-768x628.jpg 768w, https:\/\/www.aramon.com\/blog\/wp-content\/uploads\/2024\/03\/Aramon_Glera_6-scaled-e1710321647523-1536x1256.jpg 1536w, https:\/\/www.aramon.com\/blog\/wp-content\/uploads\/2024\/03\/Aramon_Glera_6-scaled-e1710321647523.jpg 1706w\" sizes=\"(max-width: 1024px) 100vw, 1024px\" \/><\/figure>\n\n\n\n<figure class=\"wp-block-image size-large\"><img loading=\"lazy\" decoding=\"async\" width=\"1024\" height=\"684\" data-id=\"20263\" src=\"https:\/\/www.aramon.com\/blog\/wp-content\/uploads\/2024\/03\/La-Glera-Restauracion-Formigal-Temp-22-23-30-1024x684.jpg\" alt=\"\" class=\"wp-image-20263\" srcset=\"https:\/\/www.aramon.com\/blog\/wp-content\/uploads\/2024\/03\/La-Glera-Restauracion-Formigal-Temp-22-23-30-1024x684.jpg 1024w, https:\/\/www.aramon.com\/blog\/wp-content\/uploads\/2024\/03\/La-Glera-Restauracion-Formigal-Temp-22-23-30-300x200.jpg 300w, https:\/\/www.aramon.com\/blog\/wp-content\/uploads\/2024\/03\/La-Glera-Restauracion-Formigal-Temp-22-23-30-768x513.jpg 768w, https:\/\/www.aramon.com\/blog\/wp-content\/uploads\/2024\/03\/La-Glera-Restauracion-Formigal-Temp-22-23-30-1536x1026.jpg 1536w, https:\/\/www.aramon.com\/blog\/wp-content\/uploads\/2024\/03\/La-Glera-Restauracion-Formigal-Temp-22-23-30-2048x1368.jpg 2048w\" sizes=\"(max-width: 1024px) 100vw, 1024px\" \/><\/figure>\n<\/figure>\n\n\n\n<figure class=\"wp-block-embed is-type-video is-provider-youtube wp-block-embed-youtube wp-embed-aspect-16-9 wp-has-aspect-ratio\"><div class=\"wp-block-embed__wrapper\">\n<iframe loading=\"lazy\" title=\"La Glera  Formigal-Panticosa | Grupo Aram\u00f3n\" width=\"1170\" height=\"658\" src=\"https:\/\/www.youtube.com\/embed\/FssCslR7qgU?feature=oembed\" frameborder=\"0\" allow=\"accelerometer; autoplay; clipboard-write; encrypted-media; gyroscope; picture-in-picture; web-share\" allowfullscreen><\/iframe>\n<\/div><\/figure>\n","protected":false},"excerpt":{"rendered":"<p>\u00bfTe imaginas disfrutar de una cena en lo m\u00e1s alto de las monta\u00f1as del Pirineo de Arag\u00f3n, a m\u00e1s de<\/p>\n","protected":false},"author":2,"featured_media":20249,"comment_status":"closed","ping_status":"closed","sticky":false,"template":"","format":"standard","meta":{"_acf_changed":false,"footnotes":""},"categories":[1,307],"tags":[],"acf":[],"yoast_head":"<!-- This site is optimized with the Yoast SEO plugin v22.5 - https:\/\/yoast.com\/wordpress\/plugins\/seo\/ -->\n<title>Descubre La Glera: Una experiencia gastron\u00f3mica \u00fanica en los Pirineos - Blog Oficial del Grupo ARAM\u00d3N<\/title>\n<meta name=\"description\" content=\"Imagina una noche de luna llena, disfrutando de una cena exclusiva en La Glera\" \/>\n<meta name=\"robots\" content=\"index, follow, max-snippet:-1, max-image-preview:large, max-video-preview:-1\" \/>\n<link rel=\"canonical\" href=\"https:\/\/www.aramon.com\/blog\/descubre-la-glera-una-experiencia-gastronomica-unica-en-los-pirineos\/\" \/>\n<meta property=\"og:locale\" content=\"es_ES\" \/>\n<meta property=\"og:type\" content=\"article\" \/>\n<meta property=\"og:title\" content=\"Descubre La Glera: Una experiencia gastron\u00f3mica \u00fanica en los Pirineos - Blog Oficial del Grupo ARAM\u00d3N\" \/>\n<meta property=\"og:description\" content=\"Imagina una noche de luna llena, disfrutando de una cena exclusiva en La Glera\" \/>\n<meta property=\"og:url\" content=\"https:\/\/www.aramon.com\/blog\/descubre-la-glera-una-experiencia-gastronomica-unica-en-los-pirineos\/\" \/>\n<meta property=\"og:site_name\" content=\"Blog Oficial del Grupo ARAM\u00d3N\" \/>\n<meta property=\"article:published_time\" content=\"2024-03-12T09:26:04+00:00\" \/>\n<meta property=\"article:modified_time\" content=\"2024-03-23T15:43:37+00:00\" \/>\n<meta property=\"og:image\" content=\"https:\/\/www.aramon.com\/blog\/wp-content\/uploads\/2024\/03\/EPA9503-scaled-e1710324183425.jpg\" \/>\n\t<meta property=\"og:image:width\" content=\"2560\" \/>\n\t<meta property=\"og:image:height\" content=\"1032\" \/>\n\t<meta property=\"og:image:type\" content=\"image\/jpeg\" \/>\n<meta name=\"author\" content=\"aramon\" \/>\n<meta name=\"twitter:card\" content=\"summary_large_image\" \/>\n<meta name=\"twitter:label1\" content=\"Escrito por\" \/>\n\t<meta name=\"twitter:data1\" content=\"aramon\" \/>\n\t<meta name=\"twitter:label2\" content=\"Tiempo de lectura\" \/>\n\t<meta name=\"twitter:data2\" content=\"2 minutos\" \/>\n<script type=\"application\/ld+json\" class=\"yoast-schema-graph\">{\"@context\":\"https:\/\/schema.org\",\"@graph\":[{\"@type\":\"WebPage\",\"@id\":\"https:\/\/www.aramon.com\/blog\/descubre-la-glera-una-experiencia-gastronomica-unica-en-los-pirineos\/\",\"url\":\"https:\/\/www.aramon.com\/blog\/descubre-la-glera-una-experiencia-gastronomica-unica-en-los-pirineos\/\",\"name\":\"Descubre La Glera: Una experiencia gastron\u00f3mica \u00fanica en los Pirineos - Blog Oficial del Grupo ARAM\u00d3N\",\"isPartOf\":{\"@id\":\"https:\/\/www.aramon.com\/blog\/#website\"},\"primaryImageOfPage\":{\"@id\":\"https:\/\/www.aramon.com\/blog\/descubre-la-glera-una-experiencia-gastronomica-unica-en-los-pirineos\/#primaryimage\"},\"image\":{\"@id\":\"https:\/\/www.aramon.com\/blog\/descubre-la-glera-una-experiencia-gastronomica-unica-en-los-pirineos\/#primaryimage\"},\"thumbnailUrl\":\"https:\/\/www.aramon.com\/blog\/wp-content\/uploads\/2024\/03\/EPA9503-scaled-e1710324183425.jpg\",\"datePublished\":\"2024-03-12T09:26:04+00:00\",\"dateModified\":\"2024-03-23T15:43:37+00:00\",\"author\":{\"@id\":\"https:\/\/www.aramon.com\/blog\/#\/schema\/person\/9429ffb451d657ab98f0ca1b364eeef3\"},\"description\":\"Imagina una noche de luna llena, disfrutando de una cena exclusiva en La Glera\",\"inLanguage\":\"es\",\"potentialAction\":[{\"@type\":\"ReadAction\",\"target\":[\"https:\/\/www.aramon.com\/blog\/descubre-la-glera-una-experiencia-gastronomica-unica-en-los-pirineos\/\"]}]},{\"@type\":\"ImageObject\",\"inLanguage\":\"es\",\"@id\":\"https:\/\/www.aramon.com\/blog\/descubre-la-glera-una-experiencia-gastronomica-unica-en-los-pirineos\/#primaryimage\",\"url\":\"https:\/\/www.aramon.com\/blog\/wp-content\/uploads\/2024\/03\/EPA9503-scaled-e1710324183425.jpg\",\"contentUrl\":\"https:\/\/www.aramon.com\/blog\/wp-content\/uploads\/2024\/03\/EPA9503-scaled-e1710324183425.jpg\",\"width\":2560,\"height\":1032},{\"@type\":\"WebSite\",\"@id\":\"https:\/\/www.aramon.com\/blog\/#website\",\"url\":\"https:\/\/www.aramon.com\/blog\/\",\"name\":\"Blog Oficial del Grupo ARAM\u00d3N\",\"description\":\"Blog Oficial del Grupo Aram\u00f3n sobre estaciones de esqu\u00ed, monta\u00f1ismo, deportes de aventura y m\u00e1s en Arag\u00f3n.\",\"potentialAction\":[{\"@type\":\"SearchAction\",\"target\":{\"@type\":\"EntryPoint\",\"urlTemplate\":\"https:\/\/www.aramon.com\/blog\/?s={search_term_string}\"},\"query-input\":\"required name=search_term_string\"}],\"inLanguage\":\"es\"},{\"@type\":\"Person\",\"@id\":\"https:\/\/www.aramon.com\/blog\/#\/schema\/person\/9429ffb451d657ab98f0ca1b364eeef3\",\"name\":\"aramon\",\"image\":{\"@type\":\"ImageObject\",\"inLanguage\":\"es\",\"@id\":\"https:\/\/www.aramon.com\/blog\/#\/schema\/person\/image\/\",\"url\":\"https:\/\/secure.gravatar.com\/avatar\/d5fd0ede392e1af0e414b87f7568b4d5?s=96&d=mm&r=g\",\"contentUrl\":\"https:\/\/secure.gravatar.com\/avatar\/d5fd0ede392e1af0e414b87f7568b4d5?s=96&d=mm&r=g\",\"caption\":\"aramon\"},\"url\":\"https:\/\/www.aramon.com\/blog\/author\/aramon\/\"}]}<\/script>\n<!-- \/ Yoast SEO plugin. -->","yoast_head_json":{"title":"Descubre La Glera: Una experiencia gastron\u00f3mica \u00fanica en los Pirineos - Blog Oficial del Grupo ARAM\u00d3N","description":"Imagina una noche de luna llena, disfrutando de una cena exclusiva en La Glera","robots":{"index":"index","follow":"follow","max-snippet":"max-snippet:-1","max-image-preview":"max-image-preview:large","max-video-preview":"max-video-preview:-1"},"canonical":"https:\/\/www.aramon.com\/blog\/descubre-la-glera-una-experiencia-gastronomica-unica-en-los-pirineos\/","og_locale":"es_ES","og_type":"article","og_title":"Descubre La Glera: Una experiencia gastron\u00f3mica \u00fanica en los Pirineos - Blog Oficial del Grupo ARAM\u00d3N","og_description":"Imagina una noche de luna llena, disfrutando de una cena exclusiva en La Glera","og_url":"https:\/\/www.aramon.com\/blog\/descubre-la-glera-una-experiencia-gastronomica-unica-en-los-pirineos\/","og_site_name":"Blog Oficial del Grupo ARAM\u00d3N","article_published_time":"2024-03-12T09:26:04+00:00","article_modified_time":"2024-03-23T15:43:37+00:00","og_image":[{"width":2560,"height":1032,"url":"https:\/\/www.aramon.com\/blog\/wp-content\/uploads\/2024\/03\/EPA9503-scaled-e1710324183425.jpg","type":"image\/jpeg"}],"author":"aramon","twitter_card":"summary_large_image","twitter_misc":{"Escrito por":"aramon","Tiempo de lectura":"2 minutos"},"schema":{"@context":"https:\/\/schema.org","@graph":[{"@type":"WebPage","@id":"https:\/\/www.aramon.com\/blog\/descubre-la-glera-una-experiencia-gastronomica-unica-en-los-pirineos\/","url":"https:\/\/www.aramon.com\/blog\/descubre-la-glera-una-experiencia-gastronomica-unica-en-los-pirineos\/","name":"Descubre La Glera: Una experiencia gastron\u00f3mica \u00fanica en los Pirineos - Blog Oficial del Grupo ARAM\u00d3N","isPartOf":{"@id":"https:\/\/www.aramon.com\/blog\/#website"},"primaryImageOfPage":{"@id":"https:\/\/www.aramon.com\/blog\/descubre-la-glera-una-experiencia-gastronomica-unica-en-los-pirineos\/#primaryimage"},"image":{"@id":"https:\/\/www.aramon.com\/blog\/descubre-la-glera-una-experiencia-gastronomica-unica-en-los-pirineos\/#primaryimage"},"thumbnailUrl":"https:\/\/www.aramon.com\/blog\/wp-content\/uploads\/2024\/03\/EPA9503-scaled-e1710324183425.jpg","datePublished":"2024-03-12T09:26:04+00:00","dateModified":"2024-03-23T15:43:37+00:00","author":{"@id":"https:\/\/www.aramon.com\/blog\/#\/schema\/person\/9429ffb451d657ab98f0ca1b364eeef3"},"description":"Imagina una noche de luna llena, disfrutando de una cena exclusiva en La Glera","inLanguage":"es","potentialAction":[{"@type":"ReadAction","target":["https:\/\/www.aramon.com\/blog\/descubre-la-glera-una-experiencia-gastronomica-unica-en-los-pirineos\/"]}]},{"@type":"ImageObject","inLanguage":"es","@id":"https:\/\/www.aramon.com\/blog\/descubre-la-glera-una-experiencia-gastronomica-unica-en-los-pirineos\/#primaryimage","url":"https:\/\/www.aramon.com\/blog\/wp-content\/uploads\/2024\/03\/EPA9503-scaled-e1710324183425.jpg","contentUrl":"https:\/\/www.aramon.com\/blog\/wp-content\/uploads\/2024\/03\/EPA9503-scaled-e1710324183425.jpg","width":2560,"height":1032},{"@type":"WebSite","@id":"https:\/\/www.aramon.com\/blog\/#website","url":"https:\/\/www.aramon.com\/blog\/","name":"Blog Oficial del Grupo ARAM\u00d3N","description":"Blog Oficial del Grupo Aram\u00f3n sobre estaciones de esqu\u00ed, monta\u00f1ismo, deportes de aventura y m\u00e1s en Arag\u00f3n.","potentialAction":[{"@type":"SearchAction","target":{"@type":"EntryPoint","urlTemplate":"https:\/\/www.aramon.com\/blog\/?s={search_term_string}"},"query-input":"required name=search_term_string"}],"inLanguage":"es"},{"@type":"Person","@id":"https:\/\/www.aramon.com\/blog\/#\/schema\/person\/9429ffb451d657ab98f0ca1b364eeef3","name":"aramon","image":{"@type":"ImageObject","inLanguage":"es","@id":"https:\/\/www.aramon.com\/blog\/#\/schema\/person\/image\/","url":"https:\/\/secure.gravatar.com\/avatar\/d5fd0ede392e1af0e414b87f7568b4d5?s=96&d=mm&r=g","contentUrl":"https:\/\/secure.gravatar.com\/avatar\/d5fd0ede392e1af0e414b87f7568b4d5?s=96&d=mm&r=g","caption":"aramon"},"url":"https:\/\/www.aramon.com\/blog\/author\/aramon\/"}]}},"_links":{"self":[{"href":"https:\/\/www.aramon.com\/blog\/wp-json\/wp\/v2\/posts\/20240"}],"collection":[{"href":"https:\/\/www.aramon.com\/blog\/wp-json\/wp\/v2\/posts"}],"about":[{"href":"https:\/\/www.aramon.com\/blog\/wp-json\/wp\/v2\/types\/post"}],"author":[{"embeddable":true,"href":"https:\/\/www.aramon.com\/blog\/wp-json\/wp\/v2\/users\/2"}],"replies":[{"embeddable":true,"href":"https:\/\/www.aramon.com\/blog\/wp-json\/wp\/v2\/comments?post=20240"}],"version-history":[{"count":8,"href":"https:\/\/www.aramon.com\/blog\/wp-json\/wp\/v2\/posts\/20240\/revisions"}],"predecessor-version":[{"id":20293,"href":"https:\/\/www.aramon.com\/blog\/wp-json\/wp\/v2\/posts\/20240\/revisions\/20293"}],"wp:featuredmedia":[{"embeddable":true,"href":"https:\/\/www.aramon.com\/blog\/wp-json\/wp\/v2\/media\/20249"}],"wp:attachment":[{"href":"https:\/\/www.aramon.com\/blog\/wp-json\/wp\/v2\/media?parent=20240"}],"wp:term":[{"taxonomy":"category","embeddable":true,"href":"https:\/\/www.aramon.com\/blog\/wp-json\/wp\/v2\/categories?post=20240"},{"taxonomy":"post_tag","embeddable":true,"href":"https:\/\/www.aramon.com\/blog\/wp-json\/wp\/v2\/tags?post=20240"}],"curies":[{"name":"wp","href":"https:\/\/api.w.org\/{rel}","templated":true}]}}