{"id":20391,"date":"2024-03-21T14:22:02","date_gmt":"2024-03-21T14:22:02","guid":{"rendered":"https:\/\/www.aramon.com\/blog\/?p=20391"},"modified":"2024-03-25T12:18:45","modified_gmt":"2024-03-25T12:18:45","slug":"gastronomia-de-altura-en-las-estaciones-de-aramon","status":"publish","type":"post","link":"https:\/\/www.aramon.com\/blog\/gastronomia-de-altura-en-las-estaciones-de-aramon\/","title":{"rendered":"Gastronom\u00eda de altura en las estaciones de Aram\u00f3n"},"content":{"rendered":"\n<p>\u00a1La Semana Santa est\u00e1 a la vuelta de la esquina y en las estaciones de esqu\u00ed de Aram\u00f3n aguardan experiencias gastron\u00f3micas que te encantar\u00e1n! <\/p>\n\n\n\n<p><strong><a href=\"https:\/\/www.cerler.com\/\" target=\"_blank\" rel=\"noreferrer noopener\">Cerler<\/a><\/strong> y <strong><a href=\"https:\/\/www.formigal-panticosa.com\/\" target=\"_blank\" rel=\"noreferrer noopener\">Formigal-Panticosa<\/a><\/strong> presentan una variada selecci\u00f3n de restauraci\u00f3n para satisfacer todos los paladares, desde pizzas artesanales hasta carnes a la parrilla. Prep\u00e1rate para saborear aut\u00e9nticas delicias mientras te relajas y recuperas energ\u00edas entre las bajadas por la nieve. <\/p>\n\n\n\n<h2 class=\"wp-block-heading\">Top gastronom\u00eda Cerler <\/h2>\n\n\n\n<p><strong>El Bosque<\/strong>: En Cerler, el epicentro gastron\u00f3mico es, indudablemente, \u00ab<strong>El Bosque<\/strong>\u00ab, una acogedora caba\u00f1a de monta\u00f1a que ofrece unas pizzas artesanales que sobrepasan cualquier expectativa. Con su terraza privilegiada, con vistas panor\u00e1micas a los picos m\u00e1s altos de los Pirineos, este restaurante te invita a <strong><a href=\"https:\/\/www.aramon.com\/blog\/wp-content\/uploads\/2023\/12\/Pizzeria-El-Bosque.pdf\" target=\"_blank\" rel=\"noreferrer noopener\">explorar una carta<\/a><\/strong> que va m\u00e1s all\u00e1 de las pizzas, incluyendo pasta fresca, ensaladas, postres irresistibles y una selecci\u00f3n cuidada de vinos. No puedes perderte su joya culinaria: la Pizza de Longaniza de Graus. <\/p>\n\n\n\n<p><strong>Colladeta: <\/strong>Para los aficionados a las hamburguesas, <strong><a href=\"https:\/\/www.cerler.com\/comer-en-pistas-cerler.html\">Colladeta <\/a><\/strong>se erige como el lugar id\u00f3neo. Ubicado junto al Telesilla Batisielles, este espacio renovado ofrece una amplia variedad de hamburguesas gourmet que podr\u00e1s disfrutar en su espl\u00e9ndida terraza. Adem\u00e1s, cuenta con opciones vegetarianas y una selecci\u00f3n exquisita de postres para completar tu experiencia culinaria en la monta\u00f1a. <\/p>\n\n\n\n<h2 class=\"wp-block-heading\">Top gastronom\u00eda Formigal-Panticosa<\/h2>\n\n\n\n<p><strong>La Glera: <\/strong>En Formigal-Panticosa, la aventura gastron\u00f3mica alcanza nuevas alturas en \u00abLa Glera\u00bb. A 2000 metros de altitud y con acceso exclusivo para esquiadores, esta pintoresca caba\u00f1a te espera con un fest\u00edn sin igual. Llegar hasta ella supone toda una aventura, gracias al Ski-Ratrack que te conduce a un paraje virgen donde podr\u00e1s deleitarte con una oferta gastron\u00f3mica centrada en los productos aut\u00f3ctonos del Pirineo, con un enfoque especial en las carnes a la brasa. <strong><a href=\"https:\/\/www.aramon.com\/blog\/restaurantes\/carta-glera\/\" target=\"_blank\" rel=\"noreferrer noopener\">Consulta la carta de La Glera<\/a><\/strong>. <\/p>\n\n\n\n<p><strong>Trattor\u00eda Cantal Panoramic: <\/strong>Para los amantes de la cocina italiana, Trattor\u00eda Cantal Panoramic ofrece una experiencia sublime. Disfruta de las mejores vistas de los Pirineos mientras te entregas a exquisitas pastas, risottos, pizzas y carnes en un ambiente cuidado y acogedor. No puedes perderte su propuesta de c\u00f3cteles y tapas, perfectos para acompa\u00f1ar una velada inolvidable junto a la chimenea. <strong><a href=\"https:\/\/www.aramon.com\/blog\/restaurantes\/carta-cantal-panoramic\/\" target=\"_blank\" rel=\"noreferrer noopener\">Consulta la carta<\/a><\/strong>.<\/p>\n\n\n\n<p><strong>Asador Monta\u00f1\u00e9s: <\/strong>Y si eres un amante de las carnes a la parrilla, Asador Monta\u00f1\u00e9s en Sarrios es tu destino. Con una selecci\u00f3n insuperable de carnes a la parrilla, como el Tomahawk de vacuno o el Ternasco D.O., este asador te invita a sumergirte en la esencia de la monta\u00f1a a trav\u00e9s de sabores aut\u00e9nticos y tradicionales del Valle de Tena. Adem\u00e1s, en su barra encontrar\u00e1s las mejores tapas y raciones inspiradas en la gastronom\u00eda alpina. <strong><a href=\"https:\/\/www.aramon.com\/blog\/restaurantes\/carta-asador\/\" target=\"_blank\" rel=\"noreferrer noopener\">Consulta la carta<\/a><\/strong>. <\/p>\n\n\n\n<figure class=\"wp-block-gallery has-nested-images columns-default is-cropped wp-block-gallery-1 is-layout-flex wp-block-gallery-is-layout-flex\">\n<figure data-wp-context=\"{&quot;uploadedSrc&quot;:&quot;https:\\\/\\\/www.aramon.com\\\/blog\\\/wp-content\\\/uploads\\\/2024\\\/03\\\/La-Glera-Restauracion-Formigal-Temp-22-23-7-scaled.jpg&quot;,&quot;figureClassNames&quot;:&quot;wp-block-image size-large&quot;,&quot;figureStyles&quot;:null,&quot;imgClassNames&quot;:&quot;wp-image-20399&quot;,&quot;imgStyles&quot;:null,&quot;targetWidth&quot;:2560,&quot;targetHeight&quot;:1710,&quot;scaleAttr&quot;:false,&quot;ariaLabel&quot;:&quot;Ampliar la imagen&quot;,&quot;alt&quot;:&quot;&quot;}\" data-wp-interactive=\"core\/image\" class=\"wp-block-image size-large wp-lightbox-container\"><img loading=\"lazy\" decoding=\"async\" width=\"1024\" height=\"684\" data-wp-init=\"callbacks.setButtonStyles\" data-wp-on--click=\"actions.showLightbox\" data-wp-on--load=\"callbacks.setButtonStyles\" data-wp-on-window--resize=\"callbacks.setButtonStyles\" data-id=\"20399\" src=\"https:\/\/www.aramon.com\/blog\/wp-content\/uploads\/2024\/03\/La-Glera-Restauracion-Formigal-Temp-22-23-7-1024x684.jpg\" alt=\"\" class=\"wp-image-20399\" srcset=\"https:\/\/www.aramon.com\/blog\/wp-content\/uploads\/2024\/03\/La-Glera-Restauracion-Formigal-Temp-22-23-7-1024x684.jpg 1024w, https:\/\/www.aramon.com\/blog\/wp-content\/uploads\/2024\/03\/La-Glera-Restauracion-Formigal-Temp-22-23-7-300x200.jpg 300w, https:\/\/www.aramon.com\/blog\/wp-content\/uploads\/2024\/03\/La-Glera-Restauracion-Formigal-Temp-22-23-7-768x513.jpg 768w, https:\/\/www.aramon.com\/blog\/wp-content\/uploads\/2024\/03\/La-Glera-Restauracion-Formigal-Temp-22-23-7-1536x1026.jpg 1536w, https:\/\/www.aramon.com\/blog\/wp-content\/uploads\/2024\/03\/La-Glera-Restauracion-Formigal-Temp-22-23-7-2048x1368.jpg 2048w\" sizes=\"(max-width: 1024px) 100vw, 1024px\" \/><button\n\t\t\tclass=\"lightbox-trigger\"\n\t\t\ttype=\"button\"\n\t\t\taria-haspopup=\"dialog\"\n\t\t\taria-label=\"Ampliar la imagen\"\n\t\t\tdata-wp-init=\"callbacks.initTriggerButton\"\n\t\t\tdata-wp-on--click=\"actions.showLightbox\"\n\t\t\tdata-wp-style--right=\"context.imageButtonRight\"\n\t\t\tdata-wp-style--top=\"context.imageButtonTop\"\n\t\t>\n\t\t\t<svg xmlns=\"http:\/\/www.w3.org\/2000\/svg\" width=\"12\" height=\"12\" fill=\"none\" viewBox=\"0 0 12 12\">\n\t\t\t\t<path fill=\"#fff\" d=\"M2 0a2 2 0 0 0-2 2v2h1.5V2a.5.5 0 0 1 .5-.5h2V0H2Zm2 10.5H2a.5.5 0 0 1-.5-.5V8H0v2a2 2 0 0 0 2 2h2v-1.5ZM8 12v-1.5h2a.5.5 0 0 0 .5-.5V8H12v2a2 2 0 0 1-2 2H8Zm2-12a2 2 0 0 1 2 2v2h-1.5V2a.5.5 0 0 0-.5-.5H8V0h2Z\" \/>\n\t\t\t<\/svg>\n\t\t<\/button><\/figure>\n\n\n\n<figure data-wp-context=\"{&quot;uploadedSrc&quot;:&quot;https:\\\/\\\/www.aramon.com\\\/blog\\\/wp-content\\\/uploads\\\/2024\\\/03\\\/Trattoria-Cantal-Panoramic-Restauracion-Formigal-Temp-22-23-100-scaled.jpg&quot;,&quot;figureClassNames&quot;:&quot;wp-block-image size-large&quot;,&quot;figureStyles&quot;:null,&quot;imgClassNames&quot;:&quot;wp-image-20403&quot;,&quot;imgStyles&quot;:null,&quot;targetWidth&quot;:2560,&quot;targetHeight&quot;:1710,&quot;scaleAttr&quot;:false,&quot;ariaLabel&quot;:&quot;Ampliar la imagen&quot;,&quot;alt&quot;:&quot;&quot;}\" data-wp-interactive=\"core\/image\" class=\"wp-block-image size-large wp-lightbox-container\"><img loading=\"lazy\" decoding=\"async\" width=\"1024\" height=\"684\" data-wp-init=\"callbacks.setButtonStyles\" data-wp-on--click=\"actions.showLightbox\" data-wp-on--load=\"callbacks.setButtonStyles\" data-wp-on-window--resize=\"callbacks.setButtonStyles\" data-id=\"20403\" src=\"https:\/\/www.aramon.com\/blog\/wp-content\/uploads\/2024\/03\/Trattoria-Cantal-Panoramic-Restauracion-Formigal-Temp-22-23-100-1024x684.jpg\" alt=\"\" class=\"wp-image-20403\" srcset=\"https:\/\/www.aramon.com\/blog\/wp-content\/uploads\/2024\/03\/Trattoria-Cantal-Panoramic-Restauracion-Formigal-Temp-22-23-100-1024x684.jpg 1024w, https:\/\/www.aramon.com\/blog\/wp-content\/uploads\/2024\/03\/Trattoria-Cantal-Panoramic-Restauracion-Formigal-Temp-22-23-100-300x200.jpg 300w, https:\/\/www.aramon.com\/blog\/wp-content\/uploads\/2024\/03\/Trattoria-Cantal-Panoramic-Restauracion-Formigal-Temp-22-23-100-768x513.jpg 768w, https:\/\/www.aramon.com\/blog\/wp-content\/uploads\/2024\/03\/Trattoria-Cantal-Panoramic-Restauracion-Formigal-Temp-22-23-100-1536x1026.jpg 1536w, https:\/\/www.aramon.com\/blog\/wp-content\/uploads\/2024\/03\/Trattoria-Cantal-Panoramic-Restauracion-Formigal-Temp-22-23-100-2048x1368.jpg 2048w\" sizes=\"(max-width: 1024px) 100vw, 1024px\" \/><button\n\t\t\tclass=\"lightbox-trigger\"\n\t\t\ttype=\"button\"\n\t\t\taria-haspopup=\"dialog\"\n\t\t\taria-label=\"Ampliar la imagen\"\n\t\t\tdata-wp-init=\"callbacks.initTriggerButton\"\n\t\t\tdata-wp-on--click=\"actions.showLightbox\"\n\t\t\tdata-wp-style--right=\"context.imageButtonRight\"\n\t\t\tdata-wp-style--top=\"context.imageButtonTop\"\n\t\t>\n\t\t\t<svg xmlns=\"http:\/\/www.w3.org\/2000\/svg\" width=\"12\" height=\"12\" fill=\"none\" viewBox=\"0 0 12 12\">\n\t\t\t\t<path fill=\"#fff\" d=\"M2 0a2 2 0 0 0-2 2v2h1.5V2a.5.5 0 0 1 .5-.5h2V0H2Zm2 10.5H2a.5.5 0 0 1-.5-.5V8H0v2a2 2 0 0 0 2 2h2v-1.5ZM8 12v-1.5h2a.5.5 0 0 0 .5-.5V8H12v2a2 2 0 0 1-2 2H8Zm2-12a2 2 0 0 1 2 2v2h-1.5V2a.5.5 0 0 0-.5-.5H8V0h2Z\" \/>\n\t\t\t<\/svg>\n\t\t<\/button><\/figure>\n\n\n\n<figure data-wp-context=\"{&quot;uploadedSrc&quot;:&quot;https:\\\/\\\/www.aramon.com\\\/blog\\\/wp-content\\\/uploads\\\/2024\\\/03\\\/Asador-Montanes-Restauracion-Formigal-Temp-23-24-04471-scaled.jpg&quot;,&quot;figureClassNames&quot;:&quot;wp-block-image size-large&quot;,&quot;figureStyles&quot;:null,&quot;imgClassNames&quot;:&quot;wp-image-20396&quot;,&quot;imgStyles&quot;:null,&quot;targetWidth&quot;:2560,&quot;targetHeight&quot;:1707,&quot;scaleAttr&quot;:false,&quot;ariaLabel&quot;:&quot;Ampliar la imagen&quot;,&quot;alt&quot;:&quot;&quot;}\" data-wp-interactive=\"core\/image\" class=\"wp-block-image size-large wp-lightbox-container\"><img loading=\"lazy\" decoding=\"async\" width=\"1024\" height=\"683\" data-wp-init=\"callbacks.setButtonStyles\" data-wp-on--click=\"actions.showLightbox\" data-wp-on--load=\"callbacks.setButtonStyles\" data-wp-on-window--resize=\"callbacks.setButtonStyles\" data-id=\"20396\" src=\"https:\/\/www.aramon.com\/blog\/wp-content\/uploads\/2024\/03\/Asador-Montanes-Restauracion-Formigal-Temp-23-24-04471-1024x683.jpg\" alt=\"\" class=\"wp-image-20396\" srcset=\"https:\/\/www.aramon.com\/blog\/wp-content\/uploads\/2024\/03\/Asador-Montanes-Restauracion-Formigal-Temp-23-24-04471-1024x683.jpg 1024w, https:\/\/www.aramon.com\/blog\/wp-content\/uploads\/2024\/03\/Asador-Montanes-Restauracion-Formigal-Temp-23-24-04471-300x200.jpg 300w, https:\/\/www.aramon.com\/blog\/wp-content\/uploads\/2024\/03\/Asador-Montanes-Restauracion-Formigal-Temp-23-24-04471-768x512.jpg 768w, https:\/\/www.aramon.com\/blog\/wp-content\/uploads\/2024\/03\/Asador-Montanes-Restauracion-Formigal-Temp-23-24-04471-1536x1024.jpg 1536w, https:\/\/www.aramon.com\/blog\/wp-content\/uploads\/2024\/03\/Asador-Montanes-Restauracion-Formigal-Temp-23-24-04471-2048x1365.jpg 2048w\" sizes=\"(max-width: 1024px) 100vw, 1024px\" \/><button\n\t\t\tclass=\"lightbox-trigger\"\n\t\t\ttype=\"button\"\n\t\t\taria-haspopup=\"dialog\"\n\t\t\taria-label=\"Ampliar la imagen\"\n\t\t\tdata-wp-init=\"callbacks.initTriggerButton\"\n\t\t\tdata-wp-on--click=\"actions.showLightbox\"\n\t\t\tdata-wp-style--right=\"context.imageButtonRight\"\n\t\t\tdata-wp-style--top=\"context.imageButtonTop\"\n\t\t>\n\t\t\t<svg xmlns=\"http:\/\/www.w3.org\/2000\/svg\" width=\"12\" height=\"12\" fill=\"none\" viewBox=\"0 0 12 12\">\n\t\t\t\t<path fill=\"#fff\" d=\"M2 0a2 2 0 0 0-2 2v2h1.5V2a.5.5 0 0 1 .5-.5h2V0H2Zm2 10.5H2a.5.5 0 0 1-.5-.5V8H0v2a2 2 0 0 0 2 2h2v-1.5ZM8 12v-1.5h2a.5.5 0 0 0 .5-.5V8H12v2a2 2 0 0 1-2 2H8Zm2-12a2 2 0 0 1 2 2v2h-1.5V2a.5.5 0 0 0-.5-.5H8V0h2Z\" \/>\n\t\t\t<\/svg>\n\t\t<\/button><\/figure>\n<\/figure>\n\n\n\n<p>\u00a1Esta Semana Santa disfruta de las pistas y de la gastronom\u00eda de altura en las estaciones de Aram\u00f3n!<\/p>\n","protected":false},"excerpt":{"rendered":"<p>\u00a1Esta Semana Santa disfruta de las pistas y de la gastronom\u00eda de altura en las estaciones de Aram\u00f3n!<\/p>\n","protected":false},"author":2,"featured_media":20454,"comment_status":"closed","ping_status":"closed","sticky":false,"template":"","format":"standard","meta":{"_acf_changed":false,"footnotes":""},"categories":[1,303,307],"tags":[],"acf":[],"yoast_head":"<!-- This site is optimized with the Yoast SEO plugin v22.5 - https:\/\/yoast.com\/wordpress\/plugins\/seo\/ -->\n<title>Gastronom\u00eda de altura en las estaciones de Aram\u00f3n - Blog Oficial del Grupo ARAM\u00d3N<\/title>\n<meta name=\"description\" content=\"Gastronom\u00eda de altura en las estaciones de Aram\u00f3n\" \/>\n<meta name=\"robots\" content=\"index, follow, max-snippet:-1, max-image-preview:large, max-video-preview:-1\" \/>\n<link rel=\"canonical\" href=\"https:\/\/www.aramon.com\/blog\/gastronomia-de-altura-en-las-estaciones-de-aramon\/\" \/>\n<meta property=\"og:locale\" content=\"es_ES\" \/>\n<meta property=\"og:type\" content=\"article\" \/>\n<meta property=\"og:title\" content=\"Gastronom\u00eda de altura en las estaciones de Aram\u00f3n - Blog Oficial del Grupo ARAM\u00d3N\" \/>\n<meta property=\"og:description\" content=\"Gastronom\u00eda de altura en las estaciones de Aram\u00f3n\" \/>\n<meta property=\"og:url\" content=\"https:\/\/www.aramon.com\/blog\/gastronomia-de-altura-en-las-estaciones-de-aramon\/\" \/>\n<meta property=\"og:site_name\" content=\"Blog Oficial del Grupo ARAM\u00d3N\" \/>\n<meta property=\"article:published_time\" content=\"2024-03-21T14:22:02+00:00\" \/>\n<meta property=\"article:modified_time\" content=\"2024-03-25T12:18:45+00:00\" \/>\n<meta property=\"og:image\" content=\"https:\/\/www.aramon.com\/blog\/wp-content\/uploads\/2024\/03\/La-Glera-Experiencias-Formigal-Temp-22-23-99-scaled-e1711210270719.jpg\" \/>\n\t<meta property=\"og:image:width\" content=\"2560\" \/>\n\t<meta property=\"og:image:height\" content=\"1459\" \/>\n\t<meta property=\"og:image:type\" content=\"image\/jpeg\" \/>\n<meta name=\"author\" content=\"aramon\" \/>\n<meta name=\"twitter:card\" content=\"summary_large_image\" \/>\n<meta name=\"twitter:label1\" content=\"Escrito por\" \/>\n\t<meta name=\"twitter:data1\" content=\"aramon\" \/>\n\t<meta name=\"twitter:label2\" content=\"Tiempo de lectura\" \/>\n\t<meta name=\"twitter:data2\" content=\"3 minutos\" \/>\n<script type=\"application\/ld+json\" class=\"yoast-schema-graph\">{\"@context\":\"https:\/\/schema.org\",\"@graph\":[{\"@type\":\"WebPage\",\"@id\":\"https:\/\/www.aramon.com\/blog\/gastronomia-de-altura-en-las-estaciones-de-aramon\/\",\"url\":\"https:\/\/www.aramon.com\/blog\/gastronomia-de-altura-en-las-estaciones-de-aramon\/\",\"name\":\"Gastronom\u00eda de altura en las estaciones de Aram\u00f3n - Blog Oficial del Grupo ARAM\u00d3N\",\"isPartOf\":{\"@id\":\"https:\/\/www.aramon.com\/blog\/#website\"},\"primaryImageOfPage\":{\"@id\":\"https:\/\/www.aramon.com\/blog\/gastronomia-de-altura-en-las-estaciones-de-aramon\/#primaryimage\"},\"image\":{\"@id\":\"https:\/\/www.aramon.com\/blog\/gastronomia-de-altura-en-las-estaciones-de-aramon\/#primaryimage\"},\"thumbnailUrl\":\"https:\/\/www.aramon.com\/blog\/wp-content\/uploads\/2024\/03\/La-Glera-Experiencias-Formigal-Temp-22-23-99-scaled-e1711210270719.jpg\",\"datePublished\":\"2024-03-21T14:22:02+00:00\",\"dateModified\":\"2024-03-25T12:18:45+00:00\",\"author\":{\"@id\":\"https:\/\/www.aramon.com\/blog\/#\/schema\/person\/9429ffb451d657ab98f0ca1b364eeef3\"},\"description\":\"Gastronom\u00eda de altura en las estaciones de Aram\u00f3n\",\"inLanguage\":\"es\",\"potentialAction\":[{\"@type\":\"ReadAction\",\"target\":[\"https:\/\/www.aramon.com\/blog\/gastronomia-de-altura-en-las-estaciones-de-aramon\/\"]}]},{\"@type\":\"ImageObject\",\"inLanguage\":\"es\",\"@id\":\"https:\/\/www.aramon.com\/blog\/gastronomia-de-altura-en-las-estaciones-de-aramon\/#primaryimage\",\"url\":\"https:\/\/www.aramon.com\/blog\/wp-content\/uploads\/2024\/03\/La-Glera-Experiencias-Formigal-Temp-22-23-99-scaled-e1711210270719.jpg\",\"contentUrl\":\"https:\/\/www.aramon.com\/blog\/wp-content\/uploads\/2024\/03\/La-Glera-Experiencias-Formigal-Temp-22-23-99-scaled-e1711210270719.jpg\",\"width\":2560,\"height\":1459},{\"@type\":\"WebSite\",\"@id\":\"https:\/\/www.aramon.com\/blog\/#website\",\"url\":\"https:\/\/www.aramon.com\/blog\/\",\"name\":\"Blog Oficial del Grupo ARAM\u00d3N\",\"description\":\"Blog Oficial del Grupo Aram\u00f3n sobre estaciones de esqu\u00ed, monta\u00f1ismo, deportes de aventura y m\u00e1s en Arag\u00f3n.\",\"potentialAction\":[{\"@type\":\"SearchAction\",\"target\":{\"@type\":\"EntryPoint\",\"urlTemplate\":\"https:\/\/www.aramon.com\/blog\/?s={search_term_string}\"},\"query-input\":\"required name=search_term_string\"}],\"inLanguage\":\"es\"},{\"@type\":\"Person\",\"@id\":\"https:\/\/www.aramon.com\/blog\/#\/schema\/person\/9429ffb451d657ab98f0ca1b364eeef3\",\"name\":\"aramon\",\"image\":{\"@type\":\"ImageObject\",\"inLanguage\":\"es\",\"@id\":\"https:\/\/www.aramon.com\/blog\/#\/schema\/person\/image\/\",\"url\":\"https:\/\/secure.gravatar.com\/avatar\/d5fd0ede392e1af0e414b87f7568b4d5?s=96&d=mm&r=g\",\"contentUrl\":\"https:\/\/secure.gravatar.com\/avatar\/d5fd0ede392e1af0e414b87f7568b4d5?s=96&d=mm&r=g\",\"caption\":\"aramon\"},\"url\":\"https:\/\/www.aramon.com\/blog\/author\/aramon\/\"}]}<\/script>\n<!-- \/ Yoast SEO plugin. -->","yoast_head_json":{"title":"Gastronom\u00eda de altura en las estaciones de Aram\u00f3n - Blog Oficial del Grupo ARAM\u00d3N","description":"Gastronom\u00eda de altura en las estaciones de Aram\u00f3n","robots":{"index":"index","follow":"follow","max-snippet":"max-snippet:-1","max-image-preview":"max-image-preview:large","max-video-preview":"max-video-preview:-1"},"canonical":"https:\/\/www.aramon.com\/blog\/gastronomia-de-altura-en-las-estaciones-de-aramon\/","og_locale":"es_ES","og_type":"article","og_title":"Gastronom\u00eda de altura en las estaciones de Aram\u00f3n - Blog Oficial del Grupo ARAM\u00d3N","og_description":"Gastronom\u00eda de altura en las estaciones de Aram\u00f3n","og_url":"https:\/\/www.aramon.com\/blog\/gastronomia-de-altura-en-las-estaciones-de-aramon\/","og_site_name":"Blog Oficial del Grupo ARAM\u00d3N","article_published_time":"2024-03-21T14:22:02+00:00","article_modified_time":"2024-03-25T12:18:45+00:00","og_image":[{"width":2560,"height":1459,"url":"https:\/\/www.aramon.com\/blog\/wp-content\/uploads\/2024\/03\/La-Glera-Experiencias-Formigal-Temp-22-23-99-scaled-e1711210270719.jpg","type":"image\/jpeg"}],"author":"aramon","twitter_card":"summary_large_image","twitter_misc":{"Escrito por":"aramon","Tiempo de lectura":"3 minutos"},"schema":{"@context":"https:\/\/schema.org","@graph":[{"@type":"WebPage","@id":"https:\/\/www.aramon.com\/blog\/gastronomia-de-altura-en-las-estaciones-de-aramon\/","url":"https:\/\/www.aramon.com\/blog\/gastronomia-de-altura-en-las-estaciones-de-aramon\/","name":"Gastronom\u00eda de altura en las estaciones de Aram\u00f3n - Blog Oficial del Grupo ARAM\u00d3N","isPartOf":{"@id":"https:\/\/www.aramon.com\/blog\/#website"},"primaryImageOfPage":{"@id":"https:\/\/www.aramon.com\/blog\/gastronomia-de-altura-en-las-estaciones-de-aramon\/#primaryimage"},"image":{"@id":"https:\/\/www.aramon.com\/blog\/gastronomia-de-altura-en-las-estaciones-de-aramon\/#primaryimage"},"thumbnailUrl":"https:\/\/www.aramon.com\/blog\/wp-content\/uploads\/2024\/03\/La-Glera-Experiencias-Formigal-Temp-22-23-99-scaled-e1711210270719.jpg","datePublished":"2024-03-21T14:22:02+00:00","dateModified":"2024-03-25T12:18:45+00:00","author":{"@id":"https:\/\/www.aramon.com\/blog\/#\/schema\/person\/9429ffb451d657ab98f0ca1b364eeef3"},"description":"Gastronom\u00eda de altura en las estaciones de Aram\u00f3n","inLanguage":"es","potentialAction":[{"@type":"ReadAction","target":["https:\/\/www.aramon.com\/blog\/gastronomia-de-altura-en-las-estaciones-de-aramon\/"]}]},{"@type":"ImageObject","inLanguage":"es","@id":"https:\/\/www.aramon.com\/blog\/gastronomia-de-altura-en-las-estaciones-de-aramon\/#primaryimage","url":"https:\/\/www.aramon.com\/blog\/wp-content\/uploads\/2024\/03\/La-Glera-Experiencias-Formigal-Temp-22-23-99-scaled-e1711210270719.jpg","contentUrl":"https:\/\/www.aramon.com\/blog\/wp-content\/uploads\/2024\/03\/La-Glera-Experiencias-Formigal-Temp-22-23-99-scaled-e1711210270719.jpg","width":2560,"height":1459},{"@type":"WebSite","@id":"https:\/\/www.aramon.com\/blog\/#website","url":"https:\/\/www.aramon.com\/blog\/","name":"Blog Oficial del Grupo ARAM\u00d3N","description":"Blog Oficial del Grupo Aram\u00f3n sobre estaciones de esqu\u00ed, monta\u00f1ismo, deportes de aventura y m\u00e1s en Arag\u00f3n.","potentialAction":[{"@type":"SearchAction","target":{"@type":"EntryPoint","urlTemplate":"https:\/\/www.aramon.com\/blog\/?s={search_term_string}"},"query-input":"required name=search_term_string"}],"inLanguage":"es"},{"@type":"Person","@id":"https:\/\/www.aramon.com\/blog\/#\/schema\/person\/9429ffb451d657ab98f0ca1b364eeef3","name":"aramon","image":{"@type":"ImageObject","inLanguage":"es","@id":"https:\/\/www.aramon.com\/blog\/#\/schema\/person\/image\/","url":"https:\/\/secure.gravatar.com\/avatar\/d5fd0ede392e1af0e414b87f7568b4d5?s=96&d=mm&r=g","contentUrl":"https:\/\/secure.gravatar.com\/avatar\/d5fd0ede392e1af0e414b87f7568b4d5?s=96&d=mm&r=g","caption":"aramon"},"url":"https:\/\/www.aramon.com\/blog\/author\/aramon\/"}]}},"_links":{"self":[{"href":"https:\/\/www.aramon.com\/blog\/wp-json\/wp\/v2\/posts\/20391"}],"collection":[{"href":"https:\/\/www.aramon.com\/blog\/wp-json\/wp\/v2\/posts"}],"about":[{"href":"https:\/\/www.aramon.com\/blog\/wp-json\/wp\/v2\/types\/post"}],"author":[{"embeddable":true,"href":"https:\/\/www.aramon.com\/blog\/wp-json\/wp\/v2\/users\/2"}],"replies":[{"embeddable":true,"href":"https:\/\/www.aramon.com\/blog\/wp-json\/wp\/v2\/comments?post=20391"}],"version-history":[{"count":3,"href":"https:\/\/www.aramon.com\/blog\/wp-json\/wp\/v2\/posts\/20391\/revisions"}],"predecessor-version":[{"id":20404,"href":"https:\/\/www.aramon.com\/blog\/wp-json\/wp\/v2\/posts\/20391\/revisions\/20404"}],"wp:featuredmedia":[{"embeddable":true,"href":"https:\/\/www.aramon.com\/blog\/wp-json\/wp\/v2\/media\/20454"}],"wp:attachment":[{"href":"https:\/\/www.aramon.com\/blog\/wp-json\/wp\/v2\/media?parent=20391"}],"wp:term":[{"taxonomy":"category","embeddable":true,"href":"https:\/\/www.aramon.com\/blog\/wp-json\/wp\/v2\/categories?post=20391"},{"taxonomy":"post_tag","embeddable":true,"href":"https:\/\/www.aramon.com\/blog\/wp-json\/wp\/v2\/tags?post=20391"}],"curies":[{"name":"wp","href":"https:\/\/api.w.org\/{rel}","templated":true}]}}