{"id":20466,"date":"2024-03-26T14:42:23","date_gmt":"2024-03-26T14:42:23","guid":{"rendered":"https:\/\/www.aramon.com\/blog\/?p=20466"},"modified":"2024-03-26T15:55:40","modified_gmt":"2024-03-26T15:55:40","slug":"campeonato-de-espana-absoluto-de-esqui-alpino-gs","status":"publish","type":"post","link":"https:\/\/www.aramon.com\/blog\/campeonato-de-espana-absoluto-de-esqui-alpino-gs\/","title":{"rendered":"Campeonato de Espa\u00f1a Absoluto de Esqu\u00ed Alpino (GS)"},"content":{"rendered":"\n<p>El pasado 25 de marzo disfrutamos de los mejores esquiadores de Espa\u00f1a de la <strong>categor\u00eda absoluta en la estaci\u00f3n de Formigal-Panticosa<\/strong>. Evento incluido en el <strong>circuito Internacional FIS<\/strong>, organizado por la <strong>Federaci\u00f3n Aragonesa Deportes de Invierno<\/strong> (FADI Arag\u00f3n),<strong> ARAM\u00d3N<\/strong> y por la <strong>Real Federaci\u00f3n Espa\u00f1ola Deportes de Invierno<\/strong> (RFEDI)<\/p>\n\n\n\n<p>Los corredores inscritos exhibieron su potencial en la <strong>competici\u00f3n de esqu\u00ed alpino<\/strong> <strong>m\u00e1s importante del Calendario nacional<\/strong>, donde no falt\u00f3 ninguna de nuestras estrellas. Los deportistas realizaron el lunes la <strong>prueba de Gigante (GS) <\/strong>en la que demostraron su potencial para lograr las ansiadas medallas con las que proclamarse Campeones Nacionales.<\/p>\n\n\n\n<p>A parte de los mejores esquiadores nacionales, tambi\u00e9n acudieron y disfrutaron esquiadores de todos los rincones del mundo\u2026 Andorra, Francia, Portugal, Italia, Gran Breta\u00f1a, Rep\u00fablica Checa, Argentina, Estados Unidos, Canad\u00e1.<\/p>\n\n\n\n<p><\/p>\n\n\n\n<figure class=\"wp-block-embed is-type-video is-provider-youtube wp-block-embed-youtube wp-embed-aspect-16-9 wp-has-aspect-ratio\"><div class=\"wp-block-embed__wrapper\">\n<iframe loading=\"lazy\" title=\"Campeonato Espa\u00f1a | Grupo Aram\u00f3n\" width=\"1170\" height=\"658\" src=\"https:\/\/www.youtube.com\/embed\/EB3npSHhEV0?feature=oembed\" frameborder=\"0\" allow=\"accelerometer; autoplay; clipboard-write; encrypted-media; gyroscope; picture-in-picture; web-share\" allowfullscreen><\/iframe>\n<\/div><\/figure>\n\n\n\n<p><\/p>\n\n\n\n<p><\/p>\n\n\n\n<h2 class=\"wp-block-heading\">Resultados <\/h2>\n\n\n\n<div data-wp-interactive=\"core\/file\" class=\"wp-block-file\"><object data-wp-bind--hidden=\"!state.hasPdfPreview\"  class=\"wp-block-file__embed\" data=\"https:\/\/www.aramon.com\/blog\/wp-content\/uploads\/2024\/03\/Clasificacion-Cto-Espana-GS-Lunes-Hombres.pdf\" type=\"application\/pdf\" style=\"width:100%;height:600px\" aria-label=\"Incrustado de Clasificacion-Cto-Espana-GS-Lunes-Hombres.\"><\/object><a id=\"wp-block-file--media-586f8c81-4769-4b49-9ae3-bad7dece4dbd\" href=\"https:\/\/www.aramon.com\/blog\/wp-content\/uploads\/2024\/03\/Clasificacion-Cto-Espana-GS-Lunes-Hombres.pdf\">Clasificacion-Cto-Espana-GS-Lunes-Hombres<\/a><a href=\"https:\/\/www.aramon.com\/blog\/wp-content\/uploads\/2024\/03\/Clasificacion-Cto-Espana-GS-Lunes-Hombres.pdf\" class=\"wp-block-file__button wp-element-button\" download aria-describedby=\"wp-block-file--media-586f8c81-4769-4b49-9ae3-bad7dece4dbd\">Descarga<\/a><\/div>\n\n\n\n<div data-wp-interactive=\"core\/file\" class=\"wp-block-file\"><object data-wp-bind--hidden=\"!state.hasPdfPreview\"  class=\"wp-block-file__embed\" data=\"https:\/\/www.aramon.com\/blog\/wp-content\/uploads\/2024\/03\/Clasificacion-Cto-Espana-GS-Lunes-Mujeres.pdf\" type=\"application\/pdf\" style=\"width:100%;height:600px\" aria-label=\"Incrustado de Clasificacion-Cto-Espana-GS-Lunes-Mujeres.\"><\/object><a id=\"wp-block-file--media-8ce05e52-e162-457e-860a-617157198b82\" href=\"https:\/\/www.aramon.com\/blog\/wp-content\/uploads\/2024\/03\/Clasificacion-Cto-Espana-GS-Lunes-Mujeres.pdf\">Clasificacion-Cto-Espana-GS-Lunes-Mujeres<\/a><a href=\"https:\/\/www.aramon.com\/blog\/wp-content\/uploads\/2024\/03\/Clasificacion-Cto-Espana-GS-Lunes-Mujeres.pdf\" class=\"wp-block-file__button wp-element-button\" download aria-describedby=\"wp-block-file--media-8ce05e52-e162-457e-860a-617157198b82\">Descarga<\/a><\/div>\n","protected":false},"excerpt":{"rendered":"<p>El pasado 25 de marzo se realiz\u00f3 la prueba de Gigante (GS)<\/p>\n","protected":false},"author":2,"featured_media":20469,"comment_status":"closed","ping_status":"closed","sticky":false,"template":"","format":"standard","meta":{"_acf_changed":false,"footnotes":""},"categories":[1,307],"tags":[],"acf":[],"yoast_head":"<!-- This site is optimized with the Yoast SEO plugin v22.5 - https:\/\/yoast.com\/wordpress\/plugins\/seo\/ -->\n<title>Campeonato de Espa\u00f1a Absoluto de Esqu\u00ed Alpino (GS) - Blog Oficial del Grupo ARAM\u00d3N<\/title>\n<meta name=\"description\" content=\"CAMPEONATO DE ESPA\u00d1A ABSOLUTO DE ESQU\u00cd ALPINO (GS)\" \/>\n<meta name=\"robots\" content=\"index, follow, max-snippet:-1, max-image-preview:large, max-video-preview:-1\" \/>\n<link rel=\"canonical\" href=\"https:\/\/www.aramon.com\/blog\/campeonato-de-espana-absoluto-de-esqui-alpino-gs\/\" \/>\n<meta property=\"og:locale\" content=\"es_ES\" \/>\n<meta property=\"og:type\" content=\"article\" \/>\n<meta property=\"og:title\" content=\"Campeonato de Espa\u00f1a Absoluto de Esqu\u00ed Alpino (GS) - Blog Oficial del Grupo ARAM\u00d3N\" \/>\n<meta property=\"og:description\" content=\"CAMPEONATO DE ESPA\u00d1A ABSOLUTO DE ESQU\u00cd ALPINO (GS)\" \/>\n<meta property=\"og:url\" content=\"https:\/\/www.aramon.com\/blog\/campeonato-de-espana-absoluto-de-esqui-alpino-gs\/\" \/>\n<meta property=\"og:site_name\" content=\"Blog Oficial del Grupo ARAM\u00d3N\" \/>\n<meta property=\"article:published_time\" content=\"2024-03-26T14:42:23+00:00\" \/>\n<meta property=\"article:modified_time\" content=\"2024-03-26T15:55:40+00:00\" \/>\n<meta property=\"og:image\" content=\"https:\/\/www.aramon.com\/blog\/wp-content\/uploads\/2024\/03\/22032024-EPA-02091-PORTADA-AUDI-scaled-e1711462570587.jpg\" \/>\n\t<meta property=\"og:image:width\" content=\"2560\" \/>\n\t<meta property=\"og:image:height\" content=\"1344\" \/>\n\t<meta property=\"og:image:type\" content=\"image\/jpeg\" \/>\n<meta name=\"author\" content=\"aramon\" \/>\n<meta name=\"twitter:card\" content=\"summary_large_image\" \/>\n<meta name=\"twitter:label1\" content=\"Escrito por\" \/>\n\t<meta name=\"twitter:data1\" content=\"aramon\" \/>\n\t<meta name=\"twitter:label2\" content=\"Tiempo de lectura\" \/>\n\t<meta name=\"twitter:data2\" content=\"1 minuto\" \/>\n<script type=\"application\/ld+json\" class=\"yoast-schema-graph\">{\"@context\":\"https:\/\/schema.org\",\"@graph\":[{\"@type\":\"WebPage\",\"@id\":\"https:\/\/www.aramon.com\/blog\/campeonato-de-espana-absoluto-de-esqui-alpino-gs\/\",\"url\":\"https:\/\/www.aramon.com\/blog\/campeonato-de-espana-absoluto-de-esqui-alpino-gs\/\",\"name\":\"Campeonato de Espa\u00f1a Absoluto de Esqu\u00ed Alpino (GS) - Blog Oficial del Grupo ARAM\u00d3N\",\"isPartOf\":{\"@id\":\"https:\/\/www.aramon.com\/blog\/#website\"},\"primaryImageOfPage\":{\"@id\":\"https:\/\/www.aramon.com\/blog\/campeonato-de-espana-absoluto-de-esqui-alpino-gs\/#primaryimage\"},\"image\":{\"@id\":\"https:\/\/www.aramon.com\/blog\/campeonato-de-espana-absoluto-de-esqui-alpino-gs\/#primaryimage\"},\"thumbnailUrl\":\"https:\/\/www.aramon.com\/blog\/wp-content\/uploads\/2024\/03\/22032024-EPA-02091-PORTADA-AUDI-scaled-e1711462570587.jpg\",\"datePublished\":\"2024-03-26T14:42:23+00:00\",\"dateModified\":\"2024-03-26T15:55:40+00:00\",\"author\":{\"@id\":\"https:\/\/www.aramon.com\/blog\/#\/schema\/person\/9429ffb451d657ab98f0ca1b364eeef3\"},\"description\":\"CAMPEONATO DE ESPA\u00d1A ABSOLUTO DE ESQU\u00cd ALPINO (GS)\",\"inLanguage\":\"es\",\"potentialAction\":[{\"@type\":\"ReadAction\",\"target\":[\"https:\/\/www.aramon.com\/blog\/campeonato-de-espana-absoluto-de-esqui-alpino-gs\/\"]}]},{\"@type\":\"ImageObject\",\"inLanguage\":\"es\",\"@id\":\"https:\/\/www.aramon.com\/blog\/campeonato-de-espana-absoluto-de-esqui-alpino-gs\/#primaryimage\",\"url\":\"https:\/\/www.aramon.com\/blog\/wp-content\/uploads\/2024\/03\/22032024-EPA-02091-PORTADA-AUDI-scaled-e1711462570587.jpg\",\"contentUrl\":\"https:\/\/www.aramon.com\/blog\/wp-content\/uploads\/2024\/03\/22032024-EPA-02091-PORTADA-AUDI-scaled-e1711462570587.jpg\",\"width\":2560,\"height\":1344},{\"@type\":\"WebSite\",\"@id\":\"https:\/\/www.aramon.com\/blog\/#website\",\"url\":\"https:\/\/www.aramon.com\/blog\/\",\"name\":\"Blog Oficial del Grupo ARAM\u00d3N\",\"description\":\"Blog Oficial del Grupo Aram\u00f3n sobre estaciones de esqu\u00ed, monta\u00f1ismo, deportes de aventura y m\u00e1s en Arag\u00f3n.\",\"potentialAction\":[{\"@type\":\"SearchAction\",\"target\":{\"@type\":\"EntryPoint\",\"urlTemplate\":\"https:\/\/www.aramon.com\/blog\/?s={search_term_string}\"},\"query-input\":\"required name=search_term_string\"}],\"inLanguage\":\"es\"},{\"@type\":\"Person\",\"@id\":\"https:\/\/www.aramon.com\/blog\/#\/schema\/person\/9429ffb451d657ab98f0ca1b364eeef3\",\"name\":\"aramon\",\"image\":{\"@type\":\"ImageObject\",\"inLanguage\":\"es\",\"@id\":\"https:\/\/www.aramon.com\/blog\/#\/schema\/person\/image\/\",\"url\":\"https:\/\/secure.gravatar.com\/avatar\/d5fd0ede392e1af0e414b87f7568b4d5?s=96&d=mm&r=g\",\"contentUrl\":\"https:\/\/secure.gravatar.com\/avatar\/d5fd0ede392e1af0e414b87f7568b4d5?s=96&d=mm&r=g\",\"caption\":\"aramon\"},\"url\":\"https:\/\/www.aramon.com\/blog\/author\/aramon\/\"}]}<\/script>\n<!-- \/ Yoast SEO plugin. -->","yoast_head_json":{"title":"Campeonato de Espa\u00f1a Absoluto de Esqu\u00ed Alpino (GS) - Blog Oficial del Grupo ARAM\u00d3N","description":"CAMPEONATO DE ESPA\u00d1A ABSOLUTO DE ESQU\u00cd ALPINO (GS)","robots":{"index":"index","follow":"follow","max-snippet":"max-snippet:-1","max-image-preview":"max-image-preview:large","max-video-preview":"max-video-preview:-1"},"canonical":"https:\/\/www.aramon.com\/blog\/campeonato-de-espana-absoluto-de-esqui-alpino-gs\/","og_locale":"es_ES","og_type":"article","og_title":"Campeonato de Espa\u00f1a Absoluto de Esqu\u00ed Alpino (GS) - Blog Oficial del Grupo ARAM\u00d3N","og_description":"CAMPEONATO DE ESPA\u00d1A ABSOLUTO DE ESQU\u00cd ALPINO (GS)","og_url":"https:\/\/www.aramon.com\/blog\/campeonato-de-espana-absoluto-de-esqui-alpino-gs\/","og_site_name":"Blog Oficial del Grupo ARAM\u00d3N","article_published_time":"2024-03-26T14:42:23+00:00","article_modified_time":"2024-03-26T15:55:40+00:00","og_image":[{"width":2560,"height":1344,"url":"https:\/\/www.aramon.com\/blog\/wp-content\/uploads\/2024\/03\/22032024-EPA-02091-PORTADA-AUDI-scaled-e1711462570587.jpg","type":"image\/jpeg"}],"author":"aramon","twitter_card":"summary_large_image","twitter_misc":{"Escrito por":"aramon","Tiempo de lectura":"1 minuto"},"schema":{"@context":"https:\/\/schema.org","@graph":[{"@type":"WebPage","@id":"https:\/\/www.aramon.com\/blog\/campeonato-de-espana-absoluto-de-esqui-alpino-gs\/","url":"https:\/\/www.aramon.com\/blog\/campeonato-de-espana-absoluto-de-esqui-alpino-gs\/","name":"Campeonato de Espa\u00f1a Absoluto de Esqu\u00ed Alpino (GS) - Blog Oficial del Grupo ARAM\u00d3N","isPartOf":{"@id":"https:\/\/www.aramon.com\/blog\/#website"},"primaryImageOfPage":{"@id":"https:\/\/www.aramon.com\/blog\/campeonato-de-espana-absoluto-de-esqui-alpino-gs\/#primaryimage"},"image":{"@id":"https:\/\/www.aramon.com\/blog\/campeonato-de-espana-absoluto-de-esqui-alpino-gs\/#primaryimage"},"thumbnailUrl":"https:\/\/www.aramon.com\/blog\/wp-content\/uploads\/2024\/03\/22032024-EPA-02091-PORTADA-AUDI-scaled-e1711462570587.jpg","datePublished":"2024-03-26T14:42:23+00:00","dateModified":"2024-03-26T15:55:40+00:00","author":{"@id":"https:\/\/www.aramon.com\/blog\/#\/schema\/person\/9429ffb451d657ab98f0ca1b364eeef3"},"description":"CAMPEONATO DE ESPA\u00d1A ABSOLUTO DE ESQU\u00cd ALPINO (GS)","inLanguage":"es","potentialAction":[{"@type":"ReadAction","target":["https:\/\/www.aramon.com\/blog\/campeonato-de-espana-absoluto-de-esqui-alpino-gs\/"]}]},{"@type":"ImageObject","inLanguage":"es","@id":"https:\/\/www.aramon.com\/blog\/campeonato-de-espana-absoluto-de-esqui-alpino-gs\/#primaryimage","url":"https:\/\/www.aramon.com\/blog\/wp-content\/uploads\/2024\/03\/22032024-EPA-02091-PORTADA-AUDI-scaled-e1711462570587.jpg","contentUrl":"https:\/\/www.aramon.com\/blog\/wp-content\/uploads\/2024\/03\/22032024-EPA-02091-PORTADA-AUDI-scaled-e1711462570587.jpg","width":2560,"height":1344},{"@type":"WebSite","@id":"https:\/\/www.aramon.com\/blog\/#website","url":"https:\/\/www.aramon.com\/blog\/","name":"Blog Oficial del Grupo ARAM\u00d3N","description":"Blog Oficial del Grupo Aram\u00f3n sobre estaciones de esqu\u00ed, monta\u00f1ismo, deportes de aventura y m\u00e1s en Arag\u00f3n.","potentialAction":[{"@type":"SearchAction","target":{"@type":"EntryPoint","urlTemplate":"https:\/\/www.aramon.com\/blog\/?s={search_term_string}"},"query-input":"required name=search_term_string"}],"inLanguage":"es"},{"@type":"Person","@id":"https:\/\/www.aramon.com\/blog\/#\/schema\/person\/9429ffb451d657ab98f0ca1b364eeef3","name":"aramon","image":{"@type":"ImageObject","inLanguage":"es","@id":"https:\/\/www.aramon.com\/blog\/#\/schema\/person\/image\/","url":"https:\/\/secure.gravatar.com\/avatar\/d5fd0ede392e1af0e414b87f7568b4d5?s=96&d=mm&r=g","contentUrl":"https:\/\/secure.gravatar.com\/avatar\/d5fd0ede392e1af0e414b87f7568b4d5?s=96&d=mm&r=g","caption":"aramon"},"url":"https:\/\/www.aramon.com\/blog\/author\/aramon\/"}]}},"_links":{"self":[{"href":"https:\/\/www.aramon.com\/blog\/wp-json\/wp\/v2\/posts\/20466"}],"collection":[{"href":"https:\/\/www.aramon.com\/blog\/wp-json\/wp\/v2\/posts"}],"about":[{"href":"https:\/\/www.aramon.com\/blog\/wp-json\/wp\/v2\/types\/post"}],"author":[{"embeddable":true,"href":"https:\/\/www.aramon.com\/blog\/wp-json\/wp\/v2\/users\/2"}],"replies":[{"embeddable":true,"href":"https:\/\/www.aramon.com\/blog\/wp-json\/wp\/v2\/comments?post=20466"}],"version-history":[{"count":6,"href":"https:\/\/www.aramon.com\/blog\/wp-json\/wp\/v2\/posts\/20466\/revisions"}],"predecessor-version":[{"id":20476,"href":"https:\/\/www.aramon.com\/blog\/wp-json\/wp\/v2\/posts\/20466\/revisions\/20476"}],"wp:featuredmedia":[{"embeddable":true,"href":"https:\/\/www.aramon.com\/blog\/wp-json\/wp\/v2\/media\/20469"}],"wp:attachment":[{"href":"https:\/\/www.aramon.com\/blog\/wp-json\/wp\/v2\/media?parent=20466"}],"wp:term":[{"taxonomy":"category","embeddable":true,"href":"https:\/\/www.aramon.com\/blog\/wp-json\/wp\/v2\/categories?post=20466"},{"taxonomy":"post_tag","embeddable":true,"href":"https:\/\/www.aramon.com\/blog\/wp-json\/wp\/v2\/tags?post=20466"}],"curies":[{"name":"wp","href":"https:\/\/api.w.org\/{rel}","templated":true}]}}