{"id":20479,"date":"2024-03-27T14:45:08","date_gmt":"2024-03-27T14:45:08","guid":{"rendered":"https:\/\/www.aramon.com\/blog\/?p=20479"},"modified":"2024-03-27T14:47:49","modified_gmt":"2024-03-27T14:47:49","slug":"la-ii-edicion-del-vive-latino-snow-weekend-cierra-la-programacion-musical-de-m-experience-en-la-estacion-de-formigal-panticosa","status":"publish","type":"post","link":"https:\/\/www.aramon.com\/blog\/la-ii-edicion-del-vive-latino-snow-weekend-cierra-la-programacion-musical-de-m-experience-en-la-estacion-de-formigal-panticosa\/","title":{"rendered":"La II edici\u00f3n del Vive Latino Snow Weekend cierra la programaci\u00f3n musical de M experience en la estaci\u00f3n de Formigal-Panticosa"},"content":{"rendered":"\n<p><\/p>\n\n\n\n<h2 class=\"wp-block-heading\"><strong>Tras el \u00e9xito de Loquillo y Carlos Sadness la pasada temporada, vuelve la colaboraci\u00f3n entre la estaci\u00f3n de Aram\u00f3n Formigal-Panticosa y el Vive Latino Espa\u00f1a<\/strong><\/h2>\n\n\n\n<p><\/p>\n\n\n\n<p>El \u00faltimo fin de semana de la temporada llega a la estaci\u00f3n de Aram\u00f3n Formigal-Panticosa <strong>la segunda edici\u00f3n del <em>Vive Latino Snow Weekend<\/em><\/strong>. Un evento organizado por el <strong>Grupo Aram\u00f3n y el Vive Latino Espa\u00f1a<\/strong>.<\/p>\n\n\n\n<p>El conocido festival de m\u00fasica iberoamericano celebrar\u00e1 su tercera edici\u00f3n los d\u00edas 6 y 7 de septiembre en Zaragoza y contar\u00e1 con una programaci\u00f3n musical compuesta por actuaciones de37 artistas, entre los que se encuentran nombres tan relevantes del panorama nacional como <em>Los Planetas, La Pegatina, Hombres G <\/em>o <em>Mikel Izal<\/em>, los colombianos <em>Bomba Est\u00e9reo<\/em> y el argentino <em>Trueno<\/em>. Previamente, los amantes de la m\u00fasica y de la monta\u00f1a podr\u00e1n disfrutar de <strong>un concierto de altura en la estaci\u00f3n de Formigal-Panticosa<\/strong>, en el Valle de Tena.<\/p>\n\n\n\n<p>El <strong>pr\u00f3ximo s\u00e1bado 6 de abril <\/strong>al caer el sol, en el <strong>apr\u00e8s-ski de Marchica<\/strong>, se podr\u00e1 disfrutar de <strong><em>La Pegatina.<\/em><\/strong> Un grupo que se caracteriza por su energ\u00eda divertida y que ha actuado en m\u00e1s de 35 pa\u00edses (M\u00e9xico, Argentina, Ecuador, Uruguay, China, Jap\u00f3n, Canad\u00e1 y gran parte de Europa) y superando los 1.200 conciertos. Conocida por canciones como <em>\u201cLlover\u00e1 y yo ver\u00e9\u201d,<\/em> <em>\u201cY volar<\/em>\u201d o \u201c<em>Mari Carmen<\/em>\u201d, seguro que har\u00e1n del cierre de la temporada 23-24 algo inolvidable. <strong>Cabe destacar que el concierto ser\u00e1 abierto al p\u00fablico, con acceso libre y gratuito simplemente con inscribirse en la p\u00e1gina web del evento ( <a href=\"https:\/\/bit.ly\/mexperiencevivelatino\" target=\"_blank\" rel=\"noreferrer noopener\">https:\/\/bit.ly\/mexperiencevivelatino<\/a>).<\/strong><\/p>\n\n\n\n<p><\/p>\n\n\n\n<figure class=\"wp-block-gallery has-nested-images columns-default is-cropped wp-block-gallery-1 is-layout-flex wp-block-gallery-is-layout-flex\">\n<figure class=\"wp-block-image size-large\"><img loading=\"lazy\" decoding=\"async\" width=\"1024\" height=\"576\" data-id=\"20480\" src=\"https:\/\/www.aramon.com\/blog\/wp-content\/uploads\/2024\/03\/FOTO-PERIODICO-VIVE-LATINO-2-1024x576.jpg\" alt=\"\" class=\"wp-image-20480\" srcset=\"https:\/\/www.aramon.com\/blog\/wp-content\/uploads\/2024\/03\/FOTO-PERIODICO-VIVE-LATINO-2-1024x576.jpg 1024w, https:\/\/www.aramon.com\/blog\/wp-content\/uploads\/2024\/03\/FOTO-PERIODICO-VIVE-LATINO-2-300x169.jpg 300w, https:\/\/www.aramon.com\/blog\/wp-content\/uploads\/2024\/03\/FOTO-PERIODICO-VIVE-LATINO-2-768x432.jpg 768w, https:\/\/www.aramon.com\/blog\/wp-content\/uploads\/2024\/03\/FOTO-PERIODICO-VIVE-LATINO-2-1536x864.jpg 1536w\" sizes=\"(max-width: 1024px) 100vw, 1024px\" \/><\/figure>\n<\/figure>\n\n\n\n<p><\/p>\n\n\n\n<p><\/p>\n\n\n\n<h2 class=\"wp-block-heading\"><strong>Los esquiadores y visitantes podr\u00e1n disfrutar, el \u00faltimo fin de semana de la temporada, de la mejor programaci\u00f3n musical<\/strong><\/h2>\n\n\n\n<p><\/p>\n\n\n\n<p>Pero esto no es todo, durante la jornada del d\u00eda 6 se podr\u00e1 disfrutar de actividades y m\u00fasica para todos los p\u00fablicos en los diferentes escenarios de M Experience repartidos a lo largo de la estaci\u00f3n, como por ejemplo la m\u00fasica en directo de Leo Susana o Carlos Jean en la Caba\u00f1a Garmet Lounge y como broche final una vez finalice el concierto de <em>La Pegatina,<\/em> Marchica continuar\u00e1 hasta el cierre para bailar por \u00faltima vez esta temporada su himno \u201cSweet Caroline\u201d.<\/p>\n\n\n\n<figure class=\"wp-block-gallery has-nested-images columns-default is-cropped wp-block-gallery-2 is-layout-flex wp-block-gallery-is-layout-flex\">\n<figure class=\"wp-block-image size-large\"><img loading=\"lazy\" decoding=\"async\" width=\"1024\" height=\"731\" data-id=\"20481\" src=\"https:\/\/www.aramon.com\/blog\/wp-content\/uploads\/2024\/03\/Cerler-1024x731.jpg\" alt=\"\" class=\"wp-image-20481\" srcset=\"https:\/\/www.aramon.com\/blog\/wp-content\/uploads\/2024\/03\/Cerler-1024x731.jpg 1024w, https:\/\/www.aramon.com\/blog\/wp-content\/uploads\/2024\/03\/Cerler-300x214.jpg 300w, https:\/\/www.aramon.com\/blog\/wp-content\/uploads\/2024\/03\/Cerler-768x549.jpg 768w, https:\/\/www.aramon.com\/blog\/wp-content\/uploads\/2024\/03\/Cerler-1536x1097.jpg 1536w, https:\/\/www.aramon.com\/blog\/wp-content\/uploads\/2024\/03\/Cerler-2048x1463.jpg 2048w\" sizes=\"(max-width: 1024px) 100vw, 1024px\" \/><\/figure>\n\n\n\n<figure class=\"wp-block-image size-large\"><img loading=\"lazy\" decoding=\"async\" width=\"1024\" height=\"683\" data-id=\"20482\" src=\"https:\/\/www.aramon.com\/blog\/wp-content\/uploads\/2024\/03\/Cerler02-1-1024x683.jpg\" alt=\"\" class=\"wp-image-20482\" srcset=\"https:\/\/www.aramon.com\/blog\/wp-content\/uploads\/2024\/03\/Cerler02-1-1024x683.jpg 1024w, https:\/\/www.aramon.com\/blog\/wp-content\/uploads\/2024\/03\/Cerler02-1-300x200.jpg 300w, https:\/\/www.aramon.com\/blog\/wp-content\/uploads\/2024\/03\/Cerler02-1-768x512.jpg 768w, https:\/\/www.aramon.com\/blog\/wp-content\/uploads\/2024\/03\/Cerler02-1-1536x1024.jpg 1536w, https:\/\/www.aramon.com\/blog\/wp-content\/uploads\/2024\/03\/Cerler02-1-2048x1365.jpg 2048w\" sizes=\"(max-width: 1024px) 100vw, 1024px\" \/><\/figure>\n\n\n\n<figure class=\"wp-block-image size-large\"><img loading=\"lazy\" decoding=\"async\" width=\"1024\" height=\"683\" data-id=\"20483\" src=\"https:\/\/www.aramon.com\/blog\/wp-content\/uploads\/2024\/03\/Cerler03-1024x683.jpg\" alt=\"\" class=\"wp-image-20483\" srcset=\"https:\/\/www.aramon.com\/blog\/wp-content\/uploads\/2024\/03\/Cerler03-1024x683.jpg 1024w, https:\/\/www.aramon.com\/blog\/wp-content\/uploads\/2024\/03\/Cerler03-300x200.jpg 300w, https:\/\/www.aramon.com\/blog\/wp-content\/uploads\/2024\/03\/Cerler03-768x512.jpg 768w, https:\/\/www.aramon.com\/blog\/wp-content\/uploads\/2024\/03\/Cerler03-1536x1024.jpg 1536w, https:\/\/www.aramon.com\/blog\/wp-content\/uploads\/2024\/03\/Cerler03-2048x1365.jpg 2048w\" sizes=\"(max-width: 1024px) 100vw, 1024px\" \/><\/figure>\n\n\n\n<figure class=\"wp-block-image size-large\"><img loading=\"lazy\" decoding=\"async\" width=\"1024\" height=\"683\" data-id=\"20484\" src=\"https:\/\/www.aramon.com\/blog\/wp-content\/uploads\/2024\/03\/Formigal-1024x683.jpg\" alt=\"\" class=\"wp-image-20484\" srcset=\"https:\/\/www.aramon.com\/blog\/wp-content\/uploads\/2024\/03\/Formigal-1024x683.jpg 1024w, https:\/\/www.aramon.com\/blog\/wp-content\/uploads\/2024\/03\/Formigal-300x200.jpg 300w, https:\/\/www.aramon.com\/blog\/wp-content\/uploads\/2024\/03\/Formigal-768x512.jpg 768w, https:\/\/www.aramon.com\/blog\/wp-content\/uploads\/2024\/03\/Formigal-1536x1024.jpg 1536w, https:\/\/www.aramon.com\/blog\/wp-content\/uploads\/2024\/03\/Formigal-2048x1365.jpg 2048w\" sizes=\"(max-width: 1024px) 100vw, 1024px\" \/><\/figure>\n\n\n\n<figure class=\"wp-block-image size-large\"><img loading=\"lazy\" decoding=\"async\" width=\"1024\" height=\"683\" data-id=\"20485\" src=\"https:\/\/www.aramon.com\/blog\/wp-content\/uploads\/2024\/03\/Formigal06-1024x683.jpg\" alt=\"\" class=\"wp-image-20485\" srcset=\"https:\/\/www.aramon.com\/blog\/wp-content\/uploads\/2024\/03\/Formigal06-1024x683.jpg 1024w, https:\/\/www.aramon.com\/blog\/wp-content\/uploads\/2024\/03\/Formigal06-300x200.jpg 300w, https:\/\/www.aramon.com\/blog\/wp-content\/uploads\/2024\/03\/Formigal06-768x512.jpg 768w, https:\/\/www.aramon.com\/blog\/wp-content\/uploads\/2024\/03\/Formigal06-1536x1024.jpg 1536w, https:\/\/www.aramon.com\/blog\/wp-content\/uploads\/2024\/03\/Formigal06-2048x1365.jpg 2048w\" sizes=\"(max-width: 1024px) 100vw, 1024px\" \/><\/figure>\n\n\n\n<figure class=\"wp-block-image size-large\"><img loading=\"lazy\" decoding=\"async\" width=\"1024\" height=\"683\" data-id=\"20486\" src=\"https:\/\/www.aramon.com\/blog\/wp-content\/uploads\/2024\/03\/Formigal04-1-1024x683.jpg\" alt=\"\" class=\"wp-image-20486\" srcset=\"https:\/\/www.aramon.com\/blog\/wp-content\/uploads\/2024\/03\/Formigal04-1-1024x683.jpg 1024w, https:\/\/www.aramon.com\/blog\/wp-content\/uploads\/2024\/03\/Formigal04-1-300x200.jpg 300w, https:\/\/www.aramon.com\/blog\/wp-content\/uploads\/2024\/03\/Formigal04-1-768x512.jpg 768w, https:\/\/www.aramon.com\/blog\/wp-content\/uploads\/2024\/03\/Formigal04-1-1536x1024.jpg 1536w, https:\/\/www.aramon.com\/blog\/wp-content\/uploads\/2024\/03\/Formigal04-1-2048x1365.jpg 2048w\" sizes=\"(max-width: 1024px) 100vw, 1024px\" \/><\/figure>\n<\/figure>\n","protected":false},"excerpt":{"rendered":"<p>La Pegatina actuar\u00e1 el pr\u00f3ximo s\u00e1bado 6 de abril en el apr\u00e8s-ski de Marchica, uno de los siete escenarios de M experience. <\/p>\n","protected":false},"author":2,"featured_media":20491,"comment_status":"closed","ping_status":"closed","sticky":false,"template":"","format":"standard","meta":{"_acf_changed":false,"footnotes":""},"categories":[1,303,307],"tags":[],"acf":[],"yoast_head":"<!-- This site is optimized with the Yoast SEO plugin v22.5 - https:\/\/yoast.com\/wordpress\/plugins\/seo\/ -->\n<title>La II edici\u00f3n del Vive Latino Snow Weekend cierra la programaci\u00f3n musical de M experience en la estaci\u00f3n de Formigal-Panticosa - Blog Oficial del Grupo ARAM\u00d3N<\/title>\n<meta name=\"description\" content=\"La II edici\u00f3n del Vive Latino Snow Weekend cierra la programaci\u00f3n musical de M experience en la estaci\u00f3n de Formigal-Panticosa\" \/>\n<meta name=\"robots\" content=\"index, follow, max-snippet:-1, max-image-preview:large, max-video-preview:-1\" \/>\n<link rel=\"canonical\" href=\"https:\/\/www.aramon.com\/blog\/la-ii-edicion-del-vive-latino-snow-weekend-cierra-la-programacion-musical-de-m-experience-en-la-estacion-de-formigal-panticosa\/\" \/>\n<meta property=\"og:locale\" content=\"es_ES\" \/>\n<meta property=\"og:type\" content=\"article\" \/>\n<meta property=\"og:title\" content=\"La II edici\u00f3n del Vive Latino Snow Weekend cierra la programaci\u00f3n musical de M experience en la estaci\u00f3n de Formigal-Panticosa - Blog Oficial del Grupo ARAM\u00d3N\" \/>\n<meta property=\"og:description\" content=\"La II edici\u00f3n del Vive Latino Snow Weekend cierra la programaci\u00f3n musical de M experience en la estaci\u00f3n de Formigal-Panticosa\" \/>\n<meta property=\"og:url\" content=\"https:\/\/www.aramon.com\/blog\/la-ii-edicion-del-vive-latino-snow-weekend-cierra-la-programacion-musical-de-m-experience-en-la-estacion-de-formigal-panticosa\/\" \/>\n<meta property=\"og:site_name\" content=\"Blog Oficial del Grupo ARAM\u00d3N\" \/>\n<meta property=\"article:published_time\" content=\"2024-03-27T14:45:08+00:00\" \/>\n<meta property=\"article:modified_time\" content=\"2024-03-27T14:47:49+00:00\" \/>\n<meta property=\"og:image\" content=\"https:\/\/www.aramon.com\/blog\/wp-content\/uploads\/2024\/03\/Vip-Genericas-Marchica-M-Experience-Formigal-Temp-23-24-07246-scaled.jpg\" \/>\n\t<meta property=\"og:image:width\" content=\"2560\" \/>\n\t<meta property=\"og:image:height\" content=\"1707\" \/>\n\t<meta property=\"og:image:type\" content=\"image\/jpeg\" \/>\n<meta name=\"author\" content=\"aramon\" \/>\n<meta name=\"twitter:card\" content=\"summary_large_image\" \/>\n<meta name=\"twitter:label1\" content=\"Escrito por\" \/>\n\t<meta name=\"twitter:data1\" content=\"aramon\" \/>\n\t<meta name=\"twitter:label2\" content=\"Tiempo de lectura\" \/>\n\t<meta name=\"twitter:data2\" content=\"4 minutos\" \/>\n<script type=\"application\/ld+json\" class=\"yoast-schema-graph\">{\"@context\":\"https:\/\/schema.org\",\"@graph\":[{\"@type\":\"WebPage\",\"@id\":\"https:\/\/www.aramon.com\/blog\/la-ii-edicion-del-vive-latino-snow-weekend-cierra-la-programacion-musical-de-m-experience-en-la-estacion-de-formigal-panticosa\/\",\"url\":\"https:\/\/www.aramon.com\/blog\/la-ii-edicion-del-vive-latino-snow-weekend-cierra-la-programacion-musical-de-m-experience-en-la-estacion-de-formigal-panticosa\/\",\"name\":\"La II edici\u00f3n del Vive Latino Snow Weekend cierra la programaci\u00f3n musical de M experience en la estaci\u00f3n de Formigal-Panticosa - Blog Oficial del Grupo ARAM\u00d3N\",\"isPartOf\":{\"@id\":\"https:\/\/www.aramon.com\/blog\/#website\"},\"primaryImageOfPage\":{\"@id\":\"https:\/\/www.aramon.com\/blog\/la-ii-edicion-del-vive-latino-snow-weekend-cierra-la-programacion-musical-de-m-experience-en-la-estacion-de-formigal-panticosa\/#primaryimage\"},\"image\":{\"@id\":\"https:\/\/www.aramon.com\/blog\/la-ii-edicion-del-vive-latino-snow-weekend-cierra-la-programacion-musical-de-m-experience-en-la-estacion-de-formigal-panticosa\/#primaryimage\"},\"thumbnailUrl\":\"https:\/\/www.aramon.com\/blog\/wp-content\/uploads\/2024\/03\/Vip-Genericas-Marchica-M-Experience-Formigal-Temp-23-24-07246-scaled.jpg\",\"datePublished\":\"2024-03-27T14:45:08+00:00\",\"dateModified\":\"2024-03-27T14:47:49+00:00\",\"author\":{\"@id\":\"https:\/\/www.aramon.com\/blog\/#\/schema\/person\/9429ffb451d657ab98f0ca1b364eeef3\"},\"description\":\"La II edici\u00f3n del Vive Latino Snow Weekend cierra la programaci\u00f3n musical de M experience en la estaci\u00f3n de Formigal-Panticosa\",\"inLanguage\":\"es\",\"potentialAction\":[{\"@type\":\"ReadAction\",\"target\":[\"https:\/\/www.aramon.com\/blog\/la-ii-edicion-del-vive-latino-snow-weekend-cierra-la-programacion-musical-de-m-experience-en-la-estacion-de-formigal-panticosa\/\"]}]},{\"@type\":\"ImageObject\",\"inLanguage\":\"es\",\"@id\":\"https:\/\/www.aramon.com\/blog\/la-ii-edicion-del-vive-latino-snow-weekend-cierra-la-programacion-musical-de-m-experience-en-la-estacion-de-formigal-panticosa\/#primaryimage\",\"url\":\"https:\/\/www.aramon.com\/blog\/wp-content\/uploads\/2024\/03\/Vip-Genericas-Marchica-M-Experience-Formigal-Temp-23-24-07246-scaled.jpg\",\"contentUrl\":\"https:\/\/www.aramon.com\/blog\/wp-content\/uploads\/2024\/03\/Vip-Genericas-Marchica-M-Experience-Formigal-Temp-23-24-07246-scaled.jpg\",\"width\":2560,\"height\":1707},{\"@type\":\"WebSite\",\"@id\":\"https:\/\/www.aramon.com\/blog\/#website\",\"url\":\"https:\/\/www.aramon.com\/blog\/\",\"name\":\"Blog Oficial del Grupo ARAM\u00d3N\",\"description\":\"Blog Oficial del Grupo Aram\u00f3n sobre estaciones de esqu\u00ed, monta\u00f1ismo, deportes de aventura y m\u00e1s en Arag\u00f3n.\",\"potentialAction\":[{\"@type\":\"SearchAction\",\"target\":{\"@type\":\"EntryPoint\",\"urlTemplate\":\"https:\/\/www.aramon.com\/blog\/?s={search_term_string}\"},\"query-input\":\"required name=search_term_string\"}],\"inLanguage\":\"es\"},{\"@type\":\"Person\",\"@id\":\"https:\/\/www.aramon.com\/blog\/#\/schema\/person\/9429ffb451d657ab98f0ca1b364eeef3\",\"name\":\"aramon\",\"image\":{\"@type\":\"ImageObject\",\"inLanguage\":\"es\",\"@id\":\"https:\/\/www.aramon.com\/blog\/#\/schema\/person\/image\/\",\"url\":\"https:\/\/secure.gravatar.com\/avatar\/d5fd0ede392e1af0e414b87f7568b4d5?s=96&d=mm&r=g\",\"contentUrl\":\"https:\/\/secure.gravatar.com\/avatar\/d5fd0ede392e1af0e414b87f7568b4d5?s=96&d=mm&r=g\",\"caption\":\"aramon\"},\"url\":\"https:\/\/www.aramon.com\/blog\/author\/aramon\/\"}]}<\/script>\n<!-- \/ Yoast SEO plugin. -->","yoast_head_json":{"title":"La II edici\u00f3n del Vive Latino Snow Weekend cierra la programaci\u00f3n musical de M experience en la estaci\u00f3n de Formigal-Panticosa - Blog Oficial del Grupo ARAM\u00d3N","description":"La II edici\u00f3n del Vive Latino Snow Weekend cierra la programaci\u00f3n musical de M experience en la estaci\u00f3n de Formigal-Panticosa","robots":{"index":"index","follow":"follow","max-snippet":"max-snippet:-1","max-image-preview":"max-image-preview:large","max-video-preview":"max-video-preview:-1"},"canonical":"https:\/\/www.aramon.com\/blog\/la-ii-edicion-del-vive-latino-snow-weekend-cierra-la-programacion-musical-de-m-experience-en-la-estacion-de-formigal-panticosa\/","og_locale":"es_ES","og_type":"article","og_title":"La II edici\u00f3n del Vive Latino Snow Weekend cierra la programaci\u00f3n musical de M experience en la estaci\u00f3n de Formigal-Panticosa - Blog Oficial del Grupo ARAM\u00d3N","og_description":"La II edici\u00f3n del Vive Latino Snow Weekend cierra la programaci\u00f3n musical de M experience en la estaci\u00f3n de Formigal-Panticosa","og_url":"https:\/\/www.aramon.com\/blog\/la-ii-edicion-del-vive-latino-snow-weekend-cierra-la-programacion-musical-de-m-experience-en-la-estacion-de-formigal-panticosa\/","og_site_name":"Blog Oficial del Grupo ARAM\u00d3N","article_published_time":"2024-03-27T14:45:08+00:00","article_modified_time":"2024-03-27T14:47:49+00:00","og_image":[{"width":2560,"height":1707,"url":"https:\/\/www.aramon.com\/blog\/wp-content\/uploads\/2024\/03\/Vip-Genericas-Marchica-M-Experience-Formigal-Temp-23-24-07246-scaled.jpg","type":"image\/jpeg"}],"author":"aramon","twitter_card":"summary_large_image","twitter_misc":{"Escrito por":"aramon","Tiempo de lectura":"4 minutos"},"schema":{"@context":"https:\/\/schema.org","@graph":[{"@type":"WebPage","@id":"https:\/\/www.aramon.com\/blog\/la-ii-edicion-del-vive-latino-snow-weekend-cierra-la-programacion-musical-de-m-experience-en-la-estacion-de-formigal-panticosa\/","url":"https:\/\/www.aramon.com\/blog\/la-ii-edicion-del-vive-latino-snow-weekend-cierra-la-programacion-musical-de-m-experience-en-la-estacion-de-formigal-panticosa\/","name":"La II edici\u00f3n del Vive Latino Snow Weekend cierra la programaci\u00f3n musical de M experience en la estaci\u00f3n de Formigal-Panticosa - Blog Oficial del Grupo ARAM\u00d3N","isPartOf":{"@id":"https:\/\/www.aramon.com\/blog\/#website"},"primaryImageOfPage":{"@id":"https:\/\/www.aramon.com\/blog\/la-ii-edicion-del-vive-latino-snow-weekend-cierra-la-programacion-musical-de-m-experience-en-la-estacion-de-formigal-panticosa\/#primaryimage"},"image":{"@id":"https:\/\/www.aramon.com\/blog\/la-ii-edicion-del-vive-latino-snow-weekend-cierra-la-programacion-musical-de-m-experience-en-la-estacion-de-formigal-panticosa\/#primaryimage"},"thumbnailUrl":"https:\/\/www.aramon.com\/blog\/wp-content\/uploads\/2024\/03\/Vip-Genericas-Marchica-M-Experience-Formigal-Temp-23-24-07246-scaled.jpg","datePublished":"2024-03-27T14:45:08+00:00","dateModified":"2024-03-27T14:47:49+00:00","author":{"@id":"https:\/\/www.aramon.com\/blog\/#\/schema\/person\/9429ffb451d657ab98f0ca1b364eeef3"},"description":"La II edici\u00f3n del Vive Latino Snow Weekend cierra la programaci\u00f3n musical de M experience en la estaci\u00f3n de Formigal-Panticosa","inLanguage":"es","potentialAction":[{"@type":"ReadAction","target":["https:\/\/www.aramon.com\/blog\/la-ii-edicion-del-vive-latino-snow-weekend-cierra-la-programacion-musical-de-m-experience-en-la-estacion-de-formigal-panticosa\/"]}]},{"@type":"ImageObject","inLanguage":"es","@id":"https:\/\/www.aramon.com\/blog\/la-ii-edicion-del-vive-latino-snow-weekend-cierra-la-programacion-musical-de-m-experience-en-la-estacion-de-formigal-panticosa\/#primaryimage","url":"https:\/\/www.aramon.com\/blog\/wp-content\/uploads\/2024\/03\/Vip-Genericas-Marchica-M-Experience-Formigal-Temp-23-24-07246-scaled.jpg","contentUrl":"https:\/\/www.aramon.com\/blog\/wp-content\/uploads\/2024\/03\/Vip-Genericas-Marchica-M-Experience-Formigal-Temp-23-24-07246-scaled.jpg","width":2560,"height":1707},{"@type":"WebSite","@id":"https:\/\/www.aramon.com\/blog\/#website","url":"https:\/\/www.aramon.com\/blog\/","name":"Blog Oficial del Grupo ARAM\u00d3N","description":"Blog Oficial del Grupo Aram\u00f3n sobre estaciones de esqu\u00ed, monta\u00f1ismo, deportes de aventura y m\u00e1s en Arag\u00f3n.","potentialAction":[{"@type":"SearchAction","target":{"@type":"EntryPoint","urlTemplate":"https:\/\/www.aramon.com\/blog\/?s={search_term_string}"},"query-input":"required name=search_term_string"}],"inLanguage":"es"},{"@type":"Person","@id":"https:\/\/www.aramon.com\/blog\/#\/schema\/person\/9429ffb451d657ab98f0ca1b364eeef3","name":"aramon","image":{"@type":"ImageObject","inLanguage":"es","@id":"https:\/\/www.aramon.com\/blog\/#\/schema\/person\/image\/","url":"https:\/\/secure.gravatar.com\/avatar\/d5fd0ede392e1af0e414b87f7568b4d5?s=96&d=mm&r=g","contentUrl":"https:\/\/secure.gravatar.com\/avatar\/d5fd0ede392e1af0e414b87f7568b4d5?s=96&d=mm&r=g","caption":"aramon"},"url":"https:\/\/www.aramon.com\/blog\/author\/aramon\/"}]}},"_links":{"self":[{"href":"https:\/\/www.aramon.com\/blog\/wp-json\/wp\/v2\/posts\/20479"}],"collection":[{"href":"https:\/\/www.aramon.com\/blog\/wp-json\/wp\/v2\/posts"}],"about":[{"href":"https:\/\/www.aramon.com\/blog\/wp-json\/wp\/v2\/types\/post"}],"author":[{"embeddable":true,"href":"https:\/\/www.aramon.com\/blog\/wp-json\/wp\/v2\/users\/2"}],"replies":[{"embeddable":true,"href":"https:\/\/www.aramon.com\/blog\/wp-json\/wp\/v2\/comments?post=20479"}],"version-history":[{"count":5,"href":"https:\/\/www.aramon.com\/blog\/wp-json\/wp\/v2\/posts\/20479\/revisions"}],"predecessor-version":[{"id":20495,"href":"https:\/\/www.aramon.com\/blog\/wp-json\/wp\/v2\/posts\/20479\/revisions\/20495"}],"wp:featuredmedia":[{"embeddable":true,"href":"https:\/\/www.aramon.com\/blog\/wp-json\/wp\/v2\/media\/20491"}],"wp:attachment":[{"href":"https:\/\/www.aramon.com\/blog\/wp-json\/wp\/v2\/media?parent=20479"}],"wp:term":[{"taxonomy":"category","embeddable":true,"href":"https:\/\/www.aramon.com\/blog\/wp-json\/wp\/v2\/categories?post=20479"},{"taxonomy":"post_tag","embeddable":true,"href":"https:\/\/www.aramon.com\/blog\/wp-json\/wp\/v2\/tags?post=20479"}],"curies":[{"name":"wp","href":"https:\/\/api.w.org\/{rel}","templated":true}]}}