{"id":20498,"date":"2024-04-01T07:53:47","date_gmt":"2024-04-01T07:53:47","guid":{"rendered":"https:\/\/www.aramon.com\/blog\/?p=20498"},"modified":"2024-04-01T13:28:51","modified_gmt":"2024-04-01T13:28:51","slug":"ultima-llamada-para-la-diversion-ii-edicion-del-vive-latino-snow-weekend-y-bajada-tropical-para-despedir-la-temporada-23-24-en-formigal-panticosa","status":"publish","type":"post","link":"https:\/\/www.aramon.com\/blog\/ultima-llamada-para-la-diversion-ii-edicion-del-vive-latino-snow-weekend-y-bajada-tropical-para-despedir-la-temporada-23-24-en-formigal-panticosa\/","title":{"rendered":"Despide la temporada en la estaci\u00f3n de Formigal-Panticosa con la II Edici\u00f3n del Vive Latino Snow Weekend y la Water slide"},"content":{"rendered":"\n<p><\/p>\n\n\n\n<h2 class=\"wp-block-heading\">Programaci\u00f3n del 6 de abril en Formigal-Panticosa<\/h2>\n\n\n\n<p>\u00a1La <strong>temporada 23-24<\/strong> en la estaci\u00f3n de esqu\u00ed de Formigal-Panticosa est\u00e1 llegando a su fin, y qu\u00e9 mejor manera de despedirla que con una jornada llena de eventos, diversi\u00f3n y entretenimiento inolvidable! El d\u00eda 6 de abril promete ser \u00e9pico. Aqu\u00ed te presentamos la programaci\u00f3n que no te puedes perder.<\/p>\n\n\n\n<p><\/p>\n\n\n\n<h2 class=\"wp-block-heading\">Bajada tropical y Water Slide en Anayet<\/h2>\n\n\n\n<p>11:30h. <strong>Bajada Tropical<\/strong> desde la llegada del TS Anayet. Despide la temporada con la ya tradicional \u00abBajada tropical\u00bb. Una experiencia \u00fanica para disfrutar en las pistas. <\/p>\n\n\n\n<p>11:45 h. &#8211; 13:30 h. &#8211; <strong>Water Slide<\/strong> en Anayet, Zona Cintas \u00a1La diversi\u00f3n continua! Una emocionante actividad para disfrutar en compa\u00f1\u00eda de amigos y familia. <\/p>\n\n\n\n<p><\/p>\n\n\n\n<h2 class=\"wp-block-heading\">Carlos Jean en Caba\u00f1a Garmet Lounge <\/h2>\n\n\n\n<p>13:30 h. &#8211; <strong>Caba\u00f1a Garmet Lounge Carlos Jean<\/strong> Disfruta de la m\u00fasica en vivo con Carlos Jean mientras te deleitas con una deliciosa oferta y unas incre\u00edbles vistas en la terraza.<\/p>\n\n\n\n<p><\/p>\n\n\n\n<h2 class=\"wp-block-heading\">II Vive Latino Snow Weekend &#8211; La Pegatina<\/h2>\n\n\n\n<p>16:30 h. &#8211;<strong> Marchica<\/strong> No te pierdas el mejor apr\u00e8s-ski del sur de Europa en Marchica. Baila y vibra al ritmo de la m\u00fasica mientras disfrutas de un ambiente \u00fanico al aire libre, acompa\u00f1ado de los mejores DJs y grupos internacionales. <\/p>\n\n\n\n<p>18:30 h. &#8211; <strong>Concierto: II Vive Latino Snow Weekend con La Pegatina.<\/strong> \u00danete al Vive Latino Snow Weekend con La Pegatina. Disfruta de su energ\u00eda divertida y contagiosa en un concierto abierto al p\u00fablico en el apr\u00e8s-ski de Marchica. \u00a1Una experiencia musical que no querr\u00e1s perderte! <\/p>\n\n\n\n<p>Consigue tu invitaci\u00f3n al evento: <a href=\"https:\/\/www.formigal-panticosa.com\/m-experience\/marchica#events\/ii-vive-latino-snow-weekend---la-pegatina-06-04-2024-BIM9\/tickets\/Oltmz0i610ceg018vh2dk84dazmBAYJJ\" target=\"_blank\" rel=\"noreferrer noopener\">Ap\u00fantate a la lista<\/a><\/p>\n\n\n\n<figure class=\"wp-block-gallery has-nested-images columns-default is-cropped wp-block-gallery-1 is-layout-flex wp-block-gallery-is-layout-flex\">\n<figure class=\"wp-block-image size-large\"><img loading=\"lazy\" decoding=\"async\" width=\"1024\" height=\"576\" data-id=\"20480\" src=\"https:\/\/www.aramon.com\/blog\/wp-content\/uploads\/2024\/03\/FOTO-PERIODICO-VIVE-LATINO-2-1024x576.jpg\" alt=\"\" class=\"wp-image-20480\" srcset=\"https:\/\/www.aramon.com\/blog\/wp-content\/uploads\/2024\/03\/FOTO-PERIODICO-VIVE-LATINO-2-1024x576.jpg 1024w, https:\/\/www.aramon.com\/blog\/wp-content\/uploads\/2024\/03\/FOTO-PERIODICO-VIVE-LATINO-2-300x169.jpg 300w, https:\/\/www.aramon.com\/blog\/wp-content\/uploads\/2024\/03\/FOTO-PERIODICO-VIVE-LATINO-2-768x432.jpg 768w, https:\/\/www.aramon.com\/blog\/wp-content\/uploads\/2024\/03\/FOTO-PERIODICO-VIVE-LATINO-2-1536x864.jpg 1536w\" sizes=\"(max-width: 1024px) 100vw, 1024px\" \/><\/figure>\n<\/figure>\n\n\n\n<p><\/p>\n\n\n\n<h2 class=\"wp-block-heading\">Restaurante M The Club con Leo Susana<\/h2>\n\n\n\n<p>Termina la jornada disfrutando de la mejor gastronom\u00eda acompa\u00f1ada de m\u00fasica en vivo en M The Club. Una experiencia que combina elegancia, ambiente \u00edntimo y entretenimiento de calidad. <\/p>\n\n\n\n<p>22:30 h. &#8211; Disfruta de la m\u00fasica en directo amenizada con Leo Susana<\/p>\n\n\n\n<p><a href=\"https:\/\/www.formigal-panticosa.com\/m-experience\/m-the-club\" target=\"_blank\" rel=\"noreferrer noopener\">Reserva tu mesa en el restaurante <\/a><\/p>\n\n\n\n<figure class=\"wp-block-gallery has-nested-images columns-default is-cropped wp-block-gallery-2 is-layout-flex wp-block-gallery-is-layout-flex\">\n<figure class=\"wp-block-image size-large\"><img loading=\"lazy\" decoding=\"async\" width=\"1024\" height=\"683\" data-id=\"20506\" src=\"https:\/\/www.aramon.com\/blog\/wp-content\/uploads\/2024\/04\/CANTAOR-M-THE-CLUB-MEXPERIENCE-20-01-2024-1024x683.jpg\" alt=\"\" class=\"wp-image-20506\" srcset=\"https:\/\/www.aramon.com\/blog\/wp-content\/uploads\/2024\/04\/CANTAOR-M-THE-CLUB-MEXPERIENCE-20-01-2024-1024x683.jpg 1024w, https:\/\/www.aramon.com\/blog\/wp-content\/uploads\/2024\/04\/CANTAOR-M-THE-CLUB-MEXPERIENCE-20-01-2024-300x200.jpg 300w, https:\/\/www.aramon.com\/blog\/wp-content\/uploads\/2024\/04\/CANTAOR-M-THE-CLUB-MEXPERIENCE-20-01-2024-768x512.jpg 768w, https:\/\/www.aramon.com\/blog\/wp-content\/uploads\/2024\/04\/CANTAOR-M-THE-CLUB-MEXPERIENCE-20-01-2024-1536x1024.jpg 1536w, https:\/\/www.aramon.com\/blog\/wp-content\/uploads\/2024\/04\/CANTAOR-M-THE-CLUB-MEXPERIENCE-20-01-2024-2048x1365.jpg 2048w\" sizes=\"(max-width: 1024px) 100vw, 1024px\" \/><\/figure>\n<\/figure>\n\n\n\n<p><\/p>\n\n\n\n<h2 class=\"wp-block-heading\">Closing M Big Room by Valcar<\/h2>\n\n\n\n<p>23:00 h. &#8211; <strong>M Big Room: \u00abClosing\u00bb by VALCAR <\/strong>Cierra este viaje de M Experience de la mejor manera en el \u00abClosing\u00bb de M Big Room. Una noche para recordar en la mejor sala del Valle de Tena. <\/p>\n\n\n\n<p><a href=\"https:\/\/www.formigal-panticosa.com\/m-experience\/m-big-room\" target=\"_blank\" rel=\"noreferrer noopener\">Consigue tu entrada para el gran closing <\/a><\/p>\n","protected":false},"excerpt":{"rendered":"<p>La Temporada 23-24 llega a su fin con una jornada llena de eventos y la programaci\u00f3n m\u00e1s divertida y explosiva para despedirnos por todo lo alto. <\/p>\n","protected":false},"author":2,"featured_media":20501,"comment_status":"closed","ping_status":"closed","sticky":false,"template":"","format":"standard","meta":{"_acf_changed":false,"footnotes":""},"categories":[1,307],"tags":[],"acf":[],"yoast_head":"<!-- This site is optimized with the Yoast SEO plugin v22.5 - https:\/\/yoast.com\/wordpress\/plugins\/seo\/ -->\n<title>Despide la temporada en la estaci\u00f3n de Formigal-Panticosa con la II Edici\u00f3n del Vive Latino Snow Weekend y la Water slide - Blog Oficial del Grupo ARAM\u00d3N<\/title>\n<meta name=\"description\" content=\"\u00a1\u00daltima llamada para la diversi\u00f3n! II Edici\u00f3n del Vive Latino Snow Weekend y Bajada Tropical para despedir la Temporada 23-24 en Formigal-Panticosa\" \/>\n<meta name=\"robots\" content=\"index, follow, max-snippet:-1, max-image-preview:large, max-video-preview:-1\" \/>\n<link rel=\"canonical\" href=\"https:\/\/www.aramon.com\/blog\/ultima-llamada-para-la-diversion-ii-edicion-del-vive-latino-snow-weekend-y-bajada-tropical-para-despedir-la-temporada-23-24-en-formigal-panticosa\/\" \/>\n<meta property=\"og:locale\" content=\"es_ES\" \/>\n<meta property=\"og:type\" content=\"article\" \/>\n<meta property=\"og:title\" content=\"Despide la temporada en la estaci\u00f3n de Formigal-Panticosa con la II Edici\u00f3n del Vive Latino Snow Weekend y la Water slide - Blog Oficial del Grupo ARAM\u00d3N\" \/>\n<meta property=\"og:description\" content=\"\u00a1\u00daltima llamada para la diversi\u00f3n! II Edici\u00f3n del Vive Latino Snow Weekend y Bajada Tropical para despedir la Temporada 23-24 en Formigal-Panticosa\" \/>\n<meta property=\"og:url\" content=\"https:\/\/www.aramon.com\/blog\/ultima-llamada-para-la-diversion-ii-edicion-del-vive-latino-snow-weekend-y-bajada-tropical-para-despedir-la-temporada-23-24-en-formigal-panticosa\/\" \/>\n<meta property=\"og:site_name\" content=\"Blog Oficial del Grupo ARAM\u00d3N\" \/>\n<meta property=\"article:published_time\" content=\"2024-04-01T07:53:47+00:00\" \/>\n<meta property=\"article:modified_time\" content=\"2024-04-01T13:28:51+00:00\" \/>\n<meta property=\"og:image\" content=\"https:\/\/www.aramon.com\/blog\/wp-content\/uploads\/2024\/04\/VIVE-LATINO-Snow-Weekend-Eventos-Formigal-Temp-22-23-42-scaled.jpg\" \/>\n\t<meta property=\"og:image:width\" content=\"2560\" \/>\n\t<meta property=\"og:image:height\" content=\"1710\" \/>\n\t<meta property=\"og:image:type\" content=\"image\/jpeg\" \/>\n<meta name=\"author\" content=\"aramon\" \/>\n<meta name=\"twitter:card\" content=\"summary_large_image\" \/>\n<meta name=\"twitter:label1\" content=\"Escrito por\" \/>\n\t<meta name=\"twitter:data1\" content=\"aramon\" \/>\n\t<meta name=\"twitter:label2\" content=\"Tiempo de lectura\" \/>\n\t<meta name=\"twitter:data2\" content=\"3 minutos\" \/>\n<script type=\"application\/ld+json\" class=\"yoast-schema-graph\">{\"@context\":\"https:\/\/schema.org\",\"@graph\":[{\"@type\":\"WebPage\",\"@id\":\"https:\/\/www.aramon.com\/blog\/ultima-llamada-para-la-diversion-ii-edicion-del-vive-latino-snow-weekend-y-bajada-tropical-para-despedir-la-temporada-23-24-en-formigal-panticosa\/\",\"url\":\"https:\/\/www.aramon.com\/blog\/ultima-llamada-para-la-diversion-ii-edicion-del-vive-latino-snow-weekend-y-bajada-tropical-para-despedir-la-temporada-23-24-en-formigal-panticosa\/\",\"name\":\"Despide la temporada en la estaci\u00f3n de Formigal-Panticosa con la II Edici\u00f3n del Vive Latino Snow Weekend y la Water slide - Blog Oficial del Grupo ARAM\u00d3N\",\"isPartOf\":{\"@id\":\"https:\/\/www.aramon.com\/blog\/#website\"},\"primaryImageOfPage\":{\"@id\":\"https:\/\/www.aramon.com\/blog\/ultima-llamada-para-la-diversion-ii-edicion-del-vive-latino-snow-weekend-y-bajada-tropical-para-despedir-la-temporada-23-24-en-formigal-panticosa\/#primaryimage\"},\"image\":{\"@id\":\"https:\/\/www.aramon.com\/blog\/ultima-llamada-para-la-diversion-ii-edicion-del-vive-latino-snow-weekend-y-bajada-tropical-para-despedir-la-temporada-23-24-en-formigal-panticosa\/#primaryimage\"},\"thumbnailUrl\":\"https:\/\/www.aramon.com\/blog\/wp-content\/uploads\/2024\/04\/VIVE-LATINO-Snow-Weekend-Eventos-Formigal-Temp-22-23-42-scaled.jpg\",\"datePublished\":\"2024-04-01T07:53:47+00:00\",\"dateModified\":\"2024-04-01T13:28:51+00:00\",\"author\":{\"@id\":\"https:\/\/www.aramon.com\/blog\/#\/schema\/person\/9429ffb451d657ab98f0ca1b364eeef3\"},\"description\":\"\u00a1\u00daltima llamada para la diversi\u00f3n! II Edici\u00f3n del Vive Latino Snow Weekend y Bajada Tropical para despedir la Temporada 23-24 en Formigal-Panticosa\",\"inLanguage\":\"es\",\"potentialAction\":[{\"@type\":\"ReadAction\",\"target\":[\"https:\/\/www.aramon.com\/blog\/ultima-llamada-para-la-diversion-ii-edicion-del-vive-latino-snow-weekend-y-bajada-tropical-para-despedir-la-temporada-23-24-en-formigal-panticosa\/\"]}]},{\"@type\":\"ImageObject\",\"inLanguage\":\"es\",\"@id\":\"https:\/\/www.aramon.com\/blog\/ultima-llamada-para-la-diversion-ii-edicion-del-vive-latino-snow-weekend-y-bajada-tropical-para-despedir-la-temporada-23-24-en-formigal-panticosa\/#primaryimage\",\"url\":\"https:\/\/www.aramon.com\/blog\/wp-content\/uploads\/2024\/04\/VIVE-LATINO-Snow-Weekend-Eventos-Formigal-Temp-22-23-42-scaled.jpg\",\"contentUrl\":\"https:\/\/www.aramon.com\/blog\/wp-content\/uploads\/2024\/04\/VIVE-LATINO-Snow-Weekend-Eventos-Formigal-Temp-22-23-42-scaled.jpg\",\"width\":2560,\"height\":1710},{\"@type\":\"WebSite\",\"@id\":\"https:\/\/www.aramon.com\/blog\/#website\",\"url\":\"https:\/\/www.aramon.com\/blog\/\",\"name\":\"Blog Oficial del Grupo ARAM\u00d3N\",\"description\":\"Blog Oficial del Grupo Aram\u00f3n sobre estaciones de esqu\u00ed, monta\u00f1ismo, deportes de aventura y m\u00e1s en Arag\u00f3n.\",\"potentialAction\":[{\"@type\":\"SearchAction\",\"target\":{\"@type\":\"EntryPoint\",\"urlTemplate\":\"https:\/\/www.aramon.com\/blog\/?s={search_term_string}\"},\"query-input\":\"required name=search_term_string\"}],\"inLanguage\":\"es\"},{\"@type\":\"Person\",\"@id\":\"https:\/\/www.aramon.com\/blog\/#\/schema\/person\/9429ffb451d657ab98f0ca1b364eeef3\",\"name\":\"aramon\",\"image\":{\"@type\":\"ImageObject\",\"inLanguage\":\"es\",\"@id\":\"https:\/\/www.aramon.com\/blog\/#\/schema\/person\/image\/\",\"url\":\"https:\/\/secure.gravatar.com\/avatar\/d5fd0ede392e1af0e414b87f7568b4d5?s=96&d=mm&r=g\",\"contentUrl\":\"https:\/\/secure.gravatar.com\/avatar\/d5fd0ede392e1af0e414b87f7568b4d5?s=96&d=mm&r=g\",\"caption\":\"aramon\"},\"url\":\"https:\/\/www.aramon.com\/blog\/author\/aramon\/\"}]}<\/script>\n<!-- \/ Yoast SEO plugin. -->","yoast_head_json":{"title":"Despide la temporada en la estaci\u00f3n de Formigal-Panticosa con la II Edici\u00f3n del Vive Latino Snow Weekend y la Water slide - Blog Oficial del Grupo ARAM\u00d3N","description":"\u00a1\u00daltima llamada para la diversi\u00f3n! II Edici\u00f3n del Vive Latino Snow Weekend y Bajada Tropical para despedir la Temporada 23-24 en Formigal-Panticosa","robots":{"index":"index","follow":"follow","max-snippet":"max-snippet:-1","max-image-preview":"max-image-preview:large","max-video-preview":"max-video-preview:-1"},"canonical":"https:\/\/www.aramon.com\/blog\/ultima-llamada-para-la-diversion-ii-edicion-del-vive-latino-snow-weekend-y-bajada-tropical-para-despedir-la-temporada-23-24-en-formigal-panticosa\/","og_locale":"es_ES","og_type":"article","og_title":"Despide la temporada en la estaci\u00f3n de Formigal-Panticosa con la II Edici\u00f3n del Vive Latino Snow Weekend y la Water slide - Blog Oficial del Grupo ARAM\u00d3N","og_description":"\u00a1\u00daltima llamada para la diversi\u00f3n! II Edici\u00f3n del Vive Latino Snow Weekend y Bajada Tropical para despedir la Temporada 23-24 en Formigal-Panticosa","og_url":"https:\/\/www.aramon.com\/blog\/ultima-llamada-para-la-diversion-ii-edicion-del-vive-latino-snow-weekend-y-bajada-tropical-para-despedir-la-temporada-23-24-en-formigal-panticosa\/","og_site_name":"Blog Oficial del Grupo ARAM\u00d3N","article_published_time":"2024-04-01T07:53:47+00:00","article_modified_time":"2024-04-01T13:28:51+00:00","og_image":[{"width":2560,"height":1710,"url":"https:\/\/www.aramon.com\/blog\/wp-content\/uploads\/2024\/04\/VIVE-LATINO-Snow-Weekend-Eventos-Formigal-Temp-22-23-42-scaled.jpg","type":"image\/jpeg"}],"author":"aramon","twitter_card":"summary_large_image","twitter_misc":{"Escrito por":"aramon","Tiempo de lectura":"3 minutos"},"schema":{"@context":"https:\/\/schema.org","@graph":[{"@type":"WebPage","@id":"https:\/\/www.aramon.com\/blog\/ultima-llamada-para-la-diversion-ii-edicion-del-vive-latino-snow-weekend-y-bajada-tropical-para-despedir-la-temporada-23-24-en-formigal-panticosa\/","url":"https:\/\/www.aramon.com\/blog\/ultima-llamada-para-la-diversion-ii-edicion-del-vive-latino-snow-weekend-y-bajada-tropical-para-despedir-la-temporada-23-24-en-formigal-panticosa\/","name":"Despide la temporada en la estaci\u00f3n de Formigal-Panticosa con la II Edici\u00f3n del Vive Latino Snow Weekend y la Water slide - Blog Oficial del Grupo ARAM\u00d3N","isPartOf":{"@id":"https:\/\/www.aramon.com\/blog\/#website"},"primaryImageOfPage":{"@id":"https:\/\/www.aramon.com\/blog\/ultima-llamada-para-la-diversion-ii-edicion-del-vive-latino-snow-weekend-y-bajada-tropical-para-despedir-la-temporada-23-24-en-formigal-panticosa\/#primaryimage"},"image":{"@id":"https:\/\/www.aramon.com\/blog\/ultima-llamada-para-la-diversion-ii-edicion-del-vive-latino-snow-weekend-y-bajada-tropical-para-despedir-la-temporada-23-24-en-formigal-panticosa\/#primaryimage"},"thumbnailUrl":"https:\/\/www.aramon.com\/blog\/wp-content\/uploads\/2024\/04\/VIVE-LATINO-Snow-Weekend-Eventos-Formigal-Temp-22-23-42-scaled.jpg","datePublished":"2024-04-01T07:53:47+00:00","dateModified":"2024-04-01T13:28:51+00:00","author":{"@id":"https:\/\/www.aramon.com\/blog\/#\/schema\/person\/9429ffb451d657ab98f0ca1b364eeef3"},"description":"\u00a1\u00daltima llamada para la diversi\u00f3n! II Edici\u00f3n del Vive Latino Snow Weekend y Bajada Tropical para despedir la Temporada 23-24 en Formigal-Panticosa","inLanguage":"es","potentialAction":[{"@type":"ReadAction","target":["https:\/\/www.aramon.com\/blog\/ultima-llamada-para-la-diversion-ii-edicion-del-vive-latino-snow-weekend-y-bajada-tropical-para-despedir-la-temporada-23-24-en-formigal-panticosa\/"]}]},{"@type":"ImageObject","inLanguage":"es","@id":"https:\/\/www.aramon.com\/blog\/ultima-llamada-para-la-diversion-ii-edicion-del-vive-latino-snow-weekend-y-bajada-tropical-para-despedir-la-temporada-23-24-en-formigal-panticosa\/#primaryimage","url":"https:\/\/www.aramon.com\/blog\/wp-content\/uploads\/2024\/04\/VIVE-LATINO-Snow-Weekend-Eventos-Formigal-Temp-22-23-42-scaled.jpg","contentUrl":"https:\/\/www.aramon.com\/blog\/wp-content\/uploads\/2024\/04\/VIVE-LATINO-Snow-Weekend-Eventos-Formigal-Temp-22-23-42-scaled.jpg","width":2560,"height":1710},{"@type":"WebSite","@id":"https:\/\/www.aramon.com\/blog\/#website","url":"https:\/\/www.aramon.com\/blog\/","name":"Blog Oficial del Grupo ARAM\u00d3N","description":"Blog Oficial del Grupo Aram\u00f3n sobre estaciones de esqu\u00ed, monta\u00f1ismo, deportes de aventura y m\u00e1s en Arag\u00f3n.","potentialAction":[{"@type":"SearchAction","target":{"@type":"EntryPoint","urlTemplate":"https:\/\/www.aramon.com\/blog\/?s={search_term_string}"},"query-input":"required name=search_term_string"}],"inLanguage":"es"},{"@type":"Person","@id":"https:\/\/www.aramon.com\/blog\/#\/schema\/person\/9429ffb451d657ab98f0ca1b364eeef3","name":"aramon","image":{"@type":"ImageObject","inLanguage":"es","@id":"https:\/\/www.aramon.com\/blog\/#\/schema\/person\/image\/","url":"https:\/\/secure.gravatar.com\/avatar\/d5fd0ede392e1af0e414b87f7568b4d5?s=96&d=mm&r=g","contentUrl":"https:\/\/secure.gravatar.com\/avatar\/d5fd0ede392e1af0e414b87f7568b4d5?s=96&d=mm&r=g","caption":"aramon"},"url":"https:\/\/www.aramon.com\/blog\/author\/aramon\/"}]}},"_links":{"self":[{"href":"https:\/\/www.aramon.com\/blog\/wp-json\/wp\/v2\/posts\/20498"}],"collection":[{"href":"https:\/\/www.aramon.com\/blog\/wp-json\/wp\/v2\/posts"}],"about":[{"href":"https:\/\/www.aramon.com\/blog\/wp-json\/wp\/v2\/types\/post"}],"author":[{"embeddable":true,"href":"https:\/\/www.aramon.com\/blog\/wp-json\/wp\/v2\/users\/2"}],"replies":[{"embeddable":true,"href":"https:\/\/www.aramon.com\/blog\/wp-json\/wp\/v2\/comments?post=20498"}],"version-history":[{"count":9,"href":"https:\/\/www.aramon.com\/blog\/wp-json\/wp\/v2\/posts\/20498\/revisions"}],"predecessor-version":[{"id":20514,"href":"https:\/\/www.aramon.com\/blog\/wp-json\/wp\/v2\/posts\/20498\/revisions\/20514"}],"wp:featuredmedia":[{"embeddable":true,"href":"https:\/\/www.aramon.com\/blog\/wp-json\/wp\/v2\/media\/20501"}],"wp:attachment":[{"href":"https:\/\/www.aramon.com\/blog\/wp-json\/wp\/v2\/media?parent=20498"}],"wp:term":[{"taxonomy":"category","embeddable":true,"href":"https:\/\/www.aramon.com\/blog\/wp-json\/wp\/v2\/categories?post=20498"},{"taxonomy":"post_tag","embeddable":true,"href":"https:\/\/www.aramon.com\/blog\/wp-json\/wp\/v2\/tags?post=20498"}],"curies":[{"name":"wp","href":"https:\/\/api.w.org\/{rel}","templated":true}]}}