{"id":20810,"date":"2024-06-05T07:33:36","date_gmt":"2024-06-05T07:33:36","guid":{"rendered":"https:\/\/www.aramon.com\/blog\/?p=20810"},"modified":"2024-06-05T07:33:36","modified_gmt":"2024-06-05T07:33:36","slug":"el-6-de-julio-arranca-la-temporada-estival-en-las-estaciones-del-grupo-aramon","status":"publish","type":"post","link":"https:\/\/www.aramon.com\/blog\/el-6-de-julio-arranca-la-temporada-estival-en-las-estaciones-del-grupo-aramon\/","title":{"rendered":"El 6 de julio arranca la temporada estival en las estaciones del Grupo Aram\u00f3n"},"content":{"rendered":"\n<h2 class=\"wp-block-heading\"><strong>Los valles de Tena y Benasque se convierten en un destino ideal para las vacaciones de verano, pudiendo disfrutar de este entorno hasta el 1 de septiembre<\/strong><\/h2>\n\n\n\n<p>El Grupo Aram\u00f3n arranca con su oferta de verano el pr\u00f3ximo s\u00e1bado 6 de julio.\u00a0 Disfrutar de la naturaleza, subir al Pico Cogulla o al mirador del Rinc\u00f3n del Cielo acompa\u00f1ado de un gu\u00eda, descubrir los ibones de Asnos y Sabocos de la mano de un gran conocedor de la monta\u00f1a, o degustar una parrillada a casi 2000 metros de altitud. <a href=\"https:\/\/www.aramon.com\/?_ga=2.241394817.2063117198.1623144628-1838698197.1623144628\">Aram\u00f3n<\/a> prepara la temporada estival en Cerler y Panticosa, la cual arranca en unas semanas y se podr\u00e1 disfrutar hasta el 1 de septiembre.<\/p>\n\n\n\n<p><strong><u>Convi\u00e9rtete en monta\u00f1ero<\/u><\/strong><\/p>\n\n\n\n<p>El Pico Cogulla, el mirador de Rinc\u00f3n del Cielo y el collado de Sarrau ser\u00e1n los destinos del programa Convi\u00e9rtete en Monta\u00f1ero en Cerler, mientras que en Panticosa, los protagonistas volver\u00e1n a ser un a\u00f1o m\u00e1s los ibones de <strong>Asnos y Sabocos<\/strong>. Son excursiones sencillas en las que, los que se acerquen a las estaciones de Aram\u00f3n podr\u00e1n disfrutar de la mano de un gu\u00eda de monta\u00f1a. Y es que \u2018Convi\u00e9rtete en Monta\u00f1ero\u2019 pretende acercar estos parajes a los visitantes con menos experiencia de una forma segura, si bien tambi\u00e9n es una actividad atractiva para aquellos que, habiendo dado ya sus primeros pasos de senderismo quieran conocer un poco m\u00e1s de la flora y fauna de estas monta\u00f1as.<\/p>\n\n\n\n<p>La experiencia es gratuita para quienes adquieran el ticket de la telecabina de Panticosa o del telesilla El Molino de Cerler, siendo necesario apuntarse antes de comenzar la misma hasta completar aforo. En <a href=\"https:\/\/www.formigal-panticosa.com\/conviertete-en-montanero-formigal-panticosa.html\">Panticosa<\/a>, se desarrolla todos los d\u00edas, mientras que en <a href=\"https:\/\/www.cerler.com\/conviertete-en-montanero-cerler.html\">Cerler<\/a> se lleva a cabo los lunes, mi\u00e9rcoles, viernes y s\u00e1bados.<\/p>\n\n\n\n<p><strong><u>Peque\u00f1os Gigantes<\/u><\/strong><\/p>\n\n\n\n<p>Y para los m\u00e1s peque\u00f1os, un a\u00f1o m\u00e1s contamos con <a href=\"https:\/\/www.cerler.com\/pequenos-gigantes-cerler.html\">Peque\u00f1os Gigantes en Cerler. <\/a>&nbsp;Se trata de divertidos talleres de iniciaci\u00f3n al monta\u00f1ismo y la naturaleza para que los peque\u00f1os se aficionen a la monta\u00f1a.<\/p>\n\n\n\n<p>Adem\u00e1s de las actividades organizadas, los visitantes pueden optar tambi\u00e9n por realizar excursiones libres en estos parajes, descensos de BTT, recorridos de trail running o disfrutar del viaje panor\u00e1mico en remonte y una buena parrillada al pie de algunos de los picos m\u00e1s altos del Pirineo.<\/p>\n\n\n\n<p><strong><u>Una restauraci\u00f3n de altura<\/u><\/strong><\/p>\n\n\n\n<p>En Cerler se pondr\u00e1 en marcha Rem\u00e1scaro, punto de partida, que abrir\u00e1 hasta las 18.00h para que los visitantes puedan despedir la tarde en plena naturaleza, a los pies de los gigantes del Pirineo; as\u00ed como el restaurante panor\u00e1mico El Bosque para disfrutar en un entorno fresco y espectacular. En el caso de Panticosa funcionar\u00e1 la cafeter\u00eda de Petrosos y su terraza, el lugar ideal para disfrutar de las espectaculares monta\u00f1as del valle de Tena.<\/p>\n\n\n\n<p><strong><u>Panticosa destino de BTT<\/u><\/strong><\/p>\n\n\n\n<p>Todo esto ser\u00e1 el complemento perfecto para otras actividades potenciadas por estos destinos tur\u00edsticos durante el verano, eventos deportivos y culturales que convierten a estos valles de monta\u00f1a en un gran atractivo para las escapadas del verano: Pirineos Sur, el Festival Tocando el Cielo, la Trail Aneto-Posets, el Trail Valle de Tena, una <strong>prueba de Copa de Europa de DHI en Panticosa.<\/strong> De esta forma, Panticosa<strong> apuesta por el descenso a nivel internacional.<\/strong>&nbsp;En el pasado, Panticosa fue sede de una Copa del Mundo de descenso en 1996 y ha acogido varias pruebas de la Copa de Espa\u00f1a y el Campeonato de Espa\u00f1a. La celebraci\u00f3n de la IXS European Downhill Cup en Panticosa es solo el primer paso en la estrategia de promoci\u00f3n de Panticosa como&nbsp;<strong>destino internacional de mountain bike,&nbsp;<\/strong>especialmente del descenso.<\/p>\n\n\n\n<p>La experiencia en las monta\u00f1as de Arag\u00f3n puede ser m\u00e1s completa con las propuestas de la agencia <a href=\"https:\/\/www.aramon.com\/\">Viajes Aram\u00f3n<\/a> que incluyen ofertas y ventajas como los pases a la telecabina de Panticosa o al telesilla El Molino de forma gratuita. Adem\u00e1s de las opciones de alojamiento, ofrece diversas actividades para organizar unas vacaciones inolvidables para toda la familia.<\/p>\n\n\n\n<p><\/p>\n\n\n\n<figure class=\"wp-block-embed is-type-video is-provider-youtube wp-block-embed-youtube wp-embed-aspect-16-9 wp-has-aspect-ratio\"><div class=\"wp-block-embed__wrapper\">\n<iframe loading=\"lazy\" title=\"Verano 2024 Aram\u00f3n | Grupo Aram\u00f3n\" width=\"1170\" height=\"658\" src=\"https:\/\/www.youtube.com\/embed\/YyMra5chNKU?feature=oembed\" frameborder=\"0\" allow=\"accelerometer; autoplay; clipboard-write; encrypted-media; gyroscope; picture-in-picture; web-share\" referrerpolicy=\"strict-origin-when-cross-origin\" allowfullscreen><\/iframe>\n<\/div><\/figure>\n\n\n\n<p><\/p>\n","protected":false},"excerpt":{"rendered":"<p>La Telecabina de Aram\u00f3n Formigal-Panticosa y el Telesilla El Molino en Aram\u00f3n Cerler inauguran su temporada de verano el pr\u00f3ximo s\u00e1bado 6 de julio.<\/p>\n","protected":false},"author":2,"featured_media":20811,"comment_status":"closed","ping_status":"closed","sticky":false,"template":"","format":"standard","meta":{"_acf_changed":false,"footnotes":""},"categories":[1,303,307],"tags":[25,26,30,33],"acf":[],"yoast_head":"<!-- This site is optimized with the Yoast SEO plugin v22.5 - https:\/\/yoast.com\/wordpress\/plugins\/seo\/ -->\n<title>El 6 de julio arranca la temporada estival en las estaciones del Grupo Aram\u00f3n - Blog Oficial del Grupo ARAM\u00d3N<\/title>\n<meta name=\"description\" content=\"El 6 de julio arranca la temporada estival en las estaciones del Grupo Aram\u00f3n\" \/>\n<meta name=\"robots\" content=\"index, follow, max-snippet:-1, max-image-preview:large, max-video-preview:-1\" \/>\n<link rel=\"canonical\" href=\"https:\/\/www.aramon.com\/blog\/el-6-de-julio-arranca-la-temporada-estival-en-las-estaciones-del-grupo-aramon\/\" \/>\n<meta property=\"og:locale\" content=\"es_ES\" \/>\n<meta property=\"og:type\" content=\"article\" \/>\n<meta property=\"og:title\" content=\"El 6 de julio arranca la temporada estival en las estaciones del Grupo Aram\u00f3n - Blog Oficial del Grupo ARAM\u00d3N\" \/>\n<meta property=\"og:description\" content=\"El 6 de julio arranca la temporada estival en las estaciones del Grupo Aram\u00f3n\" \/>\n<meta property=\"og:url\" content=\"https:\/\/www.aramon.com\/blog\/el-6-de-julio-arranca-la-temporada-estival-en-las-estaciones-del-grupo-aramon\/\" \/>\n<meta property=\"og:site_name\" content=\"Blog Oficial del Grupo ARAM\u00d3N\" \/>\n<meta property=\"article:published_time\" content=\"2024-06-05T07:33:36+00:00\" \/>\n<meta property=\"og:image\" content=\"https:\/\/www.aramon.com\/blog\/wp-content\/uploads\/2024\/06\/FAMILIA-VERANO-SABOCOS-1-scaled-e1717505358122.jpg\" \/>\n\t<meta property=\"og:image:width\" content=\"2560\" \/>\n\t<meta property=\"og:image:height\" content=\"1075\" \/>\n\t<meta property=\"og:image:type\" content=\"image\/jpeg\" \/>\n<meta name=\"author\" content=\"aramon\" \/>\n<meta name=\"twitter:card\" content=\"summary_large_image\" \/>\n<meta name=\"twitter:label1\" content=\"Escrito por\" \/>\n\t<meta name=\"twitter:data1\" content=\"aramon\" \/>\n\t<meta name=\"twitter:label2\" content=\"Tiempo de lectura\" \/>\n\t<meta name=\"twitter:data2\" content=\"4 minutos\" \/>\n<script type=\"application\/ld+json\" class=\"yoast-schema-graph\">{\"@context\":\"https:\/\/schema.org\",\"@graph\":[{\"@type\":\"WebPage\",\"@id\":\"https:\/\/www.aramon.com\/blog\/el-6-de-julio-arranca-la-temporada-estival-en-las-estaciones-del-grupo-aramon\/\",\"url\":\"https:\/\/www.aramon.com\/blog\/el-6-de-julio-arranca-la-temporada-estival-en-las-estaciones-del-grupo-aramon\/\",\"name\":\"El 6 de julio arranca la temporada estival en las estaciones del Grupo Aram\u00f3n - Blog Oficial del Grupo ARAM\u00d3N\",\"isPartOf\":{\"@id\":\"https:\/\/www.aramon.com\/blog\/#website\"},\"primaryImageOfPage\":{\"@id\":\"https:\/\/www.aramon.com\/blog\/el-6-de-julio-arranca-la-temporada-estival-en-las-estaciones-del-grupo-aramon\/#primaryimage\"},\"image\":{\"@id\":\"https:\/\/www.aramon.com\/blog\/el-6-de-julio-arranca-la-temporada-estival-en-las-estaciones-del-grupo-aramon\/#primaryimage\"},\"thumbnailUrl\":\"https:\/\/www.aramon.com\/blog\/wp-content\/uploads\/2024\/06\/FAMILIA-VERANO-SABOCOS-1-scaled-e1717505358122.jpg\",\"datePublished\":\"2024-06-05T07:33:36+00:00\",\"dateModified\":\"2024-06-05T07:33:36+00:00\",\"author\":{\"@id\":\"https:\/\/www.aramon.com\/blog\/#\/schema\/person\/9429ffb451d657ab98f0ca1b364eeef3\"},\"description\":\"El 6 de julio arranca la temporada estival en las estaciones del Grupo Aram\u00f3n\",\"inLanguage\":\"es\",\"potentialAction\":[{\"@type\":\"ReadAction\",\"target\":[\"https:\/\/www.aramon.com\/blog\/el-6-de-julio-arranca-la-temporada-estival-en-las-estaciones-del-grupo-aramon\/\"]}]},{\"@type\":\"ImageObject\",\"inLanguage\":\"es\",\"@id\":\"https:\/\/www.aramon.com\/blog\/el-6-de-julio-arranca-la-temporada-estival-en-las-estaciones-del-grupo-aramon\/#primaryimage\",\"url\":\"https:\/\/www.aramon.com\/blog\/wp-content\/uploads\/2024\/06\/FAMILIA-VERANO-SABOCOS-1-scaled-e1717505358122.jpg\",\"contentUrl\":\"https:\/\/www.aramon.com\/blog\/wp-content\/uploads\/2024\/06\/FAMILIA-VERANO-SABOCOS-1-scaled-e1717505358122.jpg\",\"width\":2560,\"height\":1075},{\"@type\":\"WebSite\",\"@id\":\"https:\/\/www.aramon.com\/blog\/#website\",\"url\":\"https:\/\/www.aramon.com\/blog\/\",\"name\":\"Blog Oficial del Grupo ARAM\u00d3N\",\"description\":\"Blog Oficial del Grupo Aram\u00f3n sobre estaciones de esqu\u00ed, monta\u00f1ismo, deportes de aventura y m\u00e1s en Arag\u00f3n.\",\"potentialAction\":[{\"@type\":\"SearchAction\",\"target\":{\"@type\":\"EntryPoint\",\"urlTemplate\":\"https:\/\/www.aramon.com\/blog\/?s={search_term_string}\"},\"query-input\":\"required name=search_term_string\"}],\"inLanguage\":\"es\"},{\"@type\":\"Person\",\"@id\":\"https:\/\/www.aramon.com\/blog\/#\/schema\/person\/9429ffb451d657ab98f0ca1b364eeef3\",\"name\":\"aramon\",\"image\":{\"@type\":\"ImageObject\",\"inLanguage\":\"es\",\"@id\":\"https:\/\/www.aramon.com\/blog\/#\/schema\/person\/image\/\",\"url\":\"https:\/\/secure.gravatar.com\/avatar\/d5fd0ede392e1af0e414b87f7568b4d5?s=96&d=mm&r=g\",\"contentUrl\":\"https:\/\/secure.gravatar.com\/avatar\/d5fd0ede392e1af0e414b87f7568b4d5?s=96&d=mm&r=g\",\"caption\":\"aramon\"},\"url\":\"https:\/\/www.aramon.com\/blog\/author\/aramon\/\"}]}<\/script>\n<!-- \/ Yoast SEO plugin. -->","yoast_head_json":{"title":"El 6 de julio arranca la temporada estival en las estaciones del Grupo Aram\u00f3n - Blog Oficial del Grupo ARAM\u00d3N","description":"El 6 de julio arranca la temporada estival en las estaciones del Grupo Aram\u00f3n","robots":{"index":"index","follow":"follow","max-snippet":"max-snippet:-1","max-image-preview":"max-image-preview:large","max-video-preview":"max-video-preview:-1"},"canonical":"https:\/\/www.aramon.com\/blog\/el-6-de-julio-arranca-la-temporada-estival-en-las-estaciones-del-grupo-aramon\/","og_locale":"es_ES","og_type":"article","og_title":"El 6 de julio arranca la temporada estival en las estaciones del Grupo Aram\u00f3n - Blog Oficial del Grupo ARAM\u00d3N","og_description":"El 6 de julio arranca la temporada estival en las estaciones del Grupo Aram\u00f3n","og_url":"https:\/\/www.aramon.com\/blog\/el-6-de-julio-arranca-la-temporada-estival-en-las-estaciones-del-grupo-aramon\/","og_site_name":"Blog Oficial del Grupo ARAM\u00d3N","article_published_time":"2024-06-05T07:33:36+00:00","og_image":[{"width":2560,"height":1075,"url":"https:\/\/www.aramon.com\/blog\/wp-content\/uploads\/2024\/06\/FAMILIA-VERANO-SABOCOS-1-scaled-e1717505358122.jpg","type":"image\/jpeg"}],"author":"aramon","twitter_card":"summary_large_image","twitter_misc":{"Escrito por":"aramon","Tiempo de lectura":"4 minutos"},"schema":{"@context":"https:\/\/schema.org","@graph":[{"@type":"WebPage","@id":"https:\/\/www.aramon.com\/blog\/el-6-de-julio-arranca-la-temporada-estival-en-las-estaciones-del-grupo-aramon\/","url":"https:\/\/www.aramon.com\/blog\/el-6-de-julio-arranca-la-temporada-estival-en-las-estaciones-del-grupo-aramon\/","name":"El 6 de julio arranca la temporada estival en las estaciones del Grupo Aram\u00f3n - Blog Oficial del Grupo ARAM\u00d3N","isPartOf":{"@id":"https:\/\/www.aramon.com\/blog\/#website"},"primaryImageOfPage":{"@id":"https:\/\/www.aramon.com\/blog\/el-6-de-julio-arranca-la-temporada-estival-en-las-estaciones-del-grupo-aramon\/#primaryimage"},"image":{"@id":"https:\/\/www.aramon.com\/blog\/el-6-de-julio-arranca-la-temporada-estival-en-las-estaciones-del-grupo-aramon\/#primaryimage"},"thumbnailUrl":"https:\/\/www.aramon.com\/blog\/wp-content\/uploads\/2024\/06\/FAMILIA-VERANO-SABOCOS-1-scaled-e1717505358122.jpg","datePublished":"2024-06-05T07:33:36+00:00","dateModified":"2024-06-05T07:33:36+00:00","author":{"@id":"https:\/\/www.aramon.com\/blog\/#\/schema\/person\/9429ffb451d657ab98f0ca1b364eeef3"},"description":"El 6 de julio arranca la temporada estival en las estaciones del Grupo Aram\u00f3n","inLanguage":"es","potentialAction":[{"@type":"ReadAction","target":["https:\/\/www.aramon.com\/blog\/el-6-de-julio-arranca-la-temporada-estival-en-las-estaciones-del-grupo-aramon\/"]}]},{"@type":"ImageObject","inLanguage":"es","@id":"https:\/\/www.aramon.com\/blog\/el-6-de-julio-arranca-la-temporada-estival-en-las-estaciones-del-grupo-aramon\/#primaryimage","url":"https:\/\/www.aramon.com\/blog\/wp-content\/uploads\/2024\/06\/FAMILIA-VERANO-SABOCOS-1-scaled-e1717505358122.jpg","contentUrl":"https:\/\/www.aramon.com\/blog\/wp-content\/uploads\/2024\/06\/FAMILIA-VERANO-SABOCOS-1-scaled-e1717505358122.jpg","width":2560,"height":1075},{"@type":"WebSite","@id":"https:\/\/www.aramon.com\/blog\/#website","url":"https:\/\/www.aramon.com\/blog\/","name":"Blog Oficial del Grupo ARAM\u00d3N","description":"Blog Oficial del Grupo Aram\u00f3n sobre estaciones de esqu\u00ed, monta\u00f1ismo, deportes de aventura y m\u00e1s en Arag\u00f3n.","potentialAction":[{"@type":"SearchAction","target":{"@type":"EntryPoint","urlTemplate":"https:\/\/www.aramon.com\/blog\/?s={search_term_string}"},"query-input":"required name=search_term_string"}],"inLanguage":"es"},{"@type":"Person","@id":"https:\/\/www.aramon.com\/blog\/#\/schema\/person\/9429ffb451d657ab98f0ca1b364eeef3","name":"aramon","image":{"@type":"ImageObject","inLanguage":"es","@id":"https:\/\/www.aramon.com\/blog\/#\/schema\/person\/image\/","url":"https:\/\/secure.gravatar.com\/avatar\/d5fd0ede392e1af0e414b87f7568b4d5?s=96&d=mm&r=g","contentUrl":"https:\/\/secure.gravatar.com\/avatar\/d5fd0ede392e1af0e414b87f7568b4d5?s=96&d=mm&r=g","caption":"aramon"},"url":"https:\/\/www.aramon.com\/blog\/author\/aramon\/"}]}},"_links":{"self":[{"href":"https:\/\/www.aramon.com\/blog\/wp-json\/wp\/v2\/posts\/20810"}],"collection":[{"href":"https:\/\/www.aramon.com\/blog\/wp-json\/wp\/v2\/posts"}],"about":[{"href":"https:\/\/www.aramon.com\/blog\/wp-json\/wp\/v2\/types\/post"}],"author":[{"embeddable":true,"href":"https:\/\/www.aramon.com\/blog\/wp-json\/wp\/v2\/users\/2"}],"replies":[{"embeddable":true,"href":"https:\/\/www.aramon.com\/blog\/wp-json\/wp\/v2\/comments?post=20810"}],"version-history":[{"count":7,"href":"https:\/\/www.aramon.com\/blog\/wp-json\/wp\/v2\/posts\/20810\/revisions"}],"predecessor-version":[{"id":20819,"href":"https:\/\/www.aramon.com\/blog\/wp-json\/wp\/v2\/posts\/20810\/revisions\/20819"}],"wp:featuredmedia":[{"embeddable":true,"href":"https:\/\/www.aramon.com\/blog\/wp-json\/wp\/v2\/media\/20811"}],"wp:attachment":[{"href":"https:\/\/www.aramon.com\/blog\/wp-json\/wp\/v2\/media?parent=20810"}],"wp:term":[{"taxonomy":"category","embeddable":true,"href":"https:\/\/www.aramon.com\/blog\/wp-json\/wp\/v2\/categories?post=20810"},{"taxonomy":"post_tag","embeddable":true,"href":"https:\/\/www.aramon.com\/blog\/wp-json\/wp\/v2\/tags?post=20810"}],"curies":[{"name":"wp","href":"https:\/\/api.w.org\/{rel}","templated":true}]}}