{"id":21003,"date":"2024-07-09T10:01:35","date_gmt":"2024-07-09T10:01:35","guid":{"rendered":"https:\/\/www.aramon.com\/blog\/?p=21003"},"modified":"2024-07-09T10:02:26","modified_gmt":"2024-07-09T10:02:26","slug":"las-estaciones-de-panticosa-y-cerler-ya-estan-abiertas-para-disfrutar-del-verano","status":"publish","type":"post","link":"https:\/\/www.aramon.com\/blog\/las-estaciones-de-panticosa-y-cerler-ya-estan-abiertas-para-disfrutar-del-verano\/","title":{"rendered":"\u00a1Las estaciones de Panticosa y Cerler ya est\u00e1n abiertas para disfrutar del verano!"},"content":{"rendered":"\n<p><\/p>\n\n\n\n<p>Desde el pasado fin de semana, las estaciones del <strong>Grupo Aram\u00f3n <\/strong>en <strong><a href=\"https:\/\/www.formigal-panticosa.com\/\">Panticosa<\/a><\/strong> y <strong><a href=\"https:\/\/www.cerler.com\/\">Cerler <\/a><\/strong>han abierto sus puertas, ofreciendo una amplia gama de actividades y experiencias para toda la familia. <strong>Los valles de Tena y Benasque<\/strong> se han convertido en el destino perfecto para tus vacaciones estivales, con la posibilidad de disfrutar de este entorno hasta el 1 de septiembre.<\/p>\n\n\n\n<h3 class=\"wp-block-heading\"><strong>Novedades y actividades en Cerler y Panticosa<\/strong><\/h3>\n\n\n\n<p><\/p>\n\n\n\n<p><strong>Cerler: Delicias y aventuras<\/strong><\/p>\n\n\n\n<p>En Cerler, los visitantes pueden disfrutar del famoso restaurante panor\u00e1mico <strong>El Bosque<\/strong>, conocido por sus deliciosas pizzas caseras. Este verano, <strong>El Bosque<\/strong> ampl\u00eda su oferta gastron\u00f3mica con hamburguesas, platos a la parrilla, ensaladas y raciones variadas, haciendo que la experiencia culinaria en plena naturaleza sea a\u00fan m\u00e1s completa.<\/p>\n\n\n\n<p>Para los amantes de la monta\u00f1a, Cerler ofrece el programa <strong>Convi\u00e9rtete en Monta\u00f1ero<\/strong>, con excursiones guiadas al Pico Cogulla, el mirador de Rinc\u00f3n del Cielo y el collado de Sarrau. Estas actividades est\u00e1n dise\u00f1adas para todos los niveles, desde principiantes hasta aquellos con un poco m\u00e1s de experiencia, y son gratuitas para quienes adquieren el ticket del telesilla El Molino. Las excursiones se realizan los lunes, mi\u00e9rcoles, viernes y s\u00e1bados.<\/p>\n\n\n\n<p>Adem\u00e1s, los m\u00e1s peque\u00f1os pueden disfrutar de los divertidos talleres de <strong>Peque\u00f1os Gigantes<\/strong>, donde aprender\u00e1n sobre monta\u00f1ismo y naturaleza de una manera divertida y educativa.<\/p>\n\n\n\n<p><\/p>\n\n\n\n<figure class=\"wp-block-gallery has-nested-images columns-default is-cropped wp-block-gallery-1 is-layout-flex wp-block-gallery-is-layout-flex\">\n<figure class=\"wp-block-image size-large\"><img loading=\"lazy\" decoding=\"async\" width=\"1024\" height=\"683\" data-id=\"21004\" src=\"https:\/\/www.aramon.com\/blog\/wp-content\/uploads\/2024\/07\/EL-BOSQUE-CERLER_-2-1024x683.jpg\" alt=\"\" class=\"wp-image-21004\" srcset=\"https:\/\/www.aramon.com\/blog\/wp-content\/uploads\/2024\/07\/EL-BOSQUE-CERLER_-2-1024x683.jpg 1024w, https:\/\/www.aramon.com\/blog\/wp-content\/uploads\/2024\/07\/EL-BOSQUE-CERLER_-2-300x200.jpg 300w, https:\/\/www.aramon.com\/blog\/wp-content\/uploads\/2024\/07\/EL-BOSQUE-CERLER_-2-768x512.jpg 768w, https:\/\/www.aramon.com\/blog\/wp-content\/uploads\/2024\/07\/EL-BOSQUE-CERLER_-2-1536x1024.jpg 1536w, https:\/\/www.aramon.com\/blog\/wp-content\/uploads\/2024\/07\/EL-BOSQUE-CERLER_-2-2048x1365.jpg 2048w\" sizes=\"(max-width: 1024px) 100vw, 1024px\" \/><\/figure>\n<\/figure>\n\n\n\n<p><\/p>\n\n\n\n<p><strong>Panticosa: Naturaleza y deporte<\/strong><\/p>\n\n\n\n<p>En Panticosa, los visitantes pueden embarcarse en el programa <strong>Convi\u00e9rtete en Monta\u00f1ero<\/strong>, explorando los ibones de Asnos y Sabocos. Estas excursiones guiadas se realizan todos los d\u00edas y est\u00e1n dise\u00f1adas para ofrecer una experiencia segura y enriquecedora en la monta\u00f1a.<\/p>\n\n\n\n<p>Panticosa tambi\u00e9n se destaca como un destino de BTT (bicicleta de monta\u00f1a), con la celebraci\u00f3n de la IXS European Downhill Cup, un evento de descenso a nivel internacional que refuerza su apuesta por el mountain bike. Adem\u00e1s, la cafeter\u00eda de Petrosos y su terraza ofrecen un lugar ideal para relajarse y disfrutar de las impresionantes vistas del valle de Tena, con una opci\u00f3n perfecta que combina la <strong><a href=\"https:\/\/www.formigal-panticosa.com\/telecabina-formigal-panticosa-verano.html\">Telecabina + men\u00fa<\/a><\/strong>. <\/p>\n\n\n\n<p><\/p>\n\n\n\n<figure class=\"wp-block-gallery has-nested-images columns-default is-cropped wp-block-gallery-2 is-layout-flex wp-block-gallery-is-layout-flex\">\n<figure class=\"wp-block-image size-full\"><img loading=\"lazy\" decoding=\"async\" width=\"1212\" height=\"2139\" data-id=\"21007\" src=\"https:\/\/www.aramon.com\/blog\/wp-content\/uploads\/2024\/07\/FOTO2.jpg\" alt=\"\" class=\"wp-image-21007\" srcset=\"https:\/\/www.aramon.com\/blog\/wp-content\/uploads\/2024\/07\/FOTO2.jpg 1212w, https:\/\/www.aramon.com\/blog\/wp-content\/uploads\/2024\/07\/FOTO2-170x300.jpg 170w, https:\/\/www.aramon.com\/blog\/wp-content\/uploads\/2024\/07\/FOTO2-580x1024.jpg 580w, https:\/\/www.aramon.com\/blog\/wp-content\/uploads\/2024\/07\/FOTO2-768x1355.jpg 768w, https:\/\/www.aramon.com\/blog\/wp-content\/uploads\/2024\/07\/FOTO2-870x1536.jpg 870w, https:\/\/www.aramon.com\/blog\/wp-content\/uploads\/2024\/07\/FOTO2-1160x2048.jpg 1160w\" sizes=\"(max-width: 1212px) 100vw, 1212px\" \/><\/figure>\n\n\n\n<figure class=\"wp-block-image size-full\"><img loading=\"lazy\" decoding=\"async\" width=\"1208\" height=\"2147\" data-id=\"21008\" src=\"https:\/\/www.aramon.com\/blog\/wp-content\/uploads\/2024\/07\/FOTO4.jpg\" alt=\"\" class=\"wp-image-21008\" srcset=\"https:\/\/www.aramon.com\/blog\/wp-content\/uploads\/2024\/07\/FOTO4.jpg 1208w, https:\/\/www.aramon.com\/blog\/wp-content\/uploads\/2024\/07\/FOTO4-169x300.jpg 169w, https:\/\/www.aramon.com\/blog\/wp-content\/uploads\/2024\/07\/FOTO4-576x1024.jpg 576w, https:\/\/www.aramon.com\/blog\/wp-content\/uploads\/2024\/07\/FOTO4-768x1365.jpg 768w, https:\/\/www.aramon.com\/blog\/wp-content\/uploads\/2024\/07\/FOTO4-864x1536.jpg 864w, https:\/\/www.aramon.com\/blog\/wp-content\/uploads\/2024\/07\/FOTO4-1152x2048.jpg 1152w\" sizes=\"(max-width: 1208px) 100vw, 1208px\" \/><\/figure>\n\n\n\n<figure class=\"wp-block-image size-full\"><img loading=\"lazy\" decoding=\"async\" width=\"1208\" height=\"2156\" data-id=\"21010\" src=\"https:\/\/www.aramon.com\/blog\/wp-content\/uploads\/2024\/07\/FOTO1.png\" alt=\"\" class=\"wp-image-21010\" srcset=\"https:\/\/www.aramon.com\/blog\/wp-content\/uploads\/2024\/07\/FOTO1.png 1208w, https:\/\/www.aramon.com\/blog\/wp-content\/uploads\/2024\/07\/FOTO1-168x300.png 168w, https:\/\/www.aramon.com\/blog\/wp-content\/uploads\/2024\/07\/FOTO1-574x1024.png 574w, https:\/\/www.aramon.com\/blog\/wp-content\/uploads\/2024\/07\/FOTO1-768x1371.png 768w, https:\/\/www.aramon.com\/blog\/wp-content\/uploads\/2024\/07\/FOTO1-861x1536.png 861w, https:\/\/www.aramon.com\/blog\/wp-content\/uploads\/2024\/07\/FOTO1-1147x2048.png 1147w\" sizes=\"(max-width: 1208px) 100vw, 1208px\" \/><\/figure>\n<\/figure>\n\n\n\n<p><\/p>\n\n\n\n<h3 class=\"wp-block-heading\"><strong>Disfruta de unas vacaciones completas<\/strong><\/h3>\n\n\n\n<p>Las estaciones del <strong>Grupo Aram\u00f3n<\/strong> no solo ofrecen actividades guiadas. Los visitantes tambi\u00e9n pueden realizar excursiones libres, <strong><a href=\"https:\/\/www.cerler.com\/rutas-bicicletas-cerler.html\">descensos de BTT<\/a><\/strong>, recorridos de trail running y disfrutar de un viaje panor\u00e1mico en el <strong><a href=\"https:\/\/www.cerler.com\/telesilla-cerler-verano.html?_ga=2.16276862.991216875.1720518389-983206366.1716882921&amp;_gl=1*g66qlr*_gcl_au*MTk2OTM1MTM5OS4xNzE2ODgwNTcx*_ga*OTgzMjA2MzY2LjE3MTY4ODI5MjE.*_ga_Q30LX7JHCM*MTcyMDUxODM4OS4yNy4xLjE3MjA1MTgzOTQuNTUuMC4w\">Telesilla el Molino<\/a><\/strong> o en la <strong><a href=\"https:\/\/www.formigal-panticosa.com\/telecabina-formigal-panticosa-verano.html?_ga=2.16276862.991216875.1720518389-983206366.1716882921&amp;_gl=1*1n68r2c*_gcl_au*MTk2OTM1MTM5OS4xNzE2ODgwNTcx*_ga*OTgzMjA2MzY2LjE3MTY4ODI5MjE.*_ga_Q30LX7JHCM*MTcyMDUxODM4OS4yNy4xLjE3MjA1MTg0NDcuMi4wLjA.\">Telecabina de Panticosa<\/a><\/strong>. <\/p>\n\n\n\n<p>Para quienes deseen una experiencia a\u00fan m\u00e1s completa, <strong><a href=\"https:\/\/www.aramon.com\/ofertas-esqui-aramon\">Viajes Aram\u00f3n<\/a><\/strong> ofrece paquetes de vacaciones con ventajas, as\u00ed como opciones de alojamiento y diversas actividades para planificar unas vacaciones inolvidables para toda la familia.<\/p>\n\n\n\n<p><\/p>\n\n\n\n<h3 class=\"wp-block-heading\"><strong>Eventos deportivos y culturales<\/strong><\/h3>\n\n\n\n<p>Los valles de Tena y Benasque no solo ofrecen naturaleza y deporte, sino tambi\u00e9n una rica agenda de eventos. Durante el verano, podr\u00e1s disfrutar de <strong><a href=\"https:\/\/www.aramon.com\/blog\/pirineos-sur-2024-reserva-tu-viaje-con-la-agencia-de-viajes-aramon\/\">Pirineos Sur<\/a><\/strong>, el <strong>Festival Tocando el Cielo<\/strong>, la <strong>Trail Aneto-Posets<\/strong>, el <strong>Trail Valle de Tena<\/strong>, y muchas otras actividades culturales y deportivas que convierten a estas monta\u00f1as en un destino lleno de vida.<\/p>\n\n\n\n<figure class=\"wp-block-gallery has-nested-images columns-default is-cropped wp-block-gallery-3 is-layout-flex wp-block-gallery-is-layout-flex\">\n<figure class=\"wp-block-image size-large\"><img loading=\"lazy\" decoding=\"async\" width=\"1024\" height=\"683\" data-id=\"21005\" src=\"https:\/\/www.aramon.com\/blog\/wp-content\/uploads\/2024\/07\/EL-BOSQUE-CERLER_-3-1024x683.jpg\" alt=\"\" class=\"wp-image-21005\" srcset=\"https:\/\/www.aramon.com\/blog\/wp-content\/uploads\/2024\/07\/EL-BOSQUE-CERLER_-3-1024x683.jpg 1024w, https:\/\/www.aramon.com\/blog\/wp-content\/uploads\/2024\/07\/EL-BOSQUE-CERLER_-3-300x200.jpg 300w, https:\/\/www.aramon.com\/blog\/wp-content\/uploads\/2024\/07\/EL-BOSQUE-CERLER_-3-768x512.jpg 768w, https:\/\/www.aramon.com\/blog\/wp-content\/uploads\/2024\/07\/EL-BOSQUE-CERLER_-3-1536x1024.jpg 1536w, https:\/\/www.aramon.com\/blog\/wp-content\/uploads\/2024\/07\/EL-BOSQUE-CERLER_-3-2048x1365.jpg 2048w\" sizes=\"(max-width: 1024px) 100vw, 1024px\" \/><\/figure>\n<\/figure>\n\n\n\n<p>\u00a1No esperes m\u00e1s! Ven y disfruta de un verano inolvidable en las estaciones de Panticosa y Cerler!<\/p>\n","protected":false},"excerpt":{"rendered":"<p>\u00a1El verano ya ha llegado a las monta\u00f1as de Arag\u00f3n! <\/p>\n","protected":false},"author":2,"featured_media":21013,"comment_status":"closed","ping_status":"closed","sticky":false,"template":"","format":"standard","meta":{"_acf_changed":false,"footnotes":""},"categories":[1,303,307],"tags":[25,26,30,33,34],"acf":[],"yoast_head":"<!-- This site is optimized with the Yoast SEO plugin v22.5 - https:\/\/yoast.com\/wordpress\/plugins\/seo\/ -->\n<title>\u00a1Las estaciones de Panticosa y Cerler ya est\u00e1n abiertas para disfrutar del verano! - Blog Oficial del Grupo ARAM\u00d3N<\/title>\n<meta name=\"description\" content=\"\u00a1Las estaciones de Panticosa y Cerler ya est\u00e1n abiertas para disfrutar del verano!\" \/>\n<meta name=\"robots\" content=\"index, follow, max-snippet:-1, max-image-preview:large, max-video-preview:-1\" \/>\n<link rel=\"canonical\" href=\"https:\/\/www.aramon.com\/blog\/las-estaciones-de-panticosa-y-cerler-ya-estan-abiertas-para-disfrutar-del-verano\/\" \/>\n<meta property=\"og:locale\" content=\"es_ES\" \/>\n<meta property=\"og:type\" content=\"article\" \/>\n<meta property=\"og:title\" content=\"\u00a1Las estaciones de Panticosa y Cerler ya est\u00e1n abiertas para disfrutar del verano! - Blog Oficial del Grupo ARAM\u00d3N\" \/>\n<meta property=\"og:description\" content=\"\u00a1Las estaciones de Panticosa y Cerler ya est\u00e1n abiertas para disfrutar del verano!\" \/>\n<meta property=\"og:url\" content=\"https:\/\/www.aramon.com\/blog\/las-estaciones-de-panticosa-y-cerler-ya-estan-abiertas-para-disfrutar-del-verano\/\" \/>\n<meta property=\"og:site_name\" content=\"Blog Oficial del Grupo ARAM\u00d3N\" \/>\n<meta property=\"article:published_time\" content=\"2024-07-09T10:01:35+00:00\" \/>\n<meta property=\"article:modified_time\" content=\"2024-07-09T10:02:26+00:00\" \/>\n<meta property=\"og:image\" content=\"https:\/\/www.aramon.com\/blog\/wp-content\/uploads\/2024\/07\/CERLER-CMONTANERO-TELESILLA-MOLINO-2-scaled-e1720519065899.jpg\" \/>\n\t<meta property=\"og:image:width\" content=\"2560\" \/>\n\t<meta property=\"og:image:height\" content=\"1280\" \/>\n\t<meta property=\"og:image:type\" content=\"image\/jpeg\" \/>\n<meta name=\"author\" content=\"aramon\" \/>\n<meta name=\"twitter:card\" content=\"summary_large_image\" \/>\n<meta name=\"twitter:label1\" content=\"Escrito por\" \/>\n\t<meta name=\"twitter:data1\" content=\"aramon\" \/>\n\t<meta name=\"twitter:label2\" content=\"Tiempo de lectura\" \/>\n\t<meta name=\"twitter:data2\" content=\"4 minutos\" \/>\n<script type=\"application\/ld+json\" class=\"yoast-schema-graph\">{\"@context\":\"https:\/\/schema.org\",\"@graph\":[{\"@type\":\"WebPage\",\"@id\":\"https:\/\/www.aramon.com\/blog\/las-estaciones-de-panticosa-y-cerler-ya-estan-abiertas-para-disfrutar-del-verano\/\",\"url\":\"https:\/\/www.aramon.com\/blog\/las-estaciones-de-panticosa-y-cerler-ya-estan-abiertas-para-disfrutar-del-verano\/\",\"name\":\"\u00a1Las estaciones de Panticosa y Cerler ya est\u00e1n abiertas para disfrutar del verano! - Blog Oficial del Grupo ARAM\u00d3N\",\"isPartOf\":{\"@id\":\"https:\/\/www.aramon.com\/blog\/#website\"},\"primaryImageOfPage\":{\"@id\":\"https:\/\/www.aramon.com\/blog\/las-estaciones-de-panticosa-y-cerler-ya-estan-abiertas-para-disfrutar-del-verano\/#primaryimage\"},\"image\":{\"@id\":\"https:\/\/www.aramon.com\/blog\/las-estaciones-de-panticosa-y-cerler-ya-estan-abiertas-para-disfrutar-del-verano\/#primaryimage\"},\"thumbnailUrl\":\"https:\/\/www.aramon.com\/blog\/wp-content\/uploads\/2024\/07\/CERLER-CMONTANERO-TELESILLA-MOLINO-2-scaled-e1720519065899.jpg\",\"datePublished\":\"2024-07-09T10:01:35+00:00\",\"dateModified\":\"2024-07-09T10:02:26+00:00\",\"author\":{\"@id\":\"https:\/\/www.aramon.com\/blog\/#\/schema\/person\/9429ffb451d657ab98f0ca1b364eeef3\"},\"description\":\"\u00a1Las estaciones de Panticosa y Cerler ya est\u00e1n abiertas para disfrutar del verano!\",\"inLanguage\":\"es\",\"potentialAction\":[{\"@type\":\"ReadAction\",\"target\":[\"https:\/\/www.aramon.com\/blog\/las-estaciones-de-panticosa-y-cerler-ya-estan-abiertas-para-disfrutar-del-verano\/\"]}]},{\"@type\":\"ImageObject\",\"inLanguage\":\"es\",\"@id\":\"https:\/\/www.aramon.com\/blog\/las-estaciones-de-panticosa-y-cerler-ya-estan-abiertas-para-disfrutar-del-verano\/#primaryimage\",\"url\":\"https:\/\/www.aramon.com\/blog\/wp-content\/uploads\/2024\/07\/CERLER-CMONTANERO-TELESILLA-MOLINO-2-scaled-e1720519065899.jpg\",\"contentUrl\":\"https:\/\/www.aramon.com\/blog\/wp-content\/uploads\/2024\/07\/CERLER-CMONTANERO-TELESILLA-MOLINO-2-scaled-e1720519065899.jpg\",\"width\":2560,\"height\":1280},{\"@type\":\"WebSite\",\"@id\":\"https:\/\/www.aramon.com\/blog\/#website\",\"url\":\"https:\/\/www.aramon.com\/blog\/\",\"name\":\"Blog Oficial del Grupo ARAM\u00d3N\",\"description\":\"Blog Oficial del Grupo Aram\u00f3n sobre estaciones de esqu\u00ed, monta\u00f1ismo, deportes de aventura y m\u00e1s en Arag\u00f3n.\",\"potentialAction\":[{\"@type\":\"SearchAction\",\"target\":{\"@type\":\"EntryPoint\",\"urlTemplate\":\"https:\/\/www.aramon.com\/blog\/?s={search_term_string}\"},\"query-input\":\"required name=search_term_string\"}],\"inLanguage\":\"es\"},{\"@type\":\"Person\",\"@id\":\"https:\/\/www.aramon.com\/blog\/#\/schema\/person\/9429ffb451d657ab98f0ca1b364eeef3\",\"name\":\"aramon\",\"image\":{\"@type\":\"ImageObject\",\"inLanguage\":\"es\",\"@id\":\"https:\/\/www.aramon.com\/blog\/#\/schema\/person\/image\/\",\"url\":\"https:\/\/secure.gravatar.com\/avatar\/d5fd0ede392e1af0e414b87f7568b4d5?s=96&d=mm&r=g\",\"contentUrl\":\"https:\/\/secure.gravatar.com\/avatar\/d5fd0ede392e1af0e414b87f7568b4d5?s=96&d=mm&r=g\",\"caption\":\"aramon\"},\"url\":\"https:\/\/www.aramon.com\/blog\/author\/aramon\/\"}]}<\/script>\n<!-- \/ Yoast SEO plugin. -->","yoast_head_json":{"title":"\u00a1Las estaciones de Panticosa y Cerler ya est\u00e1n abiertas para disfrutar del verano! - Blog Oficial del Grupo ARAM\u00d3N","description":"\u00a1Las estaciones de Panticosa y Cerler ya est\u00e1n abiertas para disfrutar del verano!","robots":{"index":"index","follow":"follow","max-snippet":"max-snippet:-1","max-image-preview":"max-image-preview:large","max-video-preview":"max-video-preview:-1"},"canonical":"https:\/\/www.aramon.com\/blog\/las-estaciones-de-panticosa-y-cerler-ya-estan-abiertas-para-disfrutar-del-verano\/","og_locale":"es_ES","og_type":"article","og_title":"\u00a1Las estaciones de Panticosa y Cerler ya est\u00e1n abiertas para disfrutar del verano! - Blog Oficial del Grupo ARAM\u00d3N","og_description":"\u00a1Las estaciones de Panticosa y Cerler ya est\u00e1n abiertas para disfrutar del verano!","og_url":"https:\/\/www.aramon.com\/blog\/las-estaciones-de-panticosa-y-cerler-ya-estan-abiertas-para-disfrutar-del-verano\/","og_site_name":"Blog Oficial del Grupo ARAM\u00d3N","article_published_time":"2024-07-09T10:01:35+00:00","article_modified_time":"2024-07-09T10:02:26+00:00","og_image":[{"width":2560,"height":1280,"url":"https:\/\/www.aramon.com\/blog\/wp-content\/uploads\/2024\/07\/CERLER-CMONTANERO-TELESILLA-MOLINO-2-scaled-e1720519065899.jpg","type":"image\/jpeg"}],"author":"aramon","twitter_card":"summary_large_image","twitter_misc":{"Escrito por":"aramon","Tiempo de lectura":"4 minutos"},"schema":{"@context":"https:\/\/schema.org","@graph":[{"@type":"WebPage","@id":"https:\/\/www.aramon.com\/blog\/las-estaciones-de-panticosa-y-cerler-ya-estan-abiertas-para-disfrutar-del-verano\/","url":"https:\/\/www.aramon.com\/blog\/las-estaciones-de-panticosa-y-cerler-ya-estan-abiertas-para-disfrutar-del-verano\/","name":"\u00a1Las estaciones de Panticosa y Cerler ya est\u00e1n abiertas para disfrutar del verano! - Blog Oficial del Grupo ARAM\u00d3N","isPartOf":{"@id":"https:\/\/www.aramon.com\/blog\/#website"},"primaryImageOfPage":{"@id":"https:\/\/www.aramon.com\/blog\/las-estaciones-de-panticosa-y-cerler-ya-estan-abiertas-para-disfrutar-del-verano\/#primaryimage"},"image":{"@id":"https:\/\/www.aramon.com\/blog\/las-estaciones-de-panticosa-y-cerler-ya-estan-abiertas-para-disfrutar-del-verano\/#primaryimage"},"thumbnailUrl":"https:\/\/www.aramon.com\/blog\/wp-content\/uploads\/2024\/07\/CERLER-CMONTANERO-TELESILLA-MOLINO-2-scaled-e1720519065899.jpg","datePublished":"2024-07-09T10:01:35+00:00","dateModified":"2024-07-09T10:02:26+00:00","author":{"@id":"https:\/\/www.aramon.com\/blog\/#\/schema\/person\/9429ffb451d657ab98f0ca1b364eeef3"},"description":"\u00a1Las estaciones de Panticosa y Cerler ya est\u00e1n abiertas para disfrutar del verano!","inLanguage":"es","potentialAction":[{"@type":"ReadAction","target":["https:\/\/www.aramon.com\/blog\/las-estaciones-de-panticosa-y-cerler-ya-estan-abiertas-para-disfrutar-del-verano\/"]}]},{"@type":"ImageObject","inLanguage":"es","@id":"https:\/\/www.aramon.com\/blog\/las-estaciones-de-panticosa-y-cerler-ya-estan-abiertas-para-disfrutar-del-verano\/#primaryimage","url":"https:\/\/www.aramon.com\/blog\/wp-content\/uploads\/2024\/07\/CERLER-CMONTANERO-TELESILLA-MOLINO-2-scaled-e1720519065899.jpg","contentUrl":"https:\/\/www.aramon.com\/blog\/wp-content\/uploads\/2024\/07\/CERLER-CMONTANERO-TELESILLA-MOLINO-2-scaled-e1720519065899.jpg","width":2560,"height":1280},{"@type":"WebSite","@id":"https:\/\/www.aramon.com\/blog\/#website","url":"https:\/\/www.aramon.com\/blog\/","name":"Blog Oficial del Grupo ARAM\u00d3N","description":"Blog Oficial del Grupo Aram\u00f3n sobre estaciones de esqu\u00ed, monta\u00f1ismo, deportes de aventura y m\u00e1s en Arag\u00f3n.","potentialAction":[{"@type":"SearchAction","target":{"@type":"EntryPoint","urlTemplate":"https:\/\/www.aramon.com\/blog\/?s={search_term_string}"},"query-input":"required name=search_term_string"}],"inLanguage":"es"},{"@type":"Person","@id":"https:\/\/www.aramon.com\/blog\/#\/schema\/person\/9429ffb451d657ab98f0ca1b364eeef3","name":"aramon","image":{"@type":"ImageObject","inLanguage":"es","@id":"https:\/\/www.aramon.com\/blog\/#\/schema\/person\/image\/","url":"https:\/\/secure.gravatar.com\/avatar\/d5fd0ede392e1af0e414b87f7568b4d5?s=96&d=mm&r=g","contentUrl":"https:\/\/secure.gravatar.com\/avatar\/d5fd0ede392e1af0e414b87f7568b4d5?s=96&d=mm&r=g","caption":"aramon"},"url":"https:\/\/www.aramon.com\/blog\/author\/aramon\/"}]}},"_links":{"self":[{"href":"https:\/\/www.aramon.com\/blog\/wp-json\/wp\/v2\/posts\/21003"}],"collection":[{"href":"https:\/\/www.aramon.com\/blog\/wp-json\/wp\/v2\/posts"}],"about":[{"href":"https:\/\/www.aramon.com\/blog\/wp-json\/wp\/v2\/types\/post"}],"author":[{"embeddable":true,"href":"https:\/\/www.aramon.com\/blog\/wp-json\/wp\/v2\/users\/2"}],"replies":[{"embeddable":true,"href":"https:\/\/www.aramon.com\/blog\/wp-json\/wp\/v2\/comments?post=21003"}],"version-history":[{"count":5,"href":"https:\/\/www.aramon.com\/blog\/wp-json\/wp\/v2\/posts\/21003\/revisions"}],"predecessor-version":[{"id":21018,"href":"https:\/\/www.aramon.com\/blog\/wp-json\/wp\/v2\/posts\/21003\/revisions\/21018"}],"wp:featuredmedia":[{"embeddable":true,"href":"https:\/\/www.aramon.com\/blog\/wp-json\/wp\/v2\/media\/21013"}],"wp:attachment":[{"href":"https:\/\/www.aramon.com\/blog\/wp-json\/wp\/v2\/media?parent=21003"}],"wp:term":[{"taxonomy":"category","embeddable":true,"href":"https:\/\/www.aramon.com\/blog\/wp-json\/wp\/v2\/categories?post=21003"},{"taxonomy":"post_tag","embeddable":true,"href":"https:\/\/www.aramon.com\/blog\/wp-json\/wp\/v2\/tags?post=21003"}],"curies":[{"name":"wp","href":"https:\/\/api.w.org\/{rel}","templated":true}]}}