{"id":21045,"date":"2024-07-15T11:49:55","date_gmt":"2024-07-15T11:49:55","guid":{"rendered":"https:\/\/www.aramon.com\/blog\/?p=21045"},"modified":"2024-07-15T11:50:22","modified_gmt":"2024-07-15T11:50:22","slug":"pirineos-sur-2024-una-celebracion-de-la-musica-en-pleno-corazon-de-los-pirineos","status":"publish","type":"post","link":"https:\/\/www.aramon.com\/blog\/pirineos-sur-2024-una-celebracion-de-la-musica-en-pleno-corazon-de-los-pirineos\/","title":{"rendered":"Pirineos Sur 2024: Una celebraci\u00f3n de la m\u00fasica en pleno coraz\u00f3n de los Pirineos"},"content":{"rendered":"\n<p>El <strong>festival Pirineos Sur<\/strong> ha vuelto a llenar de m\u00fasica y magia el id\u00edlico escenario de Lanuza. En su XXXI edici\u00f3n, m\u00e1s de 10.000 personas han disfrutado de noches memorables durante las \u00faltimas semanas. Los conciertos de Meute, Rodrigo Cuevas, Loreena McKennitt y el \u00absold out\u00bb de Vetusta Morla son solo algunas muestras del \u00e9xito de esta edici\u00f3n. Y anoche, el festival cerr\u00f3 su segundo fin de semana con dos actuaciones que dejaron huella: Lila Downs y Mulatu Astatke.<\/p>\n\n\n\n<h2 class=\"wp-block-heading\">Resumen de conciertos<\/h2>\n\n\n\n<h3 class=\"wp-block-heading\">Un fin de semana para recordar<\/h3>\n\n\n\n<p><strong>Lila Downs<\/strong> y <strong>Mulatu Astatke<\/strong> pusieron el broche final al segundo fin de semana del festival. La mexicana Lila Downs, una veterana en Pirineos Sur, volvi\u00f3 a conquistar al p\u00fablico con su capacidad \u00fanica para transmitir emociones, cerrando su espect\u00e1culo con un p\u00fablico euf\u00f3rico y con los brazos en alto. Por su parte, Mulatu Astatke, una leyenda viva de la m\u00fasica africana, ofreci\u00f3 un concierto sobrio y magistral, llevando al p\u00fablico a un viaje que fusion\u00f3 jazz cl\u00e1sico y sonidos africanos.<\/p>\n\n\n\n<h3 class=\"wp-block-heading\">Destacados anteriores<\/h3>\n\n\n\n<p>La primera quincena de julio nos ha regalado momentos inolvidables:<\/p>\n\n\n\n<ul>\n<li><strong>Jueves 4 de julio<\/strong>: Estrella Morente, La Leyenda del Tiempo \u201cCamar\u00f3n\u201d y Diego Aguas DJ inauguraron el festival con una noche llena de flamenco y tradici\u00f3n.<\/li>\n\n\n\n<li><strong>S\u00e1bado 6 de julio<\/strong>: Israel Fern\u00e1ndez, Lin Cort\u00e9s y Luna Roja DJ ofrecieron una velada apasionante de flamenco contempor\u00e1neo.<\/li>\n\n\n\n<li><strong>Jueves 11 de julio<\/strong>: Meute, Rodrigo Cuevas y DJ Pendejo llenaron el escenario de energ\u00eda y ritmos electr\u00f3nicos.<\/li>\n\n\n\n<li><strong>Viernes 12 de julio<\/strong>: Vetusta Morla, Airu y DJ Optigan 1 hicieron vibrar a un p\u00fablico entregado en una noche de rock y emociones fuertes.<\/li>\n\n\n\n<li><strong>S\u00e1bado 13 de julio<\/strong>: Loreena McKennitt y El Bosque Sonoro DJ\u2019s llevaron al p\u00fablico a un viaje m\u00edstico y envolvente.<\/li>\n\n\n\n<li><strong>Domingo 14 de julio<\/strong>: Lila Downs y Mulatu Astatke cerraron la semana con dos espect\u00e1culos inolvidables.<\/li>\n<\/ul>\n\n\n\n<h2 class=\"wp-block-heading\">Lo que nos espera<\/h2>\n\n\n\n<p>Pero esto es solo el comienzo. Las pr\u00f3ximas semanas prometen seguir sorprendiendo y emocionando con una variedad de artistas y g\u00e9neros que no te puedes perder:<\/p>\n\n\n\n<ul>\n<li><strong>Mi\u00e9rcoles 17 de julio<\/strong>: Melendi, Inazio y DJ Pendejo inauguran la semana con su inconfundible estilo pop y flamenco.<\/li>\n\n\n\n<li><strong>Jueves 18 de julio<\/strong>: El Drogas, Tarque y La Asociaci\u00f3n del Riff, y DJ Pendejo ofrecer\u00e1n una noche cargada de rock y pasi\u00f3n.<\/li>\n\n\n\n<li><strong>Viernes 19 de julio<\/strong>: Sara Baras y Carmen Linares nos deleitar\u00e1n con una noche de flamenco puro, acompa\u00f1adas por Alex Curreya.<\/li>\n\n\n\n<li><strong>S\u00e1bado 20 de julio<\/strong>: Rawayana, Baiuca y Alex Curreya traer\u00e1n sonidos frescos y fusiones innovadoras.<\/li>\n\n\n\n<li><strong>Domingo 21 de julio<\/strong>: La Plazuela, Iseo &amp; Dodosound, y DJ Sweet Drinkz cerrar\u00e1n la semana con una mezcla de ritmos urbanos y reggae.<\/li>\n<\/ul>\n\n\n\n<h3 class=\"wp-block-heading\">Pr\u00f3ximos destacados<\/h3>\n\n\n\n<ul>\n<li><strong>Martes 23 de julio<\/strong>: Ricky Martin, Yadam y DJ Sweet Drinkz prometen una noche llena de \u00e9xitos internacionales.<\/li>\n\n\n\n<li><strong>Jueves 25 de julio<\/strong>: Chucho Vald\u00e9s &amp; Irakere 50, Goxua\u2019n Salsa y Diego Aguas DJ ofrecer\u00e1n una velada inolvidable de jazz y salsa.<\/li>\n\n\n\n<li><strong>Viernes 26 de julio<\/strong>: Silvia P\u00e9rez Cruz, MARO y DJ Sweet Drinkz nos deleitar\u00e1n con su talento y versatilidad.<\/li>\n\n\n\n<li><strong>S\u00e1bado 27 de julio<\/strong>: Grupo Niche, La Lulu y DJ Pendejo llenar\u00e1n la noche de ritmos latinos y salsa.<\/li>\n\n\n\n<li><strong>Domingo 28 de julio<\/strong>: Mon Laferte, Marilia Monz\u00f3n y DJ Pendejo cerrar\u00e1n el festival con broche de oro.<\/li>\n<\/ul>\n\n\n\n<h2 class=\"wp-block-heading\">\u00a1No te quedes sin tus entradas!<\/h2>\n\n\n\n<p><strong>Pirineos Sur <\/strong>sigue siendo un referente de calidad y diversidad musical. No te pierdas la oportunidad de ser parte de esta experiencia \u00fanica en el coraz\u00f3n de los Pirineos. <strong>Compra tus entradas <a href=\"https:\/\/www.formigal-panticosa.com\/pirineo-sur-formigal-panticosa.html?_gl=1*1a4llit*_gcl_au*NzcxMzc2MDM5LjE3MTg4NjgwNDA.*_ga*MjAyNDA0ODcxLjE3MTg4NjgwNDA.*_ga_Q30LX7JHCM*MTcyMTA0MzcwMS4xMi4wLjE3MjEwNDM3MDEuNjAuMC4w&amp;_ga=2.126301069.1618246896.1721043701-202404871.1718868040\">aqu\u00ed<\/a><\/strong> y aseg\u00farate de no perderte ni un solo momento de esta celebraci\u00f3n musical. \u00a1Te esperamos en Pirineos Sur 2024!<\/p>\n\n\n\n<p><\/p>\n\n\n\n<figure class=\"wp-block-gallery has-nested-images columns-default is-cropped wp-block-gallery-1 is-layout-flex wp-block-gallery-is-layout-flex\">\n<figure class=\"wp-block-image size-large\"><img loading=\"lazy\" decoding=\"async\" width=\"1024\" height=\"683\" data-id=\"21056\" src=\"https:\/\/www.aramon.com\/blog\/wp-content\/uploads\/2024\/07\/pirineos-sur-06-1024x683.jpg\" alt=\"\" class=\"wp-image-21056\" srcset=\"https:\/\/www.aramon.com\/blog\/wp-content\/uploads\/2024\/07\/pirineos-sur-06-1024x683.jpg 1024w, https:\/\/www.aramon.com\/blog\/wp-content\/uploads\/2024\/07\/pirineos-sur-06-300x200.jpg 300w, https:\/\/www.aramon.com\/blog\/wp-content\/uploads\/2024\/07\/pirineos-sur-06-768x512.jpg 768w, https:\/\/www.aramon.com\/blog\/wp-content\/uploads\/2024\/07\/pirineos-sur-06-1536x1024.jpg 1536w, https:\/\/www.aramon.com\/blog\/wp-content\/uploads\/2024\/07\/pirineos-sur-06-2048x1365.jpg 2048w\" sizes=\"(max-width: 1024px) 100vw, 1024px\" \/><\/figure>\n\n\n\n<figure class=\"wp-block-image size-large\"><img loading=\"lazy\" decoding=\"async\" width=\"1024\" height=\"684\" data-id=\"21055\" src=\"https:\/\/www.aramon.com\/blog\/wp-content\/uploads\/2024\/07\/pirineos-sur-05-1-1024x684.jpg\" alt=\"\" class=\"wp-image-21055\" srcset=\"https:\/\/www.aramon.com\/blog\/wp-content\/uploads\/2024\/07\/pirineos-sur-05-1-1024x684.jpg 1024w, https:\/\/www.aramon.com\/blog\/wp-content\/uploads\/2024\/07\/pirineos-sur-05-1-300x200.jpg 300w, https:\/\/www.aramon.com\/blog\/wp-content\/uploads\/2024\/07\/pirineos-sur-05-1-768x513.jpg 768w, https:\/\/www.aramon.com\/blog\/wp-content\/uploads\/2024\/07\/pirineos-sur-05-1-1536x1026.jpg 1536w, https:\/\/www.aramon.com\/blog\/wp-content\/uploads\/2024\/07\/pirineos-sur-05-1-2048x1368.jpg 2048w\" sizes=\"(max-width: 1024px) 100vw, 1024px\" \/><\/figure>\n\n\n\n<figure class=\"wp-block-image size-large\"><img loading=\"lazy\" decoding=\"async\" width=\"1024\" height=\"684\" data-id=\"21054\" src=\"https:\/\/www.aramon.com\/blog\/wp-content\/uploads\/2024\/07\/pirineos-sur-04-1024x684.jpg\" alt=\"\" class=\"wp-image-21054\" srcset=\"https:\/\/www.aramon.com\/blog\/wp-content\/uploads\/2024\/07\/pirineos-sur-04-1024x684.jpg 1024w, https:\/\/www.aramon.com\/blog\/wp-content\/uploads\/2024\/07\/pirineos-sur-04-300x200.jpg 300w, https:\/\/www.aramon.com\/blog\/wp-content\/uploads\/2024\/07\/pirineos-sur-04-768x513.jpg 768w, https:\/\/www.aramon.com\/blog\/wp-content\/uploads\/2024\/07\/pirineos-sur-04-1536x1026.jpg 1536w, https:\/\/www.aramon.com\/blog\/wp-content\/uploads\/2024\/07\/pirineos-sur-04-2048x1368.jpg 2048w\" sizes=\"(max-width: 1024px) 100vw, 1024px\" \/><\/figure>\n\n\n\n<figure class=\"wp-block-image size-large\"><img loading=\"lazy\" decoding=\"async\" width=\"1024\" height=\"684\" data-id=\"21053\" src=\"https:\/\/www.aramon.com\/blog\/wp-content\/uploads\/2024\/07\/pirineos-sur-03-1024x684.jpg\" alt=\"\" class=\"wp-image-21053\" srcset=\"https:\/\/www.aramon.com\/blog\/wp-content\/uploads\/2024\/07\/pirineos-sur-03-1024x684.jpg 1024w, https:\/\/www.aramon.com\/blog\/wp-content\/uploads\/2024\/07\/pirineos-sur-03-300x200.jpg 300w, https:\/\/www.aramon.com\/blog\/wp-content\/uploads\/2024\/07\/pirineos-sur-03-768x513.jpg 768w, https:\/\/www.aramon.com\/blog\/wp-content\/uploads\/2024\/07\/pirineos-sur-03-1536x1026.jpg 1536w, https:\/\/www.aramon.com\/blog\/wp-content\/uploads\/2024\/07\/pirineos-sur-03-2048x1368.jpg 2048w\" sizes=\"(max-width: 1024px) 100vw, 1024px\" \/><\/figure>\n\n\n\n<figure class=\"wp-block-image size-large\"><img loading=\"lazy\" decoding=\"async\" width=\"1024\" height=\"683\" data-id=\"21052\" src=\"https:\/\/www.aramon.com\/blog\/wp-content\/uploads\/2024\/07\/PIRINEOS-SUR-02-1024x683.jpg\" alt=\"\" class=\"wp-image-21052\" srcset=\"https:\/\/www.aramon.com\/blog\/wp-content\/uploads\/2024\/07\/PIRINEOS-SUR-02-1024x683.jpg 1024w, https:\/\/www.aramon.com\/blog\/wp-content\/uploads\/2024\/07\/PIRINEOS-SUR-02-300x200.jpg 300w, https:\/\/www.aramon.com\/blog\/wp-content\/uploads\/2024\/07\/PIRINEOS-SUR-02-768x512.jpg 768w, https:\/\/www.aramon.com\/blog\/wp-content\/uploads\/2024\/07\/PIRINEOS-SUR-02-1536x1024.jpg 1536w, https:\/\/www.aramon.com\/blog\/wp-content\/uploads\/2024\/07\/PIRINEOS-SUR-02-2048x1365.jpg 2048w\" sizes=\"(max-width: 1024px) 100vw, 1024px\" \/><\/figure>\n\n\n\n<figure class=\"wp-block-image size-large\"><img loading=\"lazy\" decoding=\"async\" width=\"1024\" height=\"683\" data-id=\"21051\" src=\"https:\/\/www.aramon.com\/blog\/wp-content\/uploads\/2024\/07\/PIRINEOS-SUR-01-1-1024x683.jpg\" alt=\"\" class=\"wp-image-21051\" srcset=\"https:\/\/www.aramon.com\/blog\/wp-content\/uploads\/2024\/07\/PIRINEOS-SUR-01-1-1024x683.jpg 1024w, https:\/\/www.aramon.com\/blog\/wp-content\/uploads\/2024\/07\/PIRINEOS-SUR-01-1-300x200.jpg 300w, https:\/\/www.aramon.com\/blog\/wp-content\/uploads\/2024\/07\/PIRINEOS-SUR-01-1-768x512.jpg 768w, https:\/\/www.aramon.com\/blog\/wp-content\/uploads\/2024\/07\/PIRINEOS-SUR-01-1-1536x1024.jpg 1536w, https:\/\/www.aramon.com\/blog\/wp-content\/uploads\/2024\/07\/PIRINEOS-SUR-01-1-2048x1365.jpg 2048w\" sizes=\"(max-width: 1024px) 100vw, 1024px\" \/><\/figure>\n\n\n\n<figure class=\"wp-block-image size-large\"><img loading=\"lazy\" decoding=\"async\" width=\"1024\" height=\"681\" data-id=\"21058\" src=\"https:\/\/www.aramon.com\/blog\/wp-content\/uploads\/2024\/07\/pirineos-sur-07-1024x681.jpg\" alt=\"\" class=\"wp-image-21058\" srcset=\"https:\/\/www.aramon.com\/blog\/wp-content\/uploads\/2024\/07\/pirineos-sur-07-1024x681.jpg 1024w, https:\/\/www.aramon.com\/blog\/wp-content\/uploads\/2024\/07\/pirineos-sur-07-300x200.jpg 300w, https:\/\/www.aramon.com\/blog\/wp-content\/uploads\/2024\/07\/pirineos-sur-07-768x511.jpg 768w, https:\/\/www.aramon.com\/blog\/wp-content\/uploads\/2024\/07\/pirineos-sur-07-1536x1022.jpg 1536w, https:\/\/www.aramon.com\/blog\/wp-content\/uploads\/2024\/07\/pirineos-sur-07-2048x1363.jpg 2048w\" sizes=\"(max-width: 1024px) 100vw, 1024px\" \/><\/figure>\n\n\n\n<figure class=\"wp-block-image size-large\"><img loading=\"lazy\" decoding=\"async\" width=\"1024\" height=\"683\" data-id=\"21059\" src=\"https:\/\/www.aramon.com\/blog\/wp-content\/uploads\/2024\/07\/pirineos-sur-08-1024x683.jpg\" alt=\"\" class=\"wp-image-21059\" srcset=\"https:\/\/www.aramon.com\/blog\/wp-content\/uploads\/2024\/07\/pirineos-sur-08-1024x683.jpg 1024w, https:\/\/www.aramon.com\/blog\/wp-content\/uploads\/2024\/07\/pirineos-sur-08-300x200.jpg 300w, https:\/\/www.aramon.com\/blog\/wp-content\/uploads\/2024\/07\/pirineos-sur-08-768x512.jpg 768w, https:\/\/www.aramon.com\/blog\/wp-content\/uploads\/2024\/07\/pirineos-sur-08-1536x1024.jpg 1536w, https:\/\/www.aramon.com\/blog\/wp-content\/uploads\/2024\/07\/pirineos-sur-08-2048x1365.jpg 2048w\" sizes=\"(max-width: 1024px) 100vw, 1024px\" \/><\/figure>\n<\/figure>\n","protected":false},"excerpt":{"rendered":"<p>A lo largo estas semanas, se realizan diversos conciertos as\u00ed como talleres, mercados y pasacalles<\/p>\n","protected":false},"author":2,"featured_media":21048,"comment_status":"closed","ping_status":"closed","sticky":false,"template":"","format":"standard","meta":{"_acf_changed":false,"footnotes":""},"categories":[1,307],"tags":[25,30,33],"acf":[],"yoast_head":"<!-- This site is optimized with the Yoast SEO plugin v22.5 - https:\/\/yoast.com\/wordpress\/plugins\/seo\/ -->\n<title>Pirineos Sur 2024: Una celebraci\u00f3n de la m\u00fasica en pleno coraz\u00f3n de los Pirineos - Blog Oficial del Grupo ARAM\u00d3N<\/title>\n<meta name=\"description\" content=\"Pirineos Sur 2024: Una celebraci\u00f3n de la m\u00fasica en pleno coraz\u00f3n de los Pirineos\" \/>\n<meta name=\"robots\" content=\"index, follow, max-snippet:-1, max-image-preview:large, max-video-preview:-1\" \/>\n<link rel=\"canonical\" href=\"https:\/\/www.aramon.com\/blog\/pirineos-sur-2024-una-celebracion-de-la-musica-en-pleno-corazon-de-los-pirineos\/\" \/>\n<meta property=\"og:locale\" content=\"es_ES\" \/>\n<meta property=\"og:type\" content=\"article\" \/>\n<meta property=\"og:title\" content=\"Pirineos Sur 2024: Una celebraci\u00f3n de la m\u00fasica en pleno coraz\u00f3n de los Pirineos - Blog Oficial del Grupo ARAM\u00d3N\" \/>\n<meta property=\"og:description\" content=\"Pirineos Sur 2024: Una celebraci\u00f3n de la m\u00fasica en pleno coraz\u00f3n de los Pirineos\" \/>\n<meta property=\"og:url\" content=\"https:\/\/www.aramon.com\/blog\/pirineos-sur-2024-una-celebracion-de-la-musica-en-pleno-corazon-de-los-pirineos\/\" \/>\n<meta property=\"og:site_name\" content=\"Blog Oficial del Grupo ARAM\u00d3N\" \/>\n<meta property=\"article:published_time\" content=\"2024-07-15T11:49:55+00:00\" \/>\n<meta property=\"article:modified_time\" content=\"2024-07-15T11:50:22+00:00\" \/>\n<meta property=\"og:image\" content=\"https:\/\/www.aramon.com\/blog\/wp-content\/uploads\/2024\/07\/pirineos-sur-05-scaled.jpg\" \/>\n\t<meta property=\"og:image:width\" content=\"2560\" \/>\n\t<meta property=\"og:image:height\" content=\"1709\" \/>\n\t<meta property=\"og:image:type\" content=\"image\/jpeg\" \/>\n<meta name=\"author\" content=\"aramon\" \/>\n<meta name=\"twitter:card\" content=\"summary_large_image\" \/>\n<meta name=\"twitter:label1\" content=\"Escrito por\" \/>\n\t<meta name=\"twitter:data1\" content=\"aramon\" \/>\n\t<meta name=\"twitter:label2\" content=\"Tiempo de lectura\" \/>\n\t<meta name=\"twitter:data2\" content=\"5 minutos\" \/>\n<script type=\"application\/ld+json\" class=\"yoast-schema-graph\">{\"@context\":\"https:\/\/schema.org\",\"@graph\":[{\"@type\":\"WebPage\",\"@id\":\"https:\/\/www.aramon.com\/blog\/pirineos-sur-2024-una-celebracion-de-la-musica-en-pleno-corazon-de-los-pirineos\/\",\"url\":\"https:\/\/www.aramon.com\/blog\/pirineos-sur-2024-una-celebracion-de-la-musica-en-pleno-corazon-de-los-pirineos\/\",\"name\":\"Pirineos Sur 2024: Una celebraci\u00f3n de la m\u00fasica en pleno coraz\u00f3n de los Pirineos - Blog Oficial del Grupo ARAM\u00d3N\",\"isPartOf\":{\"@id\":\"https:\/\/www.aramon.com\/blog\/#website\"},\"primaryImageOfPage\":{\"@id\":\"https:\/\/www.aramon.com\/blog\/pirineos-sur-2024-una-celebracion-de-la-musica-en-pleno-corazon-de-los-pirineos\/#primaryimage\"},\"image\":{\"@id\":\"https:\/\/www.aramon.com\/blog\/pirineos-sur-2024-una-celebracion-de-la-musica-en-pleno-corazon-de-los-pirineos\/#primaryimage\"},\"thumbnailUrl\":\"https:\/\/www.aramon.com\/blog\/wp-content\/uploads\/2024\/07\/pirineos-sur-05-scaled.jpg\",\"datePublished\":\"2024-07-15T11:49:55+00:00\",\"dateModified\":\"2024-07-15T11:50:22+00:00\",\"author\":{\"@id\":\"https:\/\/www.aramon.com\/blog\/#\/schema\/person\/9429ffb451d657ab98f0ca1b364eeef3\"},\"description\":\"Pirineos Sur 2024: Una celebraci\u00f3n de la m\u00fasica en pleno coraz\u00f3n de los Pirineos\",\"inLanguage\":\"es\",\"potentialAction\":[{\"@type\":\"ReadAction\",\"target\":[\"https:\/\/www.aramon.com\/blog\/pirineos-sur-2024-una-celebracion-de-la-musica-en-pleno-corazon-de-los-pirineos\/\"]}]},{\"@type\":\"ImageObject\",\"inLanguage\":\"es\",\"@id\":\"https:\/\/www.aramon.com\/blog\/pirineos-sur-2024-una-celebracion-de-la-musica-en-pleno-corazon-de-los-pirineos\/#primaryimage\",\"url\":\"https:\/\/www.aramon.com\/blog\/wp-content\/uploads\/2024\/07\/pirineos-sur-05-scaled.jpg\",\"contentUrl\":\"https:\/\/www.aramon.com\/blog\/wp-content\/uploads\/2024\/07\/pirineos-sur-05-scaled.jpg\",\"width\":2560,\"height\":1709},{\"@type\":\"WebSite\",\"@id\":\"https:\/\/www.aramon.com\/blog\/#website\",\"url\":\"https:\/\/www.aramon.com\/blog\/\",\"name\":\"Blog Oficial del Grupo ARAM\u00d3N\",\"description\":\"Blog Oficial del Grupo Aram\u00f3n sobre estaciones de esqu\u00ed, monta\u00f1ismo, deportes de aventura y m\u00e1s en Arag\u00f3n.\",\"potentialAction\":[{\"@type\":\"SearchAction\",\"target\":{\"@type\":\"EntryPoint\",\"urlTemplate\":\"https:\/\/www.aramon.com\/blog\/?s={search_term_string}\"},\"query-input\":\"required name=search_term_string\"}],\"inLanguage\":\"es\"},{\"@type\":\"Person\",\"@id\":\"https:\/\/www.aramon.com\/blog\/#\/schema\/person\/9429ffb451d657ab98f0ca1b364eeef3\",\"name\":\"aramon\",\"image\":{\"@type\":\"ImageObject\",\"inLanguage\":\"es\",\"@id\":\"https:\/\/www.aramon.com\/blog\/#\/schema\/person\/image\/\",\"url\":\"https:\/\/secure.gravatar.com\/avatar\/d5fd0ede392e1af0e414b87f7568b4d5?s=96&d=mm&r=g\",\"contentUrl\":\"https:\/\/secure.gravatar.com\/avatar\/d5fd0ede392e1af0e414b87f7568b4d5?s=96&d=mm&r=g\",\"caption\":\"aramon\"},\"url\":\"https:\/\/www.aramon.com\/blog\/author\/aramon\/\"}]}<\/script>\n<!-- \/ Yoast SEO plugin. -->","yoast_head_json":{"title":"Pirineos Sur 2024: Una celebraci\u00f3n de la m\u00fasica en pleno coraz\u00f3n de los Pirineos - Blog Oficial del Grupo ARAM\u00d3N","description":"Pirineos Sur 2024: Una celebraci\u00f3n de la m\u00fasica en pleno coraz\u00f3n de los Pirineos","robots":{"index":"index","follow":"follow","max-snippet":"max-snippet:-1","max-image-preview":"max-image-preview:large","max-video-preview":"max-video-preview:-1"},"canonical":"https:\/\/www.aramon.com\/blog\/pirineos-sur-2024-una-celebracion-de-la-musica-en-pleno-corazon-de-los-pirineos\/","og_locale":"es_ES","og_type":"article","og_title":"Pirineos Sur 2024: Una celebraci\u00f3n de la m\u00fasica en pleno coraz\u00f3n de los Pirineos - Blog Oficial del Grupo ARAM\u00d3N","og_description":"Pirineos Sur 2024: Una celebraci\u00f3n de la m\u00fasica en pleno coraz\u00f3n de los Pirineos","og_url":"https:\/\/www.aramon.com\/blog\/pirineos-sur-2024-una-celebracion-de-la-musica-en-pleno-corazon-de-los-pirineos\/","og_site_name":"Blog Oficial del Grupo ARAM\u00d3N","article_published_time":"2024-07-15T11:49:55+00:00","article_modified_time":"2024-07-15T11:50:22+00:00","og_image":[{"width":2560,"height":1709,"url":"https:\/\/www.aramon.com\/blog\/wp-content\/uploads\/2024\/07\/pirineos-sur-05-scaled.jpg","type":"image\/jpeg"}],"author":"aramon","twitter_card":"summary_large_image","twitter_misc":{"Escrito por":"aramon","Tiempo de lectura":"5 minutos"},"schema":{"@context":"https:\/\/schema.org","@graph":[{"@type":"WebPage","@id":"https:\/\/www.aramon.com\/blog\/pirineos-sur-2024-una-celebracion-de-la-musica-en-pleno-corazon-de-los-pirineos\/","url":"https:\/\/www.aramon.com\/blog\/pirineos-sur-2024-una-celebracion-de-la-musica-en-pleno-corazon-de-los-pirineos\/","name":"Pirineos Sur 2024: Una celebraci\u00f3n de la m\u00fasica en pleno coraz\u00f3n de los Pirineos - Blog Oficial del Grupo ARAM\u00d3N","isPartOf":{"@id":"https:\/\/www.aramon.com\/blog\/#website"},"primaryImageOfPage":{"@id":"https:\/\/www.aramon.com\/blog\/pirineos-sur-2024-una-celebracion-de-la-musica-en-pleno-corazon-de-los-pirineos\/#primaryimage"},"image":{"@id":"https:\/\/www.aramon.com\/blog\/pirineos-sur-2024-una-celebracion-de-la-musica-en-pleno-corazon-de-los-pirineos\/#primaryimage"},"thumbnailUrl":"https:\/\/www.aramon.com\/blog\/wp-content\/uploads\/2024\/07\/pirineos-sur-05-scaled.jpg","datePublished":"2024-07-15T11:49:55+00:00","dateModified":"2024-07-15T11:50:22+00:00","author":{"@id":"https:\/\/www.aramon.com\/blog\/#\/schema\/person\/9429ffb451d657ab98f0ca1b364eeef3"},"description":"Pirineos Sur 2024: Una celebraci\u00f3n de la m\u00fasica en pleno coraz\u00f3n de los Pirineos","inLanguage":"es","potentialAction":[{"@type":"ReadAction","target":["https:\/\/www.aramon.com\/blog\/pirineos-sur-2024-una-celebracion-de-la-musica-en-pleno-corazon-de-los-pirineos\/"]}]},{"@type":"ImageObject","inLanguage":"es","@id":"https:\/\/www.aramon.com\/blog\/pirineos-sur-2024-una-celebracion-de-la-musica-en-pleno-corazon-de-los-pirineos\/#primaryimage","url":"https:\/\/www.aramon.com\/blog\/wp-content\/uploads\/2024\/07\/pirineos-sur-05-scaled.jpg","contentUrl":"https:\/\/www.aramon.com\/blog\/wp-content\/uploads\/2024\/07\/pirineos-sur-05-scaled.jpg","width":2560,"height":1709},{"@type":"WebSite","@id":"https:\/\/www.aramon.com\/blog\/#website","url":"https:\/\/www.aramon.com\/blog\/","name":"Blog Oficial del Grupo ARAM\u00d3N","description":"Blog Oficial del Grupo Aram\u00f3n sobre estaciones de esqu\u00ed, monta\u00f1ismo, deportes de aventura y m\u00e1s en Arag\u00f3n.","potentialAction":[{"@type":"SearchAction","target":{"@type":"EntryPoint","urlTemplate":"https:\/\/www.aramon.com\/blog\/?s={search_term_string}"},"query-input":"required name=search_term_string"}],"inLanguage":"es"},{"@type":"Person","@id":"https:\/\/www.aramon.com\/blog\/#\/schema\/person\/9429ffb451d657ab98f0ca1b364eeef3","name":"aramon","image":{"@type":"ImageObject","inLanguage":"es","@id":"https:\/\/www.aramon.com\/blog\/#\/schema\/person\/image\/","url":"https:\/\/secure.gravatar.com\/avatar\/d5fd0ede392e1af0e414b87f7568b4d5?s=96&d=mm&r=g","contentUrl":"https:\/\/secure.gravatar.com\/avatar\/d5fd0ede392e1af0e414b87f7568b4d5?s=96&d=mm&r=g","caption":"aramon"},"url":"https:\/\/www.aramon.com\/blog\/author\/aramon\/"}]}},"_links":{"self":[{"href":"https:\/\/www.aramon.com\/blog\/wp-json\/wp\/v2\/posts\/21045"}],"collection":[{"href":"https:\/\/www.aramon.com\/blog\/wp-json\/wp\/v2\/posts"}],"about":[{"href":"https:\/\/www.aramon.com\/blog\/wp-json\/wp\/v2\/types\/post"}],"author":[{"embeddable":true,"href":"https:\/\/www.aramon.com\/blog\/wp-json\/wp\/v2\/users\/2"}],"replies":[{"embeddable":true,"href":"https:\/\/www.aramon.com\/blog\/wp-json\/wp\/v2\/comments?post=21045"}],"version-history":[{"count":5,"href":"https:\/\/www.aramon.com\/blog\/wp-json\/wp\/v2\/posts\/21045\/revisions"}],"predecessor-version":[{"id":21062,"href":"https:\/\/www.aramon.com\/blog\/wp-json\/wp\/v2\/posts\/21045\/revisions\/21062"}],"wp:featuredmedia":[{"embeddable":true,"href":"https:\/\/www.aramon.com\/blog\/wp-json\/wp\/v2\/media\/21048"}],"wp:attachment":[{"href":"https:\/\/www.aramon.com\/blog\/wp-json\/wp\/v2\/media?parent=21045"}],"wp:term":[{"taxonomy":"category","embeddable":true,"href":"https:\/\/www.aramon.com\/blog\/wp-json\/wp\/v2\/categories?post=21045"},{"taxonomy":"post_tag","embeddable":true,"href":"https:\/\/www.aramon.com\/blog\/wp-json\/wp\/v2\/tags?post=21045"}],"curies":[{"name":"wp","href":"https:\/\/api.w.org\/{rel}","templated":true}]}}