{"id":22266,"date":"2025-04-15T09:47:34","date_gmt":"2025-04-15T07:47:34","guid":{"rendered":"https:\/\/www.aramon.com\/blog\/?p=22266"},"modified":"2025-04-18T14:04:53","modified_gmt":"2025-04-18T12:04:53","slug":"semana-santa-cerler","status":"publish","type":"post","link":"https:\/\/www.aramon.com\/blog\/semana-santa-cerler\/","title":{"rendered":"Semana Santa en Cerler: vive un cierre de temporada inolvidable"},"content":{"rendered":"\n<p>La temporada de invierno est\u00e1 llegando a su fin, por eso, esta Semana Santa podr\u00e1s despedirla <strong>por todo lo alto en Cerler<\/strong> con esqu\u00ed, actividades para toda la familia y el mejor ambiente. <br>A continuaci\u00f3n, te dejamos el programa completo para que no te pierdas nada: <\/p>\n\n\n\n<h2 class=\"wp-block-heading\">Viernes 18 de abril<\/h2>\n\n\n\n<p><strong>Carrera Social del Esqu\u00ed Club Cerler Aneto<br><\/strong>M\u00e1s de 150 socios del club se retar\u00e1n en la pista Cogulla para conseguir el mejor tiempo en esta cita ya tradicional de final de temporada. <\/p>\n\n\n\n<h2 class=\"wp-block-heading\">S\u00e1bado 19 de abril<\/h2>\n\n\n\n<p>El s\u00e1bado llega el broche final perfecto para despedirnos del invierno como se merece. \u00a1Toma nota de todo lo que hemos preparado!<\/p>\n\n\n\n<p><strong>10:30 h &#8211; 13:30 h | Castillos hinchables<\/strong> (terraza de Ampriu)<br>Los m\u00e1s peque\u00f1os tambi\u00e9n se lo pasar\u00e1n en grande con esta actividad especialmente pensada para ellos. <\/p>\n\n\n\n<p><strong>12:30 | Bajada Tropical<\/strong> (pista azul Ampriu)<br>Ponte tus mejores galas veraniegas para esta bajada donde la diversi\u00f3n y la locura son protagonistas. Se aceptan ba\u00f1adores, bikinis, flotadores, gafas de buceo&#8230; \u00a1Sorpr\u00e9ndenos! Recogeremos tu ropa de abrigo en unas bolsas numeradas para que puedas recuperarla r\u00e1pidamente al terminar la bajada. <br>Si te ha gustado el plan, desde las 11:30 podr\u00e1s pasar por el <strong>check point de Colladeta<\/strong> para unirte. <\/p>\n\n\n\n<p><\/p>\n\n\n\n<p><strong>14:30 | Concierto de VIP<\/strong> &#8211; (terraza de Ampriu) <br>No hay buen cierre sin m\u00fasica. Canta y baila con nosotros los grandes \u00e9xitos del pop\/rock espa\u00f1ol en directo.<\/p>\n\n\n\n<p><strong>16:30 | Closing Party en Rem\u00e1scaro<\/strong><br>Nuestros DJs residentes, junto con el invitado <strong>Mario Beni<\/strong>, pondr\u00e1n el broche de oro en el apr\u00e8s-ski a una temporada llena de nieve, buen ambiente y momentos inolvidables.<\/p>\n\n\n\n<h3 class=\"wp-block-heading\"><strong>Y adem\u00e1s\u2026<\/strong><\/h3>\n\n\n\n<p><strong>Si este a\u00f1o has formado parte del Club Aram\u00f3n Premium, el domingo 20 podr\u00e1s esquiar gratis en Cerler<\/strong>. Una \u00faltima oportunidad para despedir la temporada como se merece.<\/p>\n\n\n\n<p>Prep\u00e1rate para un cierre de temporada inolvidable. Nieve, m\u00fasica, diversi\u00f3n y buen ambiente te esperan este fin de semana en Cerler. \u00a1No faltes!<\/p>\n\n\n\n<p><br><\/p>\n","protected":false},"excerpt":{"rendered":"<p>Esta Semana Santa, Cerler se despide del invierno con nieve, diversi\u00f3n y buen ambiente.<\/p>\n","protected":false},"author":2,"featured_media":22306,"comment_status":"closed","ping_status":"closed","sticky":false,"template":"","format":"standard","meta":{"_acf_changed":false,"footnotes":""},"categories":[1,303],"tags":[25,26,34],"acf":[],"yoast_head":"<!-- This site is optimized with the Yoast SEO plugin v22.5 - https:\/\/yoast.com\/wordpress\/plugins\/seo\/ -->\n<title>Semana Santa en Cerler: vive un cierre de temporada inolvidable - Blog Oficial del Grupo ARAM\u00d3N<\/title>\n<meta name=\"description\" content=\"Despedimos la temporada en Cerler con nieve, actividades para toda la familia, m\u00fasica en directo y el mejor apr\u00e8s-ski en Rem\u00e1scaro.\" \/>\n<meta name=\"robots\" content=\"index, follow, max-snippet:-1, max-image-preview:large, max-video-preview:-1\" \/>\n<link rel=\"canonical\" href=\"https:\/\/www.aramon.com\/blog\/semana-santa-cerler\/\" \/>\n<meta property=\"og:locale\" content=\"es_ES\" \/>\n<meta property=\"og:type\" content=\"article\" \/>\n<meta property=\"og:title\" content=\"Semana Santa en Cerler: vive un cierre de temporada inolvidable - Blog Oficial del Grupo ARAM\u00d3N\" \/>\n<meta property=\"og:description\" content=\"Despedimos la temporada en Cerler con nieve, actividades para toda la familia, m\u00fasica en directo y el mejor apr\u00e8s-ski en Rem\u00e1scaro.\" \/>\n<meta property=\"og:url\" content=\"https:\/\/www.aramon.com\/blog\/semana-santa-cerler\/\" \/>\n<meta property=\"og:site_name\" content=\"Blog Oficial del Grupo ARAM\u00d3N\" \/>\n<meta property=\"article:published_time\" content=\"2025-04-15T07:47:34+00:00\" \/>\n<meta property=\"article:modified_time\" content=\"2025-04-18T12:04:53+00:00\" \/>\n<meta property=\"og:image\" content=\"https:\/\/www.aramon.com\/blog\/wp-content\/uploads\/2025\/04\/BAJADA-TROPICAL-20-scaled.jpg\" \/>\n\t<meta property=\"og:image:width\" content=\"2560\" \/>\n\t<meta property=\"og:image:height\" content=\"1707\" \/>\n\t<meta property=\"og:image:type\" content=\"image\/jpeg\" \/>\n<meta name=\"author\" content=\"aramon\" \/>\n<meta name=\"twitter:card\" content=\"summary_large_image\" \/>\n<meta name=\"twitter:label1\" content=\"Escrito por\" \/>\n\t<meta name=\"twitter:data1\" content=\"aramon\" \/>\n\t<meta name=\"twitter:label2\" content=\"Tiempo de lectura\" \/>\n\t<meta name=\"twitter:data2\" content=\"2 minutos\" \/>\n<script type=\"application\/ld+json\" class=\"yoast-schema-graph\">{\"@context\":\"https:\/\/schema.org\",\"@graph\":[{\"@type\":\"WebPage\",\"@id\":\"https:\/\/www.aramon.com\/blog\/semana-santa-cerler\/\",\"url\":\"https:\/\/www.aramon.com\/blog\/semana-santa-cerler\/\",\"name\":\"Semana Santa en Cerler: vive un cierre de temporada inolvidable - Blog Oficial del Grupo ARAM\u00d3N\",\"isPartOf\":{\"@id\":\"https:\/\/www.aramon.com\/blog\/#website\"},\"primaryImageOfPage\":{\"@id\":\"https:\/\/www.aramon.com\/blog\/semana-santa-cerler\/#primaryimage\"},\"image\":{\"@id\":\"https:\/\/www.aramon.com\/blog\/semana-santa-cerler\/#primaryimage\"},\"thumbnailUrl\":\"https:\/\/www.aramon.com\/blog\/wp-content\/uploads\/2025\/04\/BAJADA-TROPICAL-20-scaled.jpg\",\"datePublished\":\"2025-04-15T07:47:34+00:00\",\"dateModified\":\"2025-04-18T12:04:53+00:00\",\"author\":{\"@id\":\"https:\/\/www.aramon.com\/blog\/#\/schema\/person\/9429ffb451d657ab98f0ca1b364eeef3\"},\"description\":\"Despedimos la temporada en Cerler con nieve, actividades para toda la familia, m\u00fasica en directo y el mejor apr\u00e8s-ski en Rem\u00e1scaro.\",\"inLanguage\":\"es\",\"potentialAction\":[{\"@type\":\"ReadAction\",\"target\":[\"https:\/\/www.aramon.com\/blog\/semana-santa-cerler\/\"]}]},{\"@type\":\"ImageObject\",\"inLanguage\":\"es\",\"@id\":\"https:\/\/www.aramon.com\/blog\/semana-santa-cerler\/#primaryimage\",\"url\":\"https:\/\/www.aramon.com\/blog\/wp-content\/uploads\/2025\/04\/BAJADA-TROPICAL-20-scaled.jpg\",\"contentUrl\":\"https:\/\/www.aramon.com\/blog\/wp-content\/uploads\/2025\/04\/BAJADA-TROPICAL-20-scaled.jpg\",\"width\":2560,\"height\":1707},{\"@type\":\"WebSite\",\"@id\":\"https:\/\/www.aramon.com\/blog\/#website\",\"url\":\"https:\/\/www.aramon.com\/blog\/\",\"name\":\"Blog Oficial del Grupo ARAM\u00d3N\",\"description\":\"Blog Oficial del Grupo Aram\u00f3n sobre estaciones de esqu\u00ed, monta\u00f1ismo, deportes de aventura y m\u00e1s en Arag\u00f3n.\",\"potentialAction\":[{\"@type\":\"SearchAction\",\"target\":{\"@type\":\"EntryPoint\",\"urlTemplate\":\"https:\/\/www.aramon.com\/blog\/?s={search_term_string}\"},\"query-input\":\"required name=search_term_string\"}],\"inLanguage\":\"es\"},{\"@type\":\"Person\",\"@id\":\"https:\/\/www.aramon.com\/blog\/#\/schema\/person\/9429ffb451d657ab98f0ca1b364eeef3\",\"name\":\"aramon\",\"image\":{\"@type\":\"ImageObject\",\"inLanguage\":\"es\",\"@id\":\"https:\/\/www.aramon.com\/blog\/#\/schema\/person\/image\/\",\"url\":\"https:\/\/secure.gravatar.com\/avatar\/d5fd0ede392e1af0e414b87f7568b4d5?s=96&d=mm&r=g\",\"contentUrl\":\"https:\/\/secure.gravatar.com\/avatar\/d5fd0ede392e1af0e414b87f7568b4d5?s=96&d=mm&r=g\",\"caption\":\"aramon\"},\"url\":\"https:\/\/www.aramon.com\/blog\/author\/aramon\/\"}]}<\/script>\n<!-- \/ Yoast SEO plugin. -->","yoast_head_json":{"title":"Semana Santa en Cerler: vive un cierre de temporada inolvidable - Blog Oficial del Grupo ARAM\u00d3N","description":"Despedimos la temporada en Cerler con nieve, actividades para toda la familia, m\u00fasica en directo y el mejor apr\u00e8s-ski en Rem\u00e1scaro.","robots":{"index":"index","follow":"follow","max-snippet":"max-snippet:-1","max-image-preview":"max-image-preview:large","max-video-preview":"max-video-preview:-1"},"canonical":"https:\/\/www.aramon.com\/blog\/semana-santa-cerler\/","og_locale":"es_ES","og_type":"article","og_title":"Semana Santa en Cerler: vive un cierre de temporada inolvidable - Blog Oficial del Grupo ARAM\u00d3N","og_description":"Despedimos la temporada en Cerler con nieve, actividades para toda la familia, m\u00fasica en directo y el mejor apr\u00e8s-ski en Rem\u00e1scaro.","og_url":"https:\/\/www.aramon.com\/blog\/semana-santa-cerler\/","og_site_name":"Blog Oficial del Grupo ARAM\u00d3N","article_published_time":"2025-04-15T07:47:34+00:00","article_modified_time":"2025-04-18T12:04:53+00:00","og_image":[{"width":2560,"height":1707,"url":"https:\/\/www.aramon.com\/blog\/wp-content\/uploads\/2025\/04\/BAJADA-TROPICAL-20-scaled.jpg","type":"image\/jpeg"}],"author":"aramon","twitter_card":"summary_large_image","twitter_misc":{"Escrito por":"aramon","Tiempo de lectura":"2 minutos"},"schema":{"@context":"https:\/\/schema.org","@graph":[{"@type":"WebPage","@id":"https:\/\/www.aramon.com\/blog\/semana-santa-cerler\/","url":"https:\/\/www.aramon.com\/blog\/semana-santa-cerler\/","name":"Semana Santa en Cerler: vive un cierre de temporada inolvidable - Blog Oficial del Grupo ARAM\u00d3N","isPartOf":{"@id":"https:\/\/www.aramon.com\/blog\/#website"},"primaryImageOfPage":{"@id":"https:\/\/www.aramon.com\/blog\/semana-santa-cerler\/#primaryimage"},"image":{"@id":"https:\/\/www.aramon.com\/blog\/semana-santa-cerler\/#primaryimage"},"thumbnailUrl":"https:\/\/www.aramon.com\/blog\/wp-content\/uploads\/2025\/04\/BAJADA-TROPICAL-20-scaled.jpg","datePublished":"2025-04-15T07:47:34+00:00","dateModified":"2025-04-18T12:04:53+00:00","author":{"@id":"https:\/\/www.aramon.com\/blog\/#\/schema\/person\/9429ffb451d657ab98f0ca1b364eeef3"},"description":"Despedimos la temporada en Cerler con nieve, actividades para toda la familia, m\u00fasica en directo y el mejor apr\u00e8s-ski en Rem\u00e1scaro.","inLanguage":"es","potentialAction":[{"@type":"ReadAction","target":["https:\/\/www.aramon.com\/blog\/semana-santa-cerler\/"]}]},{"@type":"ImageObject","inLanguage":"es","@id":"https:\/\/www.aramon.com\/blog\/semana-santa-cerler\/#primaryimage","url":"https:\/\/www.aramon.com\/blog\/wp-content\/uploads\/2025\/04\/BAJADA-TROPICAL-20-scaled.jpg","contentUrl":"https:\/\/www.aramon.com\/blog\/wp-content\/uploads\/2025\/04\/BAJADA-TROPICAL-20-scaled.jpg","width":2560,"height":1707},{"@type":"WebSite","@id":"https:\/\/www.aramon.com\/blog\/#website","url":"https:\/\/www.aramon.com\/blog\/","name":"Blog Oficial del Grupo ARAM\u00d3N","description":"Blog Oficial del Grupo Aram\u00f3n sobre estaciones de esqu\u00ed, monta\u00f1ismo, deportes de aventura y m\u00e1s en Arag\u00f3n.","potentialAction":[{"@type":"SearchAction","target":{"@type":"EntryPoint","urlTemplate":"https:\/\/www.aramon.com\/blog\/?s={search_term_string}"},"query-input":"required name=search_term_string"}],"inLanguage":"es"},{"@type":"Person","@id":"https:\/\/www.aramon.com\/blog\/#\/schema\/person\/9429ffb451d657ab98f0ca1b364eeef3","name":"aramon","image":{"@type":"ImageObject","inLanguage":"es","@id":"https:\/\/www.aramon.com\/blog\/#\/schema\/person\/image\/","url":"https:\/\/secure.gravatar.com\/avatar\/d5fd0ede392e1af0e414b87f7568b4d5?s=96&d=mm&r=g","contentUrl":"https:\/\/secure.gravatar.com\/avatar\/d5fd0ede392e1af0e414b87f7568b4d5?s=96&d=mm&r=g","caption":"aramon"},"url":"https:\/\/www.aramon.com\/blog\/author\/aramon\/"}]}},"_links":{"self":[{"href":"https:\/\/www.aramon.com\/blog\/wp-json\/wp\/v2\/posts\/22266"}],"collection":[{"href":"https:\/\/www.aramon.com\/blog\/wp-json\/wp\/v2\/posts"}],"about":[{"href":"https:\/\/www.aramon.com\/blog\/wp-json\/wp\/v2\/types\/post"}],"author":[{"embeddable":true,"href":"https:\/\/www.aramon.com\/blog\/wp-json\/wp\/v2\/users\/2"}],"replies":[{"embeddable":true,"href":"https:\/\/www.aramon.com\/blog\/wp-json\/wp\/v2\/comments?post=22266"}],"version-history":[{"count":5,"href":"https:\/\/www.aramon.com\/blog\/wp-json\/wp\/v2\/posts\/22266\/revisions"}],"predecessor-version":[{"id":22321,"href":"https:\/\/www.aramon.com\/blog\/wp-json\/wp\/v2\/posts\/22266\/revisions\/22321"}],"wp:featuredmedia":[{"embeddable":true,"href":"https:\/\/www.aramon.com\/blog\/wp-json\/wp\/v2\/media\/22306"}],"wp:attachment":[{"href":"https:\/\/www.aramon.com\/blog\/wp-json\/wp\/v2\/media?parent=22266"}],"wp:term":[{"taxonomy":"category","embeddable":true,"href":"https:\/\/www.aramon.com\/blog\/wp-json\/wp\/v2\/categories?post=22266"},{"taxonomy":"post_tag","embeddable":true,"href":"https:\/\/www.aramon.com\/blog\/wp-json\/wp\/v2\/tags?post=22266"}],"curies":[{"name":"wp","href":"https:\/\/api.w.org\/{rel}","templated":true}]}}