{"id":22645,"date":"2025-09-09T14:58:06","date_gmt":"2025-09-09T12:58:06","guid":{"rendered":"https:\/\/www.aramon.com\/blog\/?p=22645"},"modified":"2025-09-09T14:58:07","modified_gmt":"2025-09-09T12:58:07","slug":"aramon-compromiso-sostenibilidad","status":"publish","type":"post","link":"https:\/\/www.aramon.com\/blog\/aramon-compromiso-sostenibilidad\/","title":{"rendered":"Aram\u00f3n: un compromiso sostenible con la monta\u00f1a"},"content":{"rendered":"\n<p style=\"font-size:18px\">En <strong>Aram\u00f3n<\/strong> lo tenemos claro: nuestras monta\u00f1as son mucho m\u00e1s que un lugar para disfrutar del deporte o la naturaleza. Son el alma de todo lo que hacemos, y tambi\u00e9n una gran responsabilidad. Por eso llevamos tiempo trabajando en un objetivo ambicioso: <strong>ofrecer una experiencia de monta\u00f1a de alta calidad, que cuide del entorno y mire al futuro<\/strong>.<\/p>\n\n\n\n<p style=\"font-size:18px\">Creemos que esquiar, caminar o simplemente respirar el aire limpio de nuestros valles es <strong>compatible con preservar lo que nos rodea<\/strong>. Y para conseguirlo, estamos transformando nuestra forma de trabajar desde dentro, con un <strong>Plan de Sostenibilidad<\/strong> que ambiciona ser un modelo de referencia internacional para las estaciones de monta\u00f1a.<\/p>\n\n\n\n<h3 class=\"wp-block-heading\"><strong>Cambiar por dentro para cambiar hacia fuera<\/strong><\/h3>\n\n\n\n<p style=\"font-size:18px\">Esta transformaci\u00f3n no va solo de usar energ\u00edas renovables o de sustituir combustibles por alternativas m\u00e1s limpias. Tambi\u00e9n va de repensar c\u00f3mo usamos los recursos, c\u00f3mo gestionamos los residuos y c\u00f3mo aplicamos la tecnolog\u00eda para ser m\u00e1s eficientes.<\/p>\n\n\n\n<p style=\"font-size:18px\">Un ejemplo son las nuevas <strong>papeleras inteligentes<\/strong> que compactan los residuos y optimizan las rutas de recogida. O los <strong>lavavajillas de bajo consumo<\/strong> que usamos en restauraci\u00f3n, con los que hemos podido eliminar cientos de utensilios de un solo uso cada d\u00eda.<\/p>\n\n\n\n<p style=\"font-size:18px\">Tambi\u00e9n hemos reforzado el <strong>autoconsumo energ\u00e9tico<\/strong> con instalaciones solares y avanzamos hacia <strong>certificaciones ambientales reconocidas<\/strong>, como parte de nuestro compromiso con una gesti\u00f3n m\u00e1s sostenible.<\/p>\n\n\n\n<h3 class=\"wp-block-heading\"><strong>Usar menos y usar mejor<\/strong><\/h3>\n\n\n\n<p style=\"font-size:18px\">Sabemos que<strong> el agua y la nieve <\/strong>son recursos valiosos y no infinitos. Por eso estamos invirtiendo en tecnolog\u00eda que nos permite producir solo la nieve necesaria y trabajar el terreno con mayor precisi\u00f3n, optimizando el uso del agua y del combustible.<\/p>\n\n\n\n<p style=\"font-size:18px\">Y como la sostenibilidad tambi\u00e9n pasa por la <strong>econom\u00eda circular<\/strong>, le damos una segunda vida a muchos materiales. Adem\u00e1s, hemos redise\u00f1ado parte del mobiliario con<strong> materiales reciclados<\/strong> e incorporado criterios ambientales en nuestras compras y licitaciones, implicando a toda nuestra cadena de valor.<\/p>\n\n\n\n<h3 class=\"wp-block-heading\"><strong>La monta\u00f1a tambi\u00e9n se vive en verano<\/strong><\/h3>\n\n\n\n<p style=\"font-size:18px\">Aunque el invierno sea nuestra temporada estrella, creemos que<strong> la monta\u00f1a tiene mucho que ofrecer durante todo el a\u00f1o<\/strong>. En verano, nuestras estaciones de Cerler y Panticosa se llenan de rutas guiadas, circuitos de BTT y actividades familiares como<strong> Explora y trepa<\/strong> o<strong> Convi\u00e9rtete en monta\u00f1ero<\/strong>, que acercan a los m\u00e1s peque\u00f1os al medio natural de forma divertida y respetuosa.<\/p>\n\n\n\n<p style=\"font-size:18px\">Todo esto, impulsado desde <strong>Viajes Aram\u00f3n<\/strong>, nuestra agencia propia, que promueve un turismo m\u00e1s consciente y que genera empleo local.<\/p>\n\n\n\n<h3 class=\"wp-block-heading\"><strong>Cuidar el entorno, cuidar lo que somos<\/strong><\/h3>\n\n\n\n<p style=\"font-size:18px\">La <strong>protecci\u00f3n del entorno<\/strong> es parte esencial de nuestra estrategia. Llevamos a cabo acciones de restauraci\u00f3n ambiental, como la recuperaci\u00f3n de zonas degradadas, la limpieza de barrancos, el control natural de plagas o la reforestaci\u00f3n con t\u00e9cnicas sostenibles, como la hidrosiembra.<\/p>\n\n\n\n<p style=\"font-size:18px\">Y porque creemos que el cambio tambi\u00e9n pasa por la <strong>educaci\u00f3n<\/strong>, en Aram\u00f3n ya estamos trabajando en nuevas iniciativas para fomentar la sostenibilidad entre escolares y visitantes. <\/p>\n\n\n\n<h3 class=\"wp-block-heading\"><strong>Mirando hacia el futuro<\/strong><\/h3>\n\n\n\n<p style=\"font-size:18px\">Lo que estamos construyendo en Aram\u00f3n no es solo una forma de adaptarnos a un nuevo modelo de turismo: es una forma de<strong> liderar su transformaci\u00f3n<\/strong>.<\/p>\n\n\n\n<p style=\"font-size:18px\">Estamos convencidos de que turismo y sostenibilidad no solo pueden ir de la mano, sino que deben hacerlo. Cada acci\u00f3n forma parte de un mismo viaje: lograr <strong>que el impacto de nuestra actividad sea tan positivo como las experiencias que viven quienes nos visitan<\/strong>.<\/p>\n","protected":false},"excerpt":{"rendered":"<p>Cada acci\u00f3n que emprendemos persigue el mismo objetivo: dejar una huella positiva en el territorio y asegurar que las generaciones futuras puedan disfrutar de este entorno \u00fanico.<\/p>\n","protected":false},"author":2,"featured_media":22680,"comment_status":"closed","ping_status":"closed","sticky":false,"template":"","format":"standard","meta":{"_acf_changed":false,"footnotes":""},"categories":[304,1],"tags":[25,26,27,30,31,32,33,2557,36],"acf":[],"yoast_head":"<!-- This site is optimized with the Yoast SEO plugin v22.5 - https:\/\/yoast.com\/wordpress\/plugins\/seo\/ -->\n<title>Aram\u00f3n: un compromiso sostenible con la monta\u00f1a - Blog Oficial del Grupo ARAM\u00d3N<\/title>\n<meta name=\"description\" content=\"Aram\u00f3n lidera un turismo de monta\u00f1a sostenible con innovaci\u00f3n, descarbonizaci\u00f3n y econom\u00eda circular para proteger el entorno natural.\" \/>\n<meta name=\"robots\" content=\"index, follow, max-snippet:-1, max-image-preview:large, max-video-preview:-1\" \/>\n<link rel=\"canonical\" href=\"https:\/\/www.aramon.com\/blog\/aramon-compromiso-sostenibilidad\/\" \/>\n<meta property=\"og:locale\" content=\"es_ES\" \/>\n<meta property=\"og:type\" content=\"article\" \/>\n<meta property=\"og:title\" content=\"Aram\u00f3n: un compromiso sostenible con la monta\u00f1a - Blog Oficial del Grupo ARAM\u00d3N\" \/>\n<meta property=\"og:description\" content=\"Aram\u00f3n lidera un turismo de monta\u00f1a sostenible con innovaci\u00f3n, descarbonizaci\u00f3n y econom\u00eda circular para proteger el entorno natural.\" \/>\n<meta property=\"og:url\" content=\"https:\/\/www.aramon.com\/blog\/aramon-compromiso-sostenibilidad\/\" \/>\n<meta property=\"og:site_name\" content=\"Blog Oficial del Grupo ARAM\u00d3N\" \/>\n<meta property=\"article:published_time\" content=\"2025-09-09T12:58:06+00:00\" \/>\n<meta property=\"article:modified_time\" content=\"2025-09-09T12:58:07+00:00\" \/>\n<meta property=\"og:image\" content=\"https:\/\/www.aramon.com\/blog\/wp-content\/uploads\/2025\/09\/AEREA-CONVERTETE-EN-MONTANERO-CON-PERRO-CAMPANA-VERANO-_-scaled.jpg\" \/>\n\t<meta property=\"og:image:width\" content=\"2560\" \/>\n\t<meta property=\"og:image:height\" content=\"1440\" \/>\n\t<meta property=\"og:image:type\" content=\"image\/jpeg\" \/>\n<meta name=\"author\" content=\"aramon\" \/>\n<meta name=\"twitter:card\" content=\"summary_large_image\" \/>\n<meta name=\"twitter:label1\" content=\"Escrito por\" \/>\n\t<meta name=\"twitter:data1\" content=\"aramon\" \/>\n\t<meta name=\"twitter:label2\" content=\"Tiempo de lectura\" \/>\n\t<meta name=\"twitter:data2\" content=\"3 minutos\" \/>\n<script type=\"application\/ld+json\" class=\"yoast-schema-graph\">{\"@context\":\"https:\/\/schema.org\",\"@graph\":[{\"@type\":\"WebPage\",\"@id\":\"https:\/\/www.aramon.com\/blog\/aramon-compromiso-sostenibilidad\/\",\"url\":\"https:\/\/www.aramon.com\/blog\/aramon-compromiso-sostenibilidad\/\",\"name\":\"Aram\u00f3n: un compromiso sostenible con la monta\u00f1a - Blog Oficial del Grupo ARAM\u00d3N\",\"isPartOf\":{\"@id\":\"https:\/\/www.aramon.com\/blog\/#website\"},\"primaryImageOfPage\":{\"@id\":\"https:\/\/www.aramon.com\/blog\/aramon-compromiso-sostenibilidad\/#primaryimage\"},\"image\":{\"@id\":\"https:\/\/www.aramon.com\/blog\/aramon-compromiso-sostenibilidad\/#primaryimage\"},\"thumbnailUrl\":\"https:\/\/www.aramon.com\/blog\/wp-content\/uploads\/2025\/09\/AEREA-CONVERTETE-EN-MONTANERO-CON-PERRO-CAMPANA-VERANO-_-scaled.jpg\",\"datePublished\":\"2025-09-09T12:58:06+00:00\",\"dateModified\":\"2025-09-09T12:58:07+00:00\",\"author\":{\"@id\":\"https:\/\/www.aramon.com\/blog\/#\/schema\/person\/9429ffb451d657ab98f0ca1b364eeef3\"},\"description\":\"Aram\u00f3n lidera un turismo de monta\u00f1a sostenible con innovaci\u00f3n, descarbonizaci\u00f3n y econom\u00eda circular para proteger el entorno natural.\",\"inLanguage\":\"es\",\"potentialAction\":[{\"@type\":\"ReadAction\",\"target\":[\"https:\/\/www.aramon.com\/blog\/aramon-compromiso-sostenibilidad\/\"]}]},{\"@type\":\"ImageObject\",\"inLanguage\":\"es\",\"@id\":\"https:\/\/www.aramon.com\/blog\/aramon-compromiso-sostenibilidad\/#primaryimage\",\"url\":\"https:\/\/www.aramon.com\/blog\/wp-content\/uploads\/2025\/09\/AEREA-CONVERTETE-EN-MONTANERO-CON-PERRO-CAMPANA-VERANO-_-scaled.jpg\",\"contentUrl\":\"https:\/\/www.aramon.com\/blog\/wp-content\/uploads\/2025\/09\/AEREA-CONVERTETE-EN-MONTANERO-CON-PERRO-CAMPANA-VERANO-_-scaled.jpg\",\"width\":2560,\"height\":1440,\"caption\":\"default\"},{\"@type\":\"WebSite\",\"@id\":\"https:\/\/www.aramon.com\/blog\/#website\",\"url\":\"https:\/\/www.aramon.com\/blog\/\",\"name\":\"Blog Oficial del Grupo ARAM\u00d3N\",\"description\":\"Blog Oficial del Grupo Aram\u00f3n sobre estaciones de esqu\u00ed, monta\u00f1ismo, deportes de aventura y m\u00e1s en Arag\u00f3n.\",\"potentialAction\":[{\"@type\":\"SearchAction\",\"target\":{\"@type\":\"EntryPoint\",\"urlTemplate\":\"https:\/\/www.aramon.com\/blog\/?s={search_term_string}\"},\"query-input\":\"required name=search_term_string\"}],\"inLanguage\":\"es\"},{\"@type\":\"Person\",\"@id\":\"https:\/\/www.aramon.com\/blog\/#\/schema\/person\/9429ffb451d657ab98f0ca1b364eeef3\",\"name\":\"aramon\",\"image\":{\"@type\":\"ImageObject\",\"inLanguage\":\"es\",\"@id\":\"https:\/\/www.aramon.com\/blog\/#\/schema\/person\/image\/\",\"url\":\"https:\/\/secure.gravatar.com\/avatar\/d5fd0ede392e1af0e414b87f7568b4d5?s=96&d=mm&r=g\",\"contentUrl\":\"https:\/\/secure.gravatar.com\/avatar\/d5fd0ede392e1af0e414b87f7568b4d5?s=96&d=mm&r=g\",\"caption\":\"aramon\"},\"url\":\"https:\/\/www.aramon.com\/blog\/author\/aramon\/\"}]}<\/script>\n<!-- \/ Yoast SEO plugin. -->","yoast_head_json":{"title":"Aram\u00f3n: un compromiso sostenible con la monta\u00f1a - Blog Oficial del Grupo ARAM\u00d3N","description":"Aram\u00f3n lidera un turismo de monta\u00f1a sostenible con innovaci\u00f3n, descarbonizaci\u00f3n y econom\u00eda circular para proteger el entorno natural.","robots":{"index":"index","follow":"follow","max-snippet":"max-snippet:-1","max-image-preview":"max-image-preview:large","max-video-preview":"max-video-preview:-1"},"canonical":"https:\/\/www.aramon.com\/blog\/aramon-compromiso-sostenibilidad\/","og_locale":"es_ES","og_type":"article","og_title":"Aram\u00f3n: un compromiso sostenible con la monta\u00f1a - Blog Oficial del Grupo ARAM\u00d3N","og_description":"Aram\u00f3n lidera un turismo de monta\u00f1a sostenible con innovaci\u00f3n, descarbonizaci\u00f3n y econom\u00eda circular para proteger el entorno natural.","og_url":"https:\/\/www.aramon.com\/blog\/aramon-compromiso-sostenibilidad\/","og_site_name":"Blog Oficial del Grupo ARAM\u00d3N","article_published_time":"2025-09-09T12:58:06+00:00","article_modified_time":"2025-09-09T12:58:07+00:00","og_image":[{"width":2560,"height":1440,"url":"https:\/\/www.aramon.com\/blog\/wp-content\/uploads\/2025\/09\/AEREA-CONVERTETE-EN-MONTANERO-CON-PERRO-CAMPANA-VERANO-_-scaled.jpg","type":"image\/jpeg"}],"author":"aramon","twitter_card":"summary_large_image","twitter_misc":{"Escrito por":"aramon","Tiempo de lectura":"3 minutos"},"schema":{"@context":"https:\/\/schema.org","@graph":[{"@type":"WebPage","@id":"https:\/\/www.aramon.com\/blog\/aramon-compromiso-sostenibilidad\/","url":"https:\/\/www.aramon.com\/blog\/aramon-compromiso-sostenibilidad\/","name":"Aram\u00f3n: un compromiso sostenible con la monta\u00f1a - Blog Oficial del Grupo ARAM\u00d3N","isPartOf":{"@id":"https:\/\/www.aramon.com\/blog\/#website"},"primaryImageOfPage":{"@id":"https:\/\/www.aramon.com\/blog\/aramon-compromiso-sostenibilidad\/#primaryimage"},"image":{"@id":"https:\/\/www.aramon.com\/blog\/aramon-compromiso-sostenibilidad\/#primaryimage"},"thumbnailUrl":"https:\/\/www.aramon.com\/blog\/wp-content\/uploads\/2025\/09\/AEREA-CONVERTETE-EN-MONTANERO-CON-PERRO-CAMPANA-VERANO-_-scaled.jpg","datePublished":"2025-09-09T12:58:06+00:00","dateModified":"2025-09-09T12:58:07+00:00","author":{"@id":"https:\/\/www.aramon.com\/blog\/#\/schema\/person\/9429ffb451d657ab98f0ca1b364eeef3"},"description":"Aram\u00f3n lidera un turismo de monta\u00f1a sostenible con innovaci\u00f3n, descarbonizaci\u00f3n y econom\u00eda circular para proteger el entorno natural.","inLanguage":"es","potentialAction":[{"@type":"ReadAction","target":["https:\/\/www.aramon.com\/blog\/aramon-compromiso-sostenibilidad\/"]}]},{"@type":"ImageObject","inLanguage":"es","@id":"https:\/\/www.aramon.com\/blog\/aramon-compromiso-sostenibilidad\/#primaryimage","url":"https:\/\/www.aramon.com\/blog\/wp-content\/uploads\/2025\/09\/AEREA-CONVERTETE-EN-MONTANERO-CON-PERRO-CAMPANA-VERANO-_-scaled.jpg","contentUrl":"https:\/\/www.aramon.com\/blog\/wp-content\/uploads\/2025\/09\/AEREA-CONVERTETE-EN-MONTANERO-CON-PERRO-CAMPANA-VERANO-_-scaled.jpg","width":2560,"height":1440,"caption":"default"},{"@type":"WebSite","@id":"https:\/\/www.aramon.com\/blog\/#website","url":"https:\/\/www.aramon.com\/blog\/","name":"Blog Oficial del Grupo ARAM\u00d3N","description":"Blog Oficial del Grupo Aram\u00f3n sobre estaciones de esqu\u00ed, monta\u00f1ismo, deportes de aventura y m\u00e1s en Arag\u00f3n.","potentialAction":[{"@type":"SearchAction","target":{"@type":"EntryPoint","urlTemplate":"https:\/\/www.aramon.com\/blog\/?s={search_term_string}"},"query-input":"required name=search_term_string"}],"inLanguage":"es"},{"@type":"Person","@id":"https:\/\/www.aramon.com\/blog\/#\/schema\/person\/9429ffb451d657ab98f0ca1b364eeef3","name":"aramon","image":{"@type":"ImageObject","inLanguage":"es","@id":"https:\/\/www.aramon.com\/blog\/#\/schema\/person\/image\/","url":"https:\/\/secure.gravatar.com\/avatar\/d5fd0ede392e1af0e414b87f7568b4d5?s=96&d=mm&r=g","contentUrl":"https:\/\/secure.gravatar.com\/avatar\/d5fd0ede392e1af0e414b87f7568b4d5?s=96&d=mm&r=g","caption":"aramon"},"url":"https:\/\/www.aramon.com\/blog\/author\/aramon\/"}]}},"_links":{"self":[{"href":"https:\/\/www.aramon.com\/blog\/wp-json\/wp\/v2\/posts\/22645"}],"collection":[{"href":"https:\/\/www.aramon.com\/blog\/wp-json\/wp\/v2\/posts"}],"about":[{"href":"https:\/\/www.aramon.com\/blog\/wp-json\/wp\/v2\/types\/post"}],"author":[{"embeddable":true,"href":"https:\/\/www.aramon.com\/blog\/wp-json\/wp\/v2\/users\/2"}],"replies":[{"embeddable":true,"href":"https:\/\/www.aramon.com\/blog\/wp-json\/wp\/v2\/comments?post=22645"}],"version-history":[{"count":14,"href":"https:\/\/www.aramon.com\/blog\/wp-json\/wp\/v2\/posts\/22645\/revisions"}],"predecessor-version":[{"id":22689,"href":"https:\/\/www.aramon.com\/blog\/wp-json\/wp\/v2\/posts\/22645\/revisions\/22689"}],"wp:featuredmedia":[{"embeddable":true,"href":"https:\/\/www.aramon.com\/blog\/wp-json\/wp\/v2\/media\/22680"}],"wp:attachment":[{"href":"https:\/\/www.aramon.com\/blog\/wp-json\/wp\/v2\/media?parent=22645"}],"wp:term":[{"taxonomy":"category","embeddable":true,"href":"https:\/\/www.aramon.com\/blog\/wp-json\/wp\/v2\/categories?post=22645"},{"taxonomy":"post_tag","embeddable":true,"href":"https:\/\/www.aramon.com\/blog\/wp-json\/wp\/v2\/tags?post=22645"}],"curies":[{"name":"wp","href":"https:\/\/api.w.org\/{rel}","templated":true}]}}