{"id":22654,"date":"2025-09-09T14:58:16","date_gmt":"2025-09-09T12:58:16","guid":{"rendered":"https:\/\/www.aramon.com\/blog\/?p=22654"},"modified":"2025-09-10T14:50:03","modified_gmt":"2025-09-10T12:50:03","slug":"cerler-final-vuelta-etapa-espan","status":"publish","type":"post","link":"https:\/\/www.aramon.com\/blog\/cerler-final-vuelta-etapa-espan\/","title":{"rendered":"Cerler vuelve a ser final de etapa de la Vuelta a Espa\u00f1a"},"content":{"rendered":"\n<p style=\"font-size:18px\">La emoci\u00f3n sobre ruedas se ha vuelto a sentir este verano en Cerler: durante el mes de agosto se vivi\u00f3 un momento hist\u00f3rico que muchos aficionados del ciclismo no quisieron perderse. No suced\u00eda desde hacia 18 a\u00f1os y el pasado d\u00eda 29 el valle de Benasque se convirti\u00f3 en el foco de atenci\u00f3n internacional: en el escenario de<strong> la meta de la Etapa 7 de la Vuelta Ciclista a Espa\u00f1a<\/strong>.<\/p>\n\n\n\n<p style=\"font-size:18px\">La etapa part\u00eda desde Andorra y recorri\u00f3 un exigente trazado de 188 km y 4.211 m de desnivel acumulado, con puertos como Port del Cant\u00f3, Creu de Perves, Coll de l&#8217;Espina y el<strong> ascenso final a Cerler <\/strong>(12,1 km al 5,8%), donde la mayor exigencia se concentraba en la primera parte, 4 kil\u00f3metros entre el 8 y el 10% con rampas m\u00e1ximas del 14%.&nbsp;&nbsp;<\/p>\n\n\n\n<h3 class=\"wp-block-heading\">Juan Ayuso: victoria con car\u00e1cter<\/h3>\n\n\n\n<p style=\"font-size:18px\">El gran protagonista del d\u00eda fue el joven ciclista espa\u00f1ol<strong> Juan Ayuso<\/strong>, que tras una jornada muy complicada en la etapa anterior, encontr\u00f3 en Cerler su salvaci\u00f3n. <\/p>\n\n\n\n<p style=\"font-size:18px\">En una demostraci\u00f3n de potencia y coraje, Ayuso <strong>atac\u00f3 a 11 kil\u00f3metros de meta<\/strong>, dejando atr\u00e1s a sus compa\u00f1eros y enfrent\u00e1ndose en solitario a las duras rampas de Cerler, bajo una lluvia persistente. Cruz\u00f3 la meta con un gesto de rabia contenida y alegr\u00eda desbordada, celebrando su <strong>primera victoria de etapa en La Vuelta<\/strong> y devolviendo la ilusi\u00f3n a la afici\u00f3n espa\u00f1ola. <\/p>\n\n\n\n<p style=\"font-size:18px\">Fue un triunfo no solo deportivo, sino tambi\u00e9n emocional. Ayuso lograba la primera victoria espa\u00f1ola en esta edici\u00f3n con un tiempo de 4h.49.41, a una media de 38,9 km\/hora. <\/p>\n\n\n\n<p style=\"font-size:18px\">El noruego <strong>Torstein Traeen (Bahrain) mantuvo el maillot rojo de l\u00edder<\/strong>. Y a Ayuso le siguieron en meta Marco Frigo, a 1.14 y Ra\u00fal Garc\u00eda Pierna. El grupo de favoritos, con Vingegaard y Joao Almeida entr\u00f3 a 2.45 minutos.<\/p>\n\n\n\n<figure class=\"wp-block-gallery has-nested-images columns-default is-cropped wp-block-gallery-1 is-layout-flex wp-block-gallery-is-layout-flex\">\n<figure class=\"wp-block-image size-large\"><img loading=\"lazy\" decoding=\"async\" width=\"1024\" height=\"682\" data-id=\"22712\" src=\"https:\/\/www.aramon.com\/blog\/wp-content\/uploads\/2025\/09\/La-Vuelta-Cerler-1-1024x682.jpeg\" alt=\"\" class=\"wp-image-22712\" srcset=\"https:\/\/www.aramon.com\/blog\/wp-content\/uploads\/2025\/09\/La-Vuelta-Cerler-1-1024x682.jpeg 1024w, https:\/\/www.aramon.com\/blog\/wp-content\/uploads\/2025\/09\/La-Vuelta-Cerler-1-300x200.jpeg 300w, https:\/\/www.aramon.com\/blog\/wp-content\/uploads\/2025\/09\/La-Vuelta-Cerler-1-768x512.jpeg 768w, https:\/\/www.aramon.com\/blog\/wp-content\/uploads\/2025\/09\/La-Vuelta-Cerler-1-1536x1024.jpeg 1536w, https:\/\/www.aramon.com\/blog\/wp-content\/uploads\/2025\/09\/La-Vuelta-Cerler-1-2048x1365.jpeg 2048w\" sizes=\"(max-width: 1024px) 100vw, 1024px\" \/><\/figure>\n\n\n\n<figure class=\"wp-block-image size-large\"><img loading=\"lazy\" decoding=\"async\" width=\"1024\" height=\"682\" data-id=\"22711\" src=\"https:\/\/www.aramon.com\/blog\/wp-content\/uploads\/2025\/09\/La-Vuelta-Cerler-2-1-1024x682.jpeg\" alt=\"\" class=\"wp-image-22711\" srcset=\"https:\/\/www.aramon.com\/blog\/wp-content\/uploads\/2025\/09\/La-Vuelta-Cerler-2-1-1024x682.jpeg 1024w, https:\/\/www.aramon.com\/blog\/wp-content\/uploads\/2025\/09\/La-Vuelta-Cerler-2-1-300x200.jpeg 300w, https:\/\/www.aramon.com\/blog\/wp-content\/uploads\/2025\/09\/La-Vuelta-Cerler-2-1-768x512.jpeg 768w, https:\/\/www.aramon.com\/blog\/wp-content\/uploads\/2025\/09\/La-Vuelta-Cerler-2-1-1536x1024.jpeg 1536w, https:\/\/www.aramon.com\/blog\/wp-content\/uploads\/2025\/09\/La-Vuelta-Cerler-2-1-2048x1365.jpeg 2048w\" sizes=\"(max-width: 1024px) 100vw, 1024px\" \/><\/figure>\n\n\n\n<figure class=\"wp-block-image size-large\"><img loading=\"lazy\" decoding=\"async\" width=\"1024\" height=\"682\" data-id=\"22713\" src=\"https:\/\/www.aramon.com\/blog\/wp-content\/uploads\/2025\/09\/La-Vuelta-Cerler-3-1024x682.jpeg\" alt=\"\" class=\"wp-image-22713\" srcset=\"https:\/\/www.aramon.com\/blog\/wp-content\/uploads\/2025\/09\/La-Vuelta-Cerler-3-1024x682.jpeg 1024w, https:\/\/www.aramon.com\/blog\/wp-content\/uploads\/2025\/09\/La-Vuelta-Cerler-3-300x200.jpeg 300w, https:\/\/www.aramon.com\/blog\/wp-content\/uploads\/2025\/09\/La-Vuelta-Cerler-3-768x512.jpeg 768w, https:\/\/www.aramon.com\/blog\/wp-content\/uploads\/2025\/09\/La-Vuelta-Cerler-3-1536x1024.jpeg 1536w, https:\/\/www.aramon.com\/blog\/wp-content\/uploads\/2025\/09\/La-Vuelta-Cerler-3-2048x1365.jpeg 2048w\" sizes=\"(max-width: 1024px) 100vw, 1024px\" \/><\/figure>\n\n\n\n<figure class=\"wp-block-image size-large\"><img loading=\"lazy\" decoding=\"async\" width=\"1024\" height=\"682\" data-id=\"22714\" src=\"https:\/\/www.aramon.com\/blog\/wp-content\/uploads\/2025\/09\/La-Vuelta-Cerler-4-1024x682.jpeg\" alt=\"\" class=\"wp-image-22714\" srcset=\"https:\/\/www.aramon.com\/blog\/wp-content\/uploads\/2025\/09\/La-Vuelta-Cerler-4-1024x682.jpeg 1024w, https:\/\/www.aramon.com\/blog\/wp-content\/uploads\/2025\/09\/La-Vuelta-Cerler-4-300x200.jpeg 300w, https:\/\/www.aramon.com\/blog\/wp-content\/uploads\/2025\/09\/La-Vuelta-Cerler-4-768x512.jpeg 768w, https:\/\/www.aramon.com\/blog\/wp-content\/uploads\/2025\/09\/La-Vuelta-Cerler-4-1536x1024.jpeg 1536w, https:\/\/www.aramon.com\/blog\/wp-content\/uploads\/2025\/09\/La-Vuelta-Cerler-4-2048x1365.jpeg 2048w\" sizes=\"(max-width: 1024px) 100vw, 1024px\" \/><\/figure>\n\n\n\n<figure class=\"wp-block-image size-large\"><img loading=\"lazy\" decoding=\"async\" width=\"819\" height=\"1024\" data-id=\"22716\" src=\"https:\/\/www.aramon.com\/blog\/wp-content\/uploads\/2025\/09\/La-Vuelta-Cerler-5-819x1024.jpeg\" alt=\"\" class=\"wp-image-22716\" srcset=\"https:\/\/www.aramon.com\/blog\/wp-content\/uploads\/2025\/09\/La-Vuelta-Cerler-5-819x1024.jpeg 819w, https:\/\/www.aramon.com\/blog\/wp-content\/uploads\/2025\/09\/La-Vuelta-Cerler-5-240x300.jpeg 240w, https:\/\/www.aramon.com\/blog\/wp-content\/uploads\/2025\/09\/La-Vuelta-Cerler-5-768x960.jpeg 768w, https:\/\/www.aramon.com\/blog\/wp-content\/uploads\/2025\/09\/La-Vuelta-Cerler-5-1229x1536.jpeg 1229w, https:\/\/www.aramon.com\/blog\/wp-content\/uploads\/2025\/09\/La-Vuelta-Cerler-5-1638x2048.jpeg 1638w, https:\/\/www.aramon.com\/blog\/wp-content\/uploads\/2025\/09\/La-Vuelta-Cerler-5-scaled.jpeg 2048w\" sizes=\"(max-width: 819px) 100vw, 819px\" \/><\/figure>\n\n\n\n<figure class=\"wp-block-image size-large\"><img loading=\"lazy\" decoding=\"async\" width=\"819\" height=\"1024\" data-id=\"22715\" src=\"https:\/\/www.aramon.com\/blog\/wp-content\/uploads\/2025\/09\/La-Vuelta-Cerler-7-819x1024.jpeg\" alt=\"\" class=\"wp-image-22715\" srcset=\"https:\/\/www.aramon.com\/blog\/wp-content\/uploads\/2025\/09\/La-Vuelta-Cerler-7-819x1024.jpeg 819w, https:\/\/www.aramon.com\/blog\/wp-content\/uploads\/2025\/09\/La-Vuelta-Cerler-7-240x300.jpeg 240w, https:\/\/www.aramon.com\/blog\/wp-content\/uploads\/2025\/09\/La-Vuelta-Cerler-7-768x960.jpeg 768w, https:\/\/www.aramon.com\/blog\/wp-content\/uploads\/2025\/09\/La-Vuelta-Cerler-7-1229x1536.jpeg 1229w, https:\/\/www.aramon.com\/blog\/wp-content\/uploads\/2025\/09\/La-Vuelta-Cerler-7-1638x2048.jpeg 1638w, https:\/\/www.aramon.com\/blog\/wp-content\/uploads\/2025\/09\/La-Vuelta-Cerler-7-scaled.jpeg 2048w\" sizes=\"(max-width: 819px) 100vw, 819px\" \/><\/figure>\n\n\n\n<figure class=\"wp-block-image size-large\"><img loading=\"lazy\" decoding=\"async\" width=\"819\" height=\"1024\" data-id=\"22717\" src=\"https:\/\/www.aramon.com\/blog\/wp-content\/uploads\/2025\/09\/La-Vuelta-Cerler-8-819x1024.jpeg\" alt=\"\" class=\"wp-image-22717\" srcset=\"https:\/\/www.aramon.com\/blog\/wp-content\/uploads\/2025\/09\/La-Vuelta-Cerler-8-819x1024.jpeg 819w, https:\/\/www.aramon.com\/blog\/wp-content\/uploads\/2025\/09\/La-Vuelta-Cerler-8-240x300.jpeg 240w, https:\/\/www.aramon.com\/blog\/wp-content\/uploads\/2025\/09\/La-Vuelta-Cerler-8-768x960.jpeg 768w, https:\/\/www.aramon.com\/blog\/wp-content\/uploads\/2025\/09\/La-Vuelta-Cerler-8-1229x1536.jpeg 1229w, https:\/\/www.aramon.com\/blog\/wp-content\/uploads\/2025\/09\/La-Vuelta-Cerler-8-1638x2048.jpeg 1638w, https:\/\/www.aramon.com\/blog\/wp-content\/uploads\/2025\/09\/La-Vuelta-Cerler-8-scaled.jpeg 2048w\" sizes=\"(max-width: 819px) 100vw, 819px\" \/><\/figure>\n\n\n\n<figure class=\"wp-block-image size-large\"><img loading=\"lazy\" decoding=\"async\" width=\"819\" height=\"1024\" data-id=\"22718\" src=\"https:\/\/www.aramon.com\/blog\/wp-content\/uploads\/2025\/09\/La-Vuelta-Cerler-9-819x1024.jpeg\" alt=\"\" class=\"wp-image-22718\" srcset=\"https:\/\/www.aramon.com\/blog\/wp-content\/uploads\/2025\/09\/La-Vuelta-Cerler-9-819x1024.jpeg 819w, https:\/\/www.aramon.com\/blog\/wp-content\/uploads\/2025\/09\/La-Vuelta-Cerler-9-240x300.jpeg 240w, https:\/\/www.aramon.com\/blog\/wp-content\/uploads\/2025\/09\/La-Vuelta-Cerler-9-768x960.jpeg 768w, https:\/\/www.aramon.com\/blog\/wp-content\/uploads\/2025\/09\/La-Vuelta-Cerler-9-1229x1536.jpeg 1229w, https:\/\/www.aramon.com\/blog\/wp-content\/uploads\/2025\/09\/La-Vuelta-Cerler-9-1638x2048.jpeg 1638w, https:\/\/www.aramon.com\/blog\/wp-content\/uploads\/2025\/09\/La-Vuelta-Cerler-9-scaled.jpeg 2048w\" sizes=\"(max-width: 819px) 100vw, 819px\" \/><\/figure>\n\n\n\n<figure class=\"wp-block-image size-large\"><img loading=\"lazy\" decoding=\"async\" width=\"819\" height=\"1024\" data-id=\"22719\" src=\"https:\/\/www.aramon.com\/blog\/wp-content\/uploads\/2025\/09\/La-Vuelta-Cerler-10-819x1024.jpeg\" alt=\"\" class=\"wp-image-22719\" srcset=\"https:\/\/www.aramon.com\/blog\/wp-content\/uploads\/2025\/09\/La-Vuelta-Cerler-10-819x1024.jpeg 819w, https:\/\/www.aramon.com\/blog\/wp-content\/uploads\/2025\/09\/La-Vuelta-Cerler-10-240x300.jpeg 240w, https:\/\/www.aramon.com\/blog\/wp-content\/uploads\/2025\/09\/La-Vuelta-Cerler-10-768x960.jpeg 768w, https:\/\/www.aramon.com\/blog\/wp-content\/uploads\/2025\/09\/La-Vuelta-Cerler-10-1229x1536.jpeg 1229w, https:\/\/www.aramon.com\/blog\/wp-content\/uploads\/2025\/09\/La-Vuelta-Cerler-10-1638x2048.jpeg 1638w, https:\/\/www.aramon.com\/blog\/wp-content\/uploads\/2025\/09\/La-Vuelta-Cerler-10-scaled.jpeg 2048w\" sizes=\"(max-width: 819px) 100vw, 819px\" \/><\/figure>\n<\/figure>\n\n\n\n<p><\/p>\n\n\n\n<h3 class=\"wp-block-heading\">Pirineo aragon\u00e9s: escenario del ciclismo de \u00e9lite<\/h3>\n\n\n\n<p style=\"font-size:18px\">Cerler vivi\u00f3 una aut\u00e9ntica fiesta. Aficionados locales e internacionales llenaron el valle desde primera hora, con c\u00e1nticos, pancartas y mucho color en homenaje al pelot\u00f3n. <\/p>\n\n\n\n<p style=\"font-size:18px\">Sin duda, fue una cita obligada para aquellos que disfrutan viendo a los profesionales enfrentarse a la dureza del terreno en uno de los rincones m\u00e1s hermosos de Arag\u00f3n.<\/p>\n\n\n\n<p><\/p>\n","protected":false},"excerpt":{"rendered":"<p>El valle de Benasque se sit\u00faa de nuevo en el mapa de los amantes de la bici en la s\u00e9ptima etapa de la Vuelta.<\/p>\n","protected":false},"author":2,"featured_media":22683,"comment_status":"closed","ping_status":"closed","sticky":false,"template":"","format":"standard","meta":{"_acf_changed":false,"footnotes":""},"categories":[1,303,472],"tags":[25,219,26,207,34],"acf":[],"yoast_head":"<!-- This site is optimized with the Yoast SEO plugin v22.5 - https:\/\/yoast.com\/wordpress\/plugins\/seo\/ -->\n<title>Cerler vuelve a ser final de etapa de la Vuelta a Espa\u00f1a - Blog Oficial del Grupo ARAM\u00d3N<\/title>\n<meta name=\"description\" content=\"En Cerler la monta\u00f1a se vive sobre dos ruedas: ha sido final de etapa en 11 ocasiones a lo largo de la historia de La Vuelta Ciclista.\" \/>\n<meta name=\"robots\" content=\"index, follow, max-snippet:-1, max-image-preview:large, max-video-preview:-1\" \/>\n<link rel=\"canonical\" href=\"https:\/\/www.aramon.com\/blog\/cerler-final-vuelta-etapa-espan\/\" \/>\n<meta property=\"og:locale\" content=\"es_ES\" \/>\n<meta property=\"og:type\" content=\"article\" \/>\n<meta property=\"og:title\" content=\"Cerler vuelve a ser final de etapa de la Vuelta a Espa\u00f1a - Blog Oficial del Grupo ARAM\u00d3N\" \/>\n<meta property=\"og:description\" content=\"En Cerler la monta\u00f1a se vive sobre dos ruedas: ha sido final de etapa en 11 ocasiones a lo largo de la historia de La Vuelta Ciclista.\" \/>\n<meta property=\"og:url\" content=\"https:\/\/www.aramon.com\/blog\/cerler-final-vuelta-etapa-espan\/\" \/>\n<meta property=\"og:site_name\" content=\"Blog Oficial del Grupo ARAM\u00d3N\" \/>\n<meta property=\"article:published_time\" content=\"2025-09-09T12:58:16+00:00\" \/>\n<meta property=\"article:modified_time\" content=\"2025-09-10T12:50:03+00:00\" \/>\n<meta property=\"og:image\" content=\"https:\/\/www.aramon.com\/blog\/wp-content\/uploads\/2025\/09\/La-Vuelta-Cerler-6-scaled.jpeg\" \/>\n\t<meta property=\"og:image:width\" content=\"2048\" \/>\n\t<meta property=\"og:image:height\" content=\"2560\" \/>\n\t<meta property=\"og:image:type\" content=\"image\/jpeg\" \/>\n<meta name=\"author\" content=\"aramon\" \/>\n<meta name=\"twitter:card\" content=\"summary_large_image\" \/>\n<meta name=\"twitter:label1\" content=\"Escrito por\" \/>\n\t<meta name=\"twitter:data1\" content=\"aramon\" \/>\n\t<meta name=\"twitter:label2\" content=\"Tiempo de lectura\" \/>\n\t<meta name=\"twitter:data2\" content=\"4 minutos\" \/>\n<script type=\"application\/ld+json\" class=\"yoast-schema-graph\">{\"@context\":\"https:\/\/schema.org\",\"@graph\":[{\"@type\":\"WebPage\",\"@id\":\"https:\/\/www.aramon.com\/blog\/cerler-final-vuelta-etapa-espan\/\",\"url\":\"https:\/\/www.aramon.com\/blog\/cerler-final-vuelta-etapa-espan\/\",\"name\":\"Cerler vuelve a ser final de etapa de la Vuelta a Espa\u00f1a - Blog Oficial del Grupo ARAM\u00d3N\",\"isPartOf\":{\"@id\":\"https:\/\/www.aramon.com\/blog\/#website\"},\"primaryImageOfPage\":{\"@id\":\"https:\/\/www.aramon.com\/blog\/cerler-final-vuelta-etapa-espan\/#primaryimage\"},\"image\":{\"@id\":\"https:\/\/www.aramon.com\/blog\/cerler-final-vuelta-etapa-espan\/#primaryimage\"},\"thumbnailUrl\":\"https:\/\/www.aramon.com\/blog\/wp-content\/uploads\/2025\/09\/La-Vuelta-Cerler-6-scaled.jpeg\",\"datePublished\":\"2025-09-09T12:58:16+00:00\",\"dateModified\":\"2025-09-10T12:50:03+00:00\",\"author\":{\"@id\":\"https:\/\/www.aramon.com\/blog\/#\/schema\/person\/9429ffb451d657ab98f0ca1b364eeef3\"},\"description\":\"En Cerler la monta\u00f1a se vive sobre dos ruedas: ha sido final de etapa en 11 ocasiones a lo largo de la historia de La Vuelta Ciclista.\",\"inLanguage\":\"es\",\"potentialAction\":[{\"@type\":\"ReadAction\",\"target\":[\"https:\/\/www.aramon.com\/blog\/cerler-final-vuelta-etapa-espan\/\"]}]},{\"@type\":\"ImageObject\",\"inLanguage\":\"es\",\"@id\":\"https:\/\/www.aramon.com\/blog\/cerler-final-vuelta-etapa-espan\/#primaryimage\",\"url\":\"https:\/\/www.aramon.com\/blog\/wp-content\/uploads\/2025\/09\/La-Vuelta-Cerler-6-scaled.jpeg\",\"contentUrl\":\"https:\/\/www.aramon.com\/blog\/wp-content\/uploads\/2025\/09\/La-Vuelta-Cerler-6-scaled.jpeg\",\"width\":2048,\"height\":2560},{\"@type\":\"WebSite\",\"@id\":\"https:\/\/www.aramon.com\/blog\/#website\",\"url\":\"https:\/\/www.aramon.com\/blog\/\",\"name\":\"Blog Oficial del Grupo ARAM\u00d3N\",\"description\":\"Blog Oficial del Grupo Aram\u00f3n sobre estaciones de esqu\u00ed, monta\u00f1ismo, deportes de aventura y m\u00e1s en Arag\u00f3n.\",\"potentialAction\":[{\"@type\":\"SearchAction\",\"target\":{\"@type\":\"EntryPoint\",\"urlTemplate\":\"https:\/\/www.aramon.com\/blog\/?s={search_term_string}\"},\"query-input\":\"required name=search_term_string\"}],\"inLanguage\":\"es\"},{\"@type\":\"Person\",\"@id\":\"https:\/\/www.aramon.com\/blog\/#\/schema\/person\/9429ffb451d657ab98f0ca1b364eeef3\",\"name\":\"aramon\",\"image\":{\"@type\":\"ImageObject\",\"inLanguage\":\"es\",\"@id\":\"https:\/\/www.aramon.com\/blog\/#\/schema\/person\/image\/\",\"url\":\"https:\/\/secure.gravatar.com\/avatar\/d5fd0ede392e1af0e414b87f7568b4d5?s=96&d=mm&r=g\",\"contentUrl\":\"https:\/\/secure.gravatar.com\/avatar\/d5fd0ede392e1af0e414b87f7568b4d5?s=96&d=mm&r=g\",\"caption\":\"aramon\"},\"url\":\"https:\/\/www.aramon.com\/blog\/author\/aramon\/\"}]}<\/script>\n<!-- \/ Yoast SEO plugin. -->","yoast_head_json":{"title":"Cerler vuelve a ser final de etapa de la Vuelta a Espa\u00f1a - Blog Oficial del Grupo ARAM\u00d3N","description":"En Cerler la monta\u00f1a se vive sobre dos ruedas: ha sido final de etapa en 11 ocasiones a lo largo de la historia de La Vuelta Ciclista.","robots":{"index":"index","follow":"follow","max-snippet":"max-snippet:-1","max-image-preview":"max-image-preview:large","max-video-preview":"max-video-preview:-1"},"canonical":"https:\/\/www.aramon.com\/blog\/cerler-final-vuelta-etapa-espan\/","og_locale":"es_ES","og_type":"article","og_title":"Cerler vuelve a ser final de etapa de la Vuelta a Espa\u00f1a - Blog Oficial del Grupo ARAM\u00d3N","og_description":"En Cerler la monta\u00f1a se vive sobre dos ruedas: ha sido final de etapa en 11 ocasiones a lo largo de la historia de La Vuelta Ciclista.","og_url":"https:\/\/www.aramon.com\/blog\/cerler-final-vuelta-etapa-espan\/","og_site_name":"Blog Oficial del Grupo ARAM\u00d3N","article_published_time":"2025-09-09T12:58:16+00:00","article_modified_time":"2025-09-10T12:50:03+00:00","og_image":[{"width":2048,"height":2560,"url":"https:\/\/www.aramon.com\/blog\/wp-content\/uploads\/2025\/09\/La-Vuelta-Cerler-6-scaled.jpeg","type":"image\/jpeg"}],"author":"aramon","twitter_card":"summary_large_image","twitter_misc":{"Escrito por":"aramon","Tiempo de lectura":"4 minutos"},"schema":{"@context":"https:\/\/schema.org","@graph":[{"@type":"WebPage","@id":"https:\/\/www.aramon.com\/blog\/cerler-final-vuelta-etapa-espan\/","url":"https:\/\/www.aramon.com\/blog\/cerler-final-vuelta-etapa-espan\/","name":"Cerler vuelve a ser final de etapa de la Vuelta a Espa\u00f1a - Blog Oficial del Grupo ARAM\u00d3N","isPartOf":{"@id":"https:\/\/www.aramon.com\/blog\/#website"},"primaryImageOfPage":{"@id":"https:\/\/www.aramon.com\/blog\/cerler-final-vuelta-etapa-espan\/#primaryimage"},"image":{"@id":"https:\/\/www.aramon.com\/blog\/cerler-final-vuelta-etapa-espan\/#primaryimage"},"thumbnailUrl":"https:\/\/www.aramon.com\/blog\/wp-content\/uploads\/2025\/09\/La-Vuelta-Cerler-6-scaled.jpeg","datePublished":"2025-09-09T12:58:16+00:00","dateModified":"2025-09-10T12:50:03+00:00","author":{"@id":"https:\/\/www.aramon.com\/blog\/#\/schema\/person\/9429ffb451d657ab98f0ca1b364eeef3"},"description":"En Cerler la monta\u00f1a se vive sobre dos ruedas: ha sido final de etapa en 11 ocasiones a lo largo de la historia de La Vuelta Ciclista.","inLanguage":"es","potentialAction":[{"@type":"ReadAction","target":["https:\/\/www.aramon.com\/blog\/cerler-final-vuelta-etapa-espan\/"]}]},{"@type":"ImageObject","inLanguage":"es","@id":"https:\/\/www.aramon.com\/blog\/cerler-final-vuelta-etapa-espan\/#primaryimage","url":"https:\/\/www.aramon.com\/blog\/wp-content\/uploads\/2025\/09\/La-Vuelta-Cerler-6-scaled.jpeg","contentUrl":"https:\/\/www.aramon.com\/blog\/wp-content\/uploads\/2025\/09\/La-Vuelta-Cerler-6-scaled.jpeg","width":2048,"height":2560},{"@type":"WebSite","@id":"https:\/\/www.aramon.com\/blog\/#website","url":"https:\/\/www.aramon.com\/blog\/","name":"Blog Oficial del Grupo ARAM\u00d3N","description":"Blog Oficial del Grupo Aram\u00f3n sobre estaciones de esqu\u00ed, monta\u00f1ismo, deportes de aventura y m\u00e1s en Arag\u00f3n.","potentialAction":[{"@type":"SearchAction","target":{"@type":"EntryPoint","urlTemplate":"https:\/\/www.aramon.com\/blog\/?s={search_term_string}"},"query-input":"required name=search_term_string"}],"inLanguage":"es"},{"@type":"Person","@id":"https:\/\/www.aramon.com\/blog\/#\/schema\/person\/9429ffb451d657ab98f0ca1b364eeef3","name":"aramon","image":{"@type":"ImageObject","inLanguage":"es","@id":"https:\/\/www.aramon.com\/blog\/#\/schema\/person\/image\/","url":"https:\/\/secure.gravatar.com\/avatar\/d5fd0ede392e1af0e414b87f7568b4d5?s=96&d=mm&r=g","contentUrl":"https:\/\/secure.gravatar.com\/avatar\/d5fd0ede392e1af0e414b87f7568b4d5?s=96&d=mm&r=g","caption":"aramon"},"url":"https:\/\/www.aramon.com\/blog\/author\/aramon\/"}]}},"_links":{"self":[{"href":"https:\/\/www.aramon.com\/blog\/wp-json\/wp\/v2\/posts\/22654"}],"collection":[{"href":"https:\/\/www.aramon.com\/blog\/wp-json\/wp\/v2\/posts"}],"about":[{"href":"https:\/\/www.aramon.com\/blog\/wp-json\/wp\/v2\/types\/post"}],"author":[{"embeddable":true,"href":"https:\/\/www.aramon.com\/blog\/wp-json\/wp\/v2\/users\/2"}],"replies":[{"embeddable":true,"href":"https:\/\/www.aramon.com\/blog\/wp-json\/wp\/v2\/comments?post=22654"}],"version-history":[{"count":19,"href":"https:\/\/www.aramon.com\/blog\/wp-json\/wp\/v2\/posts\/22654\/revisions"}],"predecessor-version":[{"id":22724,"href":"https:\/\/www.aramon.com\/blog\/wp-json\/wp\/v2\/posts\/22654\/revisions\/22724"}],"wp:featuredmedia":[{"embeddable":true,"href":"https:\/\/www.aramon.com\/blog\/wp-json\/wp\/v2\/media\/22683"}],"wp:attachment":[{"href":"https:\/\/www.aramon.com\/blog\/wp-json\/wp\/v2\/media?parent=22654"}],"wp:term":[{"taxonomy":"category","embeddable":true,"href":"https:\/\/www.aramon.com\/blog\/wp-json\/wp\/v2\/categories?post=22654"},{"taxonomy":"post_tag","embeddable":true,"href":"https:\/\/www.aramon.com\/blog\/wp-json\/wp\/v2\/tags?post=22654"}],"curies":[{"name":"wp","href":"https:\/\/api.w.org\/{rel}","templated":true}]}}