{"id":22800,"date":"2025-10-22T12:50:39","date_gmt":"2025-10-22T10:50:39","guid":{"rendered":"https:\/\/www.aramon.com\/blog\/?p=22800"},"modified":"2025-10-22T12:51:12","modified_gmt":"2025-10-22T10:51:12","slug":"acuerdo-aragon-alimentos","status":"publish","type":"post","link":"https:\/\/www.aramon.com\/blog\/acuerdo-aragon-alimentos\/","title":{"rendered":"Esquiar y saborear Arag\u00f3n: una temporada con identidad local en Aram\u00f3n"},"content":{"rendered":"\n<p style=\"font-size:18px\">En Aram\u00f3n nos mueve la pasi\u00f3n por la monta\u00f1a, por la nieve y tambi\u00e9n por el sabor de nuestra tierra. Esta temporada 2025-2026 damos un paso m\u00e1s en nuestro compromiso con el territorio gracias a un acuerdo muy especial con <strong>Arag\u00f3n Alimentos<\/strong>. \u00bfEl objetivo? Acercar la gastronom\u00eda aragonesa a todos los que nos visitan cada invierno.<\/p>\n\n\n\n<h3 class=\"wp-block-heading\">Una experiencia gastron\u00f3mica con sabor local <\/h3>\n\n\n\n<p style=\"font-size:18px\">Imagina disfrutar de una jornada de esqu\u00ed perfecta y, al final del d\u00eda, brindar con un vino de la tierra o saborear un queso artesano hecho a pocos kil\u00f3metros de la estaci\u00f3n. Gracias a esta colaboraci\u00f3n, nuestras estaciones de <strong>Cerler, Formigal-Panticosa, Javalambre y Valdelinares<\/strong> seguir\u00e1n apostando por una <strong>oferta gastron\u00f3mica de kil\u00f3metro 0<\/strong>, con productos que hablan de nuestra identidad, de nuestras ra\u00edces y del esfuerzo de tantos productores locales.<\/p>\n\n\n\n<p style=\"font-size:18px\">Desde embutidos y carnes hasta postres tradicionales, pasando por vinos con Denominaci\u00f3n de Origen, esta iniciativa quiere hacer que cada bocado cuente una historia. Porque disfrutar de la nieve tambi\u00e9n es disfrutar de lo que Arag\u00f3n sabe hacer mejor.<\/p>\n\n\n\n<h3 class=\"wp-block-heading\">Gastronom\u00eda, sostenibilidad y territorio<\/h3>\n\n\n\n<p style=\"font-size:18px\">Este acuerdo refuerza un compromiso que en Aram\u00f3n llevamos a\u00f1os impulsando: trabajar con productores y distribuidores de nuestra comunidad. Actualmente, <strong>el 90% de nuestros proveedores son aragoneses<\/strong>, generando un <strong>impacto econ\u00f3mico directo de m\u00e1s de 3 millones de euros<\/strong>. Y no solo eso: tambi\u00e9n apostamos por formar a nuestros equipos para que conozcan de primera mano el valor de estos productos y puedan transmitirlo a quienes nos visitan.<\/p>\n\n\n\n<p style=\"font-size:18px\">Adem\u00e1s, las estaciones contar\u00e1n con <strong>puntos estrat\u00e9gicos de visibilidad<\/strong>, integrando la experiencia visual, gastron\u00f3mica y de ocio. Porque creemos que la conexi\u00f3n con el entorno tambi\u00e9n se construye a trav\u00e9s del paladar.<\/p>\n","protected":false},"excerpt":{"rendered":"<p>Arag\u00f3n Alimentos y el Grupo Aram\u00f3n se unen para impulsar la imagen de la marca agroalimentaria y reforzar el conocimiento de los sabores de la comunidad en las estaciones de esqu\u00ed.<\/p>\n","protected":false},"author":2,"featured_media":22807,"comment_status":"closed","ping_status":"closed","sticky":false,"template":"","format":"standard","meta":{"_acf_changed":false,"footnotes":""},"categories":[1],"tags":[25,26,2588,30,495,31,32,33,2589,36],"acf":[],"yoast_head":"<!-- This site is optimized with the Yoast SEO plugin v22.5 - https:\/\/yoast.com\/wordpress\/plugins\/seo\/ -->\n<title>Esquiar y saborear Arag\u00f3n: una temporada con identidad local en Aram\u00f3n - Blog Oficial del Grupo ARAM\u00d3N<\/title>\n<meta name=\"description\" content=\"Esta colaboraci\u00f3n consolida el compromiso de ambas entidades con la sostenibilidad, el producto local y el desarrollo econ\u00f3mico de Arag\u00f3n.\" \/>\n<meta name=\"robots\" content=\"index, follow, max-snippet:-1, max-image-preview:large, max-video-preview:-1\" \/>\n<link rel=\"canonical\" href=\"https:\/\/www.aramon.com\/blog\/acuerdo-aragon-alimentos\/\" \/>\n<meta property=\"og:locale\" content=\"es_ES\" \/>\n<meta property=\"og:type\" content=\"article\" \/>\n<meta property=\"og:title\" content=\"Esquiar y saborear Arag\u00f3n: una temporada con identidad local en Aram\u00f3n - Blog Oficial del Grupo ARAM\u00d3N\" \/>\n<meta property=\"og:description\" content=\"Esta colaboraci\u00f3n consolida el compromiso de ambas entidades con la sostenibilidad, el producto local y el desarrollo econ\u00f3mico de Arag\u00f3n.\" \/>\n<meta property=\"og:url\" content=\"https:\/\/www.aramon.com\/blog\/acuerdo-aragon-alimentos\/\" \/>\n<meta property=\"og:site_name\" content=\"Blog Oficial del Grupo ARAM\u00d3N\" \/>\n<meta property=\"article:published_time\" content=\"2025-10-22T10:50:39+00:00\" \/>\n<meta property=\"article:modified_time\" content=\"2025-10-22T10:51:12+00:00\" \/>\n<meta property=\"og:image\" content=\"https:\/\/www.aramon.com\/blog\/wp-content\/uploads\/2025\/10\/Aramon-y-Aragon-Alimentos_2-scaled.jpg\" \/>\n\t<meta property=\"og:image:width\" content=\"2560\" \/>\n\t<meta property=\"og:image:height\" content=\"1707\" \/>\n\t<meta property=\"og:image:type\" content=\"image\/jpeg\" \/>\n<meta name=\"author\" content=\"aramon\" \/>\n<meta name=\"twitter:card\" content=\"summary_large_image\" \/>\n<meta name=\"twitter:label1\" content=\"Escrito por\" \/>\n\t<meta name=\"twitter:data1\" content=\"aramon\" \/>\n\t<meta name=\"twitter:label2\" content=\"Tiempo de lectura\" \/>\n\t<meta name=\"twitter:data2\" content=\"2 minutos\" \/>\n<script type=\"application\/ld+json\" class=\"yoast-schema-graph\">{\"@context\":\"https:\/\/schema.org\",\"@graph\":[{\"@type\":\"WebPage\",\"@id\":\"https:\/\/www.aramon.com\/blog\/acuerdo-aragon-alimentos\/\",\"url\":\"https:\/\/www.aramon.com\/blog\/acuerdo-aragon-alimentos\/\",\"name\":\"Esquiar y saborear Arag\u00f3n: una temporada con identidad local en Aram\u00f3n - Blog Oficial del Grupo ARAM\u00d3N\",\"isPartOf\":{\"@id\":\"https:\/\/www.aramon.com\/blog\/#website\"},\"primaryImageOfPage\":{\"@id\":\"https:\/\/www.aramon.com\/blog\/acuerdo-aragon-alimentos\/#primaryimage\"},\"image\":{\"@id\":\"https:\/\/www.aramon.com\/blog\/acuerdo-aragon-alimentos\/#primaryimage\"},\"thumbnailUrl\":\"https:\/\/www.aramon.com\/blog\/wp-content\/uploads\/2025\/10\/Aramon-y-Aragon-Alimentos_2-scaled.jpg\",\"datePublished\":\"2025-10-22T10:50:39+00:00\",\"dateModified\":\"2025-10-22T10:51:12+00:00\",\"author\":{\"@id\":\"https:\/\/www.aramon.com\/blog\/#\/schema\/person\/9429ffb451d657ab98f0ca1b364eeef3\"},\"description\":\"Esta colaboraci\u00f3n consolida el compromiso de ambas entidades con la sostenibilidad, el producto local y el desarrollo econ\u00f3mico de Arag\u00f3n.\",\"inLanguage\":\"es\",\"potentialAction\":[{\"@type\":\"ReadAction\",\"target\":[\"https:\/\/www.aramon.com\/blog\/acuerdo-aragon-alimentos\/\"]}]},{\"@type\":\"ImageObject\",\"inLanguage\":\"es\",\"@id\":\"https:\/\/www.aramon.com\/blog\/acuerdo-aragon-alimentos\/#primaryimage\",\"url\":\"https:\/\/www.aramon.com\/blog\/wp-content\/uploads\/2025\/10\/Aramon-y-Aragon-Alimentos_2-scaled.jpg\",\"contentUrl\":\"https:\/\/www.aramon.com\/blog\/wp-content\/uploads\/2025\/10\/Aramon-y-Aragon-Alimentos_2-scaled.jpg\",\"width\":2560,\"height\":1707},{\"@type\":\"WebSite\",\"@id\":\"https:\/\/www.aramon.com\/blog\/#website\",\"url\":\"https:\/\/www.aramon.com\/blog\/\",\"name\":\"Blog Oficial del Grupo ARAM\u00d3N\",\"description\":\"Blog Oficial del Grupo Aram\u00f3n sobre estaciones de esqu\u00ed, monta\u00f1ismo, deportes de aventura y m\u00e1s en Arag\u00f3n.\",\"potentialAction\":[{\"@type\":\"SearchAction\",\"target\":{\"@type\":\"EntryPoint\",\"urlTemplate\":\"https:\/\/www.aramon.com\/blog\/?s={search_term_string}\"},\"query-input\":\"required name=search_term_string\"}],\"inLanguage\":\"es\"},{\"@type\":\"Person\",\"@id\":\"https:\/\/www.aramon.com\/blog\/#\/schema\/person\/9429ffb451d657ab98f0ca1b364eeef3\",\"name\":\"aramon\",\"image\":{\"@type\":\"ImageObject\",\"inLanguage\":\"es\",\"@id\":\"https:\/\/www.aramon.com\/blog\/#\/schema\/person\/image\/\",\"url\":\"https:\/\/secure.gravatar.com\/avatar\/d5fd0ede392e1af0e414b87f7568b4d5?s=96&d=mm&r=g\",\"contentUrl\":\"https:\/\/secure.gravatar.com\/avatar\/d5fd0ede392e1af0e414b87f7568b4d5?s=96&d=mm&r=g\",\"caption\":\"aramon\"},\"url\":\"https:\/\/www.aramon.com\/blog\/author\/aramon\/\"}]}<\/script>\n<!-- \/ Yoast SEO plugin. -->","yoast_head_json":{"title":"Esquiar y saborear Arag\u00f3n: una temporada con identidad local en Aram\u00f3n - Blog Oficial del Grupo ARAM\u00d3N","description":"Esta colaboraci\u00f3n consolida el compromiso de ambas entidades con la sostenibilidad, el producto local y el desarrollo econ\u00f3mico de Arag\u00f3n.","robots":{"index":"index","follow":"follow","max-snippet":"max-snippet:-1","max-image-preview":"max-image-preview:large","max-video-preview":"max-video-preview:-1"},"canonical":"https:\/\/www.aramon.com\/blog\/acuerdo-aragon-alimentos\/","og_locale":"es_ES","og_type":"article","og_title":"Esquiar y saborear Arag\u00f3n: una temporada con identidad local en Aram\u00f3n - Blog Oficial del Grupo ARAM\u00d3N","og_description":"Esta colaboraci\u00f3n consolida el compromiso de ambas entidades con la sostenibilidad, el producto local y el desarrollo econ\u00f3mico de Arag\u00f3n.","og_url":"https:\/\/www.aramon.com\/blog\/acuerdo-aragon-alimentos\/","og_site_name":"Blog Oficial del Grupo ARAM\u00d3N","article_published_time":"2025-10-22T10:50:39+00:00","article_modified_time":"2025-10-22T10:51:12+00:00","og_image":[{"width":2560,"height":1707,"url":"https:\/\/www.aramon.com\/blog\/wp-content\/uploads\/2025\/10\/Aramon-y-Aragon-Alimentos_2-scaled.jpg","type":"image\/jpeg"}],"author":"aramon","twitter_card":"summary_large_image","twitter_misc":{"Escrito por":"aramon","Tiempo de lectura":"2 minutos"},"schema":{"@context":"https:\/\/schema.org","@graph":[{"@type":"WebPage","@id":"https:\/\/www.aramon.com\/blog\/acuerdo-aragon-alimentos\/","url":"https:\/\/www.aramon.com\/blog\/acuerdo-aragon-alimentos\/","name":"Esquiar y saborear Arag\u00f3n: una temporada con identidad local en Aram\u00f3n - Blog Oficial del Grupo ARAM\u00d3N","isPartOf":{"@id":"https:\/\/www.aramon.com\/blog\/#website"},"primaryImageOfPage":{"@id":"https:\/\/www.aramon.com\/blog\/acuerdo-aragon-alimentos\/#primaryimage"},"image":{"@id":"https:\/\/www.aramon.com\/blog\/acuerdo-aragon-alimentos\/#primaryimage"},"thumbnailUrl":"https:\/\/www.aramon.com\/blog\/wp-content\/uploads\/2025\/10\/Aramon-y-Aragon-Alimentos_2-scaled.jpg","datePublished":"2025-10-22T10:50:39+00:00","dateModified":"2025-10-22T10:51:12+00:00","author":{"@id":"https:\/\/www.aramon.com\/blog\/#\/schema\/person\/9429ffb451d657ab98f0ca1b364eeef3"},"description":"Esta colaboraci\u00f3n consolida el compromiso de ambas entidades con la sostenibilidad, el producto local y el desarrollo econ\u00f3mico de Arag\u00f3n.","inLanguage":"es","potentialAction":[{"@type":"ReadAction","target":["https:\/\/www.aramon.com\/blog\/acuerdo-aragon-alimentos\/"]}]},{"@type":"ImageObject","inLanguage":"es","@id":"https:\/\/www.aramon.com\/blog\/acuerdo-aragon-alimentos\/#primaryimage","url":"https:\/\/www.aramon.com\/blog\/wp-content\/uploads\/2025\/10\/Aramon-y-Aragon-Alimentos_2-scaled.jpg","contentUrl":"https:\/\/www.aramon.com\/blog\/wp-content\/uploads\/2025\/10\/Aramon-y-Aragon-Alimentos_2-scaled.jpg","width":2560,"height":1707},{"@type":"WebSite","@id":"https:\/\/www.aramon.com\/blog\/#website","url":"https:\/\/www.aramon.com\/blog\/","name":"Blog Oficial del Grupo ARAM\u00d3N","description":"Blog Oficial del Grupo Aram\u00f3n sobre estaciones de esqu\u00ed, monta\u00f1ismo, deportes de aventura y m\u00e1s en Arag\u00f3n.","potentialAction":[{"@type":"SearchAction","target":{"@type":"EntryPoint","urlTemplate":"https:\/\/www.aramon.com\/blog\/?s={search_term_string}"},"query-input":"required name=search_term_string"}],"inLanguage":"es"},{"@type":"Person","@id":"https:\/\/www.aramon.com\/blog\/#\/schema\/person\/9429ffb451d657ab98f0ca1b364eeef3","name":"aramon","image":{"@type":"ImageObject","inLanguage":"es","@id":"https:\/\/www.aramon.com\/blog\/#\/schema\/person\/image\/","url":"https:\/\/secure.gravatar.com\/avatar\/d5fd0ede392e1af0e414b87f7568b4d5?s=96&d=mm&r=g","contentUrl":"https:\/\/secure.gravatar.com\/avatar\/d5fd0ede392e1af0e414b87f7568b4d5?s=96&d=mm&r=g","caption":"aramon"},"url":"https:\/\/www.aramon.com\/blog\/author\/aramon\/"}]}},"_links":{"self":[{"href":"https:\/\/www.aramon.com\/blog\/wp-json\/wp\/v2\/posts\/22800"}],"collection":[{"href":"https:\/\/www.aramon.com\/blog\/wp-json\/wp\/v2\/posts"}],"about":[{"href":"https:\/\/www.aramon.com\/blog\/wp-json\/wp\/v2\/types\/post"}],"author":[{"embeddable":true,"href":"https:\/\/www.aramon.com\/blog\/wp-json\/wp\/v2\/users\/2"}],"replies":[{"embeddable":true,"href":"https:\/\/www.aramon.com\/blog\/wp-json\/wp\/v2\/comments?post=22800"}],"version-history":[{"count":5,"href":"https:\/\/www.aramon.com\/blog\/wp-json\/wp\/v2\/posts\/22800\/revisions"}],"predecessor-version":[{"id":22805,"href":"https:\/\/www.aramon.com\/blog\/wp-json\/wp\/v2\/posts\/22800\/revisions\/22805"}],"wp:featuredmedia":[{"embeddable":true,"href":"https:\/\/www.aramon.com\/blog\/wp-json\/wp\/v2\/media\/22807"}],"wp:attachment":[{"href":"https:\/\/www.aramon.com\/blog\/wp-json\/wp\/v2\/media?parent=22800"}],"wp:term":[{"taxonomy":"category","embeddable":true,"href":"https:\/\/www.aramon.com\/blog\/wp-json\/wp\/v2\/categories?post=22800"},{"taxonomy":"post_tag","embeddable":true,"href":"https:\/\/www.aramon.com\/blog\/wp-json\/wp\/v2\/tags?post=22800"}],"curies":[{"name":"wp","href":"https:\/\/api.w.org\/{rel}","templated":true}]}}