{"id":22809,"date":"2025-10-28T15:43:16","date_gmt":"2025-10-28T14:43:16","guid":{"rendered":"https:\/\/www.aramon.com\/blog\/?p=22809"},"modified":"2025-10-28T15:43:16","modified_gmt":"2025-10-28T14:43:16","slug":"acuerdo-aramon-fam","status":"publish","type":"post","link":"https:\/\/www.aramon.com\/blog\/acuerdo-aramon-fam\/","title":{"rendered":"Aram\u00f3n y la Federaci\u00f3n Aragonesa de Monta\u00f1ismo renuevan su compromiso con el esqu\u00ed de monta\u00f1a en Arag\u00f3n"},"content":{"rendered":"\n<p style=\"font-size:18px\">En Aram\u00f3n seguimos apostando por el esqu\u00ed de monta\u00f1a y por el trabajo conjunto con quienes comparten nuestra pasi\u00f3n por la nieve y la naturaleza. Por eso, un a\u00f1o m\u00e1s, renovamos nuestro acuerdo con la <strong>Federaci\u00f3n Aragonesa de Monta\u00f1ismo (FAM)<\/strong>, reafirmando un compromiso que ya suma <strong>casi dos d\u00e9cadas de colaboraci\u00f3n<\/strong> para impulsar esta disciplina en nuestra comunidad.<\/p>\n\n\n\n<h3 class=\"wp-block-heading\">Un acuerdo para seguir creciendo juntos<\/h3>\n\n\n\n<p style=\"font-size:18px\">Esta renovaci\u00f3n consolida la alianza entre Aram\u00f3n y la FAM, con el objetivo com\u00fan de <strong>promover el esqu\u00ed de monta\u00f1a, la formaci\u00f3n deportiva y la seguridad en el medio natural<\/strong>. Gracias a este convenio, <strong>Aram\u00f3n seguir\u00e1 apoyando a la Selecci\u00f3n Absoluta de la FAM y al Programa de Tecnificaci\u00f3n Deportiva en Esqu\u00ed de Monta\u00f1a<\/strong>, facilitando a los deportistas el acceso a nuestras estaciones para sus entrenamientos.<\/p>\n\n\n\n<p style=\"font-size:18px\">El acuerdo tambi\u00e9n contribuir\u00e1 a <strong>reforzar el calendario aragon\u00e9s de competiciones oficiales<\/strong>, en un momento muy especial para la disciplina, que formar\u00e1 parte del programa ol\u00edmpico de <strong>Mil\u00e1n-Cortina 2026<\/strong>.<\/p>\n\n\n\n<p style=\"font-size:18px\">En esta nueva etapa, Aram\u00f3n y la FAM estrechan lazos con la <strong>Federaci\u00f3n Espa\u00f1ola de Deportes de Monta\u00f1a y Escalada (FEDME)<\/strong> para impulsar el esqu\u00ed de monta\u00f1a a nivel estatal.<br>Fruto de esta colaboraci\u00f3n, <strong>varias pruebas del calendario nacional<\/strong> se celebrar\u00e1n esta temporada en nuestras estaciones, consolidando a <strong>Arag\u00f3n como un referente dentro del panorama competitivo nacional<\/strong>.<\/p>\n\n\n\n<h3 class=\"wp-block-heading\">M\u00e1s que deporte: formaci\u00f3n y sensibilizaci\u00f3n <\/h3>\n\n\n\n<p style=\"font-size:18px\">La colaboraci\u00f3n entre Aram\u00f3n y la FAM va m\u00e1s all\u00e1 de la competici\u00f3n. Ambas entidades participan activamente en proyectos de <strong>sensibilizaci\u00f3n y formaci\u00f3n en monta\u00f1a<\/strong>, como el programa <strong>Monta\u00f1a Segura<\/strong>, que lleva m\u00e1s de 25 a\u00f1os trabajando por la <strong>prevenci\u00f3n de accidentes<\/strong> y la <strong>promoci\u00f3n del respeto al entorno natural<\/strong>.<\/p>\n\n\n\n<p style=\"font-size:18px\">Adem\u00e1s, el compromiso de Aram\u00f3n con esta disciplina se materializa tambi\u00e9n en la creaci\u00f3n de <strong>espacios espec\u00edficos para la pr\u00e1ctica segura del esqu\u00ed de monta\u00f1a<\/strong>. La estaci\u00f3n de <strong>Aram\u00f3n Formigal-Panticosa<\/strong> cuenta con un circuito con <strong>tres rutas se\u00f1alizadas en el Valle de Tena<\/strong>, pensado para quienes buscan disfrutar de la monta\u00f1a de forma sostenible y responsable.<\/p>\n\n\n\n<h3 class=\"wp-block-heading\">Mirando al futuro del esqu\u00ed de monta\u00f1a<\/h3>\n\n\n\n<p style=\"font-size:18px\">Con la renovaci\u00f3n de este acuerdo, <strong>Aram\u00f3n y la FAM refuerzan su compromiso con el futuro del esqu\u00ed de monta\u00f1a en Arag\u00f3n<\/strong>, apostando por el deporte, la formaci\u00f3n y la colaboraci\u00f3n entre instituciones.<br>Una alianza que nos impulsa a seguir creciendo, innovando y disfrutando de la monta\u00f1a de una forma cada vez m\u00e1s completa y segura.<\/p>\n\n\n\n<p><\/p>\n\n\n\n<p><\/p>\n\n\n\n<p><\/p>\n\n\n\n<p><\/p>\n\n\n\n<p><\/p>\n\n\n\n<p><\/p>\n\n\n\n<p><\/p>\n\n\n\n<p><\/p>\n\n\n\n<p><\/p>\n\n\n\n<p><\/p>\n\n\n\n<p><\/p>\n\n\n\n<p><\/p>\n\n\n\n<p><\/p>\n\n\n\n<p><\/p>\n\n\n\n<p><\/p>\n\n\n\n<p><\/p>\n\n\n\n<p><\/p>\n\n\n\n<p><\/p>\n\n\n\n<p><\/p>\n\n\n\n<p><\/p>\n\n\n\n<p><\/p>\n\n\n\n<p><\/p>\n\n\n\n<p><\/p>\n\n\n\n<p><\/p>\n\n\n\n<p><\/p>\n\n\n\n<p><\/p>\n\n\n\n<p><\/p>\n\n\n\n<p><\/p>\n\n\n\n<p><\/p>\n\n\n\n<p><\/p>\n\n\n\n<p><\/p>\n\n\n\n<p><\/p>\n\n\n\n<p><\/p>\n","protected":false},"excerpt":{"rendered":"<p>Esta alianza refuerza el compromiso de ambas entidades con la formaci\u00f3n, la seguridad y la promoci\u00f3n de los deportes de monta\u00f1a, y permitir\u00e1 que varias pruebas estatales se celebren esta temporada en las estaciones del grupo.<\/p>\n","protected":false},"author":2,"featured_media":22813,"comment_status":"closed","ping_status":"closed","sticky":false,"template":"","format":"standard","meta":{"_acf_changed":false,"footnotes":""},"categories":[304,1],"tags":[833,25,2588,62,2591,2590],"acf":[],"yoast_head":"<!-- This site is optimized with the Yoast SEO plugin v22.5 - https:\/\/yoast.com\/wordpress\/plugins\/seo\/ -->\n<title>Aram\u00f3n y la Federaci\u00f3n Aragonesa de Monta\u00f1ismo renuevan su compromiso con el esqu\u00ed de monta\u00f1a en Arag\u00f3n - Blog Oficial del Grupo ARAM\u00d3N<\/title>\n<meta name=\"description\" content=\"El acuerdo entre el Grupo Aram\u00f3n y la FAM consolida casi dos d\u00e9cadas de trabajo conjunto en la promoci\u00f3n de los deportes de monta\u00f1a.\" \/>\n<meta name=\"robots\" content=\"index, follow, max-snippet:-1, max-image-preview:large, max-video-preview:-1\" \/>\n<link rel=\"canonical\" href=\"https:\/\/www.aramon.com\/blog\/acuerdo-aramon-fam\/\" \/>\n<meta property=\"og:locale\" content=\"es_ES\" \/>\n<meta property=\"og:type\" content=\"article\" \/>\n<meta property=\"og:title\" content=\"Aram\u00f3n y la Federaci\u00f3n Aragonesa de Monta\u00f1ismo renuevan su compromiso con el esqu\u00ed de monta\u00f1a en Arag\u00f3n - Blog Oficial del Grupo ARAM\u00d3N\" \/>\n<meta property=\"og:description\" content=\"El acuerdo entre el Grupo Aram\u00f3n y la FAM consolida casi dos d\u00e9cadas de trabajo conjunto en la promoci\u00f3n de los deportes de monta\u00f1a.\" \/>\n<meta property=\"og:url\" content=\"https:\/\/www.aramon.com\/blog\/acuerdo-aramon-fam\/\" \/>\n<meta property=\"og:site_name\" content=\"Blog Oficial del Grupo ARAM\u00d3N\" \/>\n<meta property=\"article:published_time\" content=\"2025-10-28T14:43:16+00:00\" \/>\n<meta property=\"og:image\" content=\"https:\/\/www.aramon.com\/blog\/wp-content\/uploads\/2025\/10\/Aramon-FAM_5-scaled-e1761654543543.jpg\" \/>\n\t<meta property=\"og:image:width\" content=\"2504\" \/>\n\t<meta property=\"og:image:height\" content=\"1147\" \/>\n\t<meta property=\"og:image:type\" content=\"image\/jpeg\" \/>\n<meta name=\"author\" content=\"aramon\" \/>\n<meta name=\"twitter:card\" content=\"summary_large_image\" \/>\n<meta name=\"twitter:label1\" content=\"Escrito por\" \/>\n\t<meta name=\"twitter:data1\" content=\"aramon\" \/>\n\t<meta name=\"twitter:label2\" content=\"Tiempo de lectura\" \/>\n\t<meta name=\"twitter:data2\" content=\"2 minutos\" \/>\n<script type=\"application\/ld+json\" class=\"yoast-schema-graph\">{\"@context\":\"https:\/\/schema.org\",\"@graph\":[{\"@type\":\"WebPage\",\"@id\":\"https:\/\/www.aramon.com\/blog\/acuerdo-aramon-fam\/\",\"url\":\"https:\/\/www.aramon.com\/blog\/acuerdo-aramon-fam\/\",\"name\":\"Aram\u00f3n y la Federaci\u00f3n Aragonesa de Monta\u00f1ismo renuevan su compromiso con el esqu\u00ed de monta\u00f1a en Arag\u00f3n - Blog Oficial del Grupo ARAM\u00d3N\",\"isPartOf\":{\"@id\":\"https:\/\/www.aramon.com\/blog\/#website\"},\"primaryImageOfPage\":{\"@id\":\"https:\/\/www.aramon.com\/blog\/acuerdo-aramon-fam\/#primaryimage\"},\"image\":{\"@id\":\"https:\/\/www.aramon.com\/blog\/acuerdo-aramon-fam\/#primaryimage\"},\"thumbnailUrl\":\"https:\/\/www.aramon.com\/blog\/wp-content\/uploads\/2025\/10\/Aramon-FAM_5-scaled-e1761654543543.jpg\",\"datePublished\":\"2025-10-28T14:43:16+00:00\",\"dateModified\":\"2025-10-28T14:43:16+00:00\",\"author\":{\"@id\":\"https:\/\/www.aramon.com\/blog\/#\/schema\/person\/9429ffb451d657ab98f0ca1b364eeef3\"},\"description\":\"El acuerdo entre el Grupo Aram\u00f3n y la FAM consolida casi dos d\u00e9cadas de trabajo conjunto en la promoci\u00f3n de los deportes de monta\u00f1a.\",\"inLanguage\":\"es\",\"potentialAction\":[{\"@type\":\"ReadAction\",\"target\":[\"https:\/\/www.aramon.com\/blog\/acuerdo-aramon-fam\/\"]}]},{\"@type\":\"ImageObject\",\"inLanguage\":\"es\",\"@id\":\"https:\/\/www.aramon.com\/blog\/acuerdo-aramon-fam\/#primaryimage\",\"url\":\"https:\/\/www.aramon.com\/blog\/wp-content\/uploads\/2025\/10\/Aramon-FAM_5-scaled-e1761654543543.jpg\",\"contentUrl\":\"https:\/\/www.aramon.com\/blog\/wp-content\/uploads\/2025\/10\/Aramon-FAM_5-scaled-e1761654543543.jpg\",\"width\":2504,\"height\":1147},{\"@type\":\"WebSite\",\"@id\":\"https:\/\/www.aramon.com\/blog\/#website\",\"url\":\"https:\/\/www.aramon.com\/blog\/\",\"name\":\"Blog Oficial del Grupo ARAM\u00d3N\",\"description\":\"Blog Oficial del Grupo Aram\u00f3n sobre estaciones de esqu\u00ed, monta\u00f1ismo, deportes de aventura y m\u00e1s en Arag\u00f3n.\",\"potentialAction\":[{\"@type\":\"SearchAction\",\"target\":{\"@type\":\"EntryPoint\",\"urlTemplate\":\"https:\/\/www.aramon.com\/blog\/?s={search_term_string}\"},\"query-input\":\"required name=search_term_string\"}],\"inLanguage\":\"es\"},{\"@type\":\"Person\",\"@id\":\"https:\/\/www.aramon.com\/blog\/#\/schema\/person\/9429ffb451d657ab98f0ca1b364eeef3\",\"name\":\"aramon\",\"image\":{\"@type\":\"ImageObject\",\"inLanguage\":\"es\",\"@id\":\"https:\/\/www.aramon.com\/blog\/#\/schema\/person\/image\/\",\"url\":\"https:\/\/secure.gravatar.com\/avatar\/d5fd0ede392e1af0e414b87f7568b4d5?s=96&d=mm&r=g\",\"contentUrl\":\"https:\/\/secure.gravatar.com\/avatar\/d5fd0ede392e1af0e414b87f7568b4d5?s=96&d=mm&r=g\",\"caption\":\"aramon\"},\"url\":\"https:\/\/www.aramon.com\/blog\/author\/aramon\/\"}]}<\/script>\n<!-- \/ Yoast SEO plugin. -->","yoast_head_json":{"title":"Aram\u00f3n y la Federaci\u00f3n Aragonesa de Monta\u00f1ismo renuevan su compromiso con el esqu\u00ed de monta\u00f1a en Arag\u00f3n - Blog Oficial del Grupo ARAM\u00d3N","description":"El acuerdo entre el Grupo Aram\u00f3n y la FAM consolida casi dos d\u00e9cadas de trabajo conjunto en la promoci\u00f3n de los deportes de monta\u00f1a.","robots":{"index":"index","follow":"follow","max-snippet":"max-snippet:-1","max-image-preview":"max-image-preview:large","max-video-preview":"max-video-preview:-1"},"canonical":"https:\/\/www.aramon.com\/blog\/acuerdo-aramon-fam\/","og_locale":"es_ES","og_type":"article","og_title":"Aram\u00f3n y la Federaci\u00f3n Aragonesa de Monta\u00f1ismo renuevan su compromiso con el esqu\u00ed de monta\u00f1a en Arag\u00f3n - Blog Oficial del Grupo ARAM\u00d3N","og_description":"El acuerdo entre el Grupo Aram\u00f3n y la FAM consolida casi dos d\u00e9cadas de trabajo conjunto en la promoci\u00f3n de los deportes de monta\u00f1a.","og_url":"https:\/\/www.aramon.com\/blog\/acuerdo-aramon-fam\/","og_site_name":"Blog Oficial del Grupo ARAM\u00d3N","article_published_time":"2025-10-28T14:43:16+00:00","og_image":[{"width":2504,"height":1147,"url":"https:\/\/www.aramon.com\/blog\/wp-content\/uploads\/2025\/10\/Aramon-FAM_5-scaled-e1761654543543.jpg","type":"image\/jpeg"}],"author":"aramon","twitter_card":"summary_large_image","twitter_misc":{"Escrito por":"aramon","Tiempo de lectura":"2 minutos"},"schema":{"@context":"https:\/\/schema.org","@graph":[{"@type":"WebPage","@id":"https:\/\/www.aramon.com\/blog\/acuerdo-aramon-fam\/","url":"https:\/\/www.aramon.com\/blog\/acuerdo-aramon-fam\/","name":"Aram\u00f3n y la Federaci\u00f3n Aragonesa de Monta\u00f1ismo renuevan su compromiso con el esqu\u00ed de monta\u00f1a en Arag\u00f3n - Blog Oficial del Grupo ARAM\u00d3N","isPartOf":{"@id":"https:\/\/www.aramon.com\/blog\/#website"},"primaryImageOfPage":{"@id":"https:\/\/www.aramon.com\/blog\/acuerdo-aramon-fam\/#primaryimage"},"image":{"@id":"https:\/\/www.aramon.com\/blog\/acuerdo-aramon-fam\/#primaryimage"},"thumbnailUrl":"https:\/\/www.aramon.com\/blog\/wp-content\/uploads\/2025\/10\/Aramon-FAM_5-scaled-e1761654543543.jpg","datePublished":"2025-10-28T14:43:16+00:00","dateModified":"2025-10-28T14:43:16+00:00","author":{"@id":"https:\/\/www.aramon.com\/blog\/#\/schema\/person\/9429ffb451d657ab98f0ca1b364eeef3"},"description":"El acuerdo entre el Grupo Aram\u00f3n y la FAM consolida casi dos d\u00e9cadas de trabajo conjunto en la promoci\u00f3n de los deportes de monta\u00f1a.","inLanguage":"es","potentialAction":[{"@type":"ReadAction","target":["https:\/\/www.aramon.com\/blog\/acuerdo-aramon-fam\/"]}]},{"@type":"ImageObject","inLanguage":"es","@id":"https:\/\/www.aramon.com\/blog\/acuerdo-aramon-fam\/#primaryimage","url":"https:\/\/www.aramon.com\/blog\/wp-content\/uploads\/2025\/10\/Aramon-FAM_5-scaled-e1761654543543.jpg","contentUrl":"https:\/\/www.aramon.com\/blog\/wp-content\/uploads\/2025\/10\/Aramon-FAM_5-scaled-e1761654543543.jpg","width":2504,"height":1147},{"@type":"WebSite","@id":"https:\/\/www.aramon.com\/blog\/#website","url":"https:\/\/www.aramon.com\/blog\/","name":"Blog Oficial del Grupo ARAM\u00d3N","description":"Blog Oficial del Grupo Aram\u00f3n sobre estaciones de esqu\u00ed, monta\u00f1ismo, deportes de aventura y m\u00e1s en Arag\u00f3n.","potentialAction":[{"@type":"SearchAction","target":{"@type":"EntryPoint","urlTemplate":"https:\/\/www.aramon.com\/blog\/?s={search_term_string}"},"query-input":"required name=search_term_string"}],"inLanguage":"es"},{"@type":"Person","@id":"https:\/\/www.aramon.com\/blog\/#\/schema\/person\/9429ffb451d657ab98f0ca1b364eeef3","name":"aramon","image":{"@type":"ImageObject","inLanguage":"es","@id":"https:\/\/www.aramon.com\/blog\/#\/schema\/person\/image\/","url":"https:\/\/secure.gravatar.com\/avatar\/d5fd0ede392e1af0e414b87f7568b4d5?s=96&d=mm&r=g","contentUrl":"https:\/\/secure.gravatar.com\/avatar\/d5fd0ede392e1af0e414b87f7568b4d5?s=96&d=mm&r=g","caption":"aramon"},"url":"https:\/\/www.aramon.com\/blog\/author\/aramon\/"}]}},"_links":{"self":[{"href":"https:\/\/www.aramon.com\/blog\/wp-json\/wp\/v2\/posts\/22809"}],"collection":[{"href":"https:\/\/www.aramon.com\/blog\/wp-json\/wp\/v2\/posts"}],"about":[{"href":"https:\/\/www.aramon.com\/blog\/wp-json\/wp\/v2\/types\/post"}],"author":[{"embeddable":true,"href":"https:\/\/www.aramon.com\/blog\/wp-json\/wp\/v2\/users\/2"}],"replies":[{"embeddable":true,"href":"https:\/\/www.aramon.com\/blog\/wp-json\/wp\/v2\/comments?post=22809"}],"version-history":[{"count":6,"href":"https:\/\/www.aramon.com\/blog\/wp-json\/wp\/v2\/posts\/22809\/revisions"}],"predecessor-version":[{"id":22816,"href":"https:\/\/www.aramon.com\/blog\/wp-json\/wp\/v2\/posts\/22809\/revisions\/22816"}],"wp:featuredmedia":[{"embeddable":true,"href":"https:\/\/www.aramon.com\/blog\/wp-json\/wp\/v2\/media\/22813"}],"wp:attachment":[{"href":"https:\/\/www.aramon.com\/blog\/wp-json\/wp\/v2\/media?parent=22809"}],"wp:term":[{"taxonomy":"category","embeddable":true,"href":"https:\/\/www.aramon.com\/blog\/wp-json\/wp\/v2\/categories?post=22809"},{"taxonomy":"post_tag","embeddable":true,"href":"https:\/\/www.aramon.com\/blog\/wp-json\/wp\/v2\/tags?post=22809"}],"curies":[{"name":"wp","href":"https:\/\/api.w.org\/{rel}","templated":true}]}}