{"id":22827,"date":"2025-11-05T12:30:43","date_gmt":"2025-11-05T11:30:43","guid":{"rendered":"https:\/\/www.aramon.com\/blog\/?p=22827"},"modified":"2025-11-05T12:31:54","modified_gmt":"2025-11-05T11:31:54","slug":"aramon-apertura-temporada","status":"publish","type":"post","link":"https:\/\/www.aramon.com\/blog\/aramon-apertura-temporada\/","title":{"rendered":"Aram\u00f3n invierte m\u00e1s de 40 millones en modernizar sus sistemas de innivaci\u00f3n con tecnolog\u00eda de vanguardia"},"content":{"rendered":"\n<p style=\"font-size:18px\">Desde el Grupo Aram\u00f3n ya contamos los d\u00edas para volver a deslizarnos por nuestras monta\u00f1as. Si las condiciones lo permiten, el <strong>s\u00e1bado 29 de noviembre<\/strong> daremos el pistoletazo de salida a la <strong>temporada 2025\/26<\/strong>, tanto en el Valle de Tena como en el de Benasque. Y lo haremos, como siempre, con muchas ganas de nieve\u2026 \u00a1y con grandes novedades!<\/p>\n\n\n\n<p><\/p>\n\n\n\n<h3 class=\"wp-block-heading\">M\u00e1s de 40 millones para una nieve mejor y m\u00e1s sostenible<\/h3>\n\n\n\n<p style=\"font-size:18px\">Durante los \u00faltimos dos a\u00f1os, en Aram\u00f3n hemos llevado a cabo una de las <strong>mayores inversiones en la historia del grupo<\/strong>: m\u00e1s de <strong>40 millones de euros destinados a modernizar y ampliar nuestros sistemas de innivaci\u00f3n<\/strong>.<\/p>\n\n\n\n<p style=\"font-size:18px\">Gracias al apoyo del <strong>Gobierno de Arag\u00f3n<\/strong>, el <strong>Plan Pirineos<\/strong> y los fondos <strong>FITE<\/strong>, nuestras estaciones cuentan ya con <strong>m\u00e1s de 1.000 ca\u00f1ones nuevos<\/strong>, <strong>cuatro Snowfactories<\/strong> (tres en Formigal y una en Javalambre) y <strong>tres balsas de almacenamiento h\u00eddrico<\/strong> que permiten mejorar la eficiencia en la producci\u00f3n de nieve y actuar en <strong>80 kil\u00f3metros de pistas<\/strong>.<\/p>\n\n\n\n<p style=\"font-size:18px\">Todo ello forma parte de nuestro compromiso con la <strong>sostenibilidad y la innovaci\u00f3n tecnol\u00f3gica<\/strong>, pilares fundamentales de nuestro plan de futuro.<\/p>\n\n\n\n<p><\/p>\n\n\n\n<h3 class=\"wp-block-heading\">Nieve incluso con temperaturas positivas <\/h3>\n\n\n\n<p style=\"font-size:18px\">La joya de la corona son las <strong>Snowfactories<\/strong>, una tecnolog\u00eda pionera capaz de <strong>producir nieve incluso cuando el term\u00f3metro est\u00e1 por encima de cero<\/strong>.<\/p>\n\n\n\n<p style=\"font-size:18px\">Gracias a ellas, podremos garantizar la actividad en las cotas m\u00e1s bajas de las estaciones y ofrecer a nuestros visitantes <strong>una experiencia estable y segura durante toda la temporada<\/strong>. Adem\u00e1s, esta estabilidad se traduce en un impulso econ\u00f3mico y social para los valles donde operamos.<\/p>\n\n\n\n<p><\/p>\n\n\n\n<h3 class=\"wp-block-heading\">Apertura prevista para el 29 de noviembre <\/h3>\n\n\n\n<p style=\"font-size:18px\">Si el tiempo nos acompa\u00f1a, el <strong>29 de noviembre<\/strong> los primeros esquiadores podr\u00e1n disfrutar del <strong>\u00e1rea de debutantes de Sextas, en Formigal<\/strong>, desde tan solo <strong>19 euros<\/strong>. Una oportunidad perfecta para <strong>estrenar la temporada<\/strong> o <strong>iniciarse en el esqu\u00ed<\/strong> en un entorno \u00fanico.<\/p>\n\n\n\n<p style=\"font-size:18px\">En <strong>Cerler<\/strong>, el equipo tambi\u00e9n trabaja para estar listos ese mismo fin de semana, mientras que en <strong>Javalambre y Valdelinares<\/strong> la apertura se prev\u00e9 para el <strong>Puente de la Constituci\u00f3n<\/strong>.<\/p>\n\n\n\n<p><\/p>\n\n\n\n<h3 class=\"wp-block-heading\">\u00a1Marchica vuelve con todo! <\/h3>\n\n\n\n<p style=\"font-size:18px\">Y como no pod\u00eda ser de otra manera, la nieve vendr\u00e1 acompa\u00f1ada de m\u00fasica, fiesta y buen ambiente. Coincidiendo con la apertura de Sextas, el <strong>s\u00e1bado 29 de noviembre Marchica celebrar\u00e1 su Opening oficial<\/strong>, con la actuaci\u00f3n de nada menos que <strong>Juan Mag\u00e1n<\/strong>, el rey del electro latino. Sus temas <em>Bailando por ah\u00ed<\/em>, <em>Verano Azul<\/em>, <em>No sigue modas<\/em> prometen poner ritmo al inicio de la temporada y llenar de energ\u00eda el apr\u00e8s-ski m\u00e1s famoso del Pirineo.<\/p>\n\n\n\n<p style=\"font-size:18px\"><strong>El acceso ser\u00e1 gratuito<\/strong> para abonos de temporada y residentes, y las entradas para el p\u00fablico general estar\u00e1n disponibles en nuestra web.<\/p>\n\n\n\n<p style=\"font-size:18px\">Con estas novedades, el Grupo Aram\u00f3n reafirma su compromiso con la <strong>modernizaci\u00f3n, la sostenibilidad y el desarrollo responsable de nuestros valles<\/strong>, consolidando a nuestras estaciones como <strong>referente del turismo de nieve en Espa\u00f1a<\/strong>.<\/p>\n\n\n\n<p><\/p>\n\n\n\n<p><\/p>\n\n\n\n<p><\/p>\n\n\n\n<p><\/p>\n\n\n\n<p><\/p>\n\n\n\n<p><\/p>\n\n\n\n<p><\/p>\n\n\n\n<p><\/p>\n\n\n\n<p><\/p>\n\n\n\n<p><\/p>\n\n\n\n<p><\/p>\n\n\n\n<p><\/p>\n\n\n\n<p><\/p>\n\n\n\n<p><\/p>\n\n\n\n<p><\/p>\n\n\n\n<p><\/p>\n\n\n\n<p><\/p>\n\n\n\n<p><\/p>\n\n\n\n<p><\/p>\n\n\n\n<p><\/p>\n\n\n\n<p><\/p>\n\n\n\n<p><\/p>\n\n\n\n<p><\/p>\n\n\n\n<p><\/p>\n\n\n\n<p><\/p>\n\n\n\n<p><\/p>\n\n\n\n<p><\/p>\n\n\n\n<p><\/p>\n\n\n\n<p><\/p>\n","protected":false},"excerpt":{"rendered":"<p>El grupo prev\u00e9 inaugurar la campa\u00f1a 2025\/26 el pr\u00f3ximo s\u00e1bado 29 de noviembre, siempre y cuando las condiciones meteorol\u00f3gicas lo permitan.<\/p>\n","protected":false},"author":2,"featured_media":22828,"comment_status":"closed","ping_status":"closed","sticky":false,"template":"","format":"standard","meta":{"_acf_changed":false,"footnotes":""},"categories":[1,303,307,308,2152],"tags":[260,27,579,32,2557],"acf":[],"yoast_head":"<!-- This site is optimized with the Yoast SEO plugin v22.5 - https:\/\/yoast.com\/wordpress\/plugins\/seo\/ -->\n<title>Aram\u00f3n invierte m\u00e1s de 40 millones en modernizar sus sistemas de innivaci\u00f3n con tecnolog\u00eda de vanguardia - Blog Oficial del Grupo ARAM\u00d3N<\/title>\n<meta name=\"description\" content=\"La temporada se adelanta: el grupo apuesta por la innovaci\u00f3n y la sostenibilidad para ofrecer nieve de calidad desde el inicio.\" \/>\n<meta name=\"robots\" content=\"index, follow, max-snippet:-1, max-image-preview:large, max-video-preview:-1\" \/>\n<link rel=\"canonical\" href=\"https:\/\/www.aramon.com\/blog\/aramon-apertura-temporada\/\" \/>\n<meta property=\"og:locale\" content=\"es_ES\" \/>\n<meta property=\"og:type\" content=\"article\" \/>\n<meta property=\"og:title\" content=\"Aram\u00f3n invierte m\u00e1s de 40 millones en modernizar sus sistemas de innivaci\u00f3n con tecnolog\u00eda de vanguardia - Blog Oficial del Grupo ARAM\u00d3N\" \/>\n<meta property=\"og:description\" content=\"La temporada se adelanta: el grupo apuesta por la innovaci\u00f3n y la sostenibilidad para ofrecer nieve de calidad desde el inicio.\" \/>\n<meta property=\"og:url\" content=\"https:\/\/www.aramon.com\/blog\/aramon-apertura-temporada\/\" \/>\n<meta property=\"og:site_name\" content=\"Blog Oficial del Grupo ARAM\u00d3N\" \/>\n<meta property=\"article:published_time\" content=\"2025-11-05T11:30:43+00:00\" \/>\n<meta property=\"article:modified_time\" content=\"2025-11-05T11:31:54+00:00\" \/>\n<meta property=\"og:image\" content=\"https:\/\/www.aramon.com\/blog\/wp-content\/uploads\/2025\/11\/Apertura-Aramon_2-scaled.jpg\" \/>\n\t<meta property=\"og:image:width\" content=\"2560\" \/>\n\t<meta property=\"og:image:height\" content=\"1801\" \/>\n\t<meta property=\"og:image:type\" content=\"image\/jpeg\" \/>\n<meta name=\"author\" content=\"aramon\" \/>\n<meta name=\"twitter:card\" content=\"summary_large_image\" \/>\n<meta name=\"twitter:label1\" content=\"Escrito por\" \/>\n\t<meta name=\"twitter:data1\" content=\"aramon\" \/>\n\t<meta name=\"twitter:label2\" content=\"Tiempo de lectura\" \/>\n\t<meta name=\"twitter:data2\" content=\"3 minutos\" \/>\n<script type=\"application\/ld+json\" class=\"yoast-schema-graph\">{\"@context\":\"https:\/\/schema.org\",\"@graph\":[{\"@type\":\"WebPage\",\"@id\":\"https:\/\/www.aramon.com\/blog\/aramon-apertura-temporada\/\",\"url\":\"https:\/\/www.aramon.com\/blog\/aramon-apertura-temporada\/\",\"name\":\"Aram\u00f3n invierte m\u00e1s de 40 millones en modernizar sus sistemas de innivaci\u00f3n con tecnolog\u00eda de vanguardia - Blog Oficial del Grupo ARAM\u00d3N\",\"isPartOf\":{\"@id\":\"https:\/\/www.aramon.com\/blog\/#website\"},\"primaryImageOfPage\":{\"@id\":\"https:\/\/www.aramon.com\/blog\/aramon-apertura-temporada\/#primaryimage\"},\"image\":{\"@id\":\"https:\/\/www.aramon.com\/blog\/aramon-apertura-temporada\/#primaryimage\"},\"thumbnailUrl\":\"https:\/\/www.aramon.com\/blog\/wp-content\/uploads\/2025\/11\/Apertura-Aramon_2-scaled.jpg\",\"datePublished\":\"2025-11-05T11:30:43+00:00\",\"dateModified\":\"2025-11-05T11:31:54+00:00\",\"author\":{\"@id\":\"https:\/\/www.aramon.com\/blog\/#\/schema\/person\/9429ffb451d657ab98f0ca1b364eeef3\"},\"description\":\"La temporada se adelanta: el grupo apuesta por la innovaci\u00f3n y la sostenibilidad para ofrecer nieve de calidad desde el inicio.\",\"inLanguage\":\"es\",\"potentialAction\":[{\"@type\":\"ReadAction\",\"target\":[\"https:\/\/www.aramon.com\/blog\/aramon-apertura-temporada\/\"]}]},{\"@type\":\"ImageObject\",\"inLanguage\":\"es\",\"@id\":\"https:\/\/www.aramon.com\/blog\/aramon-apertura-temporada\/#primaryimage\",\"url\":\"https:\/\/www.aramon.com\/blog\/wp-content\/uploads\/2025\/11\/Apertura-Aramon_2-scaled.jpg\",\"contentUrl\":\"https:\/\/www.aramon.com\/blog\/wp-content\/uploads\/2025\/11\/Apertura-Aramon_2-scaled.jpg\",\"width\":2560,\"height\":1801,\"caption\":\"default\"},{\"@type\":\"WebSite\",\"@id\":\"https:\/\/www.aramon.com\/blog\/#website\",\"url\":\"https:\/\/www.aramon.com\/blog\/\",\"name\":\"Blog Oficial del Grupo ARAM\u00d3N\",\"description\":\"Blog Oficial del Grupo Aram\u00f3n sobre estaciones de esqu\u00ed, monta\u00f1ismo, deportes de aventura y m\u00e1s en Arag\u00f3n.\",\"potentialAction\":[{\"@type\":\"SearchAction\",\"target\":{\"@type\":\"EntryPoint\",\"urlTemplate\":\"https:\/\/www.aramon.com\/blog\/?s={search_term_string}\"},\"query-input\":\"required name=search_term_string\"}],\"inLanguage\":\"es\"},{\"@type\":\"Person\",\"@id\":\"https:\/\/www.aramon.com\/blog\/#\/schema\/person\/9429ffb451d657ab98f0ca1b364eeef3\",\"name\":\"aramon\",\"image\":{\"@type\":\"ImageObject\",\"inLanguage\":\"es\",\"@id\":\"https:\/\/www.aramon.com\/blog\/#\/schema\/person\/image\/\",\"url\":\"https:\/\/secure.gravatar.com\/avatar\/d5fd0ede392e1af0e414b87f7568b4d5?s=96&d=mm&r=g\",\"contentUrl\":\"https:\/\/secure.gravatar.com\/avatar\/d5fd0ede392e1af0e414b87f7568b4d5?s=96&d=mm&r=g\",\"caption\":\"aramon\"},\"url\":\"https:\/\/www.aramon.com\/blog\/author\/aramon\/\"}]}<\/script>\n<!-- \/ Yoast SEO plugin. -->","yoast_head_json":{"title":"Aram\u00f3n invierte m\u00e1s de 40 millones en modernizar sus sistemas de innivaci\u00f3n con tecnolog\u00eda de vanguardia - Blog Oficial del Grupo ARAM\u00d3N","description":"La temporada se adelanta: el grupo apuesta por la innovaci\u00f3n y la sostenibilidad para ofrecer nieve de calidad desde el inicio.","robots":{"index":"index","follow":"follow","max-snippet":"max-snippet:-1","max-image-preview":"max-image-preview:large","max-video-preview":"max-video-preview:-1"},"canonical":"https:\/\/www.aramon.com\/blog\/aramon-apertura-temporada\/","og_locale":"es_ES","og_type":"article","og_title":"Aram\u00f3n invierte m\u00e1s de 40 millones en modernizar sus sistemas de innivaci\u00f3n con tecnolog\u00eda de vanguardia - Blog Oficial del Grupo ARAM\u00d3N","og_description":"La temporada se adelanta: el grupo apuesta por la innovaci\u00f3n y la sostenibilidad para ofrecer nieve de calidad desde el inicio.","og_url":"https:\/\/www.aramon.com\/blog\/aramon-apertura-temporada\/","og_site_name":"Blog Oficial del Grupo ARAM\u00d3N","article_published_time":"2025-11-05T11:30:43+00:00","article_modified_time":"2025-11-05T11:31:54+00:00","og_image":[{"width":2560,"height":1801,"url":"https:\/\/www.aramon.com\/blog\/wp-content\/uploads\/2025\/11\/Apertura-Aramon_2-scaled.jpg","type":"image\/jpeg"}],"author":"aramon","twitter_card":"summary_large_image","twitter_misc":{"Escrito por":"aramon","Tiempo de lectura":"3 minutos"},"schema":{"@context":"https:\/\/schema.org","@graph":[{"@type":"WebPage","@id":"https:\/\/www.aramon.com\/blog\/aramon-apertura-temporada\/","url":"https:\/\/www.aramon.com\/blog\/aramon-apertura-temporada\/","name":"Aram\u00f3n invierte m\u00e1s de 40 millones en modernizar sus sistemas de innivaci\u00f3n con tecnolog\u00eda de vanguardia - Blog Oficial del Grupo ARAM\u00d3N","isPartOf":{"@id":"https:\/\/www.aramon.com\/blog\/#website"},"primaryImageOfPage":{"@id":"https:\/\/www.aramon.com\/blog\/aramon-apertura-temporada\/#primaryimage"},"image":{"@id":"https:\/\/www.aramon.com\/blog\/aramon-apertura-temporada\/#primaryimage"},"thumbnailUrl":"https:\/\/www.aramon.com\/blog\/wp-content\/uploads\/2025\/11\/Apertura-Aramon_2-scaled.jpg","datePublished":"2025-11-05T11:30:43+00:00","dateModified":"2025-11-05T11:31:54+00:00","author":{"@id":"https:\/\/www.aramon.com\/blog\/#\/schema\/person\/9429ffb451d657ab98f0ca1b364eeef3"},"description":"La temporada se adelanta: el grupo apuesta por la innovaci\u00f3n y la sostenibilidad para ofrecer nieve de calidad desde el inicio.","inLanguage":"es","potentialAction":[{"@type":"ReadAction","target":["https:\/\/www.aramon.com\/blog\/aramon-apertura-temporada\/"]}]},{"@type":"ImageObject","inLanguage":"es","@id":"https:\/\/www.aramon.com\/blog\/aramon-apertura-temporada\/#primaryimage","url":"https:\/\/www.aramon.com\/blog\/wp-content\/uploads\/2025\/11\/Apertura-Aramon_2-scaled.jpg","contentUrl":"https:\/\/www.aramon.com\/blog\/wp-content\/uploads\/2025\/11\/Apertura-Aramon_2-scaled.jpg","width":2560,"height":1801,"caption":"default"},{"@type":"WebSite","@id":"https:\/\/www.aramon.com\/blog\/#website","url":"https:\/\/www.aramon.com\/blog\/","name":"Blog Oficial del Grupo ARAM\u00d3N","description":"Blog Oficial del Grupo Aram\u00f3n sobre estaciones de esqu\u00ed, monta\u00f1ismo, deportes de aventura y m\u00e1s en Arag\u00f3n.","potentialAction":[{"@type":"SearchAction","target":{"@type":"EntryPoint","urlTemplate":"https:\/\/www.aramon.com\/blog\/?s={search_term_string}"},"query-input":"required name=search_term_string"}],"inLanguage":"es"},{"@type":"Person","@id":"https:\/\/www.aramon.com\/blog\/#\/schema\/person\/9429ffb451d657ab98f0ca1b364eeef3","name":"aramon","image":{"@type":"ImageObject","inLanguage":"es","@id":"https:\/\/www.aramon.com\/blog\/#\/schema\/person\/image\/","url":"https:\/\/secure.gravatar.com\/avatar\/d5fd0ede392e1af0e414b87f7568b4d5?s=96&d=mm&r=g","contentUrl":"https:\/\/secure.gravatar.com\/avatar\/d5fd0ede392e1af0e414b87f7568b4d5?s=96&d=mm&r=g","caption":"aramon"},"url":"https:\/\/www.aramon.com\/blog\/author\/aramon\/"}]}},"_links":{"self":[{"href":"https:\/\/www.aramon.com\/blog\/wp-json\/wp\/v2\/posts\/22827"}],"collection":[{"href":"https:\/\/www.aramon.com\/blog\/wp-json\/wp\/v2\/posts"}],"about":[{"href":"https:\/\/www.aramon.com\/blog\/wp-json\/wp\/v2\/types\/post"}],"author":[{"embeddable":true,"href":"https:\/\/www.aramon.com\/blog\/wp-json\/wp\/v2\/users\/2"}],"replies":[{"embeddable":true,"href":"https:\/\/www.aramon.com\/blog\/wp-json\/wp\/v2\/comments?post=22827"}],"version-history":[{"count":5,"href":"https:\/\/www.aramon.com\/blog\/wp-json\/wp\/v2\/posts\/22827\/revisions"}],"predecessor-version":[{"id":22833,"href":"https:\/\/www.aramon.com\/blog\/wp-json\/wp\/v2\/posts\/22827\/revisions\/22833"}],"wp:featuredmedia":[{"embeddable":true,"href":"https:\/\/www.aramon.com\/blog\/wp-json\/wp\/v2\/media\/22828"}],"wp:attachment":[{"href":"https:\/\/www.aramon.com\/blog\/wp-json\/wp\/v2\/media?parent=22827"}],"wp:term":[{"taxonomy":"category","embeddable":true,"href":"https:\/\/www.aramon.com\/blog\/wp-json\/wp\/v2\/categories?post=22827"},{"taxonomy":"post_tag","embeddable":true,"href":"https:\/\/www.aramon.com\/blog\/wp-json\/wp\/v2\/tags?post=22827"}],"curies":[{"name":"wp","href":"https:\/\/api.w.org\/{rel}","templated":true}]}}