{"id":22846,"date":"2025-11-17T12:44:06","date_gmt":"2025-11-17T11:44:06","guid":{"rendered":"https:\/\/www.aramon.com\/blog\/?p=22846"},"modified":"2025-11-17T12:45:32","modified_gmt":"2025-11-17T11:45:32","slug":"cerler-telesilla-sarrau","status":"publish","type":"post","link":"https:\/\/www.aramon.com\/blog\/cerler-telesilla-sarrau\/","title":{"rendered":"Cerler da un gran paso adelante: nuevo telesilla Sarrau y m\u00e1s nieve para esta temporada"},"content":{"rendered":"\n<p style=\"font-size:18px\">En Aram\u00f3n seguimos mirando al futuro. Queremos que cada d\u00eda en la nieve sea m\u00e1s c\u00f3modo, m\u00e1s divertido y m\u00e1s emocionante. Por eso, este invierno Cerler vuelve a ser protagonista con dos grandes proyectos que transformar\u00e1n la experiencia de quienes nos visitan: la renovaci\u00f3n del telesilla Sarrau y el avance en el plan de modernizaci\u00f3n de los sistemas de innivaci\u00f3n.<\/p>\n\n\n\n<h2 class=\"wp-block-heading\"><strong>Un nuevo telesilla Sarrau para movernos mejor por la estaci\u00f3n<\/strong><\/h2>\n\n\n\n<p style=\"font-size:18px\">El veterano telesilla biplaza Sarrau, que ha acompa\u00f1ado a varias generaciones de esquiadores durante m\u00e1s de 50 a\u00f1os, cede el relevo a una moderna instalaci\u00f3n cuatriplaza. Con una inversi\u00f3n de 4,5 millones de euros, el nuevo Sarrau supone un salto de calidad que se va a notar desde el primer d\u00eda:<\/p>\n\n\n\n<ul>\n<li style=\"font-size:18px\"><strong>M\u00e1s capacidad<\/strong>: pasamos de 720 a <strong>1.600 esquiadores por hora<\/strong>, reduciendo notablemente los tiempos de espera.<\/li>\n\n\n\n<li style=\"font-size:18px\"><strong>Mejor conexi\u00f3n entre valles<\/strong>: permitir\u00e1 moverse con mayor agilidad entre <strong>Cerler y Ampriu<\/strong>, descongestionando tambi\u00e9n el telesilla Cogulla.<\/li>\n\n\n\n<li style=\"font-size:18px\"><strong>M\u00e1s comodidad<\/strong>: una infraestructura m\u00e1s moderna y eficiente que har\u00e1 m\u00e1s fluido el tr\u00e1nsito por la estaci\u00f3n.<\/li>\n<\/ul>\n\n\n\n<p style=\"font-size:18px\">Este cambio refuerza la conectividad interna de Cerler y consolida su posici\u00f3n como una de las estaciones m\u00e1s modernas y atractivas del Pirineo.<\/p>\n\n\n\n<h3 class=\"wp-block-heading\"><strong>M\u00e1s nieve y de mejor calidad: avanzamos en la modernizaci\u00f3n de la innivaci\u00f3n<\/strong><\/h3>\n\n\n\n<p style=\"font-size:18px\">Cerler tambi\u00e9n contin\u00faa mejorando uno de los aspectos m\u00e1s importantes para los esquiadores: la garant\u00eda de nieve. En esta segunda fase del plan de modernizaci\u00f3n de la innivaci\u00f3n se han instalado <strong>m\u00e1s de 300 nuevos ca\u00f1ones<\/strong>, y la mejora viene acompa\u00f1ada de una infraestructura clave: la nueva <strong>balsa de acumulaci\u00f3n de L\u2019Inllada<\/strong>, situada en Ampriu.<\/p>\n\n\n\n<p style=\"font-size:18px\">Gracias a esta balsa \u2014y a las ya construidas en Formigal y Valdelinares\u2014, la capacidad total de agua destinada a la producci\u00f3n de nieve ha aumentado un <strong>54%<\/strong>, un avance decisivo para asegurar nieve de calidad durante toda la temporada.<\/p>\n\n\n\n<p style=\"font-size:18px\">Adem\u00e1s, varias pistas emblem\u00e1ticas de Cerler han recibido mejoras muy destacadas:<\/p>\n\n\n\n<ul>\n<li style=\"font-size:18px\"><strong>La Olla y Camino de Sarrau<\/strong>: innivaci\u00f3n completa y trazados renovados con mayor anchura.<\/li>\n\n\n\n<li style=\"font-size:18px\"><strong>Nueva pista Abedules<\/strong>: con una variante hasta cota 1.500 para mejorar la fluidez en la zona baja.<\/li>\n\n\n\n<li style=\"font-size:18px\">Refuerzo de innivaci\u00f3n en <strong>Labert<\/strong> y consolidaci\u00f3n de las mejoras en <strong>Pinar y Urogallo<\/strong>.<\/li>\n<\/ul>\n\n\n\n<p style=\"font-size:18px\">Con estas actuaciones, Cerler da un paso firme hacia un sistema de nieve producida m\u00e1s sostenible y preparado para el futuro.<\/p>\n\n\n\n<p><\/p>\n\n\n\n<p><\/p>\n\n\n\n<p><\/p>\n\n\n\n<p><\/p>\n\n\n\n<p><\/p>\n\n\n\n<p><\/p>\n\n\n\n<p><\/p>\n\n\n\n<p><\/p>\n\n\n\n<p><\/p>\n","protected":false},"excerpt":{"rendered":"<p>La modernizaci\u00f3n del telesilla Sarrau y la ampliaci\u00f3n del sistema de nieve producida marcan un nuevo cap\u00edtulo en la transformaci\u00f3n de la estaci\u00f3n, reforzando su liderazgo en el Pirineo.<\/p>\n","protected":false},"author":2,"featured_media":22848,"comment_status":"closed","ping_status":"closed","sticky":false,"template":"","format":"standard","meta":{"_acf_changed":false,"footnotes":""},"categories":[1,303],"tags":[25,26,27,32,2595,1601],"acf":[],"yoast_head":"<!-- This site is optimized with the Yoast SEO plugin v22.5 - https:\/\/yoast.com\/wordpress\/plugins\/seo\/ -->\n<title>Cerler da un gran paso adelante: nuevo telesilla Sarrau y m\u00e1s nieve para esta temporada - Blog Oficial del Grupo ARAM\u00d3N<\/title>\n<meta name=\"description\" content=\"M\u00e1s comodidad en las pistas, conexi\u00f3n \u00e1gil entre valles y nieve garantizada gracias a las nuevas infraestructuras en Cerler.\" \/>\n<meta name=\"robots\" content=\"index, follow, max-snippet:-1, max-image-preview:large, max-video-preview:-1\" \/>\n<link rel=\"canonical\" href=\"https:\/\/www.aramon.com\/blog\/cerler-telesilla-sarrau\/\" \/>\n<meta property=\"og:locale\" content=\"es_ES\" \/>\n<meta property=\"og:type\" content=\"article\" \/>\n<meta property=\"og:title\" content=\"Cerler da un gran paso adelante: nuevo telesilla Sarrau y m\u00e1s nieve para esta temporada - Blog Oficial del Grupo ARAM\u00d3N\" \/>\n<meta property=\"og:description\" content=\"M\u00e1s comodidad en las pistas, conexi\u00f3n \u00e1gil entre valles y nieve garantizada gracias a las nuevas infraestructuras en Cerler.\" \/>\n<meta property=\"og:url\" content=\"https:\/\/www.aramon.com\/blog\/cerler-telesilla-sarrau\/\" \/>\n<meta property=\"og:site_name\" content=\"Blog Oficial del Grupo ARAM\u00d3N\" \/>\n<meta property=\"article:published_time\" content=\"2025-11-17T11:44:06+00:00\" \/>\n<meta property=\"article:modified_time\" content=\"2025-11-17T11:45:32+00:00\" \/>\n<meta property=\"og:image\" content=\"https:\/\/www.aramon.com\/blog\/wp-content\/uploads\/2025\/11\/Recreacion-del-telesilla-Sarrau.jpg\" \/>\n\t<meta property=\"og:image:width\" content=\"1920\" \/>\n\t<meta property=\"og:image:height\" content=\"1080\" \/>\n\t<meta property=\"og:image:type\" content=\"image\/jpeg\" \/>\n<meta name=\"author\" content=\"aramon\" \/>\n<meta name=\"twitter:card\" content=\"summary_large_image\" \/>\n<meta name=\"twitter:label1\" content=\"Escrito por\" \/>\n\t<meta name=\"twitter:data1\" content=\"aramon\" \/>\n\t<meta name=\"twitter:label2\" content=\"Tiempo de lectura\" \/>\n\t<meta name=\"twitter:data2\" content=\"2 minutos\" \/>\n<script type=\"application\/ld+json\" class=\"yoast-schema-graph\">{\"@context\":\"https:\/\/schema.org\",\"@graph\":[{\"@type\":\"WebPage\",\"@id\":\"https:\/\/www.aramon.com\/blog\/cerler-telesilla-sarrau\/\",\"url\":\"https:\/\/www.aramon.com\/blog\/cerler-telesilla-sarrau\/\",\"name\":\"Cerler da un gran paso adelante: nuevo telesilla Sarrau y m\u00e1s nieve para esta temporada - Blog Oficial del Grupo ARAM\u00d3N\",\"isPartOf\":{\"@id\":\"https:\/\/www.aramon.com\/blog\/#website\"},\"primaryImageOfPage\":{\"@id\":\"https:\/\/www.aramon.com\/blog\/cerler-telesilla-sarrau\/#primaryimage\"},\"image\":{\"@id\":\"https:\/\/www.aramon.com\/blog\/cerler-telesilla-sarrau\/#primaryimage\"},\"thumbnailUrl\":\"https:\/\/www.aramon.com\/blog\/wp-content\/uploads\/2025\/11\/Recreacion-del-telesilla-Sarrau.jpg\",\"datePublished\":\"2025-11-17T11:44:06+00:00\",\"dateModified\":\"2025-11-17T11:45:32+00:00\",\"author\":{\"@id\":\"https:\/\/www.aramon.com\/blog\/#\/schema\/person\/9429ffb451d657ab98f0ca1b364eeef3\"},\"description\":\"M\u00e1s comodidad en las pistas, conexi\u00f3n \u00e1gil entre valles y nieve garantizada gracias a las nuevas infraestructuras en Cerler.\",\"inLanguage\":\"es\",\"potentialAction\":[{\"@type\":\"ReadAction\",\"target\":[\"https:\/\/www.aramon.com\/blog\/cerler-telesilla-sarrau\/\"]}]},{\"@type\":\"ImageObject\",\"inLanguage\":\"es\",\"@id\":\"https:\/\/www.aramon.com\/blog\/cerler-telesilla-sarrau\/#primaryimage\",\"url\":\"https:\/\/www.aramon.com\/blog\/wp-content\/uploads\/2025\/11\/Recreacion-del-telesilla-Sarrau.jpg\",\"contentUrl\":\"https:\/\/www.aramon.com\/blog\/wp-content\/uploads\/2025\/11\/Recreacion-del-telesilla-Sarrau.jpg\",\"width\":1920,\"height\":1080},{\"@type\":\"WebSite\",\"@id\":\"https:\/\/www.aramon.com\/blog\/#website\",\"url\":\"https:\/\/www.aramon.com\/blog\/\",\"name\":\"Blog Oficial del Grupo ARAM\u00d3N\",\"description\":\"Blog Oficial del Grupo Aram\u00f3n sobre estaciones de esqu\u00ed, monta\u00f1ismo, deportes de aventura y m\u00e1s en Arag\u00f3n.\",\"potentialAction\":[{\"@type\":\"SearchAction\",\"target\":{\"@type\":\"EntryPoint\",\"urlTemplate\":\"https:\/\/www.aramon.com\/blog\/?s={search_term_string}\"},\"query-input\":\"required name=search_term_string\"}],\"inLanguage\":\"es\"},{\"@type\":\"Person\",\"@id\":\"https:\/\/www.aramon.com\/blog\/#\/schema\/person\/9429ffb451d657ab98f0ca1b364eeef3\",\"name\":\"aramon\",\"image\":{\"@type\":\"ImageObject\",\"inLanguage\":\"es\",\"@id\":\"https:\/\/www.aramon.com\/blog\/#\/schema\/person\/image\/\",\"url\":\"https:\/\/secure.gravatar.com\/avatar\/d5fd0ede392e1af0e414b87f7568b4d5?s=96&d=mm&r=g\",\"contentUrl\":\"https:\/\/secure.gravatar.com\/avatar\/d5fd0ede392e1af0e414b87f7568b4d5?s=96&d=mm&r=g\",\"caption\":\"aramon\"},\"url\":\"https:\/\/www.aramon.com\/blog\/author\/aramon\/\"}]}<\/script>\n<!-- \/ Yoast SEO plugin. -->","yoast_head_json":{"title":"Cerler da un gran paso adelante: nuevo telesilla Sarrau y m\u00e1s nieve para esta temporada - Blog Oficial del Grupo ARAM\u00d3N","description":"M\u00e1s comodidad en las pistas, conexi\u00f3n \u00e1gil entre valles y nieve garantizada gracias a las nuevas infraestructuras en Cerler.","robots":{"index":"index","follow":"follow","max-snippet":"max-snippet:-1","max-image-preview":"max-image-preview:large","max-video-preview":"max-video-preview:-1"},"canonical":"https:\/\/www.aramon.com\/blog\/cerler-telesilla-sarrau\/","og_locale":"es_ES","og_type":"article","og_title":"Cerler da un gran paso adelante: nuevo telesilla Sarrau y m\u00e1s nieve para esta temporada - Blog Oficial del Grupo ARAM\u00d3N","og_description":"M\u00e1s comodidad en las pistas, conexi\u00f3n \u00e1gil entre valles y nieve garantizada gracias a las nuevas infraestructuras en Cerler.","og_url":"https:\/\/www.aramon.com\/blog\/cerler-telesilla-sarrau\/","og_site_name":"Blog Oficial del Grupo ARAM\u00d3N","article_published_time":"2025-11-17T11:44:06+00:00","article_modified_time":"2025-11-17T11:45:32+00:00","og_image":[{"width":1920,"height":1080,"url":"https:\/\/www.aramon.com\/blog\/wp-content\/uploads\/2025\/11\/Recreacion-del-telesilla-Sarrau.jpg","type":"image\/jpeg"}],"author":"aramon","twitter_card":"summary_large_image","twitter_misc":{"Escrito por":"aramon","Tiempo de lectura":"2 minutos"},"schema":{"@context":"https:\/\/schema.org","@graph":[{"@type":"WebPage","@id":"https:\/\/www.aramon.com\/blog\/cerler-telesilla-sarrau\/","url":"https:\/\/www.aramon.com\/blog\/cerler-telesilla-sarrau\/","name":"Cerler da un gran paso adelante: nuevo telesilla Sarrau y m\u00e1s nieve para esta temporada - Blog Oficial del Grupo ARAM\u00d3N","isPartOf":{"@id":"https:\/\/www.aramon.com\/blog\/#website"},"primaryImageOfPage":{"@id":"https:\/\/www.aramon.com\/blog\/cerler-telesilla-sarrau\/#primaryimage"},"image":{"@id":"https:\/\/www.aramon.com\/blog\/cerler-telesilla-sarrau\/#primaryimage"},"thumbnailUrl":"https:\/\/www.aramon.com\/blog\/wp-content\/uploads\/2025\/11\/Recreacion-del-telesilla-Sarrau.jpg","datePublished":"2025-11-17T11:44:06+00:00","dateModified":"2025-11-17T11:45:32+00:00","author":{"@id":"https:\/\/www.aramon.com\/blog\/#\/schema\/person\/9429ffb451d657ab98f0ca1b364eeef3"},"description":"M\u00e1s comodidad en las pistas, conexi\u00f3n \u00e1gil entre valles y nieve garantizada gracias a las nuevas infraestructuras en Cerler.","inLanguage":"es","potentialAction":[{"@type":"ReadAction","target":["https:\/\/www.aramon.com\/blog\/cerler-telesilla-sarrau\/"]}]},{"@type":"ImageObject","inLanguage":"es","@id":"https:\/\/www.aramon.com\/blog\/cerler-telesilla-sarrau\/#primaryimage","url":"https:\/\/www.aramon.com\/blog\/wp-content\/uploads\/2025\/11\/Recreacion-del-telesilla-Sarrau.jpg","contentUrl":"https:\/\/www.aramon.com\/blog\/wp-content\/uploads\/2025\/11\/Recreacion-del-telesilla-Sarrau.jpg","width":1920,"height":1080},{"@type":"WebSite","@id":"https:\/\/www.aramon.com\/blog\/#website","url":"https:\/\/www.aramon.com\/blog\/","name":"Blog Oficial del Grupo ARAM\u00d3N","description":"Blog Oficial del Grupo Aram\u00f3n sobre estaciones de esqu\u00ed, monta\u00f1ismo, deportes de aventura y m\u00e1s en Arag\u00f3n.","potentialAction":[{"@type":"SearchAction","target":{"@type":"EntryPoint","urlTemplate":"https:\/\/www.aramon.com\/blog\/?s={search_term_string}"},"query-input":"required name=search_term_string"}],"inLanguage":"es"},{"@type":"Person","@id":"https:\/\/www.aramon.com\/blog\/#\/schema\/person\/9429ffb451d657ab98f0ca1b364eeef3","name":"aramon","image":{"@type":"ImageObject","inLanguage":"es","@id":"https:\/\/www.aramon.com\/blog\/#\/schema\/person\/image\/","url":"https:\/\/secure.gravatar.com\/avatar\/d5fd0ede392e1af0e414b87f7568b4d5?s=96&d=mm&r=g","contentUrl":"https:\/\/secure.gravatar.com\/avatar\/d5fd0ede392e1af0e414b87f7568b4d5?s=96&d=mm&r=g","caption":"aramon"},"url":"https:\/\/www.aramon.com\/blog\/author\/aramon\/"}]}},"_links":{"self":[{"href":"https:\/\/www.aramon.com\/blog\/wp-json\/wp\/v2\/posts\/22846"}],"collection":[{"href":"https:\/\/www.aramon.com\/blog\/wp-json\/wp\/v2\/posts"}],"about":[{"href":"https:\/\/www.aramon.com\/blog\/wp-json\/wp\/v2\/types\/post"}],"author":[{"embeddable":true,"href":"https:\/\/www.aramon.com\/blog\/wp-json\/wp\/v2\/users\/2"}],"replies":[{"embeddable":true,"href":"https:\/\/www.aramon.com\/blog\/wp-json\/wp\/v2\/comments?post=22846"}],"version-history":[{"count":4,"href":"https:\/\/www.aramon.com\/blog\/wp-json\/wp\/v2\/posts\/22846\/revisions"}],"predecessor-version":[{"id":22852,"href":"https:\/\/www.aramon.com\/blog\/wp-json\/wp\/v2\/posts\/22846\/revisions\/22852"}],"wp:featuredmedia":[{"embeddable":true,"href":"https:\/\/www.aramon.com\/blog\/wp-json\/wp\/v2\/media\/22848"}],"wp:attachment":[{"href":"https:\/\/www.aramon.com\/blog\/wp-json\/wp\/v2\/media?parent=22846"}],"wp:term":[{"taxonomy":"category","embeddable":true,"href":"https:\/\/www.aramon.com\/blog\/wp-json\/wp\/v2\/categories?post=22846"},{"taxonomy":"post_tag","embeddable":true,"href":"https:\/\/www.aramon.com\/blog\/wp-json\/wp\/v2\/tags?post=22846"}],"curies":[{"name":"wp","href":"https:\/\/api.w.org\/{rel}","templated":true}]}}