{"id":22855,"date":"2025-11-20T21:10:12","date_gmt":"2025-11-20T20:10:12","guid":{"rendered":"https:\/\/www.aramon.com\/blog\/?p=22855"},"modified":"2025-11-22T11:07:36","modified_gmt":"2025-11-22T10:07:36","slug":"presentacion-temporada2526-aramon","status":"publish","type":"post","link":"https:\/\/www.aramon.com\/blog\/presentacion-temporada2526-aramon\/","title":{"rendered":"El Grupo Aram\u00f3n inaugura la temporada 25-26 con una inversi\u00f3n de 31,6 millones de euros"},"content":{"rendered":"\n<p style=\"font-size:18px\">Aram\u00f3n, el holding l\u00edder del turismo de nieve en Espa\u00f1a, presenta las claves de la <strong>temporada 2025-26<\/strong>, un invierno marcado por la innovaci\u00f3n tecnol\u00f3gica, la modernizaci\u00f3n de infraestructuras y un renovado compromiso con la sostenibilidad.<\/p>\n\n\n\n<p style=\"font-size:18px\">En los dos \u00faltimos a\u00f1os, el grupo ha llevado a cabo una <strong>inversi\u00f3n hist\u00f3rica de 55 millones de euros<\/strong> en la modernizaci\u00f3n integral de sus estaciones. Concretamente, m\u00e1s de <strong>40 millones <\/strong>se han destinado a la modernizaci\u00f3n y eficiencia en innivaci\u00f3n, impulsados por el Plan Pirineos y los fondos FITE, a trav\u00e9s del Gobierno de Arag\u00f3n.<\/p>\n\n\n\n<p style=\"font-size:18px\"><strong>Antonio Geric\u00f3, presidente ejecutivo del Grupo Aram\u00f3n, <\/strong>ha destacado que <strong>\u201c<\/strong>de los 55 millones invertidos en los dos \u00faltimos a\u00f1os,<strong> 40 se han destinado a modernizar por completo nuestros sistemas de innivaci\u00f3n<\/strong>. De los 15 restantes, <strong>4,5 millones se han dedicado a la renovaci\u00f3n del telesilla Sarrau en Cerler<\/strong> y <strong>1,2 millones en acciones de sostenibilidad y eficiencia energ\u00e9tica<\/strong>. El resto del esfuerzo inversor se ha centrado en <strong>mejorar accesos, renovar equipamiento t\u00e9cnico y sistemas, reforzar la seguridad o modernizar espacios de restauraci\u00f3n<\/strong>,siempre con el objetivo de mejorar la experiencia del visitante\u201d.<\/p>\n\n\n\n<h3 class=\"wp-block-heading\"><strong>La mayor modernizaci\u00f3n en innivaci\u00f3n del Grupo Aram\u00f3n<\/strong><\/h3>\n\n\n\n<p style=\"font-size:18px\">Durante este periodo, Aram\u00f3n ha instalado <strong>m\u00e1s de 1.000 ca\u00f1ones nuevos<\/strong>, ha puesto en marcha <strong>cuatro Snowfactories<\/strong> y ha construido <strong>tres nuevas balsas de almacenamiento h\u00eddrico<\/strong>. Estas actuaciones han permitido innivar 34 km y 29 pistas nuevas, aumentando la capacidad de producci\u00f3n de nieve en 210 m\u00b3 y garantizando la estabilidad del inicio de la temporada.<\/p>\n\n\n\n<p style=\"font-size:18px\">La tecnolog\u00eda Snowfactory, capaz de generar nieve con temperaturas positivas, ser\u00e1 clave para la apertura del \u00e1rea de <strong>Sextas<\/strong> en Formigal el <strong>s\u00e1bado 29 de noviembre<\/strong>, siempre que las condiciones meteorol\u00f3gicas nos lo permitan. Ese mismo d\u00eda, est\u00e1 previsto que Cerler tambi\u00e9n inicie su temporada, mientras que Javalambre y Valdelinares abrir\u00edan a partir del Puente de la Constituci\u00f3n.<\/p>\n\n\n\n<p style=\"font-size:18px\">Coincidiendo con este arranque, <strong>Marchica celebrar\u00e1 su Opening <\/strong>oficial con la actuaci\u00f3n del referente internacional del electro latino, <strong>Juan Mag\u00e1n<\/strong>. El acceso ser\u00e1 gratuito para abonos de temporada y residentes, y estar\u00e1 disponible para el p\u00fablico general a trav\u00e9s de su web.<\/p>\n\n\n\n<h3 class=\"wp-block-heading\"><strong>Inversi\u00f3n en infraestructuras: Cerler renueva el telesilla Sarrau<\/strong><\/h3>\n\n\n\n<p style=\"font-size:18px\">Otro de los grandes hitos de esta temporada es la renovaci\u00f3n integral del <strong>telesilla Sarrau<\/strong> en Cerler, con una inversi\u00f3n de <strong>4,5 millones de euros<\/strong>.<br>El nuevo remonte cuatriplaza duplica su capacidad de transporte y reduce los tiempos de espera, agilizando la conexi\u00f3n entre Cerler y Ampriu. Esta mejora llega acompa\u00f1ada de la modernizaci\u00f3n de su sistema de innivaci\u00f3n y de la creaci\u00f3n de nuevas pistas como <strong>Abedules<\/strong>. &nbsp;<\/p>\n\n\n\n<h3 class=\"wp-block-heading\"><strong>Un Club Aram\u00f3n renovado y promociones imbatibles<\/strong><\/h3>\n\n\n\n<p style=\"font-size:18px\">El Grupo refuerza su <strong>apuesta por la accesibilidad y la democratizaci\u00f3n<\/strong> del esqu\u00ed con nuevas semanas de promociones dise\u00f1adas para llegar a todos los p\u00fablicos. As\u00ed, se han dise\u00f1ado diferentes ofertas para familias, j\u00f3venes o debutantes que incluyen todo lo necesario para disfrutar del esqu\u00ed, con descuentos de hasta un 40% adem\u00e1s de tarifas reducidas para familias numerosas y j\u00f3venes. Porque el objetivo es claro: que el esqu\u00ed est\u00e9 al alcance de todos.<\/p>\n\n\n\n<p style=\"font-size:18px\">Pero esto no es todo, para quienes conf\u00edan en las estaciones de Aram\u00f3n temporada tras temporada, llega el renovado <strong>Club Aram\u00f3n<\/strong>. Una propuesta que convierte cada jornada de esqu\u00ed en una oportunidad para acumular puntos y transformarlos en <strong>ventajas exclusivas<\/strong>: precios especiales en restauraci\u00f3n, forfaits y servicios dentro de nuestras estaciones. El objetivo es que la experiencia en Aram\u00f3n sea cada vez m\u00e1s gratificante, conectada y adaptada a las necesidades de los esquiadores m\u00e1s fieles.<\/p>\n\n\n\n<h3 class=\"wp-block-heading\"><strong>Eventos deportivos durante todo el invierno<\/strong><\/h3>\n\n\n\n<p style=\"font-size:18px\">La inversi\u00f3n de Aram\u00f3n busca garantizar no solo la mejor nieve, sino tambi\u00e9n un calendario de experiencias completo y diferencial. Por ello, volver\u00e1 a ser escenario de cerca de <strong>100 eventos deportivos<\/strong> de todas las disciplinas: <strong>Freeride, Freestyle, Snowboard, SBX, SX, Esqu\u00ed Alpino y Esqu\u00ed de Monta\u00f1a<\/strong>, con competidores desde los 4 a\u00f1os.<\/p>\n\n\n\n<p style=\"font-size:18px\">M\u00e1s de <strong>4.000 deportistas<\/strong> participan cada temporada en las pruebas organizadas en sus estaciones, convirtiendo al grupo en un referente para el fomento del deporte blanco. Adem\u00e1s, Aram\u00f3n refuerza su compromiso con la inclusi\u00f3n mediante competiciones adaptadas, que permiten que todos vivan la emoci\u00f3n de la nieve y el esp\u00edritu deportivo.<\/p>\n\n\n\n<h3 class=\"wp-block-heading\"><strong>Gastronom\u00eda, experiencias y un turismo de nieve m\u00e1s completo<\/strong><\/h3>\n\n\n\n<p style=\"font-size:18px\">El Grupo contin\u00faa <strong>consolidando su propuesta de valor diferencial <\/strong>mediante la renovaci\u00f3n de algunas de sus experiencias m\u00e1s emblem\u00e1ticas. Actividades ic\u00f3nicas como el emocionante Toboganning en Formigal, Safari10mil en Cerler o Snowy Trineos en Javalambre.<\/p>\n\n\n\n<p style=\"font-size:18px\">La oferta gastron\u00f3mica combina <strong>variedad, calidad y sostenibilidad<\/strong>, con m\u00e1s de 50 puntos de restauraci\u00f3n para todos los p\u00fablicos y actividades que complementan la jornada en pista. Como novedad, este a\u00f1o, se ha <strong>abierto una nueva burguer en la terraza de Anayet<\/strong>, un nuevo punto de encuentro que suma valor a la experiencia gastron\u00f3mica.<\/p>\n\n\n\n<p style=\"font-size:18px\">Adem\u00e1s, esta temporada el grupo refuerza su compromiso con el territorio a trav\u00e9s de su alianza estrat\u00e9gica con <strong>Arag\u00f3n Alimentos<\/strong>, promoviendo productos locales de kil\u00f3metro 0 y experiencias gastron\u00f3micas aut\u00e9nticas. Gracias a esta colaboraci\u00f3n, los visitantes pueden disfrutar de productos de proximidad al tiempo que se refuerza la identidad y el orgullo del territorio aragon\u00e9s.<\/p>\n\n\n\n<h3 class=\"wp-block-heading\"><strong>Compromiso con sostenibilidad<\/strong><\/h3>\n\n\n\n<p style=\"font-size:18px\">Aram\u00f3n se consolida con un modelo de estaciones sostenibles que combina innovaci\u00f3n tecnol\u00f3gica, eficiencia energ\u00e9tica y respeto por el entorno natural. El grupo ya opera con <strong>electricidad 100% renovable<\/strong> y sustituye progresivamente los combustibles f\u00f3siles por alternativas m\u00e1s sostenibles, capaces de reducir hasta un <strong>80% las emisiones asociadas<\/strong>.<\/p>\n\n\n\n<p style=\"font-size:18px\">En los \u00faltimos a\u00f1os, Aram\u00f3n ha invertido <strong>1,2 millones de euros en acciones medioambientales<\/strong>, modernizando instalaciones, incorporando placas solares y optimizando la maquinaria para reducir emisiones. La gesti\u00f3n del agua, un recurso clave para la producci\u00f3n de nieve, mantiene su <strong>ciclo natural<\/strong>: la nieve se funde y retorna al terreno y a los acu\u00edferos, garantizando un uso responsable y sostenible.<\/p>\n\n\n\n<p style=\"font-size:18px\">La sostenibilidad se extiende a todo el a\u00f1o: se promueven actividades como senderismo guiado, circuitos de bicicleta de monta\u00f1a o programas educativos que fomentan el respeto por la naturaleza. Estas iniciativas permiten aprovechar las instalaciones durante toda la temporada, contribuyendo a un turismo m\u00e1s diversificado y respetuoso con el medio ambiente.<\/p>\n\n\n\n<p style=\"font-size:18px\">Con estas medidas, Aram\u00f3n se posiciona como un <strong>referente en innovaci\u00f3n ambiental y turismo responsable<\/strong>, demostrando que la transformaci\u00f3n de las estaciones de esqu\u00ed hacia un modelo sostenible es posible y beneficiosa para el territorio.<\/p>\n\n\n\n<h3 class=\"wp-block-heading\"><strong>Aram\u00f3n: motor de desarrollo en la monta\u00f1a<\/strong><\/h3>\n\n\n\n<p style=\"font-size:18px\">Con su apuesta por la innovaci\u00f3n, la sostenibilidad y la excelencia en la experiencia del visitante, Aram\u00f3n refuerza su papel como impulsor econ\u00f3mico, social y tur\u00edstico en los valles donde opera. <strong>Su misi\u00f3n es generar oportunidades y riqueza en el territorio<\/strong>, apoyando a empresas, comercios, alojamientos y familias que dependen de la monta\u00f1a para su desarrollo.<\/p>\n\n\n\n<p style=\"font-size:18px\">Esta actividad trasciende el invierno gracias a <strong>Viajes Aram\u00f3n<\/strong>, su agencia de viajes, que contribuye a desestacionalizar la demanda y mantener actividad econ\u00f3mica m\u00e1s all\u00e1 del esqu\u00ed. El a\u00f1o pasado, el grupo gener\u00f3 un impacto de <strong>350 millones de euros en el territorio<\/strong>, reflejando su relevancia en el Pirineo y el Sistema Ib\u00e9rico turolense.<\/p>\n\n\n\n<p style=\"font-size:18px\">La modernizaci\u00f3n de infraestructuras, la oferta de nieve durante todo el a\u00f1o y las iniciativas culturales y deportivas consolidan a Aram\u00f3n como <strong>referente del turismo de monta\u00f1a responsable<\/strong>, capaz de combinar desarrollo econ\u00f3mico y respeto al entorno natural.<\/p>\n","protected":false},"excerpt":{"rendered":"<p>Aram\u00f3n destina 55 millones de euros en las dos \u00faltimas temporadas, de los cuales 40 millones se han dedicado a la mejora y eficiencia de producci\u00f3n de nieve.<\/p>\n","protected":false},"author":2,"featured_media":22857,"comment_status":"closed","ping_status":"closed","sticky":false,"template":"","format":"standard","meta":{"_acf_changed":false,"footnotes":""},"categories":[1,303,307,308],"tags":[25,26,27,30,31,32,33,34,946,328,36],"acf":[],"yoast_head":"<!-- This site is optimized with the Yoast SEO plugin v22.5 - https:\/\/yoast.com\/wordpress\/plugins\/seo\/ -->\n<title>El Grupo Aram\u00f3n inaugura la temporada 25-26 con una inversi\u00f3n de 31,6 millones de euros - Blog Oficial del Grupo ARAM\u00d3N<\/title>\n<meta name=\"description\" content=\"Aram\u00f3n presenta las novedades de este invierno: innovaci\u00f3n tecnol\u00f3gica, modernizaci\u00f3n de infraestructuras y compromiso con la sostenibilidad.\" \/>\n<meta name=\"robots\" content=\"index, follow, max-snippet:-1, max-image-preview:large, max-video-preview:-1\" \/>\n<link rel=\"canonical\" href=\"https:\/\/www.aramon.com\/blog\/presentacion-temporada2526-aramon\/\" \/>\n<meta property=\"og:locale\" content=\"es_ES\" \/>\n<meta property=\"og:type\" content=\"article\" \/>\n<meta property=\"og:title\" content=\"El Grupo Aram\u00f3n inaugura la temporada 25-26 con una inversi\u00f3n de 31,6 millones de euros - Blog Oficial del Grupo ARAM\u00d3N\" \/>\n<meta property=\"og:description\" content=\"Aram\u00f3n presenta las novedades de este invierno: innovaci\u00f3n tecnol\u00f3gica, modernizaci\u00f3n de infraestructuras y compromiso con la sostenibilidad.\" \/>\n<meta property=\"og:url\" content=\"https:\/\/www.aramon.com\/blog\/presentacion-temporada2526-aramon\/\" \/>\n<meta property=\"og:site_name\" content=\"Blog Oficial del Grupo ARAM\u00d3N\" \/>\n<meta property=\"article:published_time\" content=\"2025-11-20T20:10:12+00:00\" \/>\n<meta property=\"article:modified_time\" content=\"2025-11-22T10:07:36+00:00\" \/>\n<meta property=\"og:image\" content=\"https:\/\/www.aramon.com\/blog\/wp-content\/uploads\/2025\/11\/Presentacion-temporada-25-26-Grupo-Aramon-4.jpg\" \/>\n\t<meta property=\"og:image:width\" content=\"1616\" \/>\n\t<meta property=\"og:image:height\" content=\"1080\" \/>\n\t<meta property=\"og:image:type\" content=\"image\/jpeg\" \/>\n<meta name=\"author\" content=\"aramon\" \/>\n<meta name=\"twitter:card\" content=\"summary_large_image\" \/>\n<meta name=\"twitter:label1\" content=\"Escrito por\" \/>\n\t<meta name=\"twitter:data1\" content=\"aramon\" \/>\n\t<meta name=\"twitter:label2\" content=\"Tiempo de lectura\" \/>\n\t<meta name=\"twitter:data2\" content=\"6 minutos\" \/>\n<script type=\"application\/ld+json\" class=\"yoast-schema-graph\">{\"@context\":\"https:\/\/schema.org\",\"@graph\":[{\"@type\":\"WebPage\",\"@id\":\"https:\/\/www.aramon.com\/blog\/presentacion-temporada2526-aramon\/\",\"url\":\"https:\/\/www.aramon.com\/blog\/presentacion-temporada2526-aramon\/\",\"name\":\"El Grupo Aram\u00f3n inaugura la temporada 25-26 con una inversi\u00f3n de 31,6 millones de euros - Blog Oficial del Grupo ARAM\u00d3N\",\"isPartOf\":{\"@id\":\"https:\/\/www.aramon.com\/blog\/#website\"},\"primaryImageOfPage\":{\"@id\":\"https:\/\/www.aramon.com\/blog\/presentacion-temporada2526-aramon\/#primaryimage\"},\"image\":{\"@id\":\"https:\/\/www.aramon.com\/blog\/presentacion-temporada2526-aramon\/#primaryimage\"},\"thumbnailUrl\":\"https:\/\/www.aramon.com\/blog\/wp-content\/uploads\/2025\/11\/Presentacion-temporada-25-26-Grupo-Aramon-4.jpg\",\"datePublished\":\"2025-11-20T20:10:12+00:00\",\"dateModified\":\"2025-11-22T10:07:36+00:00\",\"author\":{\"@id\":\"https:\/\/www.aramon.com\/blog\/#\/schema\/person\/9429ffb451d657ab98f0ca1b364eeef3\"},\"description\":\"Aram\u00f3n presenta las novedades de este invierno: innovaci\u00f3n tecnol\u00f3gica, modernizaci\u00f3n de infraestructuras y compromiso con la sostenibilidad.\",\"inLanguage\":\"es\",\"potentialAction\":[{\"@type\":\"ReadAction\",\"target\":[\"https:\/\/www.aramon.com\/blog\/presentacion-temporada2526-aramon\/\"]}]},{\"@type\":\"ImageObject\",\"inLanguage\":\"es\",\"@id\":\"https:\/\/www.aramon.com\/blog\/presentacion-temporada2526-aramon\/#primaryimage\",\"url\":\"https:\/\/www.aramon.com\/blog\/wp-content\/uploads\/2025\/11\/Presentacion-temporada-25-26-Grupo-Aramon-4.jpg\",\"contentUrl\":\"https:\/\/www.aramon.com\/blog\/wp-content\/uploads\/2025\/11\/Presentacion-temporada-25-26-Grupo-Aramon-4.jpg\",\"width\":1616,\"height\":1080},{\"@type\":\"WebSite\",\"@id\":\"https:\/\/www.aramon.com\/blog\/#website\",\"url\":\"https:\/\/www.aramon.com\/blog\/\",\"name\":\"Blog Oficial del Grupo ARAM\u00d3N\",\"description\":\"Blog Oficial del Grupo Aram\u00f3n sobre estaciones de esqu\u00ed, monta\u00f1ismo, deportes de aventura y m\u00e1s en Arag\u00f3n.\",\"potentialAction\":[{\"@type\":\"SearchAction\",\"target\":{\"@type\":\"EntryPoint\",\"urlTemplate\":\"https:\/\/www.aramon.com\/blog\/?s={search_term_string}\"},\"query-input\":\"required name=search_term_string\"}],\"inLanguage\":\"es\"},{\"@type\":\"Person\",\"@id\":\"https:\/\/www.aramon.com\/blog\/#\/schema\/person\/9429ffb451d657ab98f0ca1b364eeef3\",\"name\":\"aramon\",\"image\":{\"@type\":\"ImageObject\",\"inLanguage\":\"es\",\"@id\":\"https:\/\/www.aramon.com\/blog\/#\/schema\/person\/image\/\",\"url\":\"https:\/\/secure.gravatar.com\/avatar\/d5fd0ede392e1af0e414b87f7568b4d5?s=96&d=mm&r=g\",\"contentUrl\":\"https:\/\/secure.gravatar.com\/avatar\/d5fd0ede392e1af0e414b87f7568b4d5?s=96&d=mm&r=g\",\"caption\":\"aramon\"},\"url\":\"https:\/\/www.aramon.com\/blog\/author\/aramon\/\"}]}<\/script>\n<!-- \/ Yoast SEO plugin. -->","yoast_head_json":{"title":"El Grupo Aram\u00f3n inaugura la temporada 25-26 con una inversi\u00f3n de 31,6 millones de euros - Blog Oficial del Grupo ARAM\u00d3N","description":"Aram\u00f3n presenta las novedades de este invierno: innovaci\u00f3n tecnol\u00f3gica, modernizaci\u00f3n de infraestructuras y compromiso con la sostenibilidad.","robots":{"index":"index","follow":"follow","max-snippet":"max-snippet:-1","max-image-preview":"max-image-preview:large","max-video-preview":"max-video-preview:-1"},"canonical":"https:\/\/www.aramon.com\/blog\/presentacion-temporada2526-aramon\/","og_locale":"es_ES","og_type":"article","og_title":"El Grupo Aram\u00f3n inaugura la temporada 25-26 con una inversi\u00f3n de 31,6 millones de euros - Blog Oficial del Grupo ARAM\u00d3N","og_description":"Aram\u00f3n presenta las novedades de este invierno: innovaci\u00f3n tecnol\u00f3gica, modernizaci\u00f3n de infraestructuras y compromiso con la sostenibilidad.","og_url":"https:\/\/www.aramon.com\/blog\/presentacion-temporada2526-aramon\/","og_site_name":"Blog Oficial del Grupo ARAM\u00d3N","article_published_time":"2025-11-20T20:10:12+00:00","article_modified_time":"2025-11-22T10:07:36+00:00","og_image":[{"width":1616,"height":1080,"url":"https:\/\/www.aramon.com\/blog\/wp-content\/uploads\/2025\/11\/Presentacion-temporada-25-26-Grupo-Aramon-4.jpg","type":"image\/jpeg"}],"author":"aramon","twitter_card":"summary_large_image","twitter_misc":{"Escrito por":"aramon","Tiempo de lectura":"6 minutos"},"schema":{"@context":"https:\/\/schema.org","@graph":[{"@type":"WebPage","@id":"https:\/\/www.aramon.com\/blog\/presentacion-temporada2526-aramon\/","url":"https:\/\/www.aramon.com\/blog\/presentacion-temporada2526-aramon\/","name":"El Grupo Aram\u00f3n inaugura la temporada 25-26 con una inversi\u00f3n de 31,6 millones de euros - Blog Oficial del Grupo ARAM\u00d3N","isPartOf":{"@id":"https:\/\/www.aramon.com\/blog\/#website"},"primaryImageOfPage":{"@id":"https:\/\/www.aramon.com\/blog\/presentacion-temporada2526-aramon\/#primaryimage"},"image":{"@id":"https:\/\/www.aramon.com\/blog\/presentacion-temporada2526-aramon\/#primaryimage"},"thumbnailUrl":"https:\/\/www.aramon.com\/blog\/wp-content\/uploads\/2025\/11\/Presentacion-temporada-25-26-Grupo-Aramon-4.jpg","datePublished":"2025-11-20T20:10:12+00:00","dateModified":"2025-11-22T10:07:36+00:00","author":{"@id":"https:\/\/www.aramon.com\/blog\/#\/schema\/person\/9429ffb451d657ab98f0ca1b364eeef3"},"description":"Aram\u00f3n presenta las novedades de este invierno: innovaci\u00f3n tecnol\u00f3gica, modernizaci\u00f3n de infraestructuras y compromiso con la sostenibilidad.","inLanguage":"es","potentialAction":[{"@type":"ReadAction","target":["https:\/\/www.aramon.com\/blog\/presentacion-temporada2526-aramon\/"]}]},{"@type":"ImageObject","inLanguage":"es","@id":"https:\/\/www.aramon.com\/blog\/presentacion-temporada2526-aramon\/#primaryimage","url":"https:\/\/www.aramon.com\/blog\/wp-content\/uploads\/2025\/11\/Presentacion-temporada-25-26-Grupo-Aramon-4.jpg","contentUrl":"https:\/\/www.aramon.com\/blog\/wp-content\/uploads\/2025\/11\/Presentacion-temporada-25-26-Grupo-Aramon-4.jpg","width":1616,"height":1080},{"@type":"WebSite","@id":"https:\/\/www.aramon.com\/blog\/#website","url":"https:\/\/www.aramon.com\/blog\/","name":"Blog Oficial del Grupo ARAM\u00d3N","description":"Blog Oficial del Grupo Aram\u00f3n sobre estaciones de esqu\u00ed, monta\u00f1ismo, deportes de aventura y m\u00e1s en Arag\u00f3n.","potentialAction":[{"@type":"SearchAction","target":{"@type":"EntryPoint","urlTemplate":"https:\/\/www.aramon.com\/blog\/?s={search_term_string}"},"query-input":"required name=search_term_string"}],"inLanguage":"es"},{"@type":"Person","@id":"https:\/\/www.aramon.com\/blog\/#\/schema\/person\/9429ffb451d657ab98f0ca1b364eeef3","name":"aramon","image":{"@type":"ImageObject","inLanguage":"es","@id":"https:\/\/www.aramon.com\/blog\/#\/schema\/person\/image\/","url":"https:\/\/secure.gravatar.com\/avatar\/d5fd0ede392e1af0e414b87f7568b4d5?s=96&d=mm&r=g","contentUrl":"https:\/\/secure.gravatar.com\/avatar\/d5fd0ede392e1af0e414b87f7568b4d5?s=96&d=mm&r=g","caption":"aramon"},"url":"https:\/\/www.aramon.com\/blog\/author\/aramon\/"}]}},"_links":{"self":[{"href":"https:\/\/www.aramon.com\/blog\/wp-json\/wp\/v2\/posts\/22855"}],"collection":[{"href":"https:\/\/www.aramon.com\/blog\/wp-json\/wp\/v2\/posts"}],"about":[{"href":"https:\/\/www.aramon.com\/blog\/wp-json\/wp\/v2\/types\/post"}],"author":[{"embeddable":true,"href":"https:\/\/www.aramon.com\/blog\/wp-json\/wp\/v2\/users\/2"}],"replies":[{"embeddable":true,"href":"https:\/\/www.aramon.com\/blog\/wp-json\/wp\/v2\/comments?post=22855"}],"version-history":[{"count":3,"href":"https:\/\/www.aramon.com\/blog\/wp-json\/wp\/v2\/posts\/22855\/revisions"}],"predecessor-version":[{"id":22906,"href":"https:\/\/www.aramon.com\/blog\/wp-json\/wp\/v2\/posts\/22855\/revisions\/22906"}],"wp:featuredmedia":[{"embeddable":true,"href":"https:\/\/www.aramon.com\/blog\/wp-json\/wp\/v2\/media\/22857"}],"wp:attachment":[{"href":"https:\/\/www.aramon.com\/blog\/wp-json\/wp\/v2\/media?parent=22855"}],"wp:term":[{"taxonomy":"category","embeddable":true,"href":"https:\/\/www.aramon.com\/blog\/wp-json\/wp\/v2\/categories?post=22855"},{"taxonomy":"post_tag","embeddable":true,"href":"https:\/\/www.aramon.com\/blog\/wp-json\/wp\/v2\/tags?post=22855"}],"curies":[{"name":"wp","href":"https:\/\/api.w.org\/{rel}","templated":true}]}}