{"id":22907,"date":"2025-11-26T15:05:42","date_gmt":"2025-11-26T14:05:42","guid":{"rendered":"https:\/\/www.aramon.com\/blog\/?p=22907"},"modified":"2025-11-26T15:06:46","modified_gmt":"2025-11-26T14:06:46","slug":"arranca-temporada-formigal","status":"publish","type":"post","link":"https:\/\/www.aramon.com\/blog\/arranca-temporada-formigal\/","title":{"rendered":"Arranca la temporada en Formigal: 47 km esquiables, todos los valles abiertos y Opening de Marchica"},"content":{"rendered":"\n<p style=\"font-size:18px\">El invierno ha llegado con fuerza a los Pirineos y en Aram\u00f3n ya lo tenemos todo listo para volver a deslizarnos por nuestras monta\u00f1as. Este <strong>s\u00e1bado inauguramos la temporada en Formigal<\/strong> con una de las mejores aperturas de los \u00faltimos a\u00f1os: <strong>47 kil\u00f3metros esquiables<\/strong>, repartidos en 4 sectores y conectando <strong>todos los valles desde Sextas hasta Portalet<\/strong>.<\/p>\n\n\n\n<p style=\"font-size:18px\">Una puesta en marcha pensada para todos: desde quienes hacen sus primeras bajadas hasta los que buscan adrenalina en pistas rojas y negras. Y s\u00ed: <strong>con nieve polvo en buena parte del dominio<\/strong>.<\/p>\n\n\n\n<p style=\"font-size:18px\"><strong>Hasta 60 cm de nieve<\/strong>, espesores que oscilan entre 20 y 60 cm y temperaturas han permitido trabajar a pleno rendimiento en la producci\u00f3n de nieve.<br>Gracias al esfuerzo del equipo de monta\u00f1a, el dominio presenta una <strong>base s\u00f3lida y de gran calidad<\/strong> para este primer d\u00eda de temporada.<\/p>\n\n\n\n<p style=\"font-size:18px\">Desde el s\u00e1bado encontrar\u00e9is operativos los principales servicios de Formigal: restauraci\u00f3n en puntos clave del dominio, alquiler de material, taquillas, escuela de esqu\u00ed y tiendas y puntos de atenci\u00f3n al cliente. Todo preparado para que solo tengas que preocuparte de disfrutar.<\/p>\n\n\n\n<p style=\"font-size:18px\">Y si la nieve promete\u2026 la fiesta tambi\u00e9n. Marchica celebra su <strong>Opening oficial<\/strong> con la actuaci\u00f3n del rey del electro latino: <strong>Juan Mag\u00e1n<\/strong>. Temas como <em>Bailando por ah\u00ed<\/em> o <em>Verano Azul<\/em> pondr\u00e1n ritmo al apr\u00e8s-ski m\u00e1s m\u00edtico del Pirineo. Una manera inmejorable de arrancar la temporada.<\/p>\n\n\n\n<h3 class=\"wp-block-heading\">Pr\u00f3ximas aperturas<\/h3>\n\n\n\n<p style=\"font-size:18px\">Mientras tanto, en el resto de estaciones del <a href=\"https:\/\/www.aramon.com\/\" target=\"_blank\" rel=\"noreferrer noopener\"><strong>Grupo Aram\u00f3n<\/strong><\/a> seguimos trabajando con el objetivo de abrir de cara al <strong>puente de la Constituci\u00f3n<\/strong>. En Formigal, adem\u00e1s, continuaremos ampliando superficie esquiable a medida que las condiciones lo permitan.<\/p>\n\n\n\n<p style=\"font-size:18px\">Esta apertura temprana impulsa tambi\u00e9n las reservas para el puente y la campa\u00f1a de Navidad. Si ya sue\u00f1as con tu escapada, recuerda que puedes planificarla f\u00e1cilmente a trav\u00e9s de <strong>Viajes Aram\u00f3n<\/strong>.<\/p>\n","protected":false},"excerpt":{"rendered":"<p>Gracias a los 60 cm de nieve ca\u00edda y a las temperaturas bajo cero, la estaci\u00f3n ofrece nieve polvo para el arranque.<\/p>\n","protected":false},"author":2,"featured_media":22911,"comment_status":"closed","ping_status":"closed","sticky":false,"template":"","format":"standard","meta":{"_acf_changed":false,"footnotes":""},"categories":[304,1],"tags":[260,30,2598,2596,2597],"acf":[],"yoast_head":"<!-- This site is optimized with the Yoast SEO plugin v22.5 - https:\/\/yoast.com\/wordpress\/plugins\/seo\/ -->\n<title>Arranca la temporada en Formigal: 47 km esquiables, todos los valles abiertos y Opening de Marchica - Blog Oficial del Grupo ARAM\u00d3N<\/title>\n<meta name=\"description\" content=\"La estaci\u00f3n de Formigal inicia la temporada el pr\u00f3ximo s\u00e1bado con 17 remontes operativos y todos los valles abiertos, es decir, se podr\u00e1 esquiar desde Sextas hasta Portalet.\" \/>\n<meta name=\"robots\" content=\"index, follow, max-snippet:-1, max-image-preview:large, max-video-preview:-1\" \/>\n<link rel=\"canonical\" href=\"https:\/\/www.aramon.com\/blog\/arranca-temporada-formigal\/\" \/>\n<meta property=\"og:locale\" content=\"es_ES\" \/>\n<meta property=\"og:type\" content=\"article\" \/>\n<meta property=\"og:title\" content=\"Arranca la temporada en Formigal: 47 km esquiables, todos los valles abiertos y Opening de Marchica - Blog Oficial del Grupo ARAM\u00d3N\" \/>\n<meta property=\"og:description\" content=\"La estaci\u00f3n de Formigal inicia la temporada el pr\u00f3ximo s\u00e1bado con 17 remontes operativos y todos los valles abiertos, es decir, se podr\u00e1 esquiar desde Sextas hasta Portalet.\" \/>\n<meta property=\"og:url\" content=\"https:\/\/www.aramon.com\/blog\/arranca-temporada-formigal\/\" \/>\n<meta property=\"og:site_name\" content=\"Blog Oficial del Grupo ARAM\u00d3N\" \/>\n<meta property=\"article:published_time\" content=\"2025-11-26T14:05:42+00:00\" \/>\n<meta property=\"article:modified_time\" content=\"2025-11-26T14:06:46+00:00\" \/>\n<meta property=\"og:image\" content=\"https:\/\/www.aramon.com\/blog\/wp-content\/uploads\/2025\/11\/Formigal-2-scaled.jpg\" \/>\n\t<meta property=\"og:image:width\" content=\"2560\" \/>\n\t<meta property=\"og:image:height\" content=\"1440\" \/>\n\t<meta property=\"og:image:type\" content=\"image\/jpeg\" \/>\n<meta name=\"author\" content=\"aramon\" \/>\n<meta name=\"twitter:card\" content=\"summary_large_image\" \/>\n<meta name=\"twitter:label1\" content=\"Escrito por\" \/>\n\t<meta name=\"twitter:data1\" content=\"aramon\" \/>\n\t<meta name=\"twitter:label2\" content=\"Tiempo de lectura\" \/>\n\t<meta name=\"twitter:data2\" content=\"2 minutos\" \/>\n<script type=\"application\/ld+json\" class=\"yoast-schema-graph\">{\"@context\":\"https:\/\/schema.org\",\"@graph\":[{\"@type\":\"WebPage\",\"@id\":\"https:\/\/www.aramon.com\/blog\/arranca-temporada-formigal\/\",\"url\":\"https:\/\/www.aramon.com\/blog\/arranca-temporada-formigal\/\",\"name\":\"Arranca la temporada en Formigal: 47 km esquiables, todos los valles abiertos y Opening de Marchica - Blog Oficial del Grupo ARAM\u00d3N\",\"isPartOf\":{\"@id\":\"https:\/\/www.aramon.com\/blog\/#website\"},\"primaryImageOfPage\":{\"@id\":\"https:\/\/www.aramon.com\/blog\/arranca-temporada-formigal\/#primaryimage\"},\"image\":{\"@id\":\"https:\/\/www.aramon.com\/blog\/arranca-temporada-formigal\/#primaryimage\"},\"thumbnailUrl\":\"https:\/\/www.aramon.com\/blog\/wp-content\/uploads\/2025\/11\/Formigal-2-scaled.jpg\",\"datePublished\":\"2025-11-26T14:05:42+00:00\",\"dateModified\":\"2025-11-26T14:06:46+00:00\",\"author\":{\"@id\":\"https:\/\/www.aramon.com\/blog\/#\/schema\/person\/9429ffb451d657ab98f0ca1b364eeef3\"},\"description\":\"La estaci\u00f3n de Formigal inicia la temporada el pr\u00f3ximo s\u00e1bado con 17 remontes operativos y todos los valles abiertos, es decir, se podr\u00e1 esquiar desde Sextas hasta Portalet.\",\"inLanguage\":\"es\",\"potentialAction\":[{\"@type\":\"ReadAction\",\"target\":[\"https:\/\/www.aramon.com\/blog\/arranca-temporada-formigal\/\"]}]},{\"@type\":\"ImageObject\",\"inLanguage\":\"es\",\"@id\":\"https:\/\/www.aramon.com\/blog\/arranca-temporada-formigal\/#primaryimage\",\"url\":\"https:\/\/www.aramon.com\/blog\/wp-content\/uploads\/2025\/11\/Formigal-2-scaled.jpg\",\"contentUrl\":\"https:\/\/www.aramon.com\/blog\/wp-content\/uploads\/2025\/11\/Formigal-2-scaled.jpg\",\"width\":2560,\"height\":1440,\"caption\":\"default\"},{\"@type\":\"WebSite\",\"@id\":\"https:\/\/www.aramon.com\/blog\/#website\",\"url\":\"https:\/\/www.aramon.com\/blog\/\",\"name\":\"Blog Oficial del Grupo ARAM\u00d3N\",\"description\":\"Blog Oficial del Grupo Aram\u00f3n sobre estaciones de esqu\u00ed, monta\u00f1ismo, deportes de aventura y m\u00e1s en Arag\u00f3n.\",\"potentialAction\":[{\"@type\":\"SearchAction\",\"target\":{\"@type\":\"EntryPoint\",\"urlTemplate\":\"https:\/\/www.aramon.com\/blog\/?s={search_term_string}\"},\"query-input\":\"required name=search_term_string\"}],\"inLanguage\":\"es\"},{\"@type\":\"Person\",\"@id\":\"https:\/\/www.aramon.com\/blog\/#\/schema\/person\/9429ffb451d657ab98f0ca1b364eeef3\",\"name\":\"aramon\",\"image\":{\"@type\":\"ImageObject\",\"inLanguage\":\"es\",\"@id\":\"https:\/\/www.aramon.com\/blog\/#\/schema\/person\/image\/\",\"url\":\"https:\/\/secure.gravatar.com\/avatar\/d5fd0ede392e1af0e414b87f7568b4d5?s=96&d=mm&r=g\",\"contentUrl\":\"https:\/\/secure.gravatar.com\/avatar\/d5fd0ede392e1af0e414b87f7568b4d5?s=96&d=mm&r=g\",\"caption\":\"aramon\"},\"url\":\"https:\/\/www.aramon.com\/blog\/author\/aramon\/\"}]}<\/script>\n<!-- \/ Yoast SEO plugin. -->","yoast_head_json":{"title":"Arranca la temporada en Formigal: 47 km esquiables, todos los valles abiertos y Opening de Marchica - Blog Oficial del Grupo ARAM\u00d3N","description":"La estaci\u00f3n de Formigal inicia la temporada el pr\u00f3ximo s\u00e1bado con 17 remontes operativos y todos los valles abiertos, es decir, se podr\u00e1 esquiar desde Sextas hasta Portalet.","robots":{"index":"index","follow":"follow","max-snippet":"max-snippet:-1","max-image-preview":"max-image-preview:large","max-video-preview":"max-video-preview:-1"},"canonical":"https:\/\/www.aramon.com\/blog\/arranca-temporada-formigal\/","og_locale":"es_ES","og_type":"article","og_title":"Arranca la temporada en Formigal: 47 km esquiables, todos los valles abiertos y Opening de Marchica - Blog Oficial del Grupo ARAM\u00d3N","og_description":"La estaci\u00f3n de Formigal inicia la temporada el pr\u00f3ximo s\u00e1bado con 17 remontes operativos y todos los valles abiertos, es decir, se podr\u00e1 esquiar desde Sextas hasta Portalet.","og_url":"https:\/\/www.aramon.com\/blog\/arranca-temporada-formigal\/","og_site_name":"Blog Oficial del Grupo ARAM\u00d3N","article_published_time":"2025-11-26T14:05:42+00:00","article_modified_time":"2025-11-26T14:06:46+00:00","og_image":[{"width":2560,"height":1440,"url":"https:\/\/www.aramon.com\/blog\/wp-content\/uploads\/2025\/11\/Formigal-2-scaled.jpg","type":"image\/jpeg"}],"author":"aramon","twitter_card":"summary_large_image","twitter_misc":{"Escrito por":"aramon","Tiempo de lectura":"2 minutos"},"schema":{"@context":"https:\/\/schema.org","@graph":[{"@type":"WebPage","@id":"https:\/\/www.aramon.com\/blog\/arranca-temporada-formigal\/","url":"https:\/\/www.aramon.com\/blog\/arranca-temporada-formigal\/","name":"Arranca la temporada en Formigal: 47 km esquiables, todos los valles abiertos y Opening de Marchica - Blog Oficial del Grupo ARAM\u00d3N","isPartOf":{"@id":"https:\/\/www.aramon.com\/blog\/#website"},"primaryImageOfPage":{"@id":"https:\/\/www.aramon.com\/blog\/arranca-temporada-formigal\/#primaryimage"},"image":{"@id":"https:\/\/www.aramon.com\/blog\/arranca-temporada-formigal\/#primaryimage"},"thumbnailUrl":"https:\/\/www.aramon.com\/blog\/wp-content\/uploads\/2025\/11\/Formigal-2-scaled.jpg","datePublished":"2025-11-26T14:05:42+00:00","dateModified":"2025-11-26T14:06:46+00:00","author":{"@id":"https:\/\/www.aramon.com\/blog\/#\/schema\/person\/9429ffb451d657ab98f0ca1b364eeef3"},"description":"La estaci\u00f3n de Formigal inicia la temporada el pr\u00f3ximo s\u00e1bado con 17 remontes operativos y todos los valles abiertos, es decir, se podr\u00e1 esquiar desde Sextas hasta Portalet.","inLanguage":"es","potentialAction":[{"@type":"ReadAction","target":["https:\/\/www.aramon.com\/blog\/arranca-temporada-formigal\/"]}]},{"@type":"ImageObject","inLanguage":"es","@id":"https:\/\/www.aramon.com\/blog\/arranca-temporada-formigal\/#primaryimage","url":"https:\/\/www.aramon.com\/blog\/wp-content\/uploads\/2025\/11\/Formigal-2-scaled.jpg","contentUrl":"https:\/\/www.aramon.com\/blog\/wp-content\/uploads\/2025\/11\/Formigal-2-scaled.jpg","width":2560,"height":1440,"caption":"default"},{"@type":"WebSite","@id":"https:\/\/www.aramon.com\/blog\/#website","url":"https:\/\/www.aramon.com\/blog\/","name":"Blog Oficial del Grupo ARAM\u00d3N","description":"Blog Oficial del Grupo Aram\u00f3n sobre estaciones de esqu\u00ed, monta\u00f1ismo, deportes de aventura y m\u00e1s en Arag\u00f3n.","potentialAction":[{"@type":"SearchAction","target":{"@type":"EntryPoint","urlTemplate":"https:\/\/www.aramon.com\/blog\/?s={search_term_string}"},"query-input":"required name=search_term_string"}],"inLanguage":"es"},{"@type":"Person","@id":"https:\/\/www.aramon.com\/blog\/#\/schema\/person\/9429ffb451d657ab98f0ca1b364eeef3","name":"aramon","image":{"@type":"ImageObject","inLanguage":"es","@id":"https:\/\/www.aramon.com\/blog\/#\/schema\/person\/image\/","url":"https:\/\/secure.gravatar.com\/avatar\/d5fd0ede392e1af0e414b87f7568b4d5?s=96&d=mm&r=g","contentUrl":"https:\/\/secure.gravatar.com\/avatar\/d5fd0ede392e1af0e414b87f7568b4d5?s=96&d=mm&r=g","caption":"aramon"},"url":"https:\/\/www.aramon.com\/blog\/author\/aramon\/"}]}},"_links":{"self":[{"href":"https:\/\/www.aramon.com\/blog\/wp-json\/wp\/v2\/posts\/22907"}],"collection":[{"href":"https:\/\/www.aramon.com\/blog\/wp-json\/wp\/v2\/posts"}],"about":[{"href":"https:\/\/www.aramon.com\/blog\/wp-json\/wp\/v2\/types\/post"}],"author":[{"embeddable":true,"href":"https:\/\/www.aramon.com\/blog\/wp-json\/wp\/v2\/users\/2"}],"replies":[{"embeddable":true,"href":"https:\/\/www.aramon.com\/blog\/wp-json\/wp\/v2\/comments?post=22907"}],"version-history":[{"count":5,"href":"https:\/\/www.aramon.com\/blog\/wp-json\/wp\/v2\/posts\/22907\/revisions"}],"predecessor-version":[{"id":22913,"href":"https:\/\/www.aramon.com\/blog\/wp-json\/wp\/v2\/posts\/22907\/revisions\/22913"}],"wp:featuredmedia":[{"embeddable":true,"href":"https:\/\/www.aramon.com\/blog\/wp-json\/wp\/v2\/media\/22911"}],"wp:attachment":[{"href":"https:\/\/www.aramon.com\/blog\/wp-json\/wp\/v2\/media?parent=22907"}],"wp:term":[{"taxonomy":"category","embeddable":true,"href":"https:\/\/www.aramon.com\/blog\/wp-json\/wp\/v2\/categories?post=22907"},{"taxonomy":"post_tag","embeddable":true,"href":"https:\/\/www.aramon.com\/blog\/wp-json\/wp\/v2\/tags?post=22907"}],"curies":[{"name":"wp","href":"https:\/\/api.w.org\/{rel}","templated":true}]}}