{"id":22962,"date":"2025-12-03T13:16:53","date_gmt":"2025-12-03T12:16:53","guid":{"rendered":"https:\/\/www.aramon.com\/blog\/?p=22962"},"modified":"2025-12-05T10:01:10","modified_gmt":"2025-12-05T09:01:10","slug":"apertura-estaciones-aramon","status":"publish","type":"post","link":"https:\/\/www.aramon.com\/blog\/apertura-estaciones-aramon\/","title":{"rendered":"El Grupo Aram\u00f3n abre todas sus estaciones para el Puente de la Constituci\u00f3n"},"content":{"rendered":"\n<p style=\"font-size:18px\">El Grupo Aram\u00f3n<strong> afronta el Puente de la Constituci\u00f3n con todas sus estaciones <\/strong>abiertas y <strong>casi 100 kil\u00f3metros<\/strong> esquiables, gracias a las bajas temperaturas, que han permitido producir nieve, y al intenso trabajo de los equipos.<\/p>\n\n\n\n<p style=\"font-size:18px\">En el Valle de Tena, <strong>Formigal-Panticosa<\/strong> contar\u00e1 con <strong>77 kil\u00f3metros esquiables<\/strong> y varios remontes en funcionamiento, con nieve polvo en buena parte del dominio. <strong>Panticosa abrir\u00e1 sus puertas el viernes, 5 de diciembre<\/strong>, mientras que <strong>Formigal<\/strong>, que fue la primera en comenzar la temporada, ofrecer\u00e1 su amplia oferta durante todo el puente.<\/p>\n\n\n\n<p style=\"font-size:18px\">En el Valle de Benasque, la estaci\u00f3n de <strong>Cerler abrir\u00e1 el s\u00e1bado 6 de diciembre, con 6 kil\u00f3metros esquiables en el sector Ampriu<\/strong>. La puesta en marcha incluir\u00e1 el remonte de <strong>Batisielles<\/strong>, que dar\u00e1 acceso a tres pistas, adem\u00e1s de la zona de debutantes, para que todos puedan disfrutar de una jornada de esqu\u00ed. Las bajas temperaturas previstas y la posibilidad de alguna nevada permiten afrontar el puente con buenas perspectivas, y los sistemas de producci\u00f3n de nieve seguir\u00e1n activos para ampliar la superficie esquiable en cuanto las condiciones lo permitan.<\/p>\n\n\n\n<p style=\"font-size:18px\">En las estaciones turolenses, <strong>Valdelinares abrir\u00e1 el s\u00e1bado con 7 kil\u00f3metros esquiables y nieve polvo-dura<\/strong>, ofreciendo buenas condiciones para la pr\u00e1ctica del esqu\u00ed. Los accesos y servicios principales estar\u00e1n operativos, y el equipo sigue trabajando para ampliar la superficie disponible en cuanto lo permitan las condiciones meteorol\u00f3gicas. <strong>Javalambre<\/strong>, por su parte, pondr\u00e1 a disposici\u00f3n de los visitantes la zona de trineos y mantiene activos los sistemas de producci\u00f3n de nieve para aumentar la oferta.<\/p>\n\n\n\n<p style=\"font-size:18px\">Durante el puente estar\u00e1n operativos los principales servicios: <strong>restauraci\u00f3n, alquiler de material, escuela de esqu\u00ed y puntos de atenci\u00f3n al cliente<\/strong>, para garantizar la mejor experiencia a los visitantes.<\/p>\n\n\n\n<h3 class=\"wp-block-heading\">La programaci\u00f3n musical en Marchica Experience<\/h3>\n\n\n\n<p style=\"font-size:18px\">Marchica Experience presenta una programaci\u00f3n especial para este puente de diciembre, que suceder\u00e1 al exitoso Opening con <strong>Juan Mag\u00e1n<\/strong>, celebrado el pasado fin de semana.<\/p>\n\n\n\n<ul>\n<li style=\"font-size:18px\"><strong>Viernes, 5 de diciembre:<\/strong> Rai abrir\u00e1 el puente con una sesi\u00f3n vibrante marcada por ritmos electr\u00f3nicos.<\/li>\n\n\n\n<li style=\"font-size:18px\"><strong>S\u00e1bado, 6 de diciembre:<\/strong>\n<ul>\n<li style=\"font-size:18px\">En <strong>Caba\u00f1a de Izas<\/strong>, la experiencia se completar\u00e1 con la presencia de <strong>DJ Mawey<\/strong> en uno de los rincones m\u00e1s especiales de la estaci\u00f3n.<\/li>\n\n\n\n<li style=\"font-size:18px\">En el apr\u00e8s-ski de referencia, <strong>Marchica<\/strong>, se podr\u00e1 disfrutar de <strong>Pure Marchica<\/strong>, el concepto m\u00e1s ic\u00f3nico de Formigal, que ofrecer\u00e1 su espect\u00e1culo <strong>15 aniversario<\/strong>.<\/li>\n\n\n\n<li style=\"font-size:18px\">Por la noche, en el restaurante <strong>M the Club<\/strong>, se podr\u00e1 disfrutar de la mejor gastronom\u00eda acompa\u00f1ada del nuevo <em>show<\/em> de <strong>Piano Bar<\/strong>.<\/li>\n<\/ul>\n<\/li>\n\n\n\n<li style=\"font-size:18px\"><strong>Domingo, 7 de diciembre:<\/strong> <strong>Sweet Pyrenne<\/strong> en Marchica. Una sesi\u00f3n envolvente para cerrar la semana.<\/li>\n<\/ul>\n\n\n\n<p style=\"font-size:18px\">El inicio de temporada en las estaciones del Grupo Aram\u00f3n se refuerza con atractivas <strong>promociones para todos los p\u00fablicos<\/strong>, disponibles antes del periodo navide\u00f1o: programas \u201cAprende a Esquiar\u201d, packs familiares y las ofertas 5&#215;3 y 3&#215;2 para disfrutar m\u00e1s d\u00edas en la nieve al mejor precio.<\/p>\n","protected":false},"excerpt":{"rendered":"<p>Panticosa dar\u00e1 comienzo a su temporada el viernes 5 de  diciembre, mientras que Cerler, Javalambre y Valdelinares  abrir\u00e1n el s\u00e1bado 6.<\/p>\n","protected":false},"author":2,"featured_media":22963,"comment_status":"closed","ping_status":"closed","sticky":false,"template":"","format":"standard","meta":{"_acf_changed":false,"footnotes":""},"categories":[1,303,307,308,2152],"tags":[27,32],"acf":[],"yoast_head":"<!-- This site is optimized with the Yoast SEO plugin v22.5 - https:\/\/yoast.com\/wordpress\/plugins\/seo\/ -->\n<title>El Grupo Aram\u00f3n abre todas sus estaciones para el Puente de la Constituci\u00f3n - Blog Oficial del Grupo ARAM\u00d3N<\/title>\n<meta name=\"description\" content=\"En el Valle de Tena, Formigal-Panticosa contar\u00e1 con 77 kil\u00f3metros esquiables y varios remontes en funcionamiento.\" \/>\n<meta name=\"robots\" content=\"index, follow, max-snippet:-1, max-image-preview:large, max-video-preview:-1\" \/>\n<link rel=\"canonical\" href=\"https:\/\/www.aramon.com\/blog\/apertura-estaciones-aramon\/\" \/>\n<meta property=\"og:locale\" content=\"es_ES\" \/>\n<meta property=\"og:type\" content=\"article\" \/>\n<meta property=\"og:title\" content=\"El Grupo Aram\u00f3n abre todas sus estaciones para el Puente de la Constituci\u00f3n - Blog Oficial del Grupo ARAM\u00d3N\" \/>\n<meta property=\"og:description\" content=\"En el Valle de Tena, Formigal-Panticosa contar\u00e1 con 77 kil\u00f3metros esquiables y varios remontes en funcionamiento.\" \/>\n<meta property=\"og:url\" content=\"https:\/\/www.aramon.com\/blog\/apertura-estaciones-aramon\/\" \/>\n<meta property=\"og:site_name\" content=\"Blog Oficial del Grupo ARAM\u00d3N\" \/>\n<meta property=\"article:published_time\" content=\"2025-12-03T12:16:53+00:00\" \/>\n<meta property=\"article:modified_time\" content=\"2025-12-05T09:01:10+00:00\" \/>\n<meta property=\"og:image\" content=\"https:\/\/www.aramon.com\/blog\/wp-content\/uploads\/2025\/12\/Formigal-Panticosa-1-scaled.jpg\" \/>\n\t<meta property=\"og:image:width\" content=\"2560\" \/>\n\t<meta property=\"og:image:height\" content=\"1707\" \/>\n\t<meta property=\"og:image:type\" content=\"image\/jpeg\" \/>\n<meta name=\"author\" content=\"aramon\" \/>\n<meta name=\"twitter:card\" content=\"summary_large_image\" \/>\n<meta name=\"twitter:label1\" content=\"Escrito por\" \/>\n\t<meta name=\"twitter:data1\" content=\"aramon\" \/>\n\t<meta name=\"twitter:label2\" content=\"Tiempo de lectura\" \/>\n\t<meta name=\"twitter:data2\" content=\"1 minuto\" \/>\n<script type=\"application\/ld+json\" class=\"yoast-schema-graph\">{\"@context\":\"https:\/\/schema.org\",\"@graph\":[{\"@type\":\"WebPage\",\"@id\":\"https:\/\/www.aramon.com\/blog\/apertura-estaciones-aramon\/\",\"url\":\"https:\/\/www.aramon.com\/blog\/apertura-estaciones-aramon\/\",\"name\":\"El Grupo Aram\u00f3n abre todas sus estaciones para el Puente de la Constituci\u00f3n - Blog Oficial del Grupo ARAM\u00d3N\",\"isPartOf\":{\"@id\":\"https:\/\/www.aramon.com\/blog\/#website\"},\"primaryImageOfPage\":{\"@id\":\"https:\/\/www.aramon.com\/blog\/apertura-estaciones-aramon\/#primaryimage\"},\"image\":{\"@id\":\"https:\/\/www.aramon.com\/blog\/apertura-estaciones-aramon\/#primaryimage\"},\"thumbnailUrl\":\"https:\/\/www.aramon.com\/blog\/wp-content\/uploads\/2025\/12\/Formigal-Panticosa-1-scaled.jpg\",\"datePublished\":\"2025-12-03T12:16:53+00:00\",\"dateModified\":\"2025-12-05T09:01:10+00:00\",\"author\":{\"@id\":\"https:\/\/www.aramon.com\/blog\/#\/schema\/person\/9429ffb451d657ab98f0ca1b364eeef3\"},\"description\":\"En el Valle de Tena, Formigal-Panticosa contar\u00e1 con 77 kil\u00f3metros esquiables y varios remontes en funcionamiento.\",\"inLanguage\":\"es\",\"potentialAction\":[{\"@type\":\"ReadAction\",\"target\":[\"https:\/\/www.aramon.com\/blog\/apertura-estaciones-aramon\/\"]}]},{\"@type\":\"ImageObject\",\"inLanguage\":\"es\",\"@id\":\"https:\/\/www.aramon.com\/blog\/apertura-estaciones-aramon\/#primaryimage\",\"url\":\"https:\/\/www.aramon.com\/blog\/wp-content\/uploads\/2025\/12\/Formigal-Panticosa-1-scaled.jpg\",\"contentUrl\":\"https:\/\/www.aramon.com\/blog\/wp-content\/uploads\/2025\/12\/Formigal-Panticosa-1-scaled.jpg\",\"width\":2560,\"height\":1707},{\"@type\":\"WebSite\",\"@id\":\"https:\/\/www.aramon.com\/blog\/#website\",\"url\":\"https:\/\/www.aramon.com\/blog\/\",\"name\":\"Blog Oficial del Grupo ARAM\u00d3N\",\"description\":\"Blog Oficial del Grupo Aram\u00f3n sobre estaciones de esqu\u00ed, monta\u00f1ismo, deportes de aventura y m\u00e1s en Arag\u00f3n.\",\"potentialAction\":[{\"@type\":\"SearchAction\",\"target\":{\"@type\":\"EntryPoint\",\"urlTemplate\":\"https:\/\/www.aramon.com\/blog\/?s={search_term_string}\"},\"query-input\":\"required name=search_term_string\"}],\"inLanguage\":\"es\"},{\"@type\":\"Person\",\"@id\":\"https:\/\/www.aramon.com\/blog\/#\/schema\/person\/9429ffb451d657ab98f0ca1b364eeef3\",\"name\":\"aramon\",\"image\":{\"@type\":\"ImageObject\",\"inLanguage\":\"es\",\"@id\":\"https:\/\/www.aramon.com\/blog\/#\/schema\/person\/image\/\",\"url\":\"https:\/\/secure.gravatar.com\/avatar\/d5fd0ede392e1af0e414b87f7568b4d5?s=96&d=mm&r=g\",\"contentUrl\":\"https:\/\/secure.gravatar.com\/avatar\/d5fd0ede392e1af0e414b87f7568b4d5?s=96&d=mm&r=g\",\"caption\":\"aramon\"},\"url\":\"https:\/\/www.aramon.com\/blog\/author\/aramon\/\"}]}<\/script>\n<!-- \/ Yoast SEO plugin. -->","yoast_head_json":{"title":"El Grupo Aram\u00f3n abre todas sus estaciones para el Puente de la Constituci\u00f3n - Blog Oficial del Grupo ARAM\u00d3N","description":"En el Valle de Tena, Formigal-Panticosa contar\u00e1 con 77 kil\u00f3metros esquiables y varios remontes en funcionamiento.","robots":{"index":"index","follow":"follow","max-snippet":"max-snippet:-1","max-image-preview":"max-image-preview:large","max-video-preview":"max-video-preview:-1"},"canonical":"https:\/\/www.aramon.com\/blog\/apertura-estaciones-aramon\/","og_locale":"es_ES","og_type":"article","og_title":"El Grupo Aram\u00f3n abre todas sus estaciones para el Puente de la Constituci\u00f3n - Blog Oficial del Grupo ARAM\u00d3N","og_description":"En el Valle de Tena, Formigal-Panticosa contar\u00e1 con 77 kil\u00f3metros esquiables y varios remontes en funcionamiento.","og_url":"https:\/\/www.aramon.com\/blog\/apertura-estaciones-aramon\/","og_site_name":"Blog Oficial del Grupo ARAM\u00d3N","article_published_time":"2025-12-03T12:16:53+00:00","article_modified_time":"2025-12-05T09:01:10+00:00","og_image":[{"width":2560,"height":1707,"url":"https:\/\/www.aramon.com\/blog\/wp-content\/uploads\/2025\/12\/Formigal-Panticosa-1-scaled.jpg","type":"image\/jpeg"}],"author":"aramon","twitter_card":"summary_large_image","twitter_misc":{"Escrito por":"aramon","Tiempo de lectura":"1 minuto"},"schema":{"@context":"https:\/\/schema.org","@graph":[{"@type":"WebPage","@id":"https:\/\/www.aramon.com\/blog\/apertura-estaciones-aramon\/","url":"https:\/\/www.aramon.com\/blog\/apertura-estaciones-aramon\/","name":"El Grupo Aram\u00f3n abre todas sus estaciones para el Puente de la Constituci\u00f3n - Blog Oficial del Grupo ARAM\u00d3N","isPartOf":{"@id":"https:\/\/www.aramon.com\/blog\/#website"},"primaryImageOfPage":{"@id":"https:\/\/www.aramon.com\/blog\/apertura-estaciones-aramon\/#primaryimage"},"image":{"@id":"https:\/\/www.aramon.com\/blog\/apertura-estaciones-aramon\/#primaryimage"},"thumbnailUrl":"https:\/\/www.aramon.com\/blog\/wp-content\/uploads\/2025\/12\/Formigal-Panticosa-1-scaled.jpg","datePublished":"2025-12-03T12:16:53+00:00","dateModified":"2025-12-05T09:01:10+00:00","author":{"@id":"https:\/\/www.aramon.com\/blog\/#\/schema\/person\/9429ffb451d657ab98f0ca1b364eeef3"},"description":"En el Valle de Tena, Formigal-Panticosa contar\u00e1 con 77 kil\u00f3metros esquiables y varios remontes en funcionamiento.","inLanguage":"es","potentialAction":[{"@type":"ReadAction","target":["https:\/\/www.aramon.com\/blog\/apertura-estaciones-aramon\/"]}]},{"@type":"ImageObject","inLanguage":"es","@id":"https:\/\/www.aramon.com\/blog\/apertura-estaciones-aramon\/#primaryimage","url":"https:\/\/www.aramon.com\/blog\/wp-content\/uploads\/2025\/12\/Formigal-Panticosa-1-scaled.jpg","contentUrl":"https:\/\/www.aramon.com\/blog\/wp-content\/uploads\/2025\/12\/Formigal-Panticosa-1-scaled.jpg","width":2560,"height":1707},{"@type":"WebSite","@id":"https:\/\/www.aramon.com\/blog\/#website","url":"https:\/\/www.aramon.com\/blog\/","name":"Blog Oficial del Grupo ARAM\u00d3N","description":"Blog Oficial del Grupo Aram\u00f3n sobre estaciones de esqu\u00ed, monta\u00f1ismo, deportes de aventura y m\u00e1s en Arag\u00f3n.","potentialAction":[{"@type":"SearchAction","target":{"@type":"EntryPoint","urlTemplate":"https:\/\/www.aramon.com\/blog\/?s={search_term_string}"},"query-input":"required name=search_term_string"}],"inLanguage":"es"},{"@type":"Person","@id":"https:\/\/www.aramon.com\/blog\/#\/schema\/person\/9429ffb451d657ab98f0ca1b364eeef3","name":"aramon","image":{"@type":"ImageObject","inLanguage":"es","@id":"https:\/\/www.aramon.com\/blog\/#\/schema\/person\/image\/","url":"https:\/\/secure.gravatar.com\/avatar\/d5fd0ede392e1af0e414b87f7568b4d5?s=96&d=mm&r=g","contentUrl":"https:\/\/secure.gravatar.com\/avatar\/d5fd0ede392e1af0e414b87f7568b4d5?s=96&d=mm&r=g","caption":"aramon"},"url":"https:\/\/www.aramon.com\/blog\/author\/aramon\/"}]}},"_links":{"self":[{"href":"https:\/\/www.aramon.com\/blog\/wp-json\/wp\/v2\/posts\/22962"}],"collection":[{"href":"https:\/\/www.aramon.com\/blog\/wp-json\/wp\/v2\/posts"}],"about":[{"href":"https:\/\/www.aramon.com\/blog\/wp-json\/wp\/v2\/types\/post"}],"author":[{"embeddable":true,"href":"https:\/\/www.aramon.com\/blog\/wp-json\/wp\/v2\/users\/2"}],"replies":[{"embeddable":true,"href":"https:\/\/www.aramon.com\/blog\/wp-json\/wp\/v2\/comments?post=22962"}],"version-history":[{"count":4,"href":"https:\/\/www.aramon.com\/blog\/wp-json\/wp\/v2\/posts\/22962\/revisions"}],"predecessor-version":[{"id":22968,"href":"https:\/\/www.aramon.com\/blog\/wp-json\/wp\/v2\/posts\/22962\/revisions\/22968"}],"wp:featuredmedia":[{"embeddable":true,"href":"https:\/\/www.aramon.com\/blog\/wp-json\/wp\/v2\/media\/22963"}],"wp:attachment":[{"href":"https:\/\/www.aramon.com\/blog\/wp-json\/wp\/v2\/media?parent=22962"}],"wp:term":[{"taxonomy":"category","embeddable":true,"href":"https:\/\/www.aramon.com\/blog\/wp-json\/wp\/v2\/categories?post=22962"},{"taxonomy":"post_tag","embeddable":true,"href":"https:\/\/www.aramon.com\/blog\/wp-json\/wp\/v2\/tags?post=22962"}],"curies":[{"name":"wp","href":"https:\/\/api.w.org\/{rel}","templated":true}]}}