{"id":22969,"date":"2025-12-05T10:08:41","date_gmt":"2025-12-05T09:08:41","guid":{"rendered":"https:\/\/www.aramon.com\/blog\/?p=22969"},"modified":"2025-12-13T09:31:56","modified_gmt":"2025-12-13T08:31:56","slug":"extraescolar-aramon","status":"publish","type":"post","link":"https:\/\/www.aramon.com\/blog\/extraescolar-aramon\/","title":{"rendered":"\u201cTu extraescolar en Aram\u00f3n\u201d: un programa para acercar el esqu\u00ed a todos los escolares aragoneses"},"content":{"rendered":"\n<p style=\"font-size:18px\">El Grupo Aram\u00f3n y el Departamento de Educaci\u00f3n del Gobierno de Arag\u00f3n han firmado un convenio de colaboraci\u00f3n para poner en marcha <strong><a href=\"https:\/\/www.clubaramon.com\/promociones\/escolares.aspx\">\u201cTu extraescolar en Aram\u00f3n\u201d<\/a><\/strong>, una nueva iniciativa destinada a <strong>acercar el esqu\u00ed y el entorno natural de las monta\u00f1as a todos los ni\u00f1os y j\u00f3venes de Arag\u00f3n<\/strong>.<\/p>\n\n\n\n<p style=\"font-size:18px\">Este programa nace con el objetivo de <strong>crear cantera<\/strong>, facilitar que los m\u00e1s peque\u00f1os se inicien en la pr\u00e1ctica del deporte blanco y promover una relaci\u00f3n directa con la naturaleza y el entorno que nos rodea. Se trata de una iniciativa pionera en la comunidad que destaca como ejemplo de <strong>colaboraci\u00f3n y alineamiento institucional<\/strong> en favor del deporte y de los h\u00e1bitos de vida saludables.<\/p>\n\n\n\n<h3 class=\"wp-block-heading\"><strong>Una propuesta para todos los escolares aragoneses<\/strong><\/h3>\n\n\n\n<p style=\"font-size:18px\">La promoci\u00f3n est\u00e1 dirigida a <strong>todos los estudiantes escolarizados en Arag\u00f3n, de entre 3 y 18 a\u00f1os<\/strong>, interesados en disfrutar del esqu\u00ed durante la temporada <strong>25-26<\/strong>. Gracias a este acuerdo, podr\u00e1n adquirir un <strong>forfait v\u00e1lido para las estaciones del Grupo Aram\u00f3n (Cerler, Formigal-Panticosa, Javalambre y Valdelinares) con descuentos de hasta el 70%<\/strong>.<\/p>\n\n\n\n<p style=\"font-size:18px\">Con el fin de adaptarse a todas las edades y necesidades, se ofrecer\u00e1n <strong>dos categor\u00edas de precios (Chiquit\u00edn y Junior)<\/strong>, pudiendo adem\u00e1s escoger entre forfaits de 5, 10 y 15 d\u00edas.<\/p>\n\n\n\n<p style=\"font-size:18px\">El Departamento de Educaci\u00f3n del Gobierno de Arag\u00f3n actuar\u00e1 como <strong>organismo promotor de la acci\u00f3n<\/strong>, facilitando su difusi\u00f3n entre los centros educativos y favoreciendo que el esqu\u00ed se contemple no solo como una actividad deportiva, sino como <strong>una forma de aprendizaje, convivencia y respeto por el medio natural<\/strong>.<\/p>\n\n\n\n<h3 class=\"wp-block-heading\"><strong>Fomentar el deporte y los valores del entorno<\/strong><\/h3>\n\n\n\n<p style=\"font-size:18px\">Con \u201cTu extraescolar en Aram\u00f3n\u201d, ambas instituciones conf\u00edan en que un gran n\u00famero de estudiantes pueda disfrutar este invierno de las estaciones aragonesas, acerc\u00e1ndose a un deporte que forma parte de la identidad del territorio y que promueve valores como el compa\u00f1erismo, el esfuerzo y el contacto directo con la naturaleza.<\/p>\n\n\n\n<p style=\"font-size:18px\"><strong>Aram\u00f3n y el Departamento de Educaci\u00f3n del Gobierno de Arag\u00f3n<\/strong> comparten as\u00ed el compromiso de impulsar la pr\u00e1ctica deportiva entre los m\u00e1s j\u00f3venes y de seguir posicionando las monta\u00f1as aragonesas como un referente de ocio, deporte y aprendizaje durante la temporada de invierno.<\/p>\n","protected":false},"excerpt":{"rendered":"<p>La promoci\u00f3n permitir\u00e1 facilitar el acceso al esqu\u00ed a m\u00e1s de 150.000 escolares de la regi\u00f3n, que podr\u00e1n acceder a forfaits con descuento de hasta un 70%.<\/p>\n","protected":false},"author":2,"featured_media":22971,"comment_status":"closed","ping_status":"closed","sticky":false,"template":"","format":"standard","meta":{"_acf_changed":false,"footnotes":""},"categories":[1,303,307,308],"tags":[27,2601,163,32,34],"acf":[],"yoast_head":"<!-- This site is optimized with the Yoast SEO plugin v22.5 - https:\/\/yoast.com\/wordpress\/plugins\/seo\/ -->\n<title>\u201cTu extraescolar en Aram\u00f3n\u201d: un programa para acercar el esqu\u00ed a todos los escolares aragoneses - Blog Oficial del Grupo ARAM\u00d3N<\/title>\n<meta name=\"description\" content=\"La acci\u00f3n involucra a los casi mil centros educativos de Arag\u00f3n, desde educaci\u00f3n infantil hasta grados de formaci\u00f3n profesional.\" \/>\n<meta name=\"robots\" content=\"index, follow, max-snippet:-1, max-image-preview:large, max-video-preview:-1\" \/>\n<link rel=\"canonical\" href=\"https:\/\/www.aramon.com\/blog\/extraescolar-aramon\/\" \/>\n<meta property=\"og:locale\" content=\"es_ES\" \/>\n<meta property=\"og:type\" content=\"article\" \/>\n<meta property=\"og:title\" content=\"\u201cTu extraescolar en Aram\u00f3n\u201d: un programa para acercar el esqu\u00ed a todos los escolares aragoneses - Blog Oficial del Grupo ARAM\u00d3N\" \/>\n<meta property=\"og:description\" content=\"La acci\u00f3n involucra a los casi mil centros educativos de Arag\u00f3n, desde educaci\u00f3n infantil hasta grados de formaci\u00f3n profesional.\" \/>\n<meta property=\"og:url\" content=\"https:\/\/www.aramon.com\/blog\/extraescolar-aramon\/\" \/>\n<meta property=\"og:site_name\" content=\"Blog Oficial del Grupo ARAM\u00d3N\" \/>\n<meta property=\"article:published_time\" content=\"2025-12-05T09:08:41+00:00\" \/>\n<meta property=\"article:modified_time\" content=\"2025-12-13T08:31:56+00:00\" \/>\n<meta property=\"og:image\" content=\"https:\/\/www.aramon.com\/blog\/wp-content\/uploads\/2025\/12\/Extraescolar-3-scaled.jpg\" \/>\n\t<meta property=\"og:image:width\" content=\"2560\" \/>\n\t<meta property=\"og:image:height\" content=\"1707\" \/>\n\t<meta property=\"og:image:type\" content=\"image\/jpeg\" \/>\n<meta name=\"author\" content=\"aramon\" \/>\n<meta name=\"twitter:card\" content=\"summary_large_image\" \/>\n<meta name=\"twitter:label1\" content=\"Escrito por\" \/>\n\t<meta name=\"twitter:data1\" content=\"aramon\" \/>\n\t<meta name=\"twitter:label2\" content=\"Tiempo de lectura\" \/>\n\t<meta name=\"twitter:data2\" content=\"2 minutos\" \/>\n<script type=\"application\/ld+json\" class=\"yoast-schema-graph\">{\"@context\":\"https:\/\/schema.org\",\"@graph\":[{\"@type\":\"WebPage\",\"@id\":\"https:\/\/www.aramon.com\/blog\/extraescolar-aramon\/\",\"url\":\"https:\/\/www.aramon.com\/blog\/extraescolar-aramon\/\",\"name\":\"\u201cTu extraescolar en Aram\u00f3n\u201d: un programa para acercar el esqu\u00ed a todos los escolares aragoneses - Blog Oficial del Grupo ARAM\u00d3N\",\"isPartOf\":{\"@id\":\"https:\/\/www.aramon.com\/blog\/#website\"},\"primaryImageOfPage\":{\"@id\":\"https:\/\/www.aramon.com\/blog\/extraescolar-aramon\/#primaryimage\"},\"image\":{\"@id\":\"https:\/\/www.aramon.com\/blog\/extraescolar-aramon\/#primaryimage\"},\"thumbnailUrl\":\"https:\/\/www.aramon.com\/blog\/wp-content\/uploads\/2025\/12\/Extraescolar-3-scaled.jpg\",\"datePublished\":\"2025-12-05T09:08:41+00:00\",\"dateModified\":\"2025-12-13T08:31:56+00:00\",\"author\":{\"@id\":\"https:\/\/www.aramon.com\/blog\/#\/schema\/person\/9429ffb451d657ab98f0ca1b364eeef3\"},\"description\":\"La acci\u00f3n involucra a los casi mil centros educativos de Arag\u00f3n, desde educaci\u00f3n infantil hasta grados de formaci\u00f3n profesional.\",\"inLanguage\":\"es\",\"potentialAction\":[{\"@type\":\"ReadAction\",\"target\":[\"https:\/\/www.aramon.com\/blog\/extraescolar-aramon\/\"]}]},{\"@type\":\"ImageObject\",\"inLanguage\":\"es\",\"@id\":\"https:\/\/www.aramon.com\/blog\/extraescolar-aramon\/#primaryimage\",\"url\":\"https:\/\/www.aramon.com\/blog\/wp-content\/uploads\/2025\/12\/Extraescolar-3-scaled.jpg\",\"contentUrl\":\"https:\/\/www.aramon.com\/blog\/wp-content\/uploads\/2025\/12\/Extraescolar-3-scaled.jpg\",\"width\":2560,\"height\":1707},{\"@type\":\"WebSite\",\"@id\":\"https:\/\/www.aramon.com\/blog\/#website\",\"url\":\"https:\/\/www.aramon.com\/blog\/\",\"name\":\"Blog Oficial del Grupo ARAM\u00d3N\",\"description\":\"Blog Oficial del Grupo Aram\u00f3n sobre estaciones de esqu\u00ed, monta\u00f1ismo, deportes de aventura y m\u00e1s en Arag\u00f3n.\",\"potentialAction\":[{\"@type\":\"SearchAction\",\"target\":{\"@type\":\"EntryPoint\",\"urlTemplate\":\"https:\/\/www.aramon.com\/blog\/?s={search_term_string}\"},\"query-input\":\"required name=search_term_string\"}],\"inLanguage\":\"es\"},{\"@type\":\"Person\",\"@id\":\"https:\/\/www.aramon.com\/blog\/#\/schema\/person\/9429ffb451d657ab98f0ca1b364eeef3\",\"name\":\"aramon\",\"image\":{\"@type\":\"ImageObject\",\"inLanguage\":\"es\",\"@id\":\"https:\/\/www.aramon.com\/blog\/#\/schema\/person\/image\/\",\"url\":\"https:\/\/secure.gravatar.com\/avatar\/d5fd0ede392e1af0e414b87f7568b4d5?s=96&d=mm&r=g\",\"contentUrl\":\"https:\/\/secure.gravatar.com\/avatar\/d5fd0ede392e1af0e414b87f7568b4d5?s=96&d=mm&r=g\",\"caption\":\"aramon\"},\"url\":\"https:\/\/www.aramon.com\/blog\/author\/aramon\/\"}]}<\/script>\n<!-- \/ Yoast SEO plugin. -->","yoast_head_json":{"title":"\u201cTu extraescolar en Aram\u00f3n\u201d: un programa para acercar el esqu\u00ed a todos los escolares aragoneses - Blog Oficial del Grupo ARAM\u00d3N","description":"La acci\u00f3n involucra a los casi mil centros educativos de Arag\u00f3n, desde educaci\u00f3n infantil hasta grados de formaci\u00f3n profesional.","robots":{"index":"index","follow":"follow","max-snippet":"max-snippet:-1","max-image-preview":"max-image-preview:large","max-video-preview":"max-video-preview:-1"},"canonical":"https:\/\/www.aramon.com\/blog\/extraescolar-aramon\/","og_locale":"es_ES","og_type":"article","og_title":"\u201cTu extraescolar en Aram\u00f3n\u201d: un programa para acercar el esqu\u00ed a todos los escolares aragoneses - Blog Oficial del Grupo ARAM\u00d3N","og_description":"La acci\u00f3n involucra a los casi mil centros educativos de Arag\u00f3n, desde educaci\u00f3n infantil hasta grados de formaci\u00f3n profesional.","og_url":"https:\/\/www.aramon.com\/blog\/extraescolar-aramon\/","og_site_name":"Blog Oficial del Grupo ARAM\u00d3N","article_published_time":"2025-12-05T09:08:41+00:00","article_modified_time":"2025-12-13T08:31:56+00:00","og_image":[{"width":2560,"height":1707,"url":"https:\/\/www.aramon.com\/blog\/wp-content\/uploads\/2025\/12\/Extraescolar-3-scaled.jpg","type":"image\/jpeg"}],"author":"aramon","twitter_card":"summary_large_image","twitter_misc":{"Escrito por":"aramon","Tiempo de lectura":"2 minutos"},"schema":{"@context":"https:\/\/schema.org","@graph":[{"@type":"WebPage","@id":"https:\/\/www.aramon.com\/blog\/extraescolar-aramon\/","url":"https:\/\/www.aramon.com\/blog\/extraescolar-aramon\/","name":"\u201cTu extraescolar en Aram\u00f3n\u201d: un programa para acercar el esqu\u00ed a todos los escolares aragoneses - Blog Oficial del Grupo ARAM\u00d3N","isPartOf":{"@id":"https:\/\/www.aramon.com\/blog\/#website"},"primaryImageOfPage":{"@id":"https:\/\/www.aramon.com\/blog\/extraescolar-aramon\/#primaryimage"},"image":{"@id":"https:\/\/www.aramon.com\/blog\/extraescolar-aramon\/#primaryimage"},"thumbnailUrl":"https:\/\/www.aramon.com\/blog\/wp-content\/uploads\/2025\/12\/Extraescolar-3-scaled.jpg","datePublished":"2025-12-05T09:08:41+00:00","dateModified":"2025-12-13T08:31:56+00:00","author":{"@id":"https:\/\/www.aramon.com\/blog\/#\/schema\/person\/9429ffb451d657ab98f0ca1b364eeef3"},"description":"La acci\u00f3n involucra a los casi mil centros educativos de Arag\u00f3n, desde educaci\u00f3n infantil hasta grados de formaci\u00f3n profesional.","inLanguage":"es","potentialAction":[{"@type":"ReadAction","target":["https:\/\/www.aramon.com\/blog\/extraescolar-aramon\/"]}]},{"@type":"ImageObject","inLanguage":"es","@id":"https:\/\/www.aramon.com\/blog\/extraescolar-aramon\/#primaryimage","url":"https:\/\/www.aramon.com\/blog\/wp-content\/uploads\/2025\/12\/Extraescolar-3-scaled.jpg","contentUrl":"https:\/\/www.aramon.com\/blog\/wp-content\/uploads\/2025\/12\/Extraescolar-3-scaled.jpg","width":2560,"height":1707},{"@type":"WebSite","@id":"https:\/\/www.aramon.com\/blog\/#website","url":"https:\/\/www.aramon.com\/blog\/","name":"Blog Oficial del Grupo ARAM\u00d3N","description":"Blog Oficial del Grupo Aram\u00f3n sobre estaciones de esqu\u00ed, monta\u00f1ismo, deportes de aventura y m\u00e1s en Arag\u00f3n.","potentialAction":[{"@type":"SearchAction","target":{"@type":"EntryPoint","urlTemplate":"https:\/\/www.aramon.com\/blog\/?s={search_term_string}"},"query-input":"required name=search_term_string"}],"inLanguage":"es"},{"@type":"Person","@id":"https:\/\/www.aramon.com\/blog\/#\/schema\/person\/9429ffb451d657ab98f0ca1b364eeef3","name":"aramon","image":{"@type":"ImageObject","inLanguage":"es","@id":"https:\/\/www.aramon.com\/blog\/#\/schema\/person\/image\/","url":"https:\/\/secure.gravatar.com\/avatar\/d5fd0ede392e1af0e414b87f7568b4d5?s=96&d=mm&r=g","contentUrl":"https:\/\/secure.gravatar.com\/avatar\/d5fd0ede392e1af0e414b87f7568b4d5?s=96&d=mm&r=g","caption":"aramon"},"url":"https:\/\/www.aramon.com\/blog\/author\/aramon\/"}]}},"_links":{"self":[{"href":"https:\/\/www.aramon.com\/blog\/wp-json\/wp\/v2\/posts\/22969"}],"collection":[{"href":"https:\/\/www.aramon.com\/blog\/wp-json\/wp\/v2\/posts"}],"about":[{"href":"https:\/\/www.aramon.com\/blog\/wp-json\/wp\/v2\/types\/post"}],"author":[{"embeddable":true,"href":"https:\/\/www.aramon.com\/blog\/wp-json\/wp\/v2\/users\/2"}],"replies":[{"embeddable":true,"href":"https:\/\/www.aramon.com\/blog\/wp-json\/wp\/v2\/comments?post=22969"}],"version-history":[{"count":3,"href":"https:\/\/www.aramon.com\/blog\/wp-json\/wp\/v2\/posts\/22969\/revisions"}],"predecessor-version":[{"id":23034,"href":"https:\/\/www.aramon.com\/blog\/wp-json\/wp\/v2\/posts\/22969\/revisions\/23034"}],"wp:featuredmedia":[{"embeddable":true,"href":"https:\/\/www.aramon.com\/blog\/wp-json\/wp\/v2\/media\/22971"}],"wp:attachment":[{"href":"https:\/\/www.aramon.com\/blog\/wp-json\/wp\/v2\/media?parent=22969"}],"wp:term":[{"taxonomy":"category","embeddable":true,"href":"https:\/\/www.aramon.com\/blog\/wp-json\/wp\/v2\/categories?post=22969"},{"taxonomy":"post_tag","embeddable":true,"href":"https:\/\/www.aramon.com\/blog\/wp-json\/wp\/v2\/tags?post=22969"}],"curies":[{"name":"wp","href":"https:\/\/api.w.org\/{rel}","templated":true}]}}