{"id":22975,"date":"2025-12-28T16:28:44","date_gmt":"2025-12-28T15:28:44","guid":{"rendered":"https:\/\/www.aramon.com\/blog\/?p=22975"},"modified":"2025-12-31T17:28:59","modified_gmt":"2025-12-31T16:28:59","slug":"informacion-campanadas-formigal","status":"publish","type":"post","link":"https:\/\/www.aramon.com\/blog\/informacion-campanadas-formigal\/","title":{"rendered":"Despedimos 2025 desde Marchica: gu\u00eda completa de las Campanadas"},"content":{"rendered":"\n<p style=\"font-size:18px\">El Grupo Aram\u00f3n despedir\u00e1 el a\u00f1o desde un escenario in\u00e9dito en la televisi\u00f3n nacional: <strong>Marchica<\/strong>, en la estaci\u00f3n de <strong>Formigal-Panticosa<\/strong>, ser\u00e1 el punto desde el que Telecinco y Cuatro retransmitir\u00e1n las <strong>Campanadas 2025<\/strong>. Los encargados de dar la bienvenida a 2026 ser\u00e1n <strong>Sandra Barneda y Xuso Jones<\/strong>, conectando en directo desde el apr\u00e8s-ski m\u00e1s famoso del Pirineo.<\/p>\n\n\n\n<p style=\"font-size:18px\">Ser\u00e1 la <strong>primera vez<\/strong> que unas Campanadas nacionales se emitan desde un entorno completamente nevado, con Formigal-Panticosa y el Pirineo Aragon\u00e9s como protagonistas ante millones de espectadores.<\/p>\n\n\n\n<h3 class=\"wp-block-heading\">Programaci\u00f3n completa y horarios<\/h3>\n\n\n\n<h4 class=\"wp-block-heading\">Sarrios<\/h4>\n\n\n\n<p style=\"font-size:18px\">Sarrios ser\u00e1 otro de los puntos clave de esta jornada especial con la celebraci\u00f3n de las <strong>Campanadas a las 12:00 h<\/strong>.  Ser\u00e1 a partir de las <strong>13:00 h<\/strong> cuando tendr\u00e1 lugar una sesi\u00f3n especial de la mano de <strong>Carlos Jean<\/strong> hasta las <strong>15:00 h<\/strong>. <\/p>\n\n\n\n<p><\/p>\n\n\n\n<h4 class=\"wp-block-heading\">Marchica Experience<\/h4>\n\n\n\n<p style=\"font-size:18px\">El d\u00eda 31, Marchica iniciar\u00e1 su sesi\u00f3n de apr\u00e8s-ski a partir de las <strong>17:00 h<\/strong> y hasta las <strong>21:00 h<\/strong>, con las actuaciones de <strong>Luc Loren<\/strong> y <strong>Carlos Jean<\/strong>. El acceso ser\u00e1 exclusivo para mayores de 18 a\u00f1os.<\/p>\n\n\n\n<p style=\"font-size:18px\">A partir de las <strong>22:30 h<\/strong>, Marchica volver\u00e1 a abrir sus puertas a todos los p\u00fablicos para acoger la <strong><a href=\"https:\/\/www.aramon.com\/m-experience\/formigal-panticosa\/marchica#events\/-carlos-jean--luc-loren-31-12-2025-8YRA?hide=flyer%2Cbackarrow\" target=\"_blank\" rel=\"noreferrer noopener\">Noche de Campanadas<\/a><\/strong>, que ser\u00e1 retransmitida en directo por Telecinco y Cuatro. Tras recibir el nuevo a\u00f1o, la m\u00fasica continuar\u00e1 hasta la <strong>01:30 h<\/strong>.<\/p>\n\n\n\n<p style=\"font-size:18px\">Para quienes deseen acompa\u00f1ar la celebraci\u00f3n con una propuesta gastron\u00f3mica especial, estar\u00e1 disponible el<strong> <em><a href=\"https:\/\/www.aramon.com\/m-experience\/formigal-panticosa\/marchica#events\/dinner-time--campanadas-mediaset-31-12-2025-NZGV\" target=\"_blank\" rel=\"noreferrer noopener\">Pack \u201cDelivery Campanadas\u201d<\/a><\/em><\/strong> por 34 \u20ac, que incluye crema del chef, ensaladilla de marisco, nuestra burguer Marchica o brioche de salm\u00f3n ahumado, trenza de Amud\u00e9var, vino, agua, uvas de la suerte y cotill\u00f3n. Podr\u00e1 disfrutarse en la terraza de Sextas, al aire libre con vistas \u00fanicas, o llevarse en formato <em>take away<\/em> para celebrar donde se prefiera.<\/p>\n\n\n\n<script src=https:\/\/custom-iframe.fourvenues.com\/iframe\/m-experience\/script?type=calendar&#038;includeFourvenuesIframe=true&#038;perPage=6><\/script>\n\n\n\n<h3 class=\"wp-block-heading\">Servicio de autob\u00fas<\/h3>\n\n\n\n<p style=\"font-size:18px\">Para facilitar el desplazamiento hasta Formigal, se habilitar\u00e1 un servicio especial de autobuses, que <strong>ya<\/strong> <strong>ha completado todas sus plazas en las diferentes rutas previstas<\/strong>.<\/p>\n\n\n\n<h4 class=\"wp-block-heading\">Formigal- Reloj- Formigal<\/h4>\n\n\n\n<ul>\n<li style=\"font-size:18px\">Desde las 22:00 h<\/li>\n\n\n\n<li style=\"font-size:18px\">\u00daltima bajada: 01:00 h<\/li>\n<\/ul>\n\n\n\n<h4 class=\"wp-block-heading\">Panticosa &#8211; Escarrilla &#8211; Formigal <\/h4>\n\n\n\n<ul>\n<li style=\"font-size:18px\">Desde las 22:00 h<\/li>\n\n\n\n<li style=\"font-size:18px\">\u00daltima bajada: 01:00 h<\/li>\n<\/ul>\n\n\n\n<h4 class=\"wp-block-heading\">Sallent de G\u00e1llego &#8211; Formigal (salida desde la entrada del pueblo)<\/h4>\n\n\n\n<ul>\n<li style=\"font-size:18px\">Desde las 22:00 h<\/li>\n\n\n\n<li style=\"font-size:18px\">\u00daltima bajada: 01:00 h<\/li>\n<\/ul>\n\n\n\n<h4 class=\"wp-block-heading\">Sabi\u00f1\u00e1nigo (estaci\u00f3n de autobuses) &#8211; Formigal<\/h4>\n\n\n\n<ul>\n<li style=\"font-size:18px\">Ida a las 22:00 h<\/li>\n\n\n\n<li style=\"font-size:18px\">Vuelta a la 01:00 h<\/li>\n<\/ul>\n\n\n\n<h4 class=\"wp-block-heading\">Biescas (parada en el cuartel de la Guardia Civil) &#8211; Formigal<\/h4>\n\n\n\n<ul>\n<li style=\"font-size:18px\">Ida a las 22.15 h<\/li>\n\n\n\n<li style=\"font-size:18px\">Vuelta a las 01:00 h<\/li>\n<\/ul>\n\n\n\n<p style=\"font-size:18px\">Una Nochevieja \u00fanica, en un entorno \u00fanico. Nos vemos en la monta\u00f1a para dar juntos la bienvenida a 2026.<\/p>\n","protected":false},"excerpt":{"rendered":"<p>El plan definitivo para despedir el a\u00f1o: un apr\u00e8s-ski inolvidable, eventos especiales, m\u00fasica y la magia de la primera retransmisi\u00f3n de Campanadas desde una estaci\u00f3n de esqu\u00ed.<\/p>\n","protected":false},"author":2,"featured_media":22977,"comment_status":"closed","ping_status":"closed","sticky":false,"template":"","format":"standard","meta":{"_acf_changed":false,"footnotes":""},"categories":[1,307,2152],"tags":[25,2603,1440,27,1751,30,2568,2602,2600,32,209],"acf":[],"yoast_head":"<!-- This site is optimized with the Yoast SEO plugin v22.5 - https:\/\/yoast.com\/wordpress\/plugins\/seo\/ -->\n<title>Despedimos 2025 desde Marchica: gu\u00eda completa de las Campanadas - Blog Oficial del Grupo ARAM\u00d3N<\/title>\n<meta name=\"description\" content=\"Vive una Nochevieja \u00fanica en Formigal, con actividades para todos, m\u00fasica en directo y las Campanadas m\u00e1s especiales del a\u00f1o.\" \/>\n<meta name=\"robots\" content=\"index, follow, max-snippet:-1, max-image-preview:large, max-video-preview:-1\" \/>\n<link rel=\"canonical\" href=\"https:\/\/www.aramon.com\/blog\/informacion-campanadas-formigal\/\" \/>\n<meta property=\"og:locale\" content=\"es_ES\" \/>\n<meta property=\"og:type\" content=\"article\" \/>\n<meta property=\"og:title\" content=\"Despedimos 2025 desde Marchica: gu\u00eda completa de las Campanadas - Blog Oficial del Grupo ARAM\u00d3N\" \/>\n<meta property=\"og:description\" content=\"Vive una Nochevieja \u00fanica en Formigal, con actividades para todos, m\u00fasica en directo y las Campanadas m\u00e1s especiales del a\u00f1o.\" \/>\n<meta property=\"og:url\" content=\"https:\/\/www.aramon.com\/blog\/informacion-campanadas-formigal\/\" \/>\n<meta property=\"og:site_name\" content=\"Blog Oficial del Grupo ARAM\u00d3N\" \/>\n<meta property=\"article:published_time\" content=\"2025-12-28T15:28:44+00:00\" \/>\n<meta property=\"article:modified_time\" content=\"2025-12-31T16:28:59+00:00\" \/>\n<meta property=\"og:image\" content=\"https:\/\/www.aramon.com\/blog\/wp-content\/uploads\/2025\/12\/Marchica-4-scaled.jpg\" \/>\n\t<meta property=\"og:image:width\" content=\"2560\" \/>\n\t<meta property=\"og:image:height\" content=\"1707\" \/>\n\t<meta property=\"og:image:type\" content=\"image\/jpeg\" \/>\n<meta name=\"author\" content=\"aramon\" \/>\n<meta name=\"twitter:card\" content=\"summary_large_image\" \/>\n<meta name=\"twitter:label1\" content=\"Escrito por\" \/>\n\t<meta name=\"twitter:data1\" content=\"aramon\" \/>\n\t<meta name=\"twitter:label2\" content=\"Tiempo de lectura\" \/>\n\t<meta name=\"twitter:data2\" content=\"3 minutos\" \/>\n<script type=\"application\/ld+json\" class=\"yoast-schema-graph\">{\"@context\":\"https:\/\/schema.org\",\"@graph\":[{\"@type\":\"WebPage\",\"@id\":\"https:\/\/www.aramon.com\/blog\/informacion-campanadas-formigal\/\",\"url\":\"https:\/\/www.aramon.com\/blog\/informacion-campanadas-formigal\/\",\"name\":\"Despedimos 2025 desde Marchica: gu\u00eda completa de las Campanadas - Blog Oficial del Grupo ARAM\u00d3N\",\"isPartOf\":{\"@id\":\"https:\/\/www.aramon.com\/blog\/#website\"},\"primaryImageOfPage\":{\"@id\":\"https:\/\/www.aramon.com\/blog\/informacion-campanadas-formigal\/#primaryimage\"},\"image\":{\"@id\":\"https:\/\/www.aramon.com\/blog\/informacion-campanadas-formigal\/#primaryimage\"},\"thumbnailUrl\":\"https:\/\/www.aramon.com\/blog\/wp-content\/uploads\/2025\/12\/Marchica-4-scaled.jpg\",\"datePublished\":\"2025-12-28T15:28:44+00:00\",\"dateModified\":\"2025-12-31T16:28:59+00:00\",\"author\":{\"@id\":\"https:\/\/www.aramon.com\/blog\/#\/schema\/person\/9429ffb451d657ab98f0ca1b364eeef3\"},\"description\":\"Vive una Nochevieja \u00fanica en Formigal, con actividades para todos, m\u00fasica en directo y las Campanadas m\u00e1s especiales del a\u00f1o.\",\"inLanguage\":\"es\",\"potentialAction\":[{\"@type\":\"ReadAction\",\"target\":[\"https:\/\/www.aramon.com\/blog\/informacion-campanadas-formigal\/\"]}]},{\"@type\":\"ImageObject\",\"inLanguage\":\"es\",\"@id\":\"https:\/\/www.aramon.com\/blog\/informacion-campanadas-formigal\/#primaryimage\",\"url\":\"https:\/\/www.aramon.com\/blog\/wp-content\/uploads\/2025\/12\/Marchica-4-scaled.jpg\",\"contentUrl\":\"https:\/\/www.aramon.com\/blog\/wp-content\/uploads\/2025\/12\/Marchica-4-scaled.jpg\",\"width\":2560,\"height\":1707,\"caption\":\"DJ Residente Arnny Montana\"},{\"@type\":\"WebSite\",\"@id\":\"https:\/\/www.aramon.com\/blog\/#website\",\"url\":\"https:\/\/www.aramon.com\/blog\/\",\"name\":\"Blog Oficial del Grupo ARAM\u00d3N\",\"description\":\"Blog Oficial del Grupo Aram\u00f3n sobre estaciones de esqu\u00ed, monta\u00f1ismo, deportes de aventura y m\u00e1s en Arag\u00f3n.\",\"potentialAction\":[{\"@type\":\"SearchAction\",\"target\":{\"@type\":\"EntryPoint\",\"urlTemplate\":\"https:\/\/www.aramon.com\/blog\/?s={search_term_string}\"},\"query-input\":\"required name=search_term_string\"}],\"inLanguage\":\"es\"},{\"@type\":\"Person\",\"@id\":\"https:\/\/www.aramon.com\/blog\/#\/schema\/person\/9429ffb451d657ab98f0ca1b364eeef3\",\"name\":\"aramon\",\"image\":{\"@type\":\"ImageObject\",\"inLanguage\":\"es\",\"@id\":\"https:\/\/www.aramon.com\/blog\/#\/schema\/person\/image\/\",\"url\":\"https:\/\/secure.gravatar.com\/avatar\/d5fd0ede392e1af0e414b87f7568b4d5?s=96&d=mm&r=g\",\"contentUrl\":\"https:\/\/secure.gravatar.com\/avatar\/d5fd0ede392e1af0e414b87f7568b4d5?s=96&d=mm&r=g\",\"caption\":\"aramon\"},\"url\":\"https:\/\/www.aramon.com\/blog\/author\/aramon\/\"}]}<\/script>\n<!-- \/ Yoast SEO plugin. -->","yoast_head_json":{"title":"Despedimos 2025 desde Marchica: gu\u00eda completa de las Campanadas - Blog Oficial del Grupo ARAM\u00d3N","description":"Vive una Nochevieja \u00fanica en Formigal, con actividades para todos, m\u00fasica en directo y las Campanadas m\u00e1s especiales del a\u00f1o.","robots":{"index":"index","follow":"follow","max-snippet":"max-snippet:-1","max-image-preview":"max-image-preview:large","max-video-preview":"max-video-preview:-1"},"canonical":"https:\/\/www.aramon.com\/blog\/informacion-campanadas-formigal\/","og_locale":"es_ES","og_type":"article","og_title":"Despedimos 2025 desde Marchica: gu\u00eda completa de las Campanadas - Blog Oficial del Grupo ARAM\u00d3N","og_description":"Vive una Nochevieja \u00fanica en Formigal, con actividades para todos, m\u00fasica en directo y las Campanadas m\u00e1s especiales del a\u00f1o.","og_url":"https:\/\/www.aramon.com\/blog\/informacion-campanadas-formigal\/","og_site_name":"Blog Oficial del Grupo ARAM\u00d3N","article_published_time":"2025-12-28T15:28:44+00:00","article_modified_time":"2025-12-31T16:28:59+00:00","og_image":[{"width":2560,"height":1707,"url":"https:\/\/www.aramon.com\/blog\/wp-content\/uploads\/2025\/12\/Marchica-4-scaled.jpg","type":"image\/jpeg"}],"author":"aramon","twitter_card":"summary_large_image","twitter_misc":{"Escrito por":"aramon","Tiempo de lectura":"3 minutos"},"schema":{"@context":"https:\/\/schema.org","@graph":[{"@type":"WebPage","@id":"https:\/\/www.aramon.com\/blog\/informacion-campanadas-formigal\/","url":"https:\/\/www.aramon.com\/blog\/informacion-campanadas-formigal\/","name":"Despedimos 2025 desde Marchica: gu\u00eda completa de las Campanadas - Blog Oficial del Grupo ARAM\u00d3N","isPartOf":{"@id":"https:\/\/www.aramon.com\/blog\/#website"},"primaryImageOfPage":{"@id":"https:\/\/www.aramon.com\/blog\/informacion-campanadas-formigal\/#primaryimage"},"image":{"@id":"https:\/\/www.aramon.com\/blog\/informacion-campanadas-formigal\/#primaryimage"},"thumbnailUrl":"https:\/\/www.aramon.com\/blog\/wp-content\/uploads\/2025\/12\/Marchica-4-scaled.jpg","datePublished":"2025-12-28T15:28:44+00:00","dateModified":"2025-12-31T16:28:59+00:00","author":{"@id":"https:\/\/www.aramon.com\/blog\/#\/schema\/person\/9429ffb451d657ab98f0ca1b364eeef3"},"description":"Vive una Nochevieja \u00fanica en Formigal, con actividades para todos, m\u00fasica en directo y las Campanadas m\u00e1s especiales del a\u00f1o.","inLanguage":"es","potentialAction":[{"@type":"ReadAction","target":["https:\/\/www.aramon.com\/blog\/informacion-campanadas-formigal\/"]}]},{"@type":"ImageObject","inLanguage":"es","@id":"https:\/\/www.aramon.com\/blog\/informacion-campanadas-formigal\/#primaryimage","url":"https:\/\/www.aramon.com\/blog\/wp-content\/uploads\/2025\/12\/Marchica-4-scaled.jpg","contentUrl":"https:\/\/www.aramon.com\/blog\/wp-content\/uploads\/2025\/12\/Marchica-4-scaled.jpg","width":2560,"height":1707,"caption":"DJ Residente Arnny Montana"},{"@type":"WebSite","@id":"https:\/\/www.aramon.com\/blog\/#website","url":"https:\/\/www.aramon.com\/blog\/","name":"Blog Oficial del Grupo ARAM\u00d3N","description":"Blog Oficial del Grupo Aram\u00f3n sobre estaciones de esqu\u00ed, monta\u00f1ismo, deportes de aventura y m\u00e1s en Arag\u00f3n.","potentialAction":[{"@type":"SearchAction","target":{"@type":"EntryPoint","urlTemplate":"https:\/\/www.aramon.com\/blog\/?s={search_term_string}"},"query-input":"required name=search_term_string"}],"inLanguage":"es"},{"@type":"Person","@id":"https:\/\/www.aramon.com\/blog\/#\/schema\/person\/9429ffb451d657ab98f0ca1b364eeef3","name":"aramon","image":{"@type":"ImageObject","inLanguage":"es","@id":"https:\/\/www.aramon.com\/blog\/#\/schema\/person\/image\/","url":"https:\/\/secure.gravatar.com\/avatar\/d5fd0ede392e1af0e414b87f7568b4d5?s=96&d=mm&r=g","contentUrl":"https:\/\/secure.gravatar.com\/avatar\/d5fd0ede392e1af0e414b87f7568b4d5?s=96&d=mm&r=g","caption":"aramon"},"url":"https:\/\/www.aramon.com\/blog\/author\/aramon\/"}]}},"_links":{"self":[{"href":"https:\/\/www.aramon.com\/blog\/wp-json\/wp\/v2\/posts\/22975"}],"collection":[{"href":"https:\/\/www.aramon.com\/blog\/wp-json\/wp\/v2\/posts"}],"about":[{"href":"https:\/\/www.aramon.com\/blog\/wp-json\/wp\/v2\/types\/post"}],"author":[{"embeddable":true,"href":"https:\/\/www.aramon.com\/blog\/wp-json\/wp\/v2\/users\/2"}],"replies":[{"embeddable":true,"href":"https:\/\/www.aramon.com\/blog\/wp-json\/wp\/v2\/comments?post=22975"}],"version-history":[{"count":29,"href":"https:\/\/www.aramon.com\/blog\/wp-json\/wp\/v2\/posts\/22975\/revisions"}],"predecessor-version":[{"id":23193,"href":"https:\/\/www.aramon.com\/blog\/wp-json\/wp\/v2\/posts\/22975\/revisions\/23193"}],"wp:featuredmedia":[{"embeddable":true,"href":"https:\/\/www.aramon.com\/blog\/wp-json\/wp\/v2\/media\/22977"}],"wp:attachment":[{"href":"https:\/\/www.aramon.com\/blog\/wp-json\/wp\/v2\/media?parent=22975"}],"wp:term":[{"taxonomy":"category","embeddable":true,"href":"https:\/\/www.aramon.com\/blog\/wp-json\/wp\/v2\/categories?post=22975"},{"taxonomy":"post_tag","embeddable":true,"href":"https:\/\/www.aramon.com\/blog\/wp-json\/wp\/v2\/tags?post=22975"}],"curies":[{"name":"wp","href":"https:\/\/api.w.org\/{rel}","templated":true}]}}