{"id":23018,"date":"2025-12-10T14:03:27","date_gmt":"2025-12-10T13:03:27","guid":{"rendered":"https:\/\/www.aramon.com\/blog\/?p=23018"},"modified":"2026-04-07T11:39:23","modified_gmt":"2026-04-07T09:39:23","slug":"grupo-aramon-diciembre-promociones","status":"publish","type":"post","link":"https:\/\/www.aramon.com\/blog\/grupo-aramon-diciembre-promociones\/","title":{"rendered":"El Grupo Aram\u00f3n encara el segundo fin de semana de diciembre con promociones para aprender a esquiar"},"content":{"rendered":"\n<p style=\"font-size:18px\">Con el objetivo de facilitar el acceso a la nieve a nuevos esquiadores, este fin de semana estar\u00e1 disponible la promoci\u00f3n <strong>\u201cAprende a esquiar\u201d <\/strong>en <strong>Cerler <\/strong>y <strong>Formigal-Panticosa<\/strong>. El paquete incluye forfait de debutantes, alquiler de equipo completo y tres horas de clase grupal. Una propuesta completa pensada para quienes quieren iniciarse en el deporte de invierno de forma c\u00f3moda y segura.<\/p>\n\n\n\n<p style=\"font-size:18px\">En el valle de Tena, <strong>Formigal-Panticosa<\/strong> mantendr\u00e1 abierta su oferta con <strong>84 kil\u00f3metros esquiables <\/strong>y <strong>32 remontes<\/strong> en funcionamientoy el s\u00e1bado acoger\u00e1 el <a href=\"https:\/\/www.formigal-panticosa.com\/supertest.html\"><strong>Formigal Supertest<\/strong><\/a>, <strong>el test de esqu\u00ed y snowboard m\u00e1s grande de Espa\u00f1a<\/strong>, con la participaci\u00f3n de cerca de <strong>40 marcas<\/strong>. El evento se desarrollar\u00e1 durante todo el fin de semana junto al Telesilla Anayet, donde los asistentes podr\u00e1n probar material de la nueva temporada y disfrutar de m\u00fasica, sorteos y un ambiente invernal completo.<\/p>\n\n\n\n<p style=\"font-size:18px\">Adem\u00e1s, Formigal-Panticosa acoger\u00e1 este <strong>jueves 11 de diciembre<\/strong> las <strong>pruebas de acceso del Centro de Formaci\u00f3n Aram\u00f3n<\/strong>, un momento clave para quienes aspiran a convertirse en instructores vinculados a los deportes de invierno.<\/p>\n\n\n\n<p style=\"font-size:18px\">La estaci\u00f3n de Cerler ofrecer\u00e1 <strong>18 kil\u00f3metros esquiables, 12 pistas y 9 remontes <\/strong>en funcionamiento. El trabajo de los pisapistas ha permitido la conexi\u00f3n entre los<strong> sectores de Ampriu y Cerler<\/strong>, ampliando la superficie esquiable y mejorando la continuidad del dominio.<\/p>\n\n\n\n<p style=\"font-size:18px\">Adem\u00e1s de las pistas ya abiertas en <strong>Ampriu<\/strong>, se incorpora el sector Cerler con la puesta en marcha de los telesillas <strong>El Molino y Robellons<\/strong>, as\u00ed como de las <strong>cintas Caragol y Rabachol<\/strong>. A ellos se suma el <strong>telesilla de Cogulla<\/strong>, cuya apertura permite la uni\u00f3n entre ambos sectores <strong>a trav\u00e9s de la pista Barranco<\/strong>. Asimismo, se estrena la <strong>pista Abedules<\/strong>, una de las novedades de la temporada. La oferta de servicios de la estaci\u00f3n se completa con la <strong>apertura del restaurante Cota Dosmil<\/strong>.<\/p>\n\n\n\n<p style=\"font-size:18px\">En Teruel, Valdelinares contin\u00faa ofreciendo <strong>7 kil\u00f3metros esquiables<\/strong> y Javalambre abrir\u00e1 el fin de semana su <strong>zona de trineos.<\/strong><\/p>\n\n\n\n<h3 class=\"wp-block-heading\">Programaci\u00f3n musical<\/h3>\n\n\n\n<p style=\"font-size:18px\">La propuesta musical de<strong> M Experience <\/strong>vuelve a ser uno de los ejes de la semana en Formigal-Panticosa, con una agenda que recorrer\u00e1 escenarios como <strong>El Igl\u00fa, Caba\u00f1a Izas, M the Club, Marchica <\/strong>y<strong> Caba\u00f1a Garmet Lounge<\/strong> en una programaci\u00f3n que combina ritmos actuales y estilos m\u00e1s mel\u00f3dicos.<\/p>\n\n\n\n<p>La agenda del fin de semana incluye algunos de sus momentos m\u00e1s destacados:<\/p>\n\n\n\n<ul>\n<li style=\"font-size:18px\"><strong>Viernes<\/strong>. <strong>Marchica<\/strong> dar\u00e1 comienzo al fin de semana con <strong>Pure Marchica<\/strong>, una de sus propuestas m\u00e1s reconocibles.<\/li>\n\n\n\n<li style=\"font-size:18px\"><strong>S\u00e1bado.<\/strong><strong> <\/strong><strong>Arkaitz<\/strong> y <strong>Le Villain<\/strong> ser\u00e1n los protagonistas de las sesiones en El <strong>Igl\u00fa y Caba\u00f1a Izas<\/strong>, convirtiendo ambos espacios en los principales puntos de encuentro del apr\u00e8s-ski durante la jornada.<\/li>\n<\/ul>\n\n\n\n<p style=\"font-size:18px\">Adem\u00e1s, <strong>Marchica<\/strong> celebrar\u00e1 el evento <strong>Local Rider<\/strong>, que volver\u00e1 a reunir a la comunidad local en una de las citas m\u00e1s representativas de la temporada.<\/p>\n\n\n\n<ul>\n<li style=\"font-size:18px\"><strong>Domingo<\/strong>. La programaci\u00f3n se cerrar\u00e1 con una propuesta m\u00e1s tranquila en <strong>El Igl\u00fa<\/strong>, donde <strong>Mawey<\/strong> ofrecer\u00e1 una sesi\u00f3n pensada para despedir la semana en un ambiente relajado.<\/li>\n<\/ul>\n\n\n\n<p style=\"font-size:18px\">En <strong>Cerler<\/strong>, <strong>Rem\u00e1scaro<\/strong> se incorpora a la propuesta de ocio de la estaci\u00f3n y celebrar\u00e1 el <strong>s\u00e1bado su fiesta de Opening<\/strong>.<\/p>\n\n\n\n<p style=\"font-size:18px\">Adem\u00e1s, la agenda musical de diciembre empieza a tomar forma con uno de los eventos m\u00e1s esperados: el <a href=\"https:\/\/www.aramon.com\/m-experience#events\/-opening-totote-27-12-2025-MFPW\"><strong>Opening de M Big Room<\/strong><\/a>. Las entradas para la cita en Formigal, que se celebrar\u00e1 <strong>el 27 de diciembre con Totote<\/strong>, ya est\u00e1n a la venta.<\/p>\n\n\n\n<p style=\"font-size:18px\">Y para quienes quieran aprovechar la ocasi\u00f3n para disfrutar de una escapada completa a la nieve, <strong>Viajes Aram\u00f3n<\/strong> ofrece distintas opciones de alojamiento y paquetes personalizados. La agencia del grupo propone estancias adaptadas a cada tipo de visitante (desde escapadas de fin de semana hasta opciones para familias o grupos de amigos) y facilita la reserva de alojamiento, forfait y actividades en un mismo paquete. Una forma sencilla de planificar la escapada y aprovechar al m\u00e1ximo la experiencia.<\/p>\n\n\n\n<p><a id=\"_msocom_1\"><\/a><\/p>\n","protected":false},"excerpt":{"rendered":"<p>Formigal-Panticosa mantiene todos sus sectores abiertos y acoge este fin de semana el Formigal Supertest, el test de marcas del sector del esqu\u00ed y snowboard m\u00e1s grande de Espa\u00f1a.<\/p>\n","protected":false},"author":2,"featured_media":23021,"comment_status":"closed","ping_status":"closed","sticky":false,"template":"","format":"standard","meta":{"_acf_changed":false,"footnotes":""},"categories":[1,303,307,308,2152],"tags":[27,32,34],"acf":[],"yoast_head":"<!-- This site is optimized with the Yoast SEO plugin v22.5 - https:\/\/yoast.com\/wordpress\/plugins\/seo\/ -->\n<title>El Grupo Aram\u00f3n encara el segundo fin de semana de diciembre con promociones para aprender a esquiar - Blog Oficial del Grupo ARAM\u00d3N<\/title>\n<meta name=\"description\" content=\"El grupo refuerza su oferta con la promoci\u00f3n \u201cAprende a esquiar\u201d, un paquete que incluye forfait, alquiler y clases.\" \/>\n<meta name=\"robots\" content=\"index, follow, max-snippet:-1, max-image-preview:large, max-video-preview:-1\" \/>\n<link rel=\"canonical\" href=\"https:\/\/www.aramon.com\/blog\/grupo-aramon-diciembre-promociones\/\" \/>\n<meta property=\"og:locale\" content=\"es_ES\" \/>\n<meta property=\"og:type\" content=\"article\" \/>\n<meta property=\"og:title\" content=\"El Grupo Aram\u00f3n encara el segundo fin de semana de diciembre con promociones para aprender a esquiar - Blog Oficial del Grupo ARAM\u00d3N\" \/>\n<meta property=\"og:description\" content=\"El grupo refuerza su oferta con la promoci\u00f3n \u201cAprende a esquiar\u201d, un paquete que incluye forfait, alquiler y clases.\" \/>\n<meta property=\"og:url\" content=\"https:\/\/www.aramon.com\/blog\/grupo-aramon-diciembre-promociones\/\" \/>\n<meta property=\"og:site_name\" content=\"Blog Oficial del Grupo ARAM\u00d3N\" \/>\n<meta property=\"article:published_time\" content=\"2025-12-10T13:03:27+00:00\" \/>\n<meta property=\"article:modified_time\" content=\"2026-04-07T09:39:23+00:00\" \/>\n<meta property=\"og:image\" content=\"https:\/\/www.aramon.com\/blog\/wp-content\/uploads\/2025\/12\/Formigal-1-scaled.jpg\" \/>\n\t<meta property=\"og:image:width\" content=\"2560\" \/>\n\t<meta property=\"og:image:height\" content=\"1707\" \/>\n\t<meta property=\"og:image:type\" content=\"image\/jpeg\" \/>\n<meta name=\"author\" content=\"aramon\" \/>\n<meta name=\"twitter:card\" content=\"summary_large_image\" \/>\n<meta name=\"twitter:label1\" content=\"Escrito por\" \/>\n\t<meta name=\"twitter:data1\" content=\"aramon\" \/>\n\t<meta name=\"twitter:label2\" content=\"Tiempo de lectura\" \/>\n\t<meta name=\"twitter:data2\" content=\"4 minutos\" \/>\n<script type=\"application\/ld+json\" class=\"yoast-schema-graph\">{\"@context\":\"https:\/\/schema.org\",\"@graph\":[{\"@type\":\"WebPage\",\"@id\":\"https:\/\/www.aramon.com\/blog\/grupo-aramon-diciembre-promociones\/\",\"url\":\"https:\/\/www.aramon.com\/blog\/grupo-aramon-diciembre-promociones\/\",\"name\":\"El Grupo Aram\u00f3n encara el segundo fin de semana de diciembre con promociones para aprender a esquiar - Blog Oficial del Grupo ARAM\u00d3N\",\"isPartOf\":{\"@id\":\"https:\/\/www.aramon.com\/blog\/#website\"},\"primaryImageOfPage\":{\"@id\":\"https:\/\/www.aramon.com\/blog\/grupo-aramon-diciembre-promociones\/#primaryimage\"},\"image\":{\"@id\":\"https:\/\/www.aramon.com\/blog\/grupo-aramon-diciembre-promociones\/#primaryimage\"},\"thumbnailUrl\":\"https:\/\/www.aramon.com\/blog\/wp-content\/uploads\/2025\/12\/Formigal-1-scaled.jpg\",\"datePublished\":\"2025-12-10T13:03:27+00:00\",\"dateModified\":\"2026-04-07T09:39:23+00:00\",\"author\":{\"@id\":\"https:\/\/www.aramon.com\/blog\/#\/schema\/person\/9429ffb451d657ab98f0ca1b364eeef3\"},\"description\":\"El grupo refuerza su oferta con la promoci\u00f3n \u201cAprende a esquiar\u201d, un paquete que incluye forfait, alquiler y clases.\",\"inLanguage\":\"es\",\"potentialAction\":[{\"@type\":\"ReadAction\",\"target\":[\"https:\/\/www.aramon.com\/blog\/grupo-aramon-diciembre-promociones\/\"]}]},{\"@type\":\"ImageObject\",\"inLanguage\":\"es\",\"@id\":\"https:\/\/www.aramon.com\/blog\/grupo-aramon-diciembre-promociones\/#primaryimage\",\"url\":\"https:\/\/www.aramon.com\/blog\/wp-content\/uploads\/2025\/12\/Formigal-1-scaled.jpg\",\"contentUrl\":\"https:\/\/www.aramon.com\/blog\/wp-content\/uploads\/2025\/12\/Formigal-1-scaled.jpg\",\"width\":2560,\"height\":1707},{\"@type\":\"WebSite\",\"@id\":\"https:\/\/www.aramon.com\/blog\/#website\",\"url\":\"https:\/\/www.aramon.com\/blog\/\",\"name\":\"Blog Oficial del Grupo ARAM\u00d3N\",\"description\":\"Blog Oficial del Grupo Aram\u00f3n sobre estaciones de esqu\u00ed, monta\u00f1ismo, deportes de aventura y m\u00e1s en Arag\u00f3n.\",\"potentialAction\":[{\"@type\":\"SearchAction\",\"target\":{\"@type\":\"EntryPoint\",\"urlTemplate\":\"https:\/\/www.aramon.com\/blog\/?s={search_term_string}\"},\"query-input\":\"required name=search_term_string\"}],\"inLanguage\":\"es\"},{\"@type\":\"Person\",\"@id\":\"https:\/\/www.aramon.com\/blog\/#\/schema\/person\/9429ffb451d657ab98f0ca1b364eeef3\",\"name\":\"aramon\",\"image\":{\"@type\":\"ImageObject\",\"inLanguage\":\"es\",\"@id\":\"https:\/\/www.aramon.com\/blog\/#\/schema\/person\/image\/\",\"url\":\"https:\/\/secure.gravatar.com\/avatar\/d5fd0ede392e1af0e414b87f7568b4d5?s=96&d=mm&r=g\",\"contentUrl\":\"https:\/\/secure.gravatar.com\/avatar\/d5fd0ede392e1af0e414b87f7568b4d5?s=96&d=mm&r=g\",\"caption\":\"aramon\"},\"url\":\"https:\/\/www.aramon.com\/blog\/author\/aramon\/\"}]}<\/script>\n<!-- \/ Yoast SEO plugin. -->","yoast_head_json":{"title":"El Grupo Aram\u00f3n encara el segundo fin de semana de diciembre con promociones para aprender a esquiar - Blog Oficial del Grupo ARAM\u00d3N","description":"El grupo refuerza su oferta con la promoci\u00f3n \u201cAprende a esquiar\u201d, un paquete que incluye forfait, alquiler y clases.","robots":{"index":"index","follow":"follow","max-snippet":"max-snippet:-1","max-image-preview":"max-image-preview:large","max-video-preview":"max-video-preview:-1"},"canonical":"https:\/\/www.aramon.com\/blog\/grupo-aramon-diciembre-promociones\/","og_locale":"es_ES","og_type":"article","og_title":"El Grupo Aram\u00f3n encara el segundo fin de semana de diciembre con promociones para aprender a esquiar - Blog Oficial del Grupo ARAM\u00d3N","og_description":"El grupo refuerza su oferta con la promoci\u00f3n \u201cAprende a esquiar\u201d, un paquete que incluye forfait, alquiler y clases.","og_url":"https:\/\/www.aramon.com\/blog\/grupo-aramon-diciembre-promociones\/","og_site_name":"Blog Oficial del Grupo ARAM\u00d3N","article_published_time":"2025-12-10T13:03:27+00:00","article_modified_time":"2026-04-07T09:39:23+00:00","og_image":[{"width":2560,"height":1707,"url":"https:\/\/www.aramon.com\/blog\/wp-content\/uploads\/2025\/12\/Formigal-1-scaled.jpg","type":"image\/jpeg"}],"author":"aramon","twitter_card":"summary_large_image","twitter_misc":{"Escrito por":"aramon","Tiempo de lectura":"4 minutos"},"schema":{"@context":"https:\/\/schema.org","@graph":[{"@type":"WebPage","@id":"https:\/\/www.aramon.com\/blog\/grupo-aramon-diciembre-promociones\/","url":"https:\/\/www.aramon.com\/blog\/grupo-aramon-diciembre-promociones\/","name":"El Grupo Aram\u00f3n encara el segundo fin de semana de diciembre con promociones para aprender a esquiar - Blog Oficial del Grupo ARAM\u00d3N","isPartOf":{"@id":"https:\/\/www.aramon.com\/blog\/#website"},"primaryImageOfPage":{"@id":"https:\/\/www.aramon.com\/blog\/grupo-aramon-diciembre-promociones\/#primaryimage"},"image":{"@id":"https:\/\/www.aramon.com\/blog\/grupo-aramon-diciembre-promociones\/#primaryimage"},"thumbnailUrl":"https:\/\/www.aramon.com\/blog\/wp-content\/uploads\/2025\/12\/Formigal-1-scaled.jpg","datePublished":"2025-12-10T13:03:27+00:00","dateModified":"2026-04-07T09:39:23+00:00","author":{"@id":"https:\/\/www.aramon.com\/blog\/#\/schema\/person\/9429ffb451d657ab98f0ca1b364eeef3"},"description":"El grupo refuerza su oferta con la promoci\u00f3n \u201cAprende a esquiar\u201d, un paquete que incluye forfait, alquiler y clases.","inLanguage":"es","potentialAction":[{"@type":"ReadAction","target":["https:\/\/www.aramon.com\/blog\/grupo-aramon-diciembre-promociones\/"]}]},{"@type":"ImageObject","inLanguage":"es","@id":"https:\/\/www.aramon.com\/blog\/grupo-aramon-diciembre-promociones\/#primaryimage","url":"https:\/\/www.aramon.com\/blog\/wp-content\/uploads\/2025\/12\/Formigal-1-scaled.jpg","contentUrl":"https:\/\/www.aramon.com\/blog\/wp-content\/uploads\/2025\/12\/Formigal-1-scaled.jpg","width":2560,"height":1707},{"@type":"WebSite","@id":"https:\/\/www.aramon.com\/blog\/#website","url":"https:\/\/www.aramon.com\/blog\/","name":"Blog Oficial del Grupo ARAM\u00d3N","description":"Blog Oficial del Grupo Aram\u00f3n sobre estaciones de esqu\u00ed, monta\u00f1ismo, deportes de aventura y m\u00e1s en Arag\u00f3n.","potentialAction":[{"@type":"SearchAction","target":{"@type":"EntryPoint","urlTemplate":"https:\/\/www.aramon.com\/blog\/?s={search_term_string}"},"query-input":"required name=search_term_string"}],"inLanguage":"es"},{"@type":"Person","@id":"https:\/\/www.aramon.com\/blog\/#\/schema\/person\/9429ffb451d657ab98f0ca1b364eeef3","name":"aramon","image":{"@type":"ImageObject","inLanguage":"es","@id":"https:\/\/www.aramon.com\/blog\/#\/schema\/person\/image\/","url":"https:\/\/secure.gravatar.com\/avatar\/d5fd0ede392e1af0e414b87f7568b4d5?s=96&d=mm&r=g","contentUrl":"https:\/\/secure.gravatar.com\/avatar\/d5fd0ede392e1af0e414b87f7568b4d5?s=96&d=mm&r=g","caption":"aramon"},"url":"https:\/\/www.aramon.com\/blog\/author\/aramon\/"}]}},"_links":{"self":[{"href":"https:\/\/www.aramon.com\/blog\/wp-json\/wp\/v2\/posts\/23018"}],"collection":[{"href":"https:\/\/www.aramon.com\/blog\/wp-json\/wp\/v2\/posts"}],"about":[{"href":"https:\/\/www.aramon.com\/blog\/wp-json\/wp\/v2\/types\/post"}],"author":[{"embeddable":true,"href":"https:\/\/www.aramon.com\/blog\/wp-json\/wp\/v2\/users\/2"}],"replies":[{"embeddable":true,"href":"https:\/\/www.aramon.com\/blog\/wp-json\/wp\/v2\/comments?post=23018"}],"version-history":[{"count":2,"href":"https:\/\/www.aramon.com\/blog\/wp-json\/wp\/v2\/posts\/23018\/revisions"}],"predecessor-version":[{"id":23020,"href":"https:\/\/www.aramon.com\/blog\/wp-json\/wp\/v2\/posts\/23018\/revisions\/23020"}],"wp:featuredmedia":[{"embeddable":true,"href":"https:\/\/www.aramon.com\/blog\/wp-json\/wp\/v2\/media\/23021"}],"wp:attachment":[{"href":"https:\/\/www.aramon.com\/blog\/wp-json\/wp\/v2\/media?parent=23018"}],"wp:term":[{"taxonomy":"category","embeddable":true,"href":"https:\/\/www.aramon.com\/blog\/wp-json\/wp\/v2\/categories?post=23018"},{"taxonomy":"post_tag","embeddable":true,"href":"https:\/\/www.aramon.com\/blog\/wp-json\/wp\/v2\/tags?post=23018"}],"curies":[{"name":"wp","href":"https:\/\/api.w.org\/{rel}","templated":true}]}}