{"id":23041,"date":"2025-12-17T15:44:30","date_gmt":"2025-12-17T14:44:30","guid":{"rendered":"https:\/\/www.aramon.com\/blog\/?p=23041"},"modified":"2025-12-17T15:44:31","modified_gmt":"2025-12-17T14:44:31","slug":"regalos-navidad-aramon","status":"publish","type":"post","link":"https:\/\/www.aramon.com\/blog\/regalos-navidad-aramon\/","title":{"rendered":"\u00bfQu\u00e9 regalar esta Navidad? Ideas perfectas para amantes de la nieve"},"content":{"rendered":"\n<p style=\"font-size:18px\">Encontrar el regalo perfecto para esta Navidad no siempre es f\u00e1cil. Si tienes cerca a alguien que disfruta del esqu\u00ed, el snowboard o simplemente de la monta\u00f1a en invierno, en las boutiques de Aram\u00f3n encontrar\u00e1s opciones pensadas para acertar seguro. Te proponemos una selecci\u00f3n de regalos pr\u00e1cticos, con estilo y pensados para disfrutar al m\u00e1ximo de la temporada.<\/p>\n\n\n\n<h3 class=\"wp-block-heading\"><strong>Sonido para cualquier plan con JBL<\/strong><\/h3>\n\n\n\n<p style=\"font-size:18px\">La m\u00fasica es parte imprescindible de cualquier escapada a la monta\u00f1a, ya sea para animar el apr\u00e8s-ski, un viaje en coche o un plan entre amigos. Los altavoces y auriculares JBL destacan por su calidad de sonido, dise\u00f1o resistente y facilidad de uso. Un regalo perfecto para quienes no conciben un plan sin m\u00fasica, tanto en la nieve como fuera de ella.<\/p>\n\n\n\n<h3 class=\"wp-block-heading\"><strong>Protecci\u00f3n solar imprescindible con Heliocare<\/strong><\/h3>\n\n\n\n<p style=\"font-size:18px\">En la monta\u00f1a, la protecci\u00f3n solar es igual de importante en invierno que en verano. Los productos de Heliocare ayudan a proteger la piel frente a la radiaci\u00f3n solar y las condiciones propias de la alta monta\u00f1a, como el reflejo del sol en la nieve. Cremas y protectores pensados para acompa\u00f1ar largas jornadas al aire libre, un detalle pr\u00e1ctico y necesario para cualquier amante del esqu\u00ed.<\/p>\n\n\n\n<figure class=\"wp-block-gallery has-nested-images columns-default is-cropped wp-block-gallery-1 is-layout-flex wp-block-gallery-is-layout-flex\">\n<figure class=\"wp-block-image size-large\"><img loading=\"lazy\" decoding=\"async\" width=\"1024\" height=\"683\" data-id=\"23061\" src=\"https:\/\/www.aramon.com\/blog\/wp-content\/uploads\/2025\/12\/Heliocare-Producto-Nieve-Patrocinios-Formigal-Temp-23-24-03911-1-1024x683.jpg\" alt=\"\" class=\"wp-image-23061\" srcset=\"https:\/\/www.aramon.com\/blog\/wp-content\/uploads\/2025\/12\/Heliocare-Producto-Nieve-Patrocinios-Formigal-Temp-23-24-03911-1-1024x683.jpg 1024w, https:\/\/www.aramon.com\/blog\/wp-content\/uploads\/2025\/12\/Heliocare-Producto-Nieve-Patrocinios-Formigal-Temp-23-24-03911-1-300x200.jpg 300w, https:\/\/www.aramon.com\/blog\/wp-content\/uploads\/2025\/12\/Heliocare-Producto-Nieve-Patrocinios-Formigal-Temp-23-24-03911-1-768x512.jpg 768w, https:\/\/www.aramon.com\/blog\/wp-content\/uploads\/2025\/12\/Heliocare-Producto-Nieve-Patrocinios-Formigal-Temp-23-24-03911-1-1536x1024.jpg 1536w, https:\/\/www.aramon.com\/blog\/wp-content\/uploads\/2025\/12\/Heliocare-Producto-Nieve-Patrocinios-Formigal-Temp-23-24-03911-1-2048x1365.jpg 2048w\" sizes=\"(max-width: 1024px) 100vw, 1024px\" \/><\/figure>\n<\/figure>\n\n\n\n<h3 class=\"wp-block-heading\"><strong>Un detalle dulce con Lacasa<\/strong><\/h3>\n\n\n\n<p style=\"font-size:18px\">Para los m\u00e1s cl\u00e1sicos, los productos de Lacasa son siempre un acierto en Navidad. Chocolates y dulces ideales para regalar o compartir despu\u00e9s de una jornada de esqu\u00ed. Un peque\u00f1o capricho que encaja a la perfecci\u00f3n con el ambiente invernal y los momentos de descanso en la monta\u00f1a.<\/p>\n\n\n\n<h3 class=\"wp-block-heading\"><strong>Moda t\u00e9cnica y estilo con Kari Traa<\/strong><\/h3>\n\n\n\n<p style=\"font-size:18px\">Kari Traa destaca por ofrecer prendas que combinan funcionalidad y dise\u00f1o, pensadas para disfrutar de la monta\u00f1a con comodidad. Ropa t\u00e9rmica, sudaderas y accesorios ideales tanto para esquiar como para los momentos de apr\u00e8s-ski, con un estilo cuidado y actual. Una opci\u00f3n de regalo perfecta para quienes buscan confort sin renunciar a la est\u00e9tica.<\/p>\n\n\n\n<h3 class=\"wp-block-heading\"><strong>Marchica x Scalpers<\/strong><\/h3>\n\n\n\n<p style=\"font-size:18px\">La ropa de Scalpers es una opci\u00f3n ideal para quienes cuidan su estilo tambi\u00e9n en la nieve y en el apr\u00e8s-ski. Sudaderas, camisetas, gorros y accesorios pensados para combinar comodidad y dise\u00f1o. Prendas vers\u00e1tiles que funcionan tanto en la estaci\u00f3n como en el d\u00eda a d\u00eda, convirti\u00e9ndose en un regalo pr\u00e1ctico y actual.<\/p>\n\n\n\n<figure class=\"wp-block-gallery has-nested-images columns-default is-cropped wp-block-gallery-2 is-layout-flex wp-block-gallery-is-layout-flex\">\n<figure class=\"wp-block-image size-large\"><img loading=\"lazy\" decoding=\"async\" width=\"684\" height=\"1024\" data-id=\"23052\" src=\"https:\/\/www.aramon.com\/blog\/wp-content\/uploads\/2025\/12\/Presentacion-Madrid-2025-13-684x1024.jpg\" alt=\"\" class=\"wp-image-23052\" srcset=\"https:\/\/www.aramon.com\/blog\/wp-content\/uploads\/2025\/12\/Presentacion-Madrid-2025-13-684x1024.jpg 684w, https:\/\/www.aramon.com\/blog\/wp-content\/uploads\/2025\/12\/Presentacion-Madrid-2025-13-200x300.jpg 200w, https:\/\/www.aramon.com\/blog\/wp-content\/uploads\/2025\/12\/Presentacion-Madrid-2025-13-768x1149.jpg 768w, https:\/\/www.aramon.com\/blog\/wp-content\/uploads\/2025\/12\/Presentacion-Madrid-2025-13-1027x1536.jpg 1027w, https:\/\/www.aramon.com\/blog\/wp-content\/uploads\/2025\/12\/Presentacion-Madrid-2025-13.jpg 1080w\" sizes=\"(max-width: 684px) 100vw, 684px\" \/><\/figure>\n<\/figure>\n\n\n\n<h3 class=\"wp-block-heading\"><strong>Material t\u00e9cnico de esqu\u00ed con Head<\/strong><\/h3>\n\n\n\n<p style=\"font-size:18px\">Cuando se trata de material de esqu\u00ed, Head es sin\u00f3nimo de calidad y rendimiento. Desde bastones hasta otros accesorios t\u00e9cnicos, sus productos est\u00e1n dise\u00f1ados para ofrecer comodidad, ligereza y durabilidad en cada bajada. Un regalo perfecto para esquiadores que valoran el buen material y la fiabilidad en pista.<\/p>\n\n\n\n<h3 class=\"wp-block-heading\"><strong>Protecci\u00f3n y visi\u00f3n con Boll\u00e9<\/strong><\/h3>\n\n\n\n<p style=\"font-size:18px\">Unas buenas gafas son esenciales para disfrutar de la nieve con seguridad. Las gafas Boll\u00e9 ofrecen protecci\u00f3n frente al sol, el viento y las condiciones cambiantes de la monta\u00f1a, adem\u00e1s de un dise\u00f1o cuidado. Un regalo pr\u00e1ctico y necesario para cualquier amante del esqu\u00ed o el snowboard.<\/p>\n\n\n\n<figure class=\"wp-block-gallery has-nested-images columns-default is-cropped wp-block-gallery-3 is-layout-flex wp-block-gallery-is-layout-flex\">\n<figure class=\"wp-block-image size-large\"><img loading=\"lazy\" decoding=\"async\" width=\"683\" height=\"1024\" data-id=\"23055\" src=\"https:\/\/www.aramon.com\/blog\/wp-content\/uploads\/2025\/12\/El-Bosque-Boutique-Tiendas-Servicios-Formigal-Temp-24-25-02879-683x1024.jpg\" alt=\"\" class=\"wp-image-23055\" srcset=\"https:\/\/www.aramon.com\/blog\/wp-content\/uploads\/2025\/12\/El-Bosque-Boutique-Tiendas-Servicios-Formigal-Temp-24-25-02879-683x1024.jpg 683w, https:\/\/www.aramon.com\/blog\/wp-content\/uploads\/2025\/12\/El-Bosque-Boutique-Tiendas-Servicios-Formigal-Temp-24-25-02879-200x300.jpg 200w, https:\/\/www.aramon.com\/blog\/wp-content\/uploads\/2025\/12\/El-Bosque-Boutique-Tiendas-Servicios-Formigal-Temp-24-25-02879-768x1152.jpg 768w, https:\/\/www.aramon.com\/blog\/wp-content\/uploads\/2025\/12\/El-Bosque-Boutique-Tiendas-Servicios-Formigal-Temp-24-25-02879-1024x1536.jpg 1024w, https:\/\/www.aramon.com\/blog\/wp-content\/uploads\/2025\/12\/El-Bosque-Boutique-Tiendas-Servicios-Formigal-Temp-24-25-02879-1365x2048.jpg 1365w, https:\/\/www.aramon.com\/blog\/wp-content\/uploads\/2025\/12\/El-Bosque-Boutique-Tiendas-Servicios-Formigal-Temp-24-25-02879-scaled.jpg 1707w\" sizes=\"(max-width: 683px) 100vw, 683px\" \/><\/figure>\n\n\n\n<figure class=\"wp-block-image size-large\"><img loading=\"lazy\" decoding=\"async\" width=\"683\" height=\"1024\" data-id=\"23056\" src=\"https:\/\/www.aramon.com\/blog\/wp-content\/uploads\/2025\/12\/El-Bosque-Boutique-Tiendas-Servicios-Formigal-Temp-24-25-02881-1-683x1024.jpg\" alt=\"\" class=\"wp-image-23056\" srcset=\"https:\/\/www.aramon.com\/blog\/wp-content\/uploads\/2025\/12\/El-Bosque-Boutique-Tiendas-Servicios-Formigal-Temp-24-25-02881-1-683x1024.jpg 683w, https:\/\/www.aramon.com\/blog\/wp-content\/uploads\/2025\/12\/El-Bosque-Boutique-Tiendas-Servicios-Formigal-Temp-24-25-02881-1-200x300.jpg 200w, https:\/\/www.aramon.com\/blog\/wp-content\/uploads\/2025\/12\/El-Bosque-Boutique-Tiendas-Servicios-Formigal-Temp-24-25-02881-1-768x1152.jpg 768w, https:\/\/www.aramon.com\/blog\/wp-content\/uploads\/2025\/12\/El-Bosque-Boutique-Tiendas-Servicios-Formigal-Temp-24-25-02881-1-1024x1536.jpg 1024w, https:\/\/www.aramon.com\/blog\/wp-content\/uploads\/2025\/12\/El-Bosque-Boutique-Tiendas-Servicios-Formigal-Temp-24-25-02881-1-1365x2048.jpg 1365w, https:\/\/www.aramon.com\/blog\/wp-content\/uploads\/2025\/12\/El-Bosque-Boutique-Tiendas-Servicios-Formigal-Temp-24-25-02881-1-scaled.jpg 1707w\" sizes=\"(max-width: 683px) 100vw, 683px\" \/><\/figure>\n<\/figure>\n\n\n\n<p style=\"font-size:18px\">Podr\u00e1s encontrar estas marcas y muchas m\u00e1s en las boutiques de Aram\u00f3n. En Formigal, en la tienda principal El Bosque situada en Sextas, as\u00ed como en El Bosque de Anayet y la tienda de Sarrios. En Cerler, en la boutique El Bosque ubicada en los alquileres de Cerler 1.500 y de Ampriu.<\/p>\n","protected":false},"excerpt":{"rendered":"<p>Descubre nuestra selecci\u00f3n de ideas para acertar en Navidad con regalos \u00fatiles, actuales y pensados para disfrutar del invierno dentro y fuera de la estaci\u00f3n.<\/p>\n","protected":false},"author":2,"featured_media":23059,"comment_status":"closed","ping_status":"closed","sticky":false,"template":"","format":"standard","meta":{"_acf_changed":false,"footnotes":""},"categories":[1,303,307],"tags":[27,131,32,2606],"acf":[],"yoast_head":"<!-- This site is optimized with the Yoast SEO plugin v22.5 - https:\/\/yoast.com\/wordpress\/plugins\/seo\/ -->\n<title>\u00bfQu\u00e9 regalar esta Navidad? Ideas perfectas para amantes de la nieve - Blog Oficial del Grupo ARAM\u00d3N<\/title>\n<meta name=\"description\" content=\"Ideas de regalo de Navidad para disfrutar del invierno y la monta\u00f1a con productos de las boutiques de Aram\u00f3n.\" \/>\n<meta name=\"robots\" content=\"index, follow, max-snippet:-1, max-image-preview:large, max-video-preview:-1\" \/>\n<link rel=\"canonical\" href=\"https:\/\/www.aramon.com\/blog\/regalos-navidad-aramon\/\" \/>\n<meta property=\"og:locale\" content=\"es_ES\" \/>\n<meta property=\"og:type\" content=\"article\" \/>\n<meta property=\"og:title\" content=\"\u00bfQu\u00e9 regalar esta Navidad? Ideas perfectas para amantes de la nieve - Blog Oficial del Grupo ARAM\u00d3N\" \/>\n<meta property=\"og:description\" content=\"Ideas de regalo de Navidad para disfrutar del invierno y la monta\u00f1a con productos de las boutiques de Aram\u00f3n.\" \/>\n<meta property=\"og:url\" content=\"https:\/\/www.aramon.com\/blog\/regalos-navidad-aramon\/\" \/>\n<meta property=\"og:site_name\" content=\"Blog Oficial del Grupo ARAM\u00d3N\" \/>\n<meta property=\"article:published_time\" content=\"2025-12-17T14:44:30+00:00\" \/>\n<meta property=\"article:modified_time\" content=\"2025-12-17T14:44:31+00:00\" \/>\n<meta property=\"og:image\" content=\"https:\/\/www.aramon.com\/blog\/wp-content\/uploads\/2025\/12\/Papa-Noel-Eventos-Formigal-Temp-23-24-03443-scaled.jpg\" \/>\n\t<meta property=\"og:image:width\" content=\"2560\" \/>\n\t<meta property=\"og:image:height\" content=\"1707\" \/>\n\t<meta property=\"og:image:type\" content=\"image\/jpeg\" \/>\n<meta name=\"author\" content=\"aramon\" \/>\n<meta name=\"twitter:card\" content=\"summary_large_image\" \/>\n<meta name=\"twitter:label1\" content=\"Escrito por\" \/>\n\t<meta name=\"twitter:data1\" content=\"aramon\" \/>\n\t<meta name=\"twitter:label2\" content=\"Tiempo de lectura\" \/>\n\t<meta name=\"twitter:data2\" content=\"4 minutos\" \/>\n<script type=\"application\/ld+json\" class=\"yoast-schema-graph\">{\"@context\":\"https:\/\/schema.org\",\"@graph\":[{\"@type\":\"WebPage\",\"@id\":\"https:\/\/www.aramon.com\/blog\/regalos-navidad-aramon\/\",\"url\":\"https:\/\/www.aramon.com\/blog\/regalos-navidad-aramon\/\",\"name\":\"\u00bfQu\u00e9 regalar esta Navidad? Ideas perfectas para amantes de la nieve - Blog Oficial del Grupo ARAM\u00d3N\",\"isPartOf\":{\"@id\":\"https:\/\/www.aramon.com\/blog\/#website\"},\"primaryImageOfPage\":{\"@id\":\"https:\/\/www.aramon.com\/blog\/regalos-navidad-aramon\/#primaryimage\"},\"image\":{\"@id\":\"https:\/\/www.aramon.com\/blog\/regalos-navidad-aramon\/#primaryimage\"},\"thumbnailUrl\":\"https:\/\/www.aramon.com\/blog\/wp-content\/uploads\/2025\/12\/Papa-Noel-Eventos-Formigal-Temp-23-24-03443-scaled.jpg\",\"datePublished\":\"2025-12-17T14:44:30+00:00\",\"dateModified\":\"2025-12-17T14:44:31+00:00\",\"author\":{\"@id\":\"https:\/\/www.aramon.com\/blog\/#\/schema\/person\/9429ffb451d657ab98f0ca1b364eeef3\"},\"description\":\"Ideas de regalo de Navidad para disfrutar del invierno y la monta\u00f1a con productos de las boutiques de Aram\u00f3n.\",\"inLanguage\":\"es\",\"potentialAction\":[{\"@type\":\"ReadAction\",\"target\":[\"https:\/\/www.aramon.com\/blog\/regalos-navidad-aramon\/\"]}]},{\"@type\":\"ImageObject\",\"inLanguage\":\"es\",\"@id\":\"https:\/\/www.aramon.com\/blog\/regalos-navidad-aramon\/#primaryimage\",\"url\":\"https:\/\/www.aramon.com\/blog\/wp-content\/uploads\/2025\/12\/Papa-Noel-Eventos-Formigal-Temp-23-24-03443-scaled.jpg\",\"contentUrl\":\"https:\/\/www.aramon.com\/blog\/wp-content\/uploads\/2025\/12\/Papa-Noel-Eventos-Formigal-Temp-23-24-03443-scaled.jpg\",\"width\":2560,\"height\":1707},{\"@type\":\"WebSite\",\"@id\":\"https:\/\/www.aramon.com\/blog\/#website\",\"url\":\"https:\/\/www.aramon.com\/blog\/\",\"name\":\"Blog Oficial del Grupo ARAM\u00d3N\",\"description\":\"Blog Oficial del Grupo Aram\u00f3n sobre estaciones de esqu\u00ed, monta\u00f1ismo, deportes de aventura y m\u00e1s en Arag\u00f3n.\",\"potentialAction\":[{\"@type\":\"SearchAction\",\"target\":{\"@type\":\"EntryPoint\",\"urlTemplate\":\"https:\/\/www.aramon.com\/blog\/?s={search_term_string}\"},\"query-input\":\"required name=search_term_string\"}],\"inLanguage\":\"es\"},{\"@type\":\"Person\",\"@id\":\"https:\/\/www.aramon.com\/blog\/#\/schema\/person\/9429ffb451d657ab98f0ca1b364eeef3\",\"name\":\"aramon\",\"image\":{\"@type\":\"ImageObject\",\"inLanguage\":\"es\",\"@id\":\"https:\/\/www.aramon.com\/blog\/#\/schema\/person\/image\/\",\"url\":\"https:\/\/secure.gravatar.com\/avatar\/d5fd0ede392e1af0e414b87f7568b4d5?s=96&d=mm&r=g\",\"contentUrl\":\"https:\/\/secure.gravatar.com\/avatar\/d5fd0ede392e1af0e414b87f7568b4d5?s=96&d=mm&r=g\",\"caption\":\"aramon\"},\"url\":\"https:\/\/www.aramon.com\/blog\/author\/aramon\/\"}]}<\/script>\n<!-- \/ Yoast SEO plugin. -->","yoast_head_json":{"title":"\u00bfQu\u00e9 regalar esta Navidad? Ideas perfectas para amantes de la nieve - Blog Oficial del Grupo ARAM\u00d3N","description":"Ideas de regalo de Navidad para disfrutar del invierno y la monta\u00f1a con productos de las boutiques de Aram\u00f3n.","robots":{"index":"index","follow":"follow","max-snippet":"max-snippet:-1","max-image-preview":"max-image-preview:large","max-video-preview":"max-video-preview:-1"},"canonical":"https:\/\/www.aramon.com\/blog\/regalos-navidad-aramon\/","og_locale":"es_ES","og_type":"article","og_title":"\u00bfQu\u00e9 regalar esta Navidad? Ideas perfectas para amantes de la nieve - Blog Oficial del Grupo ARAM\u00d3N","og_description":"Ideas de regalo de Navidad para disfrutar del invierno y la monta\u00f1a con productos de las boutiques de Aram\u00f3n.","og_url":"https:\/\/www.aramon.com\/blog\/regalos-navidad-aramon\/","og_site_name":"Blog Oficial del Grupo ARAM\u00d3N","article_published_time":"2025-12-17T14:44:30+00:00","article_modified_time":"2025-12-17T14:44:31+00:00","og_image":[{"width":2560,"height":1707,"url":"https:\/\/www.aramon.com\/blog\/wp-content\/uploads\/2025\/12\/Papa-Noel-Eventos-Formigal-Temp-23-24-03443-scaled.jpg","type":"image\/jpeg"}],"author":"aramon","twitter_card":"summary_large_image","twitter_misc":{"Escrito por":"aramon","Tiempo de lectura":"4 minutos"},"schema":{"@context":"https:\/\/schema.org","@graph":[{"@type":"WebPage","@id":"https:\/\/www.aramon.com\/blog\/regalos-navidad-aramon\/","url":"https:\/\/www.aramon.com\/blog\/regalos-navidad-aramon\/","name":"\u00bfQu\u00e9 regalar esta Navidad? Ideas perfectas para amantes de la nieve - Blog Oficial del Grupo ARAM\u00d3N","isPartOf":{"@id":"https:\/\/www.aramon.com\/blog\/#website"},"primaryImageOfPage":{"@id":"https:\/\/www.aramon.com\/blog\/regalos-navidad-aramon\/#primaryimage"},"image":{"@id":"https:\/\/www.aramon.com\/blog\/regalos-navidad-aramon\/#primaryimage"},"thumbnailUrl":"https:\/\/www.aramon.com\/blog\/wp-content\/uploads\/2025\/12\/Papa-Noel-Eventos-Formigal-Temp-23-24-03443-scaled.jpg","datePublished":"2025-12-17T14:44:30+00:00","dateModified":"2025-12-17T14:44:31+00:00","author":{"@id":"https:\/\/www.aramon.com\/blog\/#\/schema\/person\/9429ffb451d657ab98f0ca1b364eeef3"},"description":"Ideas de regalo de Navidad para disfrutar del invierno y la monta\u00f1a con productos de las boutiques de Aram\u00f3n.","inLanguage":"es","potentialAction":[{"@type":"ReadAction","target":["https:\/\/www.aramon.com\/blog\/regalos-navidad-aramon\/"]}]},{"@type":"ImageObject","inLanguage":"es","@id":"https:\/\/www.aramon.com\/blog\/regalos-navidad-aramon\/#primaryimage","url":"https:\/\/www.aramon.com\/blog\/wp-content\/uploads\/2025\/12\/Papa-Noel-Eventos-Formigal-Temp-23-24-03443-scaled.jpg","contentUrl":"https:\/\/www.aramon.com\/blog\/wp-content\/uploads\/2025\/12\/Papa-Noel-Eventos-Formigal-Temp-23-24-03443-scaled.jpg","width":2560,"height":1707},{"@type":"WebSite","@id":"https:\/\/www.aramon.com\/blog\/#website","url":"https:\/\/www.aramon.com\/blog\/","name":"Blog Oficial del Grupo ARAM\u00d3N","description":"Blog Oficial del Grupo Aram\u00f3n sobre estaciones de esqu\u00ed, monta\u00f1ismo, deportes de aventura y m\u00e1s en Arag\u00f3n.","potentialAction":[{"@type":"SearchAction","target":{"@type":"EntryPoint","urlTemplate":"https:\/\/www.aramon.com\/blog\/?s={search_term_string}"},"query-input":"required name=search_term_string"}],"inLanguage":"es"},{"@type":"Person","@id":"https:\/\/www.aramon.com\/blog\/#\/schema\/person\/9429ffb451d657ab98f0ca1b364eeef3","name":"aramon","image":{"@type":"ImageObject","inLanguage":"es","@id":"https:\/\/www.aramon.com\/blog\/#\/schema\/person\/image\/","url":"https:\/\/secure.gravatar.com\/avatar\/d5fd0ede392e1af0e414b87f7568b4d5?s=96&d=mm&r=g","contentUrl":"https:\/\/secure.gravatar.com\/avatar\/d5fd0ede392e1af0e414b87f7568b4d5?s=96&d=mm&r=g","caption":"aramon"},"url":"https:\/\/www.aramon.com\/blog\/author\/aramon\/"}]}},"_links":{"self":[{"href":"https:\/\/www.aramon.com\/blog\/wp-json\/wp\/v2\/posts\/23041"}],"collection":[{"href":"https:\/\/www.aramon.com\/blog\/wp-json\/wp\/v2\/posts"}],"about":[{"href":"https:\/\/www.aramon.com\/blog\/wp-json\/wp\/v2\/types\/post"}],"author":[{"embeddable":true,"href":"https:\/\/www.aramon.com\/blog\/wp-json\/wp\/v2\/users\/2"}],"replies":[{"embeddable":true,"href":"https:\/\/www.aramon.com\/blog\/wp-json\/wp\/v2\/comments?post=23041"}],"version-history":[{"count":6,"href":"https:\/\/www.aramon.com\/blog\/wp-json\/wp\/v2\/posts\/23041\/revisions"}],"predecessor-version":[{"id":23062,"href":"https:\/\/www.aramon.com\/blog\/wp-json\/wp\/v2\/posts\/23041\/revisions\/23062"}],"wp:featuredmedia":[{"embeddable":true,"href":"https:\/\/www.aramon.com\/blog\/wp-json\/wp\/v2\/media\/23059"}],"wp:attachment":[{"href":"https:\/\/www.aramon.com\/blog\/wp-json\/wp\/v2\/media?parent=23041"}],"wp:term":[{"taxonomy":"category","embeddable":true,"href":"https:\/\/www.aramon.com\/blog\/wp-json\/wp\/v2\/categories?post=23041"},{"taxonomy":"post_tag","embeddable":true,"href":"https:\/\/www.aramon.com\/blog\/wp-json\/wp\/v2\/tags?post=23041"}],"curies":[{"name":"wp","href":"https:\/\/api.w.org\/{rel}","templated":true}]}}